{"id":79441,"date":"2025-04-04T14:37:15","date_gmt":"2025-04-04T11:37:15","guid":{"rendered":"https:\/\/kibrisdakik.com\/index.php\/2025\/04\/04\/lefkosa-kuzey-cevre-yolunda-pazar-gunu-drag-yarisi-duzenleniyor-yolun-bir-kismi-trafige-kapatilacak\/"},"modified":"2025-04-04T14:37:15","modified_gmt":"2025-04-04T11:37:15","slug":"lefkosa-kuzey-cevre-yolunda-pazar-gunu-drag-yarisi-duzenleniyor-yolun-bir-kismi-trafige-kapatilacak","status":"publish","type":"post","link":"https:\/\/kibrisdakik.com\/?p=79441","title":{"rendered":"Lefko\u015fa Kuzey \u00c7evre Yolu\u2019nda pazar g\u00fcn\u00fc \u201cDrag Yar\u0131\u015f\u0131\u201d d\u00fczenleniyor\u2026 Yolun bir k\u0131sm\u0131 trafi\u011fe kapat\u0131lacak"},"content":{"rendered":"<div>\n<div class=\"mariselle-image-container center\">\n                                            <\/div>\n<p>Kuzey K\u0131br\u0131s Drag ve Spor Otomobil Derne\u011fi taraf\u0131ndan, 6 Nisan Pazar g\u00fcn\u00fc  Lefko\u015fa Kuzey \u00c7evre Yolu\u2019nda \u201cDrag Yar\u0131\u015f\u0131\u201d d\u00fczenleniyor.<\/p>\n<p>Polis Bas\u0131n Subayl\u0131\u011f\u0131\u2019ndan verilen bilgiye g\u00f6re, 07.00-20.00 saatleri aras\u0131nda ger\u00e7ekle\u015ftirilecek yar\u0131\u015f nedeniyle Lefko\u015fa Kuzey \u00c7evre Yolu\u2019nun Sanayi \u00c7emberi ile Ta\u015fkent \u00c7emberi aras\u0131nda kalan k\u0131sm\u0131 \u00e7ift y\u00f6nl\u00fc olarak ara\u00e7 trafi\u011fine kapat\u0131lacak. Ula\u015f\u0131m alternatif yollardan sa\u011flanacak.<\/p>\n<p>Drag yar\u0131\u015f\u0131 devam etti\u011fi s\u00fcrece bahse konu yol g\u00fczergah\u0131n\u0131 kullanacak olan s\u00fcr\u00fcc\u00fclerin, kendileri ile yar\u0131\u015fmac\u0131lar\u0131n can ve mal g\u00fcvenlikleri a\u00e7\u0131s\u0131ndan yava\u015f ve dikkatli seyretmeleri, ayr\u0131ca trafik i\u015faret ve i\u015faret\u00e7ilerine uymalar\u0131 istendi.<\/p>\n<\/p><\/div>\n<p><script async\n                    defer\n                    crossorigin=\"anonymous\"\n                    src=\"https:\/\/connect.facebook.net\/tr_TR\/sdk.js#xfbml=1&#038;version=v3.3\"\n            ><\/script><\/p>\n","protected":false},"excerpt":{"rendered":"<p>Kuzey K\u0131br\u0131s Drag ve Spor Otomobil Derne\u011fi taraf\u0131ndan, 6 Nisan Pazar g\u00fcn\u00fc Lefko\u015fa Kuzey \u00c7evre Yolu\u2019nda \u201cDrag Yar\u0131\u015f\u0131\u201d d\u00fczenleniyor. Polis Bas\u0131n Subayl\u0131\u011f\u0131\u2019ndan verilen bilgiye g\u00f6re, 07.00-20.00 saatleri aras\u0131nda ger\u00e7ekle\u015ftirilecek yar\u0131\u015f nedeniyle Lefko\u015fa Kuzey \u00c7evre Yolu\u2019nun Sanayi \u00c7emberi ile Ta\u015fkent \u00c7emberi aras\u0131nda kalan k\u0131sm\u0131 \u00e7ift y\u00f6nl\u00fc olarak ara\u00e7 trafi\u011fine kapat\u0131lacak. Ula\u015f\u0131m alternatif yollardan sa\u011flanacak. Drag yar\u0131\u015f\u0131<\/p>\n","protected":false},"author":1,"featured_media":51085,"comment_status":"open","ping_status":"open","sticky":false,"template":"","format":"standard","meta":{"footnotes":""},"categories":[81,101],"tags":[],"class_list":["post-79441","post","type-post","status-publish","format-standard","has-post-thumbnail","hentry","category-kibris","category-manset"],"yoast_head":"<!-- This site is optimized with the Yoast SEO plugin v27.5 - https:\/\/yoast.com\/product\/yoast-seo-wordpress\/ -->\n<title>Lefko\u015fa Kuzey \u00c7evre Yolu\u2019nda pazar g\u00fcn\u00fc \u201cDrag Yar\u0131\u015f\u0131\u201d d\u00fczenleniyor\u2026 Yolun bir k\u0131sm\u0131 trafi\u011fe kapat\u0131lacak -<\/title>\n<meta name=\"robots\" content=\"index, follow, max-snippet:-1, max-image-preview:large, max-video-preview:-1\" \/>\n<link rel=\"canonical\" href=\"https:\/\/kibrisdakik.com\/?p=79441\" \/>\n<meta property=\"og:locale\" content=\"tr_TR\" \/>\n<meta property=\"og:type\" content=\"article\" \/>\n<meta property=\"og:title\" content=\"Lefko\u015fa Kuzey \u00c7evre Yolu\u2019nda pazar g\u00fcn\u00fc \u201cDrag Yar\u0131\u015f\u0131\u201d d\u00fczenleniyor\u2026 Yolun bir k\u0131sm\u0131 trafi\u011fe kapat\u0131lacak -\" \/>\n<meta property=\"og:description\" content=\"Kuzey K\u0131br\u0131s Drag ve Spor Otomobil Derne\u011fi taraf\u0131ndan, 6 Nisan Pazar g\u00fcn\u00fc Lefko\u015fa Kuzey \u00c7evre Yolu\u2019nda \u201cDrag Yar\u0131\u015f\u0131\u201d d\u00fczenleniyor. Polis Bas\u0131n Subayl\u0131\u011f\u0131\u2019ndan verilen bilgiye g\u00f6re, 07.00-20.00 saatleri aras\u0131nda ger\u00e7ekle\u015ftirilecek yar\u0131\u015f nedeniyle Lefko\u015fa Kuzey \u00c7evre Yolu\u2019nun Sanayi \u00c7emberi ile Ta\u015fkent \u00c7emberi aras\u0131nda kalan k\u0131sm\u0131 \u00e7ift y\u00f6nl\u00fc olarak ara\u00e7 trafi\u011fine kapat\u0131lacak. Ula\u015f\u0131m alternatif yollardan sa\u011flanacak. Drag yar\u0131\u015f\u0131\" \/>\n<meta property=\"og:url\" content=\"https:\/\/kibrisdakik.com\/?p=79441\" \/>\n<meta property=\"article:published_time\" content=\"2025-04-04T11:37:15+00:00\" \/>\n<meta property=\"og:image\" content=\"https:\/\/kibrisdakik.com\/wp-content\/uploads\/2024\/07\/tum-suruculerin-dikkatine-740x391.jpg\" \/>\n\t<meta property=\"og:image:width\" content=\"750\" \/>\n\t<meta property=\"og:image:height\" content=\"391\" \/>\n\t<meta property=\"og:image:type\" content=\"image\/jpeg\" \/>\n<meta name=\"author\" content=\"admin\" \/>\n<meta name=\"twitter:card\" content=\"summary_large_image\" \/>\n<meta name=\"twitter:label1\" content=\"Yazan:\" \/>\n\t<meta name=\"twitter:data1\" content=\"admin\" \/>\n\t<meta name=\"twitter:label2\" content=\"Tahmini okuma s\u00fcresi\" \/>\n\t<meta name=\"twitter:data2\" content=\"1 dakika\" \/>\n<script type=\"application\/ld+json\" class=\"yoast-schema-graph\">{\"@context\":\"https:\\\/\\\/schema.org\",\"@graph\":[{\"@type\":\"Article\",\"@id\":\"https:\\\/\\\/kibrisdakik.com\\\/?p=79441#article\",\"isPartOf\":{\"@id\":\"https:\\\/\\\/kibrisdakik.com\\\/?p=79441\"},\"author\":{\"name\":\"admin\",\"@id\":\"https:\\\/\\\/kibrisdakik.com\\\/#\\\/schema\\\/person\\\/9cd9d437bbb44f72b73ba127e06d8e79\"},\"headline\":\"Lefko\u015fa Kuzey \u00c7evre Yolu\u2019nda pazar g\u00fcn\u00fc \u201cDrag Yar\u0131\u015f\u0131\u201d d\u00fczenleniyor\u2026 Yolun bir k\u0131sm\u0131 trafi\u011fe kapat\u0131lacak\",\"datePublished\":\"2025-04-04T11:37:15+00:00\",\"mainEntityOfPage\":{\"@id\":\"https:\\\/\\\/kibrisdakik.com\\\/?p=79441\"},\"wordCount\":145,\"commentCount\":0,\"image\":{\"@id\":\"https:\\\/\\\/kibrisdakik.com\\\/?p=79441#primaryimage\"},\"thumbnailUrl\":\"https:\\\/\\\/kibrisdakik.com\\\/wp-content\\\/uploads\\\/2024\\\/07\\\/tum-suruculerin-dikkatine-740x391.jpg\",\"articleSection\":[\"K\u0131br\u0131s\",\"Man\u015fet\"],\"inLanguage\":\"tr\",\"potentialAction\":[{\"@type\":\"CommentAction\",\"name\":\"Comment\",\"target\":[\"https:\\\/\\\/kibrisdakik.com\\\/?p=79441#respond\"]}]},{\"@type\":\"WebPage\",\"@id\":\"https:\\\/\\\/kibrisdakik.com\\\/?p=79441\",\"url\":\"https:\\\/\\\/kibrisdakik.com\\\/?p=79441\",\"name\":\"Lefko\u015fa Kuzey \u00c7evre Yolu\u2019nda pazar g\u00fcn\u00fc \u201cDrag Yar\u0131\u015f\u0131\u201d d\u00fczenleniyor\u2026 Yolun bir k\u0131sm\u0131 trafi\u011fe kapat\u0131lacak -\",\"isPartOf\":{\"@id\":\"https:\\\/\\\/kibrisdakik.com\\\/#website\"},\"primaryImageOfPage\":{\"@id\":\"https:\\\/\\\/kibrisdakik.com\\\/?p=79441#primaryimage\"},\"image\":{\"@id\":\"https:\\\/\\\/kibrisdakik.com\\\/?p=79441#primaryimage\"},\"thumbnailUrl\":\"https:\\\/\\\/kibrisdakik.com\\\/wp-content\\\/uploads\\\/2024\\\/07\\\/tum-suruculerin-dikkatine-740x391.jpg\",\"datePublished\":\"2025-04-04T11:37:15+00:00\",\"author\":{\"@id\":\"https:\\\/\\\/kibrisdakik.com\\\/#\\\/schema\\\/person\\\/9cd9d437bbb44f72b73ba127e06d8e79\"},\"breadcrumb\":{\"@id\":\"https:\\\/\\\/kibrisdakik.com\\\/?p=79441#breadcrumb\"},\"inLanguage\":\"tr\",\"potentialAction\":[{\"@type\":\"ReadAction\",\"target\":[\"https:\\\/\\\/kibrisdakik.com\\\/?p=79441\"]}]},{\"@type\":\"ImageObject\",\"inLanguage\":\"tr\",\"@id\":\"https:\\\/\\\/kibrisdakik.com\\\/?p=79441#primaryimage\",\"url\":\"https:\\\/\\\/kibrisdakik.com\\\/wp-content\\\/uploads\\\/2024\\\/07\\\/tum-suruculerin-dikkatine-740x391.jpg\",\"contentUrl\":\"https:\\\/\\\/kibrisdakik.com\\\/wp-content\\\/uploads\\\/2024\\\/07\\\/tum-suruculerin-dikkatine-740x391.jpg\",\"width\":750,\"height\":391},{\"@type\":\"BreadcrumbList\",\"@id\":\"https:\\\/\\\/kibrisdakik.com\\\/?p=79441#breadcrumb\",\"itemListElement\":[{\"@type\":\"ListItem\",\"position\":1,\"name\":\"Home\",\"item\":\"https:\\\/\\\/kibrisdakik.com\\\/\"},{\"@type\":\"ListItem\",\"position\":2,\"name\":\"Lefko\u015fa Kuzey \u00c7evre Yolu\u2019nda pazar g\u00fcn\u00fc \u201cDrag Yar\u0131\u015f\u0131\u201d d\u00fczenleniyor\u2026 Yolun bir k\u0131sm\u0131 trafi\u011fe kapat\u0131lacak\"}]},{\"@type\":\"WebSite\",\"@id\":\"https:\\\/\\\/kibrisdakik.com\\\/#website\",\"url\":\"https:\\\/\\\/kibrisdakik.com\\\/\",\"name\":\"\",\"description\":\"Tam vaktinde haber\",\"potentialAction\":[{\"@type\":\"SearchAction\",\"target\":{\"@type\":\"EntryPoint\",\"urlTemplate\":\"https:\\\/\\\/kibrisdakik.com\\\/?s={search_term_string}\"},\"query-input\":{\"@type\":\"PropertyValueSpecification\",\"valueRequired\":true,\"valueName\":\"search_term_string\"}}],\"inLanguage\":\"tr\"},{\"@type\":\"Person\",\"@id\":\"https:\\\/\\\/kibrisdakik.com\\\/#\\\/schema\\\/person\\\/9cd9d437bbb44f72b73ba127e06d8e79\",\"name\":\"admin\",\"image\":{\"@type\":\"ImageObject\",\"inLanguage\":\"tr\",\"@id\":\"https:\\\/\\\/secure.gravatar.com\\\/avatar\\\/ccc17943b9d660506c869530f897617f7cb1c21a4bf30023f252596d83e1f007?s=96&d=mm&r=g\",\"url\":\"https:\\\/\\\/secure.gravatar.com\\\/avatar\\\/ccc17943b9d660506c869530f897617f7cb1c21a4bf30023f252596d83e1f007?s=96&d=mm&r=g\",\"contentUrl\":\"https:\\\/\\\/secure.gravatar.com\\\/avatar\\\/ccc17943b9d660506c869530f897617f7cb1c21a4bf30023f252596d83e1f007?s=96&d=mm&r=g\",\"caption\":\"admin\"},\"sameAs\":[\"https:\\\/\\\/kibrisdakik.com\"],\"url\":\"https:\\\/\\\/kibrisdakik.com\\\/?author=1\"}]}<\/script>\n<!-- \/ Yoast SEO plugin. -->","yoast_head_json":{"title":"Lefko\u015fa Kuzey \u00c7evre Yolu\u2019nda pazar g\u00fcn\u00fc \u201cDrag Yar\u0131\u015f\u0131\u201d d\u00fczenleniyor\u2026 Yolun bir k\u0131sm\u0131 trafi\u011fe kapat\u0131lacak -","robots":{"index":"index","follow":"follow","max-snippet":"max-snippet:-1","max-image-preview":"max-image-preview:large","max-video-preview":"max-video-preview:-1"},"canonical":"https:\/\/kibrisdakik.com\/?p=79441","og_locale":"tr_TR","og_type":"article","og_title":"Lefko\u015fa Kuzey \u00c7evre Yolu\u2019nda pazar g\u00fcn\u00fc \u201cDrag Yar\u0131\u015f\u0131\u201d d\u00fczenleniyor\u2026 Yolun bir k\u0131sm\u0131 trafi\u011fe kapat\u0131lacak -","og_description":"Kuzey K\u0131br\u0131s Drag ve Spor Otomobil Derne\u011fi taraf\u0131ndan, 6 Nisan Pazar g\u00fcn\u00fc Lefko\u015fa Kuzey \u00c7evre Yolu\u2019nda \u201cDrag Yar\u0131\u015f\u0131\u201d d\u00fczenleniyor. Polis Bas\u0131n Subayl\u0131\u011f\u0131\u2019ndan verilen bilgiye g\u00f6re, 07.00-20.00 saatleri aras\u0131nda ger\u00e7ekle\u015ftirilecek yar\u0131\u015f nedeniyle Lefko\u015fa Kuzey \u00c7evre Yolu\u2019nun Sanayi \u00c7emberi ile Ta\u015fkent \u00c7emberi aras\u0131nda kalan k\u0131sm\u0131 \u00e7ift y\u00f6nl\u00fc olarak ara\u00e7 trafi\u011fine kapat\u0131lacak. Ula\u015f\u0131m alternatif yollardan sa\u011flanacak. Drag yar\u0131\u015f\u0131","og_url":"https:\/\/kibrisdakik.com\/?p=79441","article_published_time":"2025-04-04T11:37:15+00:00","og_image":[{"width":750,"height":391,"url":"https:\/\/kibrisdakik.com\/wp-content\/uploads\/2024\/07\/tum-suruculerin-dikkatine-740x391.jpg","type":"image\/jpeg"}],"author":"admin","twitter_card":"summary_large_image","twitter_misc":{"Yazan:":"admin","Tahmini okuma s\u00fcresi":"1 dakika"},"schema":{"@context":"https:\/\/schema.org","@graph":[{"@type":"Article","@id":"https:\/\/kibrisdakik.com\/?p=79441#article","isPartOf":{"@id":"https:\/\/kibrisdakik.com\/?p=79441"},"author":{"name":"admin","@id":"https:\/\/kibrisdakik.com\/#\/schema\/person\/9cd9d437bbb44f72b73ba127e06d8e79"},"headline":"Lefko\u015fa Kuzey \u00c7evre Yolu\u2019nda pazar g\u00fcn\u00fc \u201cDrag Yar\u0131\u015f\u0131\u201d d\u00fczenleniyor\u2026 Yolun bir k\u0131sm\u0131 trafi\u011fe kapat\u0131lacak","datePublished":"2025-04-04T11:37:15+00:00","mainEntityOfPage":{"@id":"https:\/\/kibrisdakik.com\/?p=79441"},"wordCount":145,"commentCount":0,"image":{"@id":"https:\/\/kibrisdakik.com\/?p=79441#primaryimage"},"thumbnailUrl":"https:\/\/kibrisdakik.com\/wp-content\/uploads\/2024\/07\/tum-suruculerin-dikkatine-740x391.jpg","articleSection":["K\u0131br\u0131s","Man\u015fet"],"inLanguage":"tr","potentialAction":[{"@type":"CommentAction","name":"Comment","target":["https:\/\/kibrisdakik.com\/?p=79441#respond"]}]},{"@type":"WebPage","@id":"https:\/\/kibrisdakik.com\/?p=79441","url":"https:\/\/kibrisdakik.com\/?p=79441","name":"Lefko\u015fa Kuzey \u00c7evre Yolu\u2019nda pazar g\u00fcn\u00fc \u201cDrag Yar\u0131\u015f\u0131\u201d d\u00fczenleniyor\u2026 Yolun bir k\u0131sm\u0131 trafi\u011fe kapat\u0131lacak -","isPartOf":{"@id":"https:\/\/kibrisdakik.com\/#website"},"primaryImageOfPage":{"@id":"https:\/\/kibrisdakik.com\/?p=79441#primaryimage"},"image":{"@id":"https:\/\/kibrisdakik.com\/?p=79441#primaryimage"},"thumbnailUrl":"https:\/\/kibrisdakik.com\/wp-content\/uploads\/2024\/07\/tum-suruculerin-dikkatine-740x391.jpg","datePublished":"2025-04-04T11:37:15+00:00","author":{"@id":"https:\/\/kibrisdakik.com\/#\/schema\/person\/9cd9d437bbb44f72b73ba127e06d8e79"},"breadcrumb":{"@id":"https:\/\/kibrisdakik.com\/?p=79441#breadcrumb"},"inLanguage":"tr","potentialAction":[{"@type":"ReadAction","target":["https:\/\/kibrisdakik.com\/?p=79441"]}]},{"@type":"ImageObject","inLanguage":"tr","@id":"https:\/\/kibrisdakik.com\/?p=79441#primaryimage","url":"https:\/\/kibrisdakik.com\/wp-content\/uploads\/2024\/07\/tum-suruculerin-dikkatine-740x391.jpg","contentUrl":"https:\/\/kibrisdakik.com\/wp-content\/uploads\/2024\/07\/tum-suruculerin-dikkatine-740x391.jpg","width":750,"height":391},{"@type":"BreadcrumbList","@id":"https:\/\/kibrisdakik.com\/?p=79441#breadcrumb","itemListElement":[{"@type":"ListItem","position":1,"name":"Home","item":"https:\/\/kibrisdakik.com\/"},{"@type":"ListItem","position":2,"name":"Lefko\u015fa Kuzey \u00c7evre Yolu\u2019nda pazar g\u00fcn\u00fc \u201cDrag Yar\u0131\u015f\u0131\u201d d\u00fczenleniyor\u2026 Yolun bir k\u0131sm\u0131 trafi\u011fe kapat\u0131lacak"}]},{"@type":"WebSite","@id":"https:\/\/kibrisdakik.com\/#website","url":"https:\/\/kibrisdakik.com\/","name":"","description":"Tam vaktinde haber","potentialAction":[{"@type":"SearchAction","target":{"@type":"EntryPoint","urlTemplate":"https:\/\/kibrisdakik.com\/?s={search_term_string}"},"query-input":{"@type":"PropertyValueSpecification","valueRequired":true,"valueName":"search_term_string"}}],"inLanguage":"tr"},{"@type":"Person","@id":"https:\/\/kibrisdakik.com\/#\/schema\/person\/9cd9d437bbb44f72b73ba127e06d8e79","name":"admin","image":{"@type":"ImageObject","inLanguage":"tr","@id":"https:\/\/secure.gravatar.com\/avatar\/ccc17943b9d660506c869530f897617f7cb1c21a4bf30023f252596d83e1f007?s=96&d=mm&r=g","url":"https:\/\/secure.gravatar.com\/avatar\/ccc17943b9d660506c869530f897617f7cb1c21a4bf30023f252596d83e1f007?s=96&d=mm&r=g","contentUrl":"https:\/\/secure.gravatar.com\/avatar\/ccc17943b9d660506c869530f897617f7cb1c21a4bf30023f252596d83e1f007?s=96&d=mm&r=g","caption":"admin"},"sameAs":["https:\/\/kibrisdakik.com"],"url":"https:\/\/kibrisdakik.com\/?author=1"}]}},"_links":{"self":[{"href":"https:\/\/kibrisdakik.com\/index.php?rest_route=\/wp\/v2\/posts\/79441","targetHints":{"allow":["GET"]}}],"collection":[{"href":"https:\/\/kibrisdakik.com\/index.php?rest_route=\/wp\/v2\/posts"}],"about":[{"href":"https:\/\/kibrisdakik.com\/index.php?rest_route=\/wp\/v2\/types\/post"}],"author":[{"embeddable":true,"href":"https:\/\/kibrisdakik.com\/index.php?rest_route=\/wp\/v2\/users\/1"}],"replies":[{"embeddable":true,"href":"https:\/\/kibrisdakik.com\/index.php?rest_route=%2Fwp%2Fv2%2Fcomments&post=79441"}],"version-history":[{"count":0,"href":"https:\/\/kibrisdakik.com\/index.php?rest_route=\/wp\/v2\/posts\/79441\/revisions"}],"wp:featuredmedia":[{"embeddable":true,"href":"https:\/\/kibrisdakik.com\/index.php?rest_route=\/wp\/v2\/media\/51085"}],"wp:attachment":[{"href":"https:\/\/kibrisdakik.com\/index.php?rest_route=%2Fwp%2Fv2%2Fmedia&parent=79441"}],"wp:term":[{"taxonomy":"category","embeddable":true,"href":"https:\/\/kibrisdakik.com\/index.php?rest_route=%2Fwp%2Fv2%2Fcategories&post=79441"},{"taxonomy":"post_tag","embeddable":true,"href":"https:\/\/kibrisdakik.com\/index.php?rest_route=%2Fwp%2Fv2%2Ftags&post=79441"}],"curies":[{"name":"wp","href":"https:\/\/api.w.org\/{rel}","templated":true}]}}