{"id":79509,"date":"2025-04-05T14:14:31","date_gmt":"2025-04-05T11:14:31","guid":{"rendered":"https:\/\/kibrisdakik.com\/index.php\/2025\/04\/05\/18-avtepe-medos-lalesi-festivali-bugun-yapiliyor\/"},"modified":"2025-04-05T14:14:31","modified_gmt":"2025-04-05T11:14:31","slug":"18-avtepe-medos-lalesi-festivali-bugun-yapiliyor","status":"publish","type":"post","link":"https:\/\/kibrisdakik.com\/?p=79509","title":{"rendered":"18. Avtepe Medo\u015f Lalesi Festivali bug\u00fcn yap\u0131l\u0131yor"},"content":{"rendered":"<div>\n<p style=\"font-weight: 300;\">Erenk\u00f6y Karpaz Belediyesi ile Avtepe Muhtarl\u0131\u011f\u0131\u2019n\u0131n organize etti\u011fi 18. Avtepe Medo\u015f Lalesi Festivali bug\u00fcn yap\u0131l\u0131yor.<\/p>\n<p style=\"font-weight: 300;\">Endemik bitkilerinden Medo\u015f lalesini korumak ve bu konuda fark\u0131ndal\u0131k yaratmak amac\u0131yla d\u00fczenlenen Festival Avtepe k\u00f6y meydan\u0131nda ger\u00e7ekle\u015ftiriliyor.<\/p>\n<p style=\"font-weight: 300;\">\u00a0G\u00fcn boyunca k\u00fclt\u00fcrel sanatsal ve sportif etkinliklerin yer alaca\u011f\u0131 festivalde kurulan stantlarda b\u00f6lgeye \u00f6zg\u00fc bir\u00e7ok yiyecek ve i\u00e7ecek sat\u0131\u015f\u0131 da yap\u0131l\u0131yor.<\/p>\n<p style=\"font-weight: 300;\">Festivalin a\u00e7\u0131l\u0131\u015f\u0131na Cumhurba\u015fkan\u0131 Ersin Tatar ile Ba\u015fbakan \u00dcnal \u00dcstel de kat\u0131ld\u0131.<\/p>\n<p style=\"font-weight: 300;\">Festivalin a\u00e7\u0131l\u0131\u015f\u0131nda konu\u015fan Avtepe Muhtar\u0131 Rezvan \u0130nlen, Karpaz\u2019\u0131n e\u015fsiz do\u011fas\u0131n\u0131n yan\u0131nda k\u00fclt\u00fcrel g\u00fczelliklerinin yer ald\u0131\u011f\u0131n\u0131 s\u00f6yledi.<\/p>\n<p style=\"font-weight: 300;\">\u00a0Erenk\u00f6y Karpaz Belediye Ba\u015fkan\u0131 Hamit Bak\u0131rc\u0131 da, b\u00f6lge halk\u0131n\u0131n k\u00fclt\u00fcr\u00fcne sahip \u00e7\u0131kt\u0131\u011f\u0131n\u0131 vurgulad\u0131.<\/p>\n<p style=\"font-weight: 300;\">\u00a0B\u00f6lgenin geli\u015fmesi ad\u0131na Karpaz emirnamesinin kald\u0131r\u0131lmas\u0131 gerekti\u011fini s\u00f6yleyen Bak\u0131rc\u0131, e\u015fek sorununa da acilen \u00e7\u00f6z\u00fcm bulunmas\u0131ni istedi.<\/p>\n<p style=\"font-weight: 300;\">\u00a0Turizm ve \u00c7evre Bakan\u0131 Fikri Atao\u011flu ise, d\u00fcnyada bir tek K\u0131br\u0131s\u2019ta yeti\u015fen Medo\u015f lalesinin korunmas\u0131n\u0131n \u00f6nemine i\u015faret ederek, Medo\u015f lalesine zarar verilmesinin ayn\u0131 zamanda \u00fclke k\u00fclt\u00fcr ve de\u011ferlerine de zarar verilmesi anlam\u0131na geldi\u011fini s\u00f6yledi.<\/p>\n<p style=\"font-weight: 300;\">\u00a0Atao\u011flu, \u00fclkedeki turistlerin s\u00f6z konusu festivali ziyaret ederek medo\u015f lalelerini yerinde g\u00f6rme f\u0131rsat\u0131 bulduklar\u0131n\u0131 ifade etti.<\/p>\n<p style=\"font-weight: 300;\">Atao\u011flu, do\u011fup b\u00fcy\u00fcd\u00fc\u011f\u00fc k\u00f6y olan Avtepe\u2019nin her ge\u00e7en g\u00fcn geli\u015fmekte oldu\u011funu g\u00f6rmekten mutluluk duydu\u011funu s\u00f6yledi.<\/p>\n<p style=\"font-weight: 300;\">\u00a0B\u00f6lge gen\u00e7lerinin Avtepe\u2019de k\u00f6k salmas\u0131 ad\u0131na k\u0131rsal kesim arsas\u0131n\u0131n Avtepe\u2019de de verilmesi gerekti\u011fini s\u00f6yleyen Atao\u011flu, e\u015fek sorununa \u00e7\u00f6z\u00fcm i\u00e7in h\u00fck\u00fcmet olarak \u00e7al\u0131\u015ft\u0131klar\u0131n\u0131 s\u00f6yledi.<\/p>\n<p style=\"font-weight: 300;\">Ba\u015fbakan \u00dcnal \u00dcstel de, b\u00f6lgede bulunmaktan duydu\u011fu memnuniyeti dile getirerek, Avtepe k\u00f6y\u00fcn\u00fcn medo\u015f laleleri ile sembolle\u015fti\u011fini s\u00f6yledi.<\/p>\n<p style=\"font-weight: 300;\">H\u00fck\u00fcmetin verdi\u011fi s\u00f6zleri birer birer yerine getirdi\u011fini kaydeden \u00dcstel, \u00fclkede ekonomik istikrar\u0131 sa\u011flamak ad\u0131na \u00e7al\u0131\u015fmalar\u0131n s\u00fcrd\u00fc\u011f\u00fcn\u00fc s\u00f6yledi.<\/p>\n<p style=\"font-weight: 300;\">KKTC vatanda\u015flar\u0131n\u0131n i\u015f hayat\u0131na at\u0131lmas\u0131 ad\u0131na \u00e7al\u0131\u015fmalar\u0131n devam eti\u011fini an\u0131msatan \u00dcstel, kad\u0131n gen\u00e7 erkek i\u015f hayat\u0131na at\u0131lanlara prim deste\u011fi verdiklerini s\u00f6yledi.<\/p>\n<p style=\"font-weight: 300;\">\u00dcstel, her b\u00f6lgede gen\u00e7leri ev sahibi yapmak ad\u0131na k\u0131rsal kesim arsas\u0131 da\u011f\u0131tmaya ba\u015fland\u0131\u011f\u0131n\u0131 da kaydetti.<\/p>\n<p style=\"font-weight: 300;\">\u00a02025 Mali Y\u0131l\u0131 Protokol\u00fc \u00e7er\u00e7evesinde Pamuklu Hastanesi\u2019nin temelinin bu y\u0131l i\u00e7erisinde at\u0131laca\u011f\u0131n\u0131 a\u00e7\u0131klayan \u00dcstel, Karpaz yolunun da tamamlanaca\u011f\u0131n\u0131 kaydetti.<\/p>\n<p style=\"font-weight: 300;\">\u00a0Konu\u015fmas\u0131nda b\u00f6lgedeki e\u015fek sorununa da de\u011finen \u00dcstel, bu y\u0131l i\u00e7erisinde bu sorunun \u00e7\u00f6z\u00fcme ula\u015faca\u011f\u0131n\u0131, e\u015feklerin verdi\u011fi zararlar\u0131n tazmin edilece\u011fini s\u00f6yledi.<\/p>\n<p style=\"font-weight: 300;\">Cumhurba\u015fkan\u0131 Ersin Tatar da, Karpaz\u2019\u0131n d\u00fcnyan\u0131n nadir b\u00f6lgelerinden biri oldu\u011funu s\u00f6yledi ve festivali d\u00fczenleyenleri kutlad\u0131.<\/p>\n<p style=\"font-weight: 300;\">\u00a0Karpaz halk\u0131n\u0131n refah\u0131 ve kalk\u0131nmas\u0131 i\u00e7in b\u00f6lgede ya\u015fanan s\u0131k\u0131nt\u0131lar\u0131n en erken zamanda a\u015f\u0131laca\u011f\u0131na inan\u00e7 belirten Cumhurba\u015fkan\u0131, \u00e7al\u0131\u015fmalar\u0131n takip\u00e7isi olaca\u011f\u0131n\u0131 s\u00f6yledi.<\/p>\n<p style=\"font-weight: 300;\">\u00a0K\u00fclt\u00fcrlerin gelecekte nesillere aktar\u0131lmas\u0131n\u0131n \u00f6nemine de de\u011finen Tatar, belediye ve muhtarl\u0131klar i\u015fbirli\u011finde g\u00fczel i\u015flere imza at\u0131ld\u0131\u011f\u0131n\u0131 g\u00f6rmekten duydu\u011fu memnuniyeti dile getirdi.<\/p>\n<p>BRT\/<\/p>\n<\/p><\/div>\n<p><script async\n                    defer\n                    crossorigin=\"anonymous\"\n                    src=\"https:\/\/connect.facebook.net\/tr_TR\/sdk.js#xfbml=1&#038;version=v3.3\"\n            ><\/script><\/p>\n","protected":false},"excerpt":{"rendered":"<p>Erenk\u00f6y Karpaz Belediyesi ile Avtepe Muhtarl\u0131\u011f\u0131\u2019n\u0131n organize etti\u011fi 18. Avtepe Medo\u015f Lalesi Festivali bug\u00fcn yap\u0131l\u0131yor. Endemik bitkilerinden Medo\u015f lalesini korumak ve bu konuda fark\u0131ndal\u0131k yaratmak amac\u0131yla d\u00fczenlenen Festival Avtepe k\u00f6y meydan\u0131nda ger\u00e7ekle\u015ftiriliyor. \u00a0G\u00fcn boyunca k\u00fclt\u00fcrel sanatsal ve sportif etkinliklerin yer alaca\u011f\u0131 festivalde kurulan stantlarda b\u00f6lgeye \u00f6zg\u00fc bir\u00e7ok yiyecek ve i\u00e7ecek sat\u0131\u015f\u0131 da yap\u0131l\u0131yor. Festivalin a\u00e7\u0131l\u0131\u015f\u0131na<\/p>\n","protected":false},"author":1,"featured_media":79510,"comment_status":"open","ping_status":"open","sticky":false,"template":"","format":"standard","meta":{"footnotes":""},"categories":[81,101],"tags":[],"class_list":["post-79509","post","type-post","status-publish","format-standard","has-post-thumbnail","hentry","category-kibris","category-manset"],"yoast_head":"<!-- This site is optimized with the Yoast SEO plugin v27.4 - https:\/\/yoast.com\/product\/yoast-seo-wordpress\/ -->\n<title>18. Avtepe Medo\u015f Lalesi Festivali bug\u00fcn yap\u0131l\u0131yor -<\/title>\n<meta name=\"robots\" content=\"index, follow, max-snippet:-1, max-image-preview:large, max-video-preview:-1\" \/>\n<link rel=\"canonical\" href=\"https:\/\/kibrisdakik.com\/?p=79509\" \/>\n<meta property=\"og:locale\" content=\"tr_TR\" \/>\n<meta property=\"og:type\" content=\"article\" \/>\n<meta property=\"og:title\" content=\"18. Avtepe Medo\u015f Lalesi Festivali bug\u00fcn yap\u0131l\u0131yor -\" \/>\n<meta property=\"og:description\" content=\"Erenk\u00f6y Karpaz Belediyesi ile Avtepe Muhtarl\u0131\u011f\u0131\u2019n\u0131n organize etti\u011fi 18. Avtepe Medo\u015f Lalesi Festivali bug\u00fcn yap\u0131l\u0131yor. Endemik bitkilerinden Medo\u015f lalesini korumak ve bu konuda fark\u0131ndal\u0131k yaratmak amac\u0131yla d\u00fczenlenen Festival Avtepe k\u00f6y meydan\u0131nda ger\u00e7ekle\u015ftiriliyor. \u00a0G\u00fcn boyunca k\u00fclt\u00fcrel sanatsal ve sportif etkinliklerin yer alaca\u011f\u0131 festivalde kurulan stantlarda b\u00f6lgeye \u00f6zg\u00fc bir\u00e7ok yiyecek ve i\u00e7ecek sat\u0131\u015f\u0131 da yap\u0131l\u0131yor. Festivalin a\u00e7\u0131l\u0131\u015f\u0131na\" \/>\n<meta property=\"og:url\" content=\"https:\/\/kibrisdakik.com\/?p=79509\" \/>\n<meta property=\"article:published_time\" content=\"2025-04-05T11:14:31+00:00\" \/>\n<meta property=\"og:image\" content=\"https:\/\/kibrisdakik.com\/wp-content\/uploads\/2025\/04\/InShot_20250405_140825871-scaled-740x420.jpg\" \/>\n\t<meta property=\"og:image:width\" content=\"2560\" \/>\n\t<meta property=\"og:image:height\" content=\"1439\" \/>\n\t<meta property=\"og:image:type\" content=\"image\/jpeg\" \/>\n<meta name=\"author\" content=\"admin\" \/>\n<meta name=\"twitter:card\" content=\"summary_large_image\" \/>\n<meta name=\"twitter:label1\" content=\"Yazan:\" \/>\n\t<meta name=\"twitter:data1\" content=\"admin\" \/>\n\t<meta name=\"twitter:label2\" content=\"Tahmini okuma s\u00fcresi\" \/>\n\t<meta name=\"twitter:data2\" content=\"3 dakika\" \/>\n<script type=\"application\/ld+json\" class=\"yoast-schema-graph\">{\"@context\":\"https:\\\/\\\/schema.org\",\"@graph\":[{\"@type\":\"Article\",\"@id\":\"https:\\\/\\\/kibrisdakik.com\\\/?p=79509#article\",\"isPartOf\":{\"@id\":\"https:\\\/\\\/kibrisdakik.com\\\/?p=79509\"},\"author\":{\"name\":\"admin\",\"@id\":\"https:\\\/\\\/kibrisdakik.com\\\/#\\\/schema\\\/person\\\/9cd9d437bbb44f72b73ba127e06d8e79\"},\"headline\":\"18. Avtepe Medo\u015f Lalesi Festivali bug\u00fcn yap\u0131l\u0131yor\",\"datePublished\":\"2025-04-05T11:14:31+00:00\",\"mainEntityOfPage\":{\"@id\":\"https:\\\/\\\/kibrisdakik.com\\\/?p=79509\"},\"wordCount\":595,\"commentCount\":0,\"image\":{\"@id\":\"https:\\\/\\\/kibrisdakik.com\\\/?p=79509#primaryimage\"},\"thumbnailUrl\":\"https:\\\/\\\/kibrisdakik.com\\\/wp-content\\\/uploads\\\/2025\\\/04\\\/InShot_20250405_140825871-scaled-740x420.jpg\",\"articleSection\":[\"K\u0131br\u0131s\",\"Man\u015fet\"],\"inLanguage\":\"tr\",\"potentialAction\":[{\"@type\":\"CommentAction\",\"name\":\"Comment\",\"target\":[\"https:\\\/\\\/kibrisdakik.com\\\/?p=79509#respond\"]}]},{\"@type\":\"WebPage\",\"@id\":\"https:\\\/\\\/kibrisdakik.com\\\/?p=79509\",\"url\":\"https:\\\/\\\/kibrisdakik.com\\\/?p=79509\",\"name\":\"18. Avtepe Medo\u015f Lalesi Festivali bug\u00fcn yap\u0131l\u0131yor -\",\"isPartOf\":{\"@id\":\"https:\\\/\\\/kibrisdakik.com\\\/#website\"},\"primaryImageOfPage\":{\"@id\":\"https:\\\/\\\/kibrisdakik.com\\\/?p=79509#primaryimage\"},\"image\":{\"@id\":\"https:\\\/\\\/kibrisdakik.com\\\/?p=79509#primaryimage\"},\"thumbnailUrl\":\"https:\\\/\\\/kibrisdakik.com\\\/wp-content\\\/uploads\\\/2025\\\/04\\\/InShot_20250405_140825871-scaled-740x420.jpg\",\"datePublished\":\"2025-04-05T11:14:31+00:00\",\"author\":{\"@id\":\"https:\\\/\\\/kibrisdakik.com\\\/#\\\/schema\\\/person\\\/9cd9d437bbb44f72b73ba127e06d8e79\"},\"breadcrumb\":{\"@id\":\"https:\\\/\\\/kibrisdakik.com\\\/?p=79509#breadcrumb\"},\"inLanguage\":\"tr\",\"potentialAction\":[{\"@type\":\"ReadAction\",\"target\":[\"https:\\\/\\\/kibrisdakik.com\\\/?p=79509\"]}]},{\"@type\":\"ImageObject\",\"inLanguage\":\"tr\",\"@id\":\"https:\\\/\\\/kibrisdakik.com\\\/?p=79509#primaryimage\",\"url\":\"https:\\\/\\\/kibrisdakik.com\\\/wp-content\\\/uploads\\\/2025\\\/04\\\/InShot_20250405_140825871-scaled-740x420.jpg\",\"contentUrl\":\"https:\\\/\\\/kibrisdakik.com\\\/wp-content\\\/uploads\\\/2025\\\/04\\\/InShot_20250405_140825871-scaled-740x420.jpg\",\"width\":2560,\"height\":1439},{\"@type\":\"BreadcrumbList\",\"@id\":\"https:\\\/\\\/kibrisdakik.com\\\/?p=79509#breadcrumb\",\"itemListElement\":[{\"@type\":\"ListItem\",\"position\":1,\"name\":\"Home\",\"item\":\"https:\\\/\\\/kibrisdakik.com\\\/\"},{\"@type\":\"ListItem\",\"position\":2,\"name\":\"18. Avtepe Medo\u015f Lalesi Festivali bug\u00fcn yap\u0131l\u0131yor\"}]},{\"@type\":\"WebSite\",\"@id\":\"https:\\\/\\\/kibrisdakik.com\\\/#website\",\"url\":\"https:\\\/\\\/kibrisdakik.com\\\/\",\"name\":\"\",\"description\":\"Tam vaktinde haber\",\"potentialAction\":[{\"@type\":\"SearchAction\",\"target\":{\"@type\":\"EntryPoint\",\"urlTemplate\":\"https:\\\/\\\/kibrisdakik.com\\\/?s={search_term_string}\"},\"query-input\":{\"@type\":\"PropertyValueSpecification\",\"valueRequired\":true,\"valueName\":\"search_term_string\"}}],\"inLanguage\":\"tr\"},{\"@type\":\"Person\",\"@id\":\"https:\\\/\\\/kibrisdakik.com\\\/#\\\/schema\\\/person\\\/9cd9d437bbb44f72b73ba127e06d8e79\",\"name\":\"admin\",\"image\":{\"@type\":\"ImageObject\",\"inLanguage\":\"tr\",\"@id\":\"https:\\\/\\\/secure.gravatar.com\\\/avatar\\\/ccc17943b9d660506c869530f897617f7cb1c21a4bf30023f252596d83e1f007?s=96&d=mm&r=g\",\"url\":\"https:\\\/\\\/secure.gravatar.com\\\/avatar\\\/ccc17943b9d660506c869530f897617f7cb1c21a4bf30023f252596d83e1f007?s=96&d=mm&r=g\",\"contentUrl\":\"https:\\\/\\\/secure.gravatar.com\\\/avatar\\\/ccc17943b9d660506c869530f897617f7cb1c21a4bf30023f252596d83e1f007?s=96&d=mm&r=g\",\"caption\":\"admin\"},\"sameAs\":[\"https:\\\/\\\/kibrisdakik.com\"],\"url\":\"https:\\\/\\\/kibrisdakik.com\\\/?author=1\"}]}<\/script>\n<!-- \/ Yoast SEO plugin. -->","yoast_head_json":{"title":"18. Avtepe Medo\u015f Lalesi Festivali bug\u00fcn yap\u0131l\u0131yor -","robots":{"index":"index","follow":"follow","max-snippet":"max-snippet:-1","max-image-preview":"max-image-preview:large","max-video-preview":"max-video-preview:-1"},"canonical":"https:\/\/kibrisdakik.com\/?p=79509","og_locale":"tr_TR","og_type":"article","og_title":"18. Avtepe Medo\u015f Lalesi Festivali bug\u00fcn yap\u0131l\u0131yor -","og_description":"Erenk\u00f6y Karpaz Belediyesi ile Avtepe Muhtarl\u0131\u011f\u0131\u2019n\u0131n organize etti\u011fi 18. Avtepe Medo\u015f Lalesi Festivali bug\u00fcn yap\u0131l\u0131yor. Endemik bitkilerinden Medo\u015f lalesini korumak ve bu konuda fark\u0131ndal\u0131k yaratmak amac\u0131yla d\u00fczenlenen Festival Avtepe k\u00f6y meydan\u0131nda ger\u00e7ekle\u015ftiriliyor. \u00a0G\u00fcn boyunca k\u00fclt\u00fcrel sanatsal ve sportif etkinliklerin yer alaca\u011f\u0131 festivalde kurulan stantlarda b\u00f6lgeye \u00f6zg\u00fc bir\u00e7ok yiyecek ve i\u00e7ecek sat\u0131\u015f\u0131 da yap\u0131l\u0131yor. Festivalin a\u00e7\u0131l\u0131\u015f\u0131na","og_url":"https:\/\/kibrisdakik.com\/?p=79509","article_published_time":"2025-04-05T11:14:31+00:00","og_image":[{"width":2560,"height":1439,"url":"https:\/\/kibrisdakik.com\/wp-content\/uploads\/2025\/04\/InShot_20250405_140825871-scaled-740x420.jpg","type":"image\/jpeg"}],"author":"admin","twitter_card":"summary_large_image","twitter_misc":{"Yazan:":"admin","Tahmini okuma s\u00fcresi":"3 dakika"},"schema":{"@context":"https:\/\/schema.org","@graph":[{"@type":"Article","@id":"https:\/\/kibrisdakik.com\/?p=79509#article","isPartOf":{"@id":"https:\/\/kibrisdakik.com\/?p=79509"},"author":{"name":"admin","@id":"https:\/\/kibrisdakik.com\/#\/schema\/person\/9cd9d437bbb44f72b73ba127e06d8e79"},"headline":"18. Avtepe Medo\u015f Lalesi Festivali bug\u00fcn yap\u0131l\u0131yor","datePublished":"2025-04-05T11:14:31+00:00","mainEntityOfPage":{"@id":"https:\/\/kibrisdakik.com\/?p=79509"},"wordCount":595,"commentCount":0,"image":{"@id":"https:\/\/kibrisdakik.com\/?p=79509#primaryimage"},"thumbnailUrl":"https:\/\/kibrisdakik.com\/wp-content\/uploads\/2025\/04\/InShot_20250405_140825871-scaled-740x420.jpg","articleSection":["K\u0131br\u0131s","Man\u015fet"],"inLanguage":"tr","potentialAction":[{"@type":"CommentAction","name":"Comment","target":["https:\/\/kibrisdakik.com\/?p=79509#respond"]}]},{"@type":"WebPage","@id":"https:\/\/kibrisdakik.com\/?p=79509","url":"https:\/\/kibrisdakik.com\/?p=79509","name":"18. Avtepe Medo\u015f Lalesi Festivali bug\u00fcn yap\u0131l\u0131yor -","isPartOf":{"@id":"https:\/\/kibrisdakik.com\/#website"},"primaryImageOfPage":{"@id":"https:\/\/kibrisdakik.com\/?p=79509#primaryimage"},"image":{"@id":"https:\/\/kibrisdakik.com\/?p=79509#primaryimage"},"thumbnailUrl":"https:\/\/kibrisdakik.com\/wp-content\/uploads\/2025\/04\/InShot_20250405_140825871-scaled-740x420.jpg","datePublished":"2025-04-05T11:14:31+00:00","author":{"@id":"https:\/\/kibrisdakik.com\/#\/schema\/person\/9cd9d437bbb44f72b73ba127e06d8e79"},"breadcrumb":{"@id":"https:\/\/kibrisdakik.com\/?p=79509#breadcrumb"},"inLanguage":"tr","potentialAction":[{"@type":"ReadAction","target":["https:\/\/kibrisdakik.com\/?p=79509"]}]},{"@type":"ImageObject","inLanguage":"tr","@id":"https:\/\/kibrisdakik.com\/?p=79509#primaryimage","url":"https:\/\/kibrisdakik.com\/wp-content\/uploads\/2025\/04\/InShot_20250405_140825871-scaled-740x420.jpg","contentUrl":"https:\/\/kibrisdakik.com\/wp-content\/uploads\/2025\/04\/InShot_20250405_140825871-scaled-740x420.jpg","width":2560,"height":1439},{"@type":"BreadcrumbList","@id":"https:\/\/kibrisdakik.com\/?p=79509#breadcrumb","itemListElement":[{"@type":"ListItem","position":1,"name":"Home","item":"https:\/\/kibrisdakik.com\/"},{"@type":"ListItem","position":2,"name":"18. Avtepe Medo\u015f Lalesi Festivali bug\u00fcn yap\u0131l\u0131yor"}]},{"@type":"WebSite","@id":"https:\/\/kibrisdakik.com\/#website","url":"https:\/\/kibrisdakik.com\/","name":"","description":"Tam vaktinde haber","potentialAction":[{"@type":"SearchAction","target":{"@type":"EntryPoint","urlTemplate":"https:\/\/kibrisdakik.com\/?s={search_term_string}"},"query-input":{"@type":"PropertyValueSpecification","valueRequired":true,"valueName":"search_term_string"}}],"inLanguage":"tr"},{"@type":"Person","@id":"https:\/\/kibrisdakik.com\/#\/schema\/person\/9cd9d437bbb44f72b73ba127e06d8e79","name":"admin","image":{"@type":"ImageObject","inLanguage":"tr","@id":"https:\/\/secure.gravatar.com\/avatar\/ccc17943b9d660506c869530f897617f7cb1c21a4bf30023f252596d83e1f007?s=96&d=mm&r=g","url":"https:\/\/secure.gravatar.com\/avatar\/ccc17943b9d660506c869530f897617f7cb1c21a4bf30023f252596d83e1f007?s=96&d=mm&r=g","contentUrl":"https:\/\/secure.gravatar.com\/avatar\/ccc17943b9d660506c869530f897617f7cb1c21a4bf30023f252596d83e1f007?s=96&d=mm&r=g","caption":"admin"},"sameAs":["https:\/\/kibrisdakik.com"],"url":"https:\/\/kibrisdakik.com\/?author=1"}]}},"_links":{"self":[{"href":"https:\/\/kibrisdakik.com\/index.php?rest_route=\/wp\/v2\/posts\/79509","targetHints":{"allow":["GET"]}}],"collection":[{"href":"https:\/\/kibrisdakik.com\/index.php?rest_route=\/wp\/v2\/posts"}],"about":[{"href":"https:\/\/kibrisdakik.com\/index.php?rest_route=\/wp\/v2\/types\/post"}],"author":[{"embeddable":true,"href":"https:\/\/kibrisdakik.com\/index.php?rest_route=\/wp\/v2\/users\/1"}],"replies":[{"embeddable":true,"href":"https:\/\/kibrisdakik.com\/index.php?rest_route=%2Fwp%2Fv2%2Fcomments&post=79509"}],"version-history":[{"count":0,"href":"https:\/\/kibrisdakik.com\/index.php?rest_route=\/wp\/v2\/posts\/79509\/revisions"}],"wp:featuredmedia":[{"embeddable":true,"href":"https:\/\/kibrisdakik.com\/index.php?rest_route=\/wp\/v2\/media\/79510"}],"wp:attachment":[{"href":"https:\/\/kibrisdakik.com\/index.php?rest_route=%2Fwp%2Fv2%2Fmedia&parent=79509"}],"wp:term":[{"taxonomy":"category","embeddable":true,"href":"https:\/\/kibrisdakik.com\/index.php?rest_route=%2Fwp%2Fv2%2Fcategories&post=79509"},{"taxonomy":"post_tag","embeddable":true,"href":"https:\/\/kibrisdakik.com\/index.php?rest_route=%2Fwp%2Fv2%2Ftags&post=79509"}],"curies":[{"name":"wp","href":"https:\/\/api.w.org\/{rel}","templated":true}]}}