{"id":79513,"date":"2025-04-05T17:10:28","date_gmt":"2025-04-05T14:10:28","guid":{"rendered":"https:\/\/kibrisdakik.com\/index.php\/2025\/04\/05\/turkmenkoy-koprulu-cayonu-ve-guvercinlikte-kirsal-kesim-arsalari-hak-sahipleri-aciklandi\/"},"modified":"2025-04-05T17:10:28","modified_gmt":"2025-04-05T14:10:28","slug":"turkmenkoy-koprulu-cayonu-ve-guvercinlikte-kirsal-kesim-arsalari-hak-sahipleri-aciklandi","status":"publish","type":"post","link":"https:\/\/kibrisdakik.com\/?p=79513","title":{"rendered":"T\u00fcrkmenk\u00f6y, K\u00f6pr\u00fcl\u00fc, \u00c7ay\u00f6n\u00fc ve G\u00fcvercinlik\u2019te, k\u0131rsal kesim arsalar\u0131 hak sahipleri a\u00e7\u0131kland\u0131"},"content":{"rendered":"<div>\n<div class=\"mariselle-image-container none\">\n                                            <\/div>\n<p>\u0130\u00e7i\u015fleri Bakanl\u0131\u011f\u0131 taraf\u0131ndan, T\u00fcrkmenk\u00f6y, K\u00f6pr\u00fc, \u00c7ay\u00f6n\u00fc ve G\u00fcvercinlik\u2019teki k\u0131rsal kesim arsalar\u0131 hak sahipleri a\u00e7\u0131kland\u0131.<\/p>\n<p>K\u0131rsal kesim arsas\u0131 i\u00e7in hak sahibi olarak belirlenen toplam 447 ki\u015finin ad\u0131, k\u00f6ylerde d\u00fczenlenen t\u00f6renlerde okundu.<\/p>\n<p>Buna g\u00f6re, T\u00fcrkmenk\u00f6y\u2019de 78, K\u00f6pr\u00fcl\u00fc\u2019de 10, \u00c7ay\u00f6n\u00fc\u2019nde 146 ve G\u00fcvercinlik\u2019te 213 ki\u015fi hak sahibi oldu.\u00a0<\/p>\n<p>T\u00fcrkmenk\u00f6y\u2019den ba\u015flayan ve s\u0131rayla K\u00f6pr\u00fcl\u00fc, \u00c7ay\u00f6n\u00fc ve G\u00fcvercinlik\u2019te d\u00fczenlenen t\u00f6renlere, Cumhurba\u015fkan\u0131 Ersin Tatar, Ba\u015fbakan \u00dcnal \u00dcstel, \u0130\u00e7i\u015fleri Bakan\u0131 Dursun O\u011fuz, Maliye Bakan\u0131 \u00d6zdemir Berova, \u00c7al\u0131\u015fma ve Sosyal G\u00fcvenlik Bakan\u0131 Sad\u0131k Gardiyano\u011flu, Tar\u0131m ve Do\u011fal Kaynaklar Bakan\u0131 H\u00fcseyin \u00c7avu\u015f, Sa\u011fl\u0131k Bakan\u0131 Hakan Din\u00e7y\u00fcrek, UBP Gazima\u011fusa Milletvekili, UBP Genel Sekreteri O\u011fuzhan Hasipo\u011flu, Beyarmudu Belediye Ba\u015fkan\u0131 B\u00fclent Bebek, b\u00f6lge muhtarlar\u0131, di\u011fer yetkililer ve vatanda\u015flar kat\u0131ld\u0131.\u00a0<\/p>\n<p><strong>-Bebek: \u201cB\u00f6lgemiz kalk\u0131nmaya devam edecek\u201d<\/strong><\/p>\n<p>Beyarmudu Belediye Ba\u015fkan\u0131 B\u00fclent Bebek, b\u00f6lgede y\u0131llard\u0131r beklenen k\u0131rsal kesim arsalar\u0131n\u0131n, bug\u00fcn Ba\u015fbakan\u2019\u0131n \u00f6nderli\u011finde, \u0130\u00e7i\u015fleri Bakan\u0131\u2019n\u0131n yo\u011fun \u00e7al\u0131\u015fmas\u0131yla Beyarmudu Belediyesi b\u00f6lgesindeki hak sahiplerine da\u011f\u0131t\u0131ld\u0131\u011f\u0131n\u0131 s\u00f6yledi.\u00a0<\/p>\n<p>H\u00fck\u00fcmetin her alanda belediyeye ve b\u00f6lgeye destek oldu\u011funu, iki y\u0131lda 14 proje hayata ge\u00e7irildi\u011fini, yat\u0131r\u0131mlar yap\u0131ld\u0131\u011f\u0131n\u0131 ifade eden Bebek, b\u00f6lgenin kalk\u0131nmaya devam edece\u011fini s\u00f6yledi ve b\u00f6lge halk\u0131 ad\u0131na te\u015fekk\u00fcr etti.\u00a0<\/p>\n<p>\u0130ncirli ve Beyarmudu\u2019nda da gerekli \u00e7al\u0131\u015fmalar\u0131n ard\u0131ndan hak sahiplerine da\u011f\u0131t\u0131mlar olaca\u011f\u0131n\u0131 ifade eden Bebek, hay\u0131rl\u0131 olmas\u0131 temennisinde bulundu.\u00a0<\/p>\n<p><strong>-O\u011fuz: \u201cK\u0131rsal kesim arsalar\u0131n\u0131 satmak su\u00e7tur\u201d<\/strong><\/p>\n<p>\u0130\u00e7i\u015fleri Bakan\u0131 Dursun O\u011fuz da, Ba\u015fbakan \u00dcstel\u2019in toplumsal sorunlar\u0131 \u00e7\u00f6zmek amac\u0131yla ortaya koydu\u011fu hedef do\u011frultusunda yo\u011fun \u015fekilde \u00e7al\u0131\u015ft\u0131klar\u0131n\u0131, bug\u00fcn de \u00f6nemli bir beklenti olan k\u00f6ylerdeki hak sahiplerine k\u0131rsal kesim arsalar\u0131n\u0131n verildi\u011fini kaydetti.\u00a0<\/p>\n<p>O\u011fuz, h\u00fck\u00fcmet olarak gen\u00e7lere, k\u00f6ylere \u00f6nem verdiklerini, bu \u00e7er\u00e7evede k\u00f6ylere, gen\u00e7lere yat\u0131r\u0131m yapt\u0131klar\u0131n\u0131, bug\u00fcn de hak sahiplerine k\u0131rsal kesim arsalar\u0131n\u0131 verdiklerini, altyap\u0131lar\u0131n\u0131 d\u00fczenlediklerini anlatt\u0131.\u00a0<\/p>\n<p>K\u0131rsal kesim arsalar\u0131n\u0131n sat\u0131lmamas\u0131, devredilmemesi i\u00e7in de gereken giri\u015fmeleri, d\u00fczenlemeleri yapt\u0131klar\u0131n\u0131 ifade eden O\u011fuz, bu tedbirleri ald\u0131klar\u0131n\u0131 ve gereken yapt\u0131r\u0131mlar\u0131 bu \u00e7er\u00e7evede yapacaklar\u0131n\u0131 s\u00f6yledi.\u00a0<\/p>\n<p>O\u011fuz, gece g\u00fcnd\u00fcz \u00e7al\u0131\u015farak, bug\u00fcne bu arsalar\u0131n adaletli bir \u015fekilde da\u011f\u0131t\u0131lmas\u0131n\u0131 sa\u011flad\u0131klar\u0131n\u0131 ifade ederek, da\u011f\u0131t\u0131m\u0131n yasalara g\u00f6re, adalete g\u00f6re yap\u0131ld\u0131\u011f\u0131n\u0131, e\u011fer yine de itiraz, \u015fikayet olursa bunlar\u0131 bakanl\u0131kta alacaklar\u0131n\u0131 ve de\u011ferlendireceklerini kaydetti.\u00a0<\/p>\n<p>Dursun O\u011fuz, ama\u00e7lar\u0131n\u0131n, kaynaklar\u0131 en verimli \u015fekilde kullanarak, halka kendi yerine yat\u0131r\u0131m yapmas\u0131n\u0131 sa\u011flamak oldu\u011funu s\u00f6yledi.\u00a0<\/p>\n<p>O\u011fuz, \u201cK\u0131rsal kesim arsalar\u0131n\u0131 satmak, devretmek su\u00e7tur, hapisli\u011fi vard\u0131r, alan da satan da su\u00e7ludur. Devlet bu konuda gereken ad\u0131mlar\u0131 atacak. O y\u00fczden kaynaklar\u0131m\u0131za, k\u00f6y\u00fcn\u00fcze sahip \u00e7\u0131k\u0131n\u201d diye konu\u015ftu.<\/p>\n<p><strong>-\u00dcstel: \u201cT\u00fcrkiye Cumhuriyeti ile birlikte KKTC\u2019yi geli\u015ftirmeye, halk\u0131n refah\u0131n\u0131 art\u0131rmaya devam edece\u011fiz\u201d<\/strong><\/p>\n<p>Ba\u015fbakan \u00dcnal \u00dcstel de, k\u00f6y gen\u00e7lerini ve k\u00f6y halk\u0131n\u0131 selamlayarak, h\u00fck\u00fcmet olarak g\u00f6reve ba\u015flad\u0131klar\u0131 ilk g\u00fcnden uzun vadeli hedefler koyduklar\u0131n\u0131 ve istikrar\u0131 sa\u011flamak i\u00e7in \u00e7al\u0131\u015fmalar yapt\u0131klar\u0131n\u0131 s\u00f6yledi.\u00a0<\/p>\n<p>\u00dclkede her alanda istikrar\u0131 sa\u011flad\u0131klar\u0131n\u0131, \u00e7ok konu\u015fmadan i\u015f yapt\u0131klar\u0131n\u0131 ifade eden \u00dcstel, T\u00fcrkiye Cumhuriyeti ile birlikte KKTC\u2019yi geli\u015ftirmeye, halk\u0131n refah\u0131n\u0131 art\u0131rmaya, halk i\u00e7in \u00e7al\u0131\u015fmaya devam edeceklerini kaydetti.\u00a0<\/p>\n<p>\u00dcstel, h\u00fck\u00fcmetin g\u00f6revdeki \u00fc\u00e7\u00fcnc\u00fc y\u0131l\u0131n\u0131 dolduraca\u011f\u0131n\u0131, bu \u00e7er\u00e7evede ileriki g\u00fcnlerde bir bas\u0131n toplant\u0131s\u0131 d\u00fczenleyece\u011fini ve yapt\u0131klar\u0131 i\u015fleri ge\u00e7mi\u015fle k\u0131yaslayarak, halk ile payla\u015facaklar\u0131n\u0131 dile getirdi.\u00a0<\/p>\n<p>\u201cDerdimiz gailemiz halk\u0131m\u0131zd\u0131r\u201d diyen \u00dcstel, halka ne s\u00f6z verdilerse yerine getireceklerini s\u00f6yledi.\u00a0<\/p>\n<p>Verdikleri s\u00f6zleri bir bir yerine getireceklerini, bu \u00e7er\u00e7evede bug\u00fcn k\u0131rsal kesim arsalar\u0131n\u0131 yasal d\u00fczenleme ve kaynak olu\u015fturmalar\u0131n\u0131n ard\u0131ndan da\u011f\u0131tma karar\u0131 ald\u0131klar\u0131n\u0131 i\u015faret eden \u00dcstel, ancak bu da\u011f\u0131t\u0131mlar\u0131 beklerken durmad\u0131klar\u0131n\u0131, \u201cilk evim\u201d kredisi sa\u011flad\u0131klar\u0131n\u0131 anlatt\u0131.\u00a0<\/p>\n<p>\u00dcstel, \u00fclkede b\u00fct\u00fcn gen\u00e7lerin ev sahibi olmas\u0131 i\u00e7in destek verdiklerini ve vermeye devam edeceklerini kaydetti.\u00a0<\/p>\n<p>\u00dcstel, yat\u0131r\u0131mlar ve kredi destekleri i\u00e7in gereken kayna\u011f\u0131n, yabanc\u0131lar\u0131n ald\u0131\u011f\u0131 mallardan al\u0131nan vergiler ile sa\u011fland\u0131\u011f\u0131n\u0131 ifade ederek, halk\u0131n refah\u0131n\u0131n artmas\u0131, ev sahibi olmas\u0131 i\u00e7in \u00e7al\u0131\u015fmaya, destek vermeye devam edeceklerini anlatt\u0131.\u00a0<\/p>\n<p>Sosyal konut konusunda da kararl\u0131 olduklar\u0131n\u0131, kayna\u011f\u0131 yaratt\u0131klar\u0131n\u0131, ilk temelleri att\u0131klar\u0131n\u0131 ifade eden \u00dcstel, en son 35 y\u0131l \u00f6nce yap\u0131lan sosyal konut projesini, kendi d\u00f6nemlerinde yeniden temel atarak hayata ge\u00e7irdiklerini anlatt\u0131, \u201cS\u0131ra Alayk\u00f6y, Karpaz, Mesarya ve Lefke\u2019de\u201d dedi.\u00a0<\/p>\n<p>Bug\u00fcn 4 k\u00f6ye k\u0131rsal kesim arsas\u0131 da\u011f\u0131t\u0131m\u0131 yap\u0131ld\u0131\u011f\u0131n\u0131, \u0130ncirli ile Beyarmudu b\u00f6lgesinde de yap\u0131laca\u011f\u0131 s\u00f6z\u00fc verdiklerini ifade eden \u00dcstel, gen\u00e7lere, ald\u0131klar\u0131 arsalara yat\u0131r\u0131m yapma, evini yapma \u00e7a\u011fr\u0131s\u0131 yapt\u0131 ve kredi deste\u011fi sa\u011flayacaklar\u0131n\u0131 s\u00f6yledi.\u00a0<\/p>\n<p>Tek ama\u00e7lar\u0131n\u0131n, t\u00fcm gen\u00e7lerin topra\u011f\u0131na k\u00f6y\u00fcne \u00fclkesine gelece\u011fine sahip \u00e7\u0131kmas\u0131na destek vermek oldu\u011funu s\u00f6yleyen \u00dcstel, gen\u00e7lere i\u015f kurma, ev sahibi olmas\u0131 i\u00e7in de deste\u011fe devam edeceklerini anlatt\u0131.\u00a0<\/p>\n<p>\u00dcstel, vatanda\u015flara sekt\u00f6r g\u00f6zetmeksizin sosyal sigorta prim deste\u011fi verdiklerini de belirtti, ayr\u0131ca kad\u0131nlara y\u00f6nelik de giri\u015fimcilik deste\u011fi verdiklerini kaydetti.\u00a0<\/p>\n<p>\u00dclkeye T\u00fcrkiye\u2019den getirilen suyun i\u00e7me ve tar\u0131m a\u00e7\u0131s\u0131ndan \u00f6nemine de vurgu yapan \u00dcstel, suyun Mesarya b\u00f6lgesine de 2027 y\u0131l\u0131nda gelece\u011fini, karayollar\u0131 altyap\u0131s\u0131n\u0131n geli\u015ftirilece\u011fini, her alanda yat\u0131r\u0131mlar yap\u0131laca\u011f\u0131n\u0131 ancak bunlar i\u00e7in istikrar gerekti\u011fini s\u00f6yledi.\u00a0<\/p>\n<p>\u00dcstel, bu b\u00f6lgede sa\u011fl\u0131k oca\u011f\u0131, altyap\u0131 geli\u015ftirilmesi gibi konularda da belediye ile yak\u0131n i\u015fbirli\u011fi i\u00e7inde olduklar\u0131n\u0131, ancak di\u011fer belediyelerde de rozete bak\u0131lmaks\u0131z\u0131n i\u015fbirli\u011fi yap\u0131ld\u0131\u011f\u0131n\u0131 s\u00f6yledi ve \u201cGailemiz halk\u0131m\u0131zd\u0131r, KKTC\u2019dir\u201d diye konu\u015ftu.\u00a0<\/p>\n<p>UBP olarak se\u00e7ime her zaman haz\u0131r olduklar\u0131n\u0131 da ifade eden \u00dcstel, UBP olarak Cumhurba\u015fkanl\u0131\u011f\u0131 se\u00e7imlerinde aday \u00e7\u0131karmayacaklar\u0131n\u0131 ve parti olarak oybirli\u011fi ile ald\u0131klar\u0131 karar do\u011frultusunda ba\u011f\u0131ms\u0131z aday Cumhurba\u015fkan\u0131 Ersin Tatar\u2019a tam destek vereceklerini s\u00f6yledi.<\/p>\n<p>\u00dcstel, \u201cBug\u00fcn biz size veriyoruz, biz de sizden isteyece\u011fiz\u201d ifadeleri ile de esprili bir \u015fekilde konu\u015fmas\u0131n\u0131 tamamlad\u0131.\u00a0<\/p>\n<p><strong>-Cumhurba\u015fkan\u0131 Tatar: \u201cGen\u00e7lerimiz b\u00f6lgesine yat\u0131r\u0131m yaps\u0131n, ailesini kursun, devletine sahip \u00e7\u0131ks\u0131n\u201d<\/strong><\/p>\n<p>Cumhurba\u015fkan\u0131 Ersin Tatar da, Ba\u015fbakan \u00dcstel\u2019e, h\u00fck\u00fcmete te\u015fekk\u00fcr ederek, T\u00fcrkiye Cumhuriyeti ile birlikte yak\u0131n i\u015fbirli\u011finde \u00e7al\u0131\u015farak, KKTC\u2019ye yap\u0131lan yat\u0131r\u0131mlardan dolay\u0131 kutlad\u0131.\u00a0<\/p>\n<p>KKTC\u2019nin her alanda geli\u015ftirildi\u011fini, halk\u0131na yat\u0131r\u0131mlar yap\u0131ld\u0131\u011f\u0131n\u0131, gen\u00e7lere y\u00f6nelik bir \u00e7ok a\u00e7\u0131l\u0131mlar yap\u0131ld\u0131\u011f\u0131n\u0131 ifade eden Tatar, gen\u00e7lere b\u00f6lgesine yat\u0131r\u0131m yapma ve ailesini kurma \u00e7a\u011fr\u0131s\u0131 yapt\u0131.\u00a0<\/p>\n<p>T\u00fcrkiye Cumhuriyeti\u2019nin tam deste\u011fiyle y\u00fcr\u00fct\u00fclen iki devletli siyasete UBP\u2019nin de tam deste\u011fini ald\u0131klar\u0131n\u0131 ifade eden Tatar, h\u00fck\u00fcmetin, T\u00fcrkiye ile yapt\u0131\u011f\u0131 tarihi mali i\u015fbirli\u011fi anla\u015fmas\u0131 ile de KKTC\u2019yi geli\u015ftirmeye devam etti\u011fini belirtti.\u00a0<\/p>\n<p>Tatar, h\u00fck\u00fcmete destek veren T\u00fcrkiye Cumhuriyeti\u2019ne de te\u015fekk\u00fcr etti. Tatar, \u00fclkeye yap\u0131lan yat\u0131r\u0131mlarla, kontroll\u00fc b\u00fcy\u00fcmeyle, \u00fclkeyi her alanda geli\u015ftirmek istediklerini ifade etti.\u00a0<\/p>\n<p>D\u00fcnyadaki \u00e7at\u0131\u015fmalara, s\u0131k\u0131nt\u0131lara ra\u011fmen KKTC\u2019nin geli\u015fmeye devam etti\u011fini ifade eden Tatar, birlik beraberlik i\u00e7inde gelece\u011fe bakarak, KKTC\u2019ye m\u00fch\u00fcr vurmaya, ta\u015f \u00fcst\u00fcne ta\u015f koymaya devam edeceklerini s\u00f6yledi.\u00a0<\/p>\n<p>KKTC\u2019nin de\u011ferine de\u011fer katmaya, her platformda yerini almas\u0131 i\u00e7in \u00e7al\u0131\u015fmaya devam edeceklerini belirten Tatar, se\u00e7imin, KKTC\u2019nin gelece\u011fi i\u00e7in, iki devletli siyaset ve KKTC i\u00e7in \u00e7ok \u00f6nemli oldu\u011funu vurgulad\u0131.\u00a0<\/p>\n<p>K\u0131br\u0131s\u2019ta diyalo\u011fu, i\u015fbirli\u011fini s\u00fcrd\u00fcrmeye devam edeceklerini, Cenevre\u2019de de bunu aktard\u0131klar\u0131n\u0131, KKTC\u2019yi geli\u015ftirmeye, ba\u011f\u0131ms\u0131z KKTC\u2019yi tan\u0131tmak amac\u0131yla \u00e7al\u0131\u015fmaya devam edece\u011fini ifade eden Tatar, K\u0131br\u0131s\u2019ta bar\u0131\u015f\u0131, g\u00fcvenli\u011fi s\u00fcrd\u00fcrmeye devam edeceklerini kaydetti.\u00a0<\/p>\n<p>Tatar, K\u0131br\u0131s T\u00fcrk halk\u0131n\u0131n zaman kayb\u0131na tahamm\u00fcl\u00fc olmad\u0131\u011f\u0131n\u0131, T\u00fcrkiye ile ili\u015fkilere \u00f6nem verdiklerini i\u015faret etti.\u00a0<\/p>\n<p>T\u00fcrkiye Cumhuriyeti\u2019nin tam deste\u011fiyle yeni siyaseti devam ettirmenin g\u00f6revleri oldu\u011funu belirten Tatar, KKTC\u2019ye sahip \u00e7\u0131kmaya devam edeceklerini s\u00f6yledi.\u00a0<\/p>\n<\/p><\/div>\n<p><script async\n                    defer\n                    crossorigin=\"anonymous\"\n                    src=\"https:\/\/connect.facebook.net\/tr_TR\/sdk.js#xfbml=1&#038;version=v3.3\"\n            ><\/script><\/p>\n","protected":false},"excerpt":{"rendered":"<p>\u0130\u00e7i\u015fleri Bakanl\u0131\u011f\u0131 taraf\u0131ndan, T\u00fcrkmenk\u00f6y, K\u00f6pr\u00fc, \u00c7ay\u00f6n\u00fc ve G\u00fcvercinlik\u2019teki k\u0131rsal kesim arsalar\u0131 hak sahipleri a\u00e7\u0131kland\u0131. K\u0131rsal kesim arsas\u0131 i\u00e7in hak sahibi olarak belirlenen toplam 447 ki\u015finin ad\u0131, k\u00f6ylerde d\u00fczenlenen t\u00f6renlerde okundu. Buna g\u00f6re, T\u00fcrkmenk\u00f6y\u2019de 78, K\u00f6pr\u00fcl\u00fc\u2019de 10, \u00c7ay\u00f6n\u00fc\u2019nde 146 ve G\u00fcvercinlik\u2019te 213 ki\u015fi hak sahibi oldu.\u00a0 T\u00fcrkmenk\u00f6y\u2019den ba\u015flayan ve s\u0131rayla K\u00f6pr\u00fcl\u00fc, \u00c7ay\u00f6n\u00fc ve G\u00fcvercinlik\u2019te d\u00fczenlenen t\u00f6renlere,<\/p>\n","protected":false},"author":1,"featured_media":79514,"comment_status":"open","ping_status":"open","sticky":false,"template":"","format":"standard","meta":{"footnotes":""},"categories":[81,101],"tags":[],"class_list":["post-79513","post","type-post","status-publish","format-standard","has-post-thumbnail","hentry","category-kibris","category-manset"],"yoast_head":"<!-- This site is optimized with the Yoast SEO plugin v27.4 - https:\/\/yoast.com\/product\/yoast-seo-wordpress\/ -->\n<title>T\u00fcrkmenk\u00f6y, K\u00f6pr\u00fcl\u00fc, \u00c7ay\u00f6n\u00fc ve G\u00fcvercinlik\u2019te, k\u0131rsal kesim arsalar\u0131 hak sahipleri a\u00e7\u0131kland\u0131 -<\/title>\n<meta name=\"robots\" content=\"index, follow, max-snippet:-1, max-image-preview:large, max-video-preview:-1\" \/>\n<link rel=\"canonical\" href=\"https:\/\/kibrisdakik.com\/?p=79513\" \/>\n<meta property=\"og:locale\" content=\"tr_TR\" \/>\n<meta property=\"og:type\" content=\"article\" \/>\n<meta property=\"og:title\" content=\"T\u00fcrkmenk\u00f6y, K\u00f6pr\u00fcl\u00fc, \u00c7ay\u00f6n\u00fc ve G\u00fcvercinlik\u2019te, k\u0131rsal kesim arsalar\u0131 hak sahipleri a\u00e7\u0131kland\u0131 -\" \/>\n<meta property=\"og:description\" content=\"\u0130\u00e7i\u015fleri Bakanl\u0131\u011f\u0131 taraf\u0131ndan, T\u00fcrkmenk\u00f6y, K\u00f6pr\u00fc, \u00c7ay\u00f6n\u00fc ve G\u00fcvercinlik\u2019teki k\u0131rsal kesim arsalar\u0131 hak sahipleri a\u00e7\u0131kland\u0131. K\u0131rsal kesim arsas\u0131 i\u00e7in hak sahibi olarak belirlenen toplam 447 ki\u015finin ad\u0131, k\u00f6ylerde d\u00fczenlenen t\u00f6renlerde okundu. Buna g\u00f6re, T\u00fcrkmenk\u00f6y\u2019de 78, K\u00f6pr\u00fcl\u00fc\u2019de 10, \u00c7ay\u00f6n\u00fc\u2019nde 146 ve G\u00fcvercinlik\u2019te 213 ki\u015fi hak sahibi oldu.\u00a0 T\u00fcrkmenk\u00f6y\u2019den ba\u015flayan ve s\u0131rayla K\u00f6pr\u00fcl\u00fc, \u00c7ay\u00f6n\u00fc ve G\u00fcvercinlik\u2019te d\u00fczenlenen t\u00f6renlere,\" \/>\n<meta property=\"og:url\" content=\"https:\/\/kibrisdakik.com\/?p=79513\" \/>\n<meta property=\"article:published_time\" content=\"2025-04-05T14:10:28+00:00\" \/>\n<meta property=\"og:image\" content=\"https:\/\/kibrisdakik.com\/wp-content\/uploads\/2025\/04\/1743857302199a09bb408-f0e3-4da7-9a20-eb2646e90c02-740x420.jpeg\" \/>\n\t<meta property=\"og:image:width\" content=\"928\" \/>\n\t<meta property=\"og:image:height\" content=\"528\" \/>\n\t<meta property=\"og:image:type\" content=\"image\/jpeg\" \/>\n<meta name=\"author\" content=\"admin\" \/>\n<meta name=\"twitter:card\" content=\"summary_large_image\" \/>\n<meta name=\"twitter:label1\" content=\"Yazan:\" \/>\n\t<meta name=\"twitter:data1\" content=\"admin\" \/>\n\t<meta name=\"twitter:label2\" content=\"Tahmini okuma s\u00fcresi\" \/>\n\t<meta name=\"twitter:data2\" content=\"8 dakika\" \/>\n<script type=\"application\/ld+json\" class=\"yoast-schema-graph\">{\"@context\":\"https:\\\/\\\/schema.org\",\"@graph\":[{\"@type\":\"Article\",\"@id\":\"https:\\\/\\\/kibrisdakik.com\\\/?p=79513#article\",\"isPartOf\":{\"@id\":\"https:\\\/\\\/kibrisdakik.com\\\/?p=79513\"},\"author\":{\"name\":\"admin\",\"@id\":\"https:\\\/\\\/kibrisdakik.com\\\/#\\\/schema\\\/person\\\/9cd9d437bbb44f72b73ba127e06d8e79\"},\"headline\":\"T\u00fcrkmenk\u00f6y, K\u00f6pr\u00fcl\u00fc, \u00c7ay\u00f6n\u00fc ve G\u00fcvercinlik\u2019te, k\u0131rsal kesim arsalar\u0131 hak sahipleri a\u00e7\u0131kland\u0131\",\"datePublished\":\"2025-04-05T14:10:28+00:00\",\"mainEntityOfPage\":{\"@id\":\"https:\\\/\\\/kibrisdakik.com\\\/?p=79513\"},\"wordCount\":1586,\"commentCount\":0,\"image\":{\"@id\":\"https:\\\/\\\/kibrisdakik.com\\\/?p=79513#primaryimage\"},\"thumbnailUrl\":\"https:\\\/\\\/kibrisdakik.com\\\/wp-content\\\/uploads\\\/2025\\\/04\\\/1743857302199a09bb408-f0e3-4da7-9a20-eb2646e90c02-740x420.jpeg\",\"articleSection\":[\"K\u0131br\u0131s\",\"Man\u015fet\"],\"inLanguage\":\"tr\",\"potentialAction\":[{\"@type\":\"CommentAction\",\"name\":\"Comment\",\"target\":[\"https:\\\/\\\/kibrisdakik.com\\\/?p=79513#respond\"]}]},{\"@type\":\"WebPage\",\"@id\":\"https:\\\/\\\/kibrisdakik.com\\\/?p=79513\",\"url\":\"https:\\\/\\\/kibrisdakik.com\\\/?p=79513\",\"name\":\"T\u00fcrkmenk\u00f6y, K\u00f6pr\u00fcl\u00fc, \u00c7ay\u00f6n\u00fc ve G\u00fcvercinlik\u2019te, k\u0131rsal kesim arsalar\u0131 hak sahipleri a\u00e7\u0131kland\u0131 -\",\"isPartOf\":{\"@id\":\"https:\\\/\\\/kibrisdakik.com\\\/#website\"},\"primaryImageOfPage\":{\"@id\":\"https:\\\/\\\/kibrisdakik.com\\\/?p=79513#primaryimage\"},\"image\":{\"@id\":\"https:\\\/\\\/kibrisdakik.com\\\/?p=79513#primaryimage\"},\"thumbnailUrl\":\"https:\\\/\\\/kibrisdakik.com\\\/wp-content\\\/uploads\\\/2025\\\/04\\\/1743857302199a09bb408-f0e3-4da7-9a20-eb2646e90c02-740x420.jpeg\",\"datePublished\":\"2025-04-05T14:10:28+00:00\",\"author\":{\"@id\":\"https:\\\/\\\/kibrisdakik.com\\\/#\\\/schema\\\/person\\\/9cd9d437bbb44f72b73ba127e06d8e79\"},\"breadcrumb\":{\"@id\":\"https:\\\/\\\/kibrisdakik.com\\\/?p=79513#breadcrumb\"},\"inLanguage\":\"tr\",\"potentialAction\":[{\"@type\":\"ReadAction\",\"target\":[\"https:\\\/\\\/kibrisdakik.com\\\/?p=79513\"]}]},{\"@type\":\"ImageObject\",\"inLanguage\":\"tr\",\"@id\":\"https:\\\/\\\/kibrisdakik.com\\\/?p=79513#primaryimage\",\"url\":\"https:\\\/\\\/kibrisdakik.com\\\/wp-content\\\/uploads\\\/2025\\\/04\\\/1743857302199a09bb408-f0e3-4da7-9a20-eb2646e90c02-740x420.jpeg\",\"contentUrl\":\"https:\\\/\\\/kibrisdakik.com\\\/wp-content\\\/uploads\\\/2025\\\/04\\\/1743857302199a09bb408-f0e3-4da7-9a20-eb2646e90c02-740x420.jpeg\",\"width\":928,\"height\":528},{\"@type\":\"BreadcrumbList\",\"@id\":\"https:\\\/\\\/kibrisdakik.com\\\/?p=79513#breadcrumb\",\"itemListElement\":[{\"@type\":\"ListItem\",\"position\":1,\"name\":\"Home\",\"item\":\"https:\\\/\\\/kibrisdakik.com\\\/\"},{\"@type\":\"ListItem\",\"position\":2,\"name\":\"T\u00fcrkmenk\u00f6y, K\u00f6pr\u00fcl\u00fc, \u00c7ay\u00f6n\u00fc ve G\u00fcvercinlik\u2019te, k\u0131rsal kesim arsalar\u0131 hak sahipleri a\u00e7\u0131kland\u0131\"}]},{\"@type\":\"WebSite\",\"@id\":\"https:\\\/\\\/kibrisdakik.com\\\/#website\",\"url\":\"https:\\\/\\\/kibrisdakik.com\\\/\",\"name\":\"\",\"description\":\"Tam vaktinde haber\",\"potentialAction\":[{\"@type\":\"SearchAction\",\"target\":{\"@type\":\"EntryPoint\",\"urlTemplate\":\"https:\\\/\\\/kibrisdakik.com\\\/?s={search_term_string}\"},\"query-input\":{\"@type\":\"PropertyValueSpecification\",\"valueRequired\":true,\"valueName\":\"search_term_string\"}}],\"inLanguage\":\"tr\"},{\"@type\":\"Person\",\"@id\":\"https:\\\/\\\/kibrisdakik.com\\\/#\\\/schema\\\/person\\\/9cd9d437bbb44f72b73ba127e06d8e79\",\"name\":\"admin\",\"image\":{\"@type\":\"ImageObject\",\"inLanguage\":\"tr\",\"@id\":\"https:\\\/\\\/secure.gravatar.com\\\/avatar\\\/ccc17943b9d660506c869530f897617f7cb1c21a4bf30023f252596d83e1f007?s=96&d=mm&r=g\",\"url\":\"https:\\\/\\\/secure.gravatar.com\\\/avatar\\\/ccc17943b9d660506c869530f897617f7cb1c21a4bf30023f252596d83e1f007?s=96&d=mm&r=g\",\"contentUrl\":\"https:\\\/\\\/secure.gravatar.com\\\/avatar\\\/ccc17943b9d660506c869530f897617f7cb1c21a4bf30023f252596d83e1f007?s=96&d=mm&r=g\",\"caption\":\"admin\"},\"sameAs\":[\"https:\\\/\\\/kibrisdakik.com\"],\"url\":\"https:\\\/\\\/kibrisdakik.com\\\/?author=1\"}]}<\/script>\n<!-- \/ Yoast SEO plugin. -->","yoast_head_json":{"title":"T\u00fcrkmenk\u00f6y, K\u00f6pr\u00fcl\u00fc, \u00c7ay\u00f6n\u00fc ve G\u00fcvercinlik\u2019te, k\u0131rsal kesim arsalar\u0131 hak sahipleri a\u00e7\u0131kland\u0131 -","robots":{"index":"index","follow":"follow","max-snippet":"max-snippet:-1","max-image-preview":"max-image-preview:large","max-video-preview":"max-video-preview:-1"},"canonical":"https:\/\/kibrisdakik.com\/?p=79513","og_locale":"tr_TR","og_type":"article","og_title":"T\u00fcrkmenk\u00f6y, K\u00f6pr\u00fcl\u00fc, \u00c7ay\u00f6n\u00fc ve G\u00fcvercinlik\u2019te, k\u0131rsal kesim arsalar\u0131 hak sahipleri a\u00e7\u0131kland\u0131 -","og_description":"\u0130\u00e7i\u015fleri Bakanl\u0131\u011f\u0131 taraf\u0131ndan, T\u00fcrkmenk\u00f6y, K\u00f6pr\u00fc, \u00c7ay\u00f6n\u00fc ve G\u00fcvercinlik\u2019teki k\u0131rsal kesim arsalar\u0131 hak sahipleri a\u00e7\u0131kland\u0131. K\u0131rsal kesim arsas\u0131 i\u00e7in hak sahibi olarak belirlenen toplam 447 ki\u015finin ad\u0131, k\u00f6ylerde d\u00fczenlenen t\u00f6renlerde okundu. Buna g\u00f6re, T\u00fcrkmenk\u00f6y\u2019de 78, K\u00f6pr\u00fcl\u00fc\u2019de 10, \u00c7ay\u00f6n\u00fc\u2019nde 146 ve G\u00fcvercinlik\u2019te 213 ki\u015fi hak sahibi oldu.\u00a0 T\u00fcrkmenk\u00f6y\u2019den ba\u015flayan ve s\u0131rayla K\u00f6pr\u00fcl\u00fc, \u00c7ay\u00f6n\u00fc ve G\u00fcvercinlik\u2019te d\u00fczenlenen t\u00f6renlere,","og_url":"https:\/\/kibrisdakik.com\/?p=79513","article_published_time":"2025-04-05T14:10:28+00:00","og_image":[{"width":928,"height":528,"url":"https:\/\/kibrisdakik.com\/wp-content\/uploads\/2025\/04\/1743857302199a09bb408-f0e3-4da7-9a20-eb2646e90c02-740x420.jpeg","type":"image\/jpeg"}],"author":"admin","twitter_card":"summary_large_image","twitter_misc":{"Yazan:":"admin","Tahmini okuma s\u00fcresi":"8 dakika"},"schema":{"@context":"https:\/\/schema.org","@graph":[{"@type":"Article","@id":"https:\/\/kibrisdakik.com\/?p=79513#article","isPartOf":{"@id":"https:\/\/kibrisdakik.com\/?p=79513"},"author":{"name":"admin","@id":"https:\/\/kibrisdakik.com\/#\/schema\/person\/9cd9d437bbb44f72b73ba127e06d8e79"},"headline":"T\u00fcrkmenk\u00f6y, K\u00f6pr\u00fcl\u00fc, \u00c7ay\u00f6n\u00fc ve G\u00fcvercinlik\u2019te, k\u0131rsal kesim arsalar\u0131 hak sahipleri a\u00e7\u0131kland\u0131","datePublished":"2025-04-05T14:10:28+00:00","mainEntityOfPage":{"@id":"https:\/\/kibrisdakik.com\/?p=79513"},"wordCount":1586,"commentCount":0,"image":{"@id":"https:\/\/kibrisdakik.com\/?p=79513#primaryimage"},"thumbnailUrl":"https:\/\/kibrisdakik.com\/wp-content\/uploads\/2025\/04\/1743857302199a09bb408-f0e3-4da7-9a20-eb2646e90c02-740x420.jpeg","articleSection":["K\u0131br\u0131s","Man\u015fet"],"inLanguage":"tr","potentialAction":[{"@type":"CommentAction","name":"Comment","target":["https:\/\/kibrisdakik.com\/?p=79513#respond"]}]},{"@type":"WebPage","@id":"https:\/\/kibrisdakik.com\/?p=79513","url":"https:\/\/kibrisdakik.com\/?p=79513","name":"T\u00fcrkmenk\u00f6y, K\u00f6pr\u00fcl\u00fc, \u00c7ay\u00f6n\u00fc ve G\u00fcvercinlik\u2019te, k\u0131rsal kesim arsalar\u0131 hak sahipleri a\u00e7\u0131kland\u0131 -","isPartOf":{"@id":"https:\/\/kibrisdakik.com\/#website"},"primaryImageOfPage":{"@id":"https:\/\/kibrisdakik.com\/?p=79513#primaryimage"},"image":{"@id":"https:\/\/kibrisdakik.com\/?p=79513#primaryimage"},"thumbnailUrl":"https:\/\/kibrisdakik.com\/wp-content\/uploads\/2025\/04\/1743857302199a09bb408-f0e3-4da7-9a20-eb2646e90c02-740x420.jpeg","datePublished":"2025-04-05T14:10:28+00:00","author":{"@id":"https:\/\/kibrisdakik.com\/#\/schema\/person\/9cd9d437bbb44f72b73ba127e06d8e79"},"breadcrumb":{"@id":"https:\/\/kibrisdakik.com\/?p=79513#breadcrumb"},"inLanguage":"tr","potentialAction":[{"@type":"ReadAction","target":["https:\/\/kibrisdakik.com\/?p=79513"]}]},{"@type":"ImageObject","inLanguage":"tr","@id":"https:\/\/kibrisdakik.com\/?p=79513#primaryimage","url":"https:\/\/kibrisdakik.com\/wp-content\/uploads\/2025\/04\/1743857302199a09bb408-f0e3-4da7-9a20-eb2646e90c02-740x420.jpeg","contentUrl":"https:\/\/kibrisdakik.com\/wp-content\/uploads\/2025\/04\/1743857302199a09bb408-f0e3-4da7-9a20-eb2646e90c02-740x420.jpeg","width":928,"height":528},{"@type":"BreadcrumbList","@id":"https:\/\/kibrisdakik.com\/?p=79513#breadcrumb","itemListElement":[{"@type":"ListItem","position":1,"name":"Home","item":"https:\/\/kibrisdakik.com\/"},{"@type":"ListItem","position":2,"name":"T\u00fcrkmenk\u00f6y, K\u00f6pr\u00fcl\u00fc, \u00c7ay\u00f6n\u00fc ve G\u00fcvercinlik\u2019te, k\u0131rsal kesim arsalar\u0131 hak sahipleri a\u00e7\u0131kland\u0131"}]},{"@type":"WebSite","@id":"https:\/\/kibrisdakik.com\/#website","url":"https:\/\/kibrisdakik.com\/","name":"","description":"Tam vaktinde haber","potentialAction":[{"@type":"SearchAction","target":{"@type":"EntryPoint","urlTemplate":"https:\/\/kibrisdakik.com\/?s={search_term_string}"},"query-input":{"@type":"PropertyValueSpecification","valueRequired":true,"valueName":"search_term_string"}}],"inLanguage":"tr"},{"@type":"Person","@id":"https:\/\/kibrisdakik.com\/#\/schema\/person\/9cd9d437bbb44f72b73ba127e06d8e79","name":"admin","image":{"@type":"ImageObject","inLanguage":"tr","@id":"https:\/\/secure.gravatar.com\/avatar\/ccc17943b9d660506c869530f897617f7cb1c21a4bf30023f252596d83e1f007?s=96&d=mm&r=g","url":"https:\/\/secure.gravatar.com\/avatar\/ccc17943b9d660506c869530f897617f7cb1c21a4bf30023f252596d83e1f007?s=96&d=mm&r=g","contentUrl":"https:\/\/secure.gravatar.com\/avatar\/ccc17943b9d660506c869530f897617f7cb1c21a4bf30023f252596d83e1f007?s=96&d=mm&r=g","caption":"admin"},"sameAs":["https:\/\/kibrisdakik.com"],"url":"https:\/\/kibrisdakik.com\/?author=1"}]}},"_links":{"self":[{"href":"https:\/\/kibrisdakik.com\/index.php?rest_route=\/wp\/v2\/posts\/79513","targetHints":{"allow":["GET"]}}],"collection":[{"href":"https:\/\/kibrisdakik.com\/index.php?rest_route=\/wp\/v2\/posts"}],"about":[{"href":"https:\/\/kibrisdakik.com\/index.php?rest_route=\/wp\/v2\/types\/post"}],"author":[{"embeddable":true,"href":"https:\/\/kibrisdakik.com\/index.php?rest_route=\/wp\/v2\/users\/1"}],"replies":[{"embeddable":true,"href":"https:\/\/kibrisdakik.com\/index.php?rest_route=%2Fwp%2Fv2%2Fcomments&post=79513"}],"version-history":[{"count":0,"href":"https:\/\/kibrisdakik.com\/index.php?rest_route=\/wp\/v2\/posts\/79513\/revisions"}],"wp:featuredmedia":[{"embeddable":true,"href":"https:\/\/kibrisdakik.com\/index.php?rest_route=\/wp\/v2\/media\/79514"}],"wp:attachment":[{"href":"https:\/\/kibrisdakik.com\/index.php?rest_route=%2Fwp%2Fv2%2Fmedia&parent=79513"}],"wp:term":[{"taxonomy":"category","embeddable":true,"href":"https:\/\/kibrisdakik.com\/index.php?rest_route=%2Fwp%2Fv2%2Fcategories&post=79513"},{"taxonomy":"post_tag","embeddable":true,"href":"https:\/\/kibrisdakik.com\/index.php?rest_route=%2Fwp%2Fv2%2Ftags&post=79513"}],"curies":[{"name":"wp","href":"https:\/\/api.w.org\/{rel}","templated":true}]}}