{"id":79557,"date":"2025-04-06T15:27:27","date_gmt":"2025-04-06T12:27:27","guid":{"rendered":"https:\/\/kibrisdakik.com\/index.php\/2025\/04\/06\/ctpliler-75-kisilik-parti-meclisini-belirlemek-uzere-oy-kullaniyor\/"},"modified":"2025-04-06T15:27:27","modified_gmt":"2025-04-06T12:27:27","slug":"ctpliler-75-kisilik-parti-meclisini-belirlemek-uzere-oy-kullaniyor","status":"publish","type":"post","link":"https:\/\/kibrisdakik.com\/?p=79557","title":{"rendered":"CTP\u2019liler 75 ki\u015filik Parti Meclisi\u2019ni belirlemek \u00fczere oy kullan\u0131yor"},"content":{"rendered":"<div>\n<div class=\"mariselle-image-container center\">\n                                            <\/div>\n<p>Cumhuriyet\u00e7i T\u00fcrk Partisi\u2019nin (CTP) 29\u2019uncu Ola\u011fan Kurultay\u0131\u2019nda Parti Meclisi\u2019nin 75 \u00fcyesini belirlemek \u00fczere oy verme i\u015flemi saat 14.00 s\u0131ralar\u0131nda ba\u015flad\u0131. Parti Meclisi \u00fcyeli\u011fi i\u00e7in 128 aday yar\u0131\u015f\u0131yor. <\/p>\n<p>Divana kay\u0131t olan \u00fcyeler \u015fifrelerini alarak oylar\u0131n\u0131 elektronik ortamda kendileri i\u00e7in haz\u0131rlanan biri engelliler i\u00e7in olmak \u00fczere 26 kabinde kullanacak.  Oy verme i\u015flemlerinin saat 20.00 s\u0131ralar\u0131nda tamamlanmas\u0131 ve sonu\u00e7lar\u0131n k\u0131sa s\u00fcrede a\u00e7\u0131klanmas\u0131 bekleniyor.<\/p>\n<p>Se\u00e7imin tamamlanmas\u0131n\u0131n ard\u0131ndan yap\u0131lacak ilk Parti Meclisi toplant\u0131s\u0131nda 10 Merkez Y\u00f6netim Kurulu \u00fcyesi ve Genel Sekreter<br \/>belirlenecek.<\/p>\n<p><strong>-Disiplin Kurulu <\/strong><\/p>\n<p>\u00d6te yandan kurultayda Y\u00fcksek Disiplin Kurulu \u00fcyeleri de oy birli\u011fiyle belirlendi. 5 ki\u015filik disiplin kurulu i\u00e7in a\u00e7\u0131klanan 5 aday Ezer \u00d6zsoy, Fatma Ekeno\u011flu, \u0130lker I\u015f\u0131nsu, Halil Onba\u015f\u0131 ve Sibel Sorak\u0131n, \u00fcyeli\u011fe se\u00e7ildi.<\/p>\n<p>Faaliyet ve mali raporlar\u0131n sunuldu\u011fu kurultayda mali rapor oy birli\u011fiyle kabul edildi.<\/p>\n<p>CTP\u2019nin 29\u2019uncu kurultay\u0131na 2\u2019nci Cumhurba\u015fkan\u0131 Mehmet Ali Talat, CTP\u2019nin eski genel ba\u015fkanlar\u0131, ba\u015fbakanlar Ferdi Sabit Soyer, \u00d6zker Yorganc\u0131o\u011flu, \u00d6mer Kalyoncu, milletvekilleri, belediye ba\u015fkanlar\u0131, DP Genel Ba\u015fkan\u0131 Ba\u015fbakan Yard\u0131mc\u0131s\u0131, Turizm, K\u00fclt\u00fcr, Gen\u00e7lik ve \u00c7evre Bakan\u0131 Fikri Atao\u011flu, baz\u0131 siyasi partilerden ba\u015fkan ve temsilciler, sivil toplumdan yetkililer ve temsilcilerle G\u00fcney K\u0131br\u0131s\u2019tan AKEL Genel Sekreteri Stefanos Stefanu ve Volt K\u0131br\u0131s Genel Sekreteri Hulusi Kilim de kat\u0131ld\u0131.<\/p>\n<\/p><\/div>\n<p><script async\n                    defer\n                    crossorigin=\"anonymous\"\n                    src=\"https:\/\/connect.facebook.net\/tr_TR\/sdk.js#xfbml=1&#038;version=v3.3\"\n            ><\/script><\/p>\n","protected":false},"excerpt":{"rendered":"<p>Cumhuriyet\u00e7i T\u00fcrk Partisi\u2019nin (CTP) 29\u2019uncu Ola\u011fan Kurultay\u0131\u2019nda Parti Meclisi\u2019nin 75 \u00fcyesini belirlemek \u00fczere oy verme i\u015flemi saat 14.00 s\u0131ralar\u0131nda ba\u015flad\u0131. Parti Meclisi \u00fcyeli\u011fi i\u00e7in 128 aday yar\u0131\u015f\u0131yor. Divana kay\u0131t olan \u00fcyeler \u015fifrelerini alarak oylar\u0131n\u0131 elektronik ortamda kendileri i\u00e7in haz\u0131rlanan biri engelliler i\u00e7in olmak \u00fczere 26 kabinde kullanacak. Oy verme i\u015flemlerinin saat 20.00 s\u0131ralar\u0131nda tamamlanmas\u0131 ve<\/p>\n","protected":false},"author":1,"featured_media":79558,"comment_status":"open","ping_status":"open","sticky":false,"template":"","format":"standard","meta":{"footnotes":""},"categories":[81,101],"tags":[],"class_list":["post-79557","post","type-post","status-publish","format-standard","has-post-thumbnail","hentry","category-kibris","category-manset"],"yoast_head":"<!-- This site is optimized with the Yoast SEO plugin v27.5 - https:\/\/yoast.com\/product\/yoast-seo-wordpress\/ -->\n<title>CTP\u2019liler 75 ki\u015filik Parti Meclisi\u2019ni belirlemek \u00fczere oy kullan\u0131yor -<\/title>\n<meta name=\"robots\" content=\"index, follow, max-snippet:-1, max-image-preview:large, max-video-preview:-1\" \/>\n<link rel=\"canonical\" href=\"https:\/\/kibrisdakik.com\/?p=79557\" \/>\n<meta property=\"og:locale\" content=\"tr_TR\" \/>\n<meta property=\"og:type\" content=\"article\" \/>\n<meta property=\"og:title\" content=\"CTP\u2019liler 75 ki\u015filik Parti Meclisi\u2019ni belirlemek \u00fczere oy kullan\u0131yor -\" \/>\n<meta property=\"og:description\" content=\"Cumhuriyet\u00e7i T\u00fcrk Partisi\u2019nin (CTP) 29\u2019uncu Ola\u011fan Kurultay\u0131\u2019nda Parti Meclisi\u2019nin 75 \u00fcyesini belirlemek \u00fczere oy verme i\u015flemi saat 14.00 s\u0131ralar\u0131nda ba\u015flad\u0131. Parti Meclisi \u00fcyeli\u011fi i\u00e7in 128 aday yar\u0131\u015f\u0131yor. Divana kay\u0131t olan \u00fcyeler \u015fifrelerini alarak oylar\u0131n\u0131 elektronik ortamda kendileri i\u00e7in haz\u0131rlanan biri engelliler i\u00e7in olmak \u00fczere 26 kabinde kullanacak. Oy verme i\u015flemlerinin saat 20.00 s\u0131ralar\u0131nda tamamlanmas\u0131 ve\" \/>\n<meta property=\"og:url\" content=\"https:\/\/kibrisdakik.com\/?p=79557\" \/>\n<meta property=\"article:published_time\" content=\"2025-04-06T12:27:27+00:00\" \/>\n<meta property=\"og:image\" content=\"https:\/\/kibrisdakik.com\/wp-content\/uploads\/2025\/04\/1743937901485CTP-29-KURULTAYI-OY-VERME-BASLADI-TIM-4-740x420.jpeg\" \/>\n\t<meta property=\"og:image:width\" content=\"1620\" \/>\n\t<meta property=\"og:image:height\" content=\"1080\" \/>\n\t<meta property=\"og:image:type\" content=\"image\/jpeg\" \/>\n<meta name=\"author\" content=\"admin\" \/>\n<meta name=\"twitter:card\" content=\"summary_large_image\" \/>\n<meta name=\"twitter:label1\" content=\"Yazan:\" \/>\n\t<meta name=\"twitter:data1\" content=\"admin\" \/>\n\t<meta name=\"twitter:label2\" content=\"Tahmini okuma s\u00fcresi\" \/>\n\t<meta name=\"twitter:data2\" content=\"1 dakika\" \/>\n<script type=\"application\/ld+json\" class=\"yoast-schema-graph\">{\"@context\":\"https:\\\/\\\/schema.org\",\"@graph\":[{\"@type\":\"Article\",\"@id\":\"https:\\\/\\\/kibrisdakik.com\\\/?p=79557#article\",\"isPartOf\":{\"@id\":\"https:\\\/\\\/kibrisdakik.com\\\/?p=79557\"},\"author\":{\"name\":\"admin\",\"@id\":\"https:\\\/\\\/kibrisdakik.com\\\/#\\\/schema\\\/person\\\/9cd9d437bbb44f72b73ba127e06d8e79\"},\"headline\":\"CTP\u2019liler 75 ki\u015filik Parti Meclisi\u2019ni belirlemek \u00fczere oy kullan\u0131yor\",\"datePublished\":\"2025-04-06T12:27:27+00:00\",\"mainEntityOfPage\":{\"@id\":\"https:\\\/\\\/kibrisdakik.com\\\/?p=79557\"},\"wordCount\":261,\"commentCount\":0,\"image\":{\"@id\":\"https:\\\/\\\/kibrisdakik.com\\\/?p=79557#primaryimage\"},\"thumbnailUrl\":\"https:\\\/\\\/kibrisdakik.com\\\/wp-content\\\/uploads\\\/2025\\\/04\\\/1743937901485CTP-29-KURULTAYI-OY-VERME-BASLADI-TIM-4-740x420.jpeg\",\"articleSection\":[\"K\u0131br\u0131s\",\"Man\u015fet\"],\"inLanguage\":\"tr\",\"potentialAction\":[{\"@type\":\"CommentAction\",\"name\":\"Comment\",\"target\":[\"https:\\\/\\\/kibrisdakik.com\\\/?p=79557#respond\"]}]},{\"@type\":\"WebPage\",\"@id\":\"https:\\\/\\\/kibrisdakik.com\\\/?p=79557\",\"url\":\"https:\\\/\\\/kibrisdakik.com\\\/?p=79557\",\"name\":\"CTP\u2019liler 75 ki\u015filik Parti Meclisi\u2019ni belirlemek \u00fczere oy kullan\u0131yor -\",\"isPartOf\":{\"@id\":\"https:\\\/\\\/kibrisdakik.com\\\/#website\"},\"primaryImageOfPage\":{\"@id\":\"https:\\\/\\\/kibrisdakik.com\\\/?p=79557#primaryimage\"},\"image\":{\"@id\":\"https:\\\/\\\/kibrisdakik.com\\\/?p=79557#primaryimage\"},\"thumbnailUrl\":\"https:\\\/\\\/kibrisdakik.com\\\/wp-content\\\/uploads\\\/2025\\\/04\\\/1743937901485CTP-29-KURULTAYI-OY-VERME-BASLADI-TIM-4-740x420.jpeg\",\"datePublished\":\"2025-04-06T12:27:27+00:00\",\"author\":{\"@id\":\"https:\\\/\\\/kibrisdakik.com\\\/#\\\/schema\\\/person\\\/9cd9d437bbb44f72b73ba127e06d8e79\"},\"breadcrumb\":{\"@id\":\"https:\\\/\\\/kibrisdakik.com\\\/?p=79557#breadcrumb\"},\"inLanguage\":\"tr\",\"potentialAction\":[{\"@type\":\"ReadAction\",\"target\":[\"https:\\\/\\\/kibrisdakik.com\\\/?p=79557\"]}]},{\"@type\":\"ImageObject\",\"inLanguage\":\"tr\",\"@id\":\"https:\\\/\\\/kibrisdakik.com\\\/?p=79557#primaryimage\",\"url\":\"https:\\\/\\\/kibrisdakik.com\\\/wp-content\\\/uploads\\\/2025\\\/04\\\/1743937901485CTP-29-KURULTAYI-OY-VERME-BASLADI-TIM-4-740x420.jpeg\",\"contentUrl\":\"https:\\\/\\\/kibrisdakik.com\\\/wp-content\\\/uploads\\\/2025\\\/04\\\/1743937901485CTP-29-KURULTAYI-OY-VERME-BASLADI-TIM-4-740x420.jpeg\",\"width\":1620,\"height\":1080},{\"@type\":\"BreadcrumbList\",\"@id\":\"https:\\\/\\\/kibrisdakik.com\\\/?p=79557#breadcrumb\",\"itemListElement\":[{\"@type\":\"ListItem\",\"position\":1,\"name\":\"Home\",\"item\":\"https:\\\/\\\/kibrisdakik.com\\\/\"},{\"@type\":\"ListItem\",\"position\":2,\"name\":\"CTP\u2019liler 75 ki\u015filik Parti Meclisi\u2019ni belirlemek \u00fczere oy kullan\u0131yor\"}]},{\"@type\":\"WebSite\",\"@id\":\"https:\\\/\\\/kibrisdakik.com\\\/#website\",\"url\":\"https:\\\/\\\/kibrisdakik.com\\\/\",\"name\":\"\",\"description\":\"Tam vaktinde haber\",\"potentialAction\":[{\"@type\":\"SearchAction\",\"target\":{\"@type\":\"EntryPoint\",\"urlTemplate\":\"https:\\\/\\\/kibrisdakik.com\\\/?s={search_term_string}\"},\"query-input\":{\"@type\":\"PropertyValueSpecification\",\"valueRequired\":true,\"valueName\":\"search_term_string\"}}],\"inLanguage\":\"tr\"},{\"@type\":\"Person\",\"@id\":\"https:\\\/\\\/kibrisdakik.com\\\/#\\\/schema\\\/person\\\/9cd9d437bbb44f72b73ba127e06d8e79\",\"name\":\"admin\",\"image\":{\"@type\":\"ImageObject\",\"inLanguage\":\"tr\",\"@id\":\"https:\\\/\\\/secure.gravatar.com\\\/avatar\\\/ccc17943b9d660506c869530f897617f7cb1c21a4bf30023f252596d83e1f007?s=96&d=mm&r=g\",\"url\":\"https:\\\/\\\/secure.gravatar.com\\\/avatar\\\/ccc17943b9d660506c869530f897617f7cb1c21a4bf30023f252596d83e1f007?s=96&d=mm&r=g\",\"contentUrl\":\"https:\\\/\\\/secure.gravatar.com\\\/avatar\\\/ccc17943b9d660506c869530f897617f7cb1c21a4bf30023f252596d83e1f007?s=96&d=mm&r=g\",\"caption\":\"admin\"},\"sameAs\":[\"https:\\\/\\\/kibrisdakik.com\"],\"url\":\"https:\\\/\\\/kibrisdakik.com\\\/?author=1\"}]}<\/script>\n<!-- \/ Yoast SEO plugin. -->","yoast_head_json":{"title":"CTP\u2019liler 75 ki\u015filik Parti Meclisi\u2019ni belirlemek \u00fczere oy kullan\u0131yor -","robots":{"index":"index","follow":"follow","max-snippet":"max-snippet:-1","max-image-preview":"max-image-preview:large","max-video-preview":"max-video-preview:-1"},"canonical":"https:\/\/kibrisdakik.com\/?p=79557","og_locale":"tr_TR","og_type":"article","og_title":"CTP\u2019liler 75 ki\u015filik Parti Meclisi\u2019ni belirlemek \u00fczere oy kullan\u0131yor -","og_description":"Cumhuriyet\u00e7i T\u00fcrk Partisi\u2019nin (CTP) 29\u2019uncu Ola\u011fan Kurultay\u0131\u2019nda Parti Meclisi\u2019nin 75 \u00fcyesini belirlemek \u00fczere oy verme i\u015flemi saat 14.00 s\u0131ralar\u0131nda ba\u015flad\u0131. Parti Meclisi \u00fcyeli\u011fi i\u00e7in 128 aday yar\u0131\u015f\u0131yor. Divana kay\u0131t olan \u00fcyeler \u015fifrelerini alarak oylar\u0131n\u0131 elektronik ortamda kendileri i\u00e7in haz\u0131rlanan biri engelliler i\u00e7in olmak \u00fczere 26 kabinde kullanacak. Oy verme i\u015flemlerinin saat 20.00 s\u0131ralar\u0131nda tamamlanmas\u0131 ve","og_url":"https:\/\/kibrisdakik.com\/?p=79557","article_published_time":"2025-04-06T12:27:27+00:00","og_image":[{"width":1620,"height":1080,"url":"https:\/\/kibrisdakik.com\/wp-content\/uploads\/2025\/04\/1743937901485CTP-29-KURULTAYI-OY-VERME-BASLADI-TIM-4-740x420.jpeg","type":"image\/jpeg"}],"author":"admin","twitter_card":"summary_large_image","twitter_misc":{"Yazan:":"admin","Tahmini okuma s\u00fcresi":"1 dakika"},"schema":{"@context":"https:\/\/schema.org","@graph":[{"@type":"Article","@id":"https:\/\/kibrisdakik.com\/?p=79557#article","isPartOf":{"@id":"https:\/\/kibrisdakik.com\/?p=79557"},"author":{"name":"admin","@id":"https:\/\/kibrisdakik.com\/#\/schema\/person\/9cd9d437bbb44f72b73ba127e06d8e79"},"headline":"CTP\u2019liler 75 ki\u015filik Parti Meclisi\u2019ni belirlemek \u00fczere oy kullan\u0131yor","datePublished":"2025-04-06T12:27:27+00:00","mainEntityOfPage":{"@id":"https:\/\/kibrisdakik.com\/?p=79557"},"wordCount":261,"commentCount":0,"image":{"@id":"https:\/\/kibrisdakik.com\/?p=79557#primaryimage"},"thumbnailUrl":"https:\/\/kibrisdakik.com\/wp-content\/uploads\/2025\/04\/1743937901485CTP-29-KURULTAYI-OY-VERME-BASLADI-TIM-4-740x420.jpeg","articleSection":["K\u0131br\u0131s","Man\u015fet"],"inLanguage":"tr","potentialAction":[{"@type":"CommentAction","name":"Comment","target":["https:\/\/kibrisdakik.com\/?p=79557#respond"]}]},{"@type":"WebPage","@id":"https:\/\/kibrisdakik.com\/?p=79557","url":"https:\/\/kibrisdakik.com\/?p=79557","name":"CTP\u2019liler 75 ki\u015filik Parti Meclisi\u2019ni belirlemek \u00fczere oy kullan\u0131yor -","isPartOf":{"@id":"https:\/\/kibrisdakik.com\/#website"},"primaryImageOfPage":{"@id":"https:\/\/kibrisdakik.com\/?p=79557#primaryimage"},"image":{"@id":"https:\/\/kibrisdakik.com\/?p=79557#primaryimage"},"thumbnailUrl":"https:\/\/kibrisdakik.com\/wp-content\/uploads\/2025\/04\/1743937901485CTP-29-KURULTAYI-OY-VERME-BASLADI-TIM-4-740x420.jpeg","datePublished":"2025-04-06T12:27:27+00:00","author":{"@id":"https:\/\/kibrisdakik.com\/#\/schema\/person\/9cd9d437bbb44f72b73ba127e06d8e79"},"breadcrumb":{"@id":"https:\/\/kibrisdakik.com\/?p=79557#breadcrumb"},"inLanguage":"tr","potentialAction":[{"@type":"ReadAction","target":["https:\/\/kibrisdakik.com\/?p=79557"]}]},{"@type":"ImageObject","inLanguage":"tr","@id":"https:\/\/kibrisdakik.com\/?p=79557#primaryimage","url":"https:\/\/kibrisdakik.com\/wp-content\/uploads\/2025\/04\/1743937901485CTP-29-KURULTAYI-OY-VERME-BASLADI-TIM-4-740x420.jpeg","contentUrl":"https:\/\/kibrisdakik.com\/wp-content\/uploads\/2025\/04\/1743937901485CTP-29-KURULTAYI-OY-VERME-BASLADI-TIM-4-740x420.jpeg","width":1620,"height":1080},{"@type":"BreadcrumbList","@id":"https:\/\/kibrisdakik.com\/?p=79557#breadcrumb","itemListElement":[{"@type":"ListItem","position":1,"name":"Home","item":"https:\/\/kibrisdakik.com\/"},{"@type":"ListItem","position":2,"name":"CTP\u2019liler 75 ki\u015filik Parti Meclisi\u2019ni belirlemek \u00fczere oy kullan\u0131yor"}]},{"@type":"WebSite","@id":"https:\/\/kibrisdakik.com\/#website","url":"https:\/\/kibrisdakik.com\/","name":"","description":"Tam vaktinde haber","potentialAction":[{"@type":"SearchAction","target":{"@type":"EntryPoint","urlTemplate":"https:\/\/kibrisdakik.com\/?s={search_term_string}"},"query-input":{"@type":"PropertyValueSpecification","valueRequired":true,"valueName":"search_term_string"}}],"inLanguage":"tr"},{"@type":"Person","@id":"https:\/\/kibrisdakik.com\/#\/schema\/person\/9cd9d437bbb44f72b73ba127e06d8e79","name":"admin","image":{"@type":"ImageObject","inLanguage":"tr","@id":"https:\/\/secure.gravatar.com\/avatar\/ccc17943b9d660506c869530f897617f7cb1c21a4bf30023f252596d83e1f007?s=96&d=mm&r=g","url":"https:\/\/secure.gravatar.com\/avatar\/ccc17943b9d660506c869530f897617f7cb1c21a4bf30023f252596d83e1f007?s=96&d=mm&r=g","contentUrl":"https:\/\/secure.gravatar.com\/avatar\/ccc17943b9d660506c869530f897617f7cb1c21a4bf30023f252596d83e1f007?s=96&d=mm&r=g","caption":"admin"},"sameAs":["https:\/\/kibrisdakik.com"],"url":"https:\/\/kibrisdakik.com\/?author=1"}]}},"_links":{"self":[{"href":"https:\/\/kibrisdakik.com\/index.php?rest_route=\/wp\/v2\/posts\/79557","targetHints":{"allow":["GET"]}}],"collection":[{"href":"https:\/\/kibrisdakik.com\/index.php?rest_route=\/wp\/v2\/posts"}],"about":[{"href":"https:\/\/kibrisdakik.com\/index.php?rest_route=\/wp\/v2\/types\/post"}],"author":[{"embeddable":true,"href":"https:\/\/kibrisdakik.com\/index.php?rest_route=\/wp\/v2\/users\/1"}],"replies":[{"embeddable":true,"href":"https:\/\/kibrisdakik.com\/index.php?rest_route=%2Fwp%2Fv2%2Fcomments&post=79557"}],"version-history":[{"count":0,"href":"https:\/\/kibrisdakik.com\/index.php?rest_route=\/wp\/v2\/posts\/79557\/revisions"}],"wp:featuredmedia":[{"embeddable":true,"href":"https:\/\/kibrisdakik.com\/index.php?rest_route=\/wp\/v2\/media\/79558"}],"wp:attachment":[{"href":"https:\/\/kibrisdakik.com\/index.php?rest_route=%2Fwp%2Fv2%2Fmedia&parent=79557"}],"wp:term":[{"taxonomy":"category","embeddable":true,"href":"https:\/\/kibrisdakik.com\/index.php?rest_route=%2Fwp%2Fv2%2Fcategories&post=79557"},{"taxonomy":"post_tag","embeddable":true,"href":"https:\/\/kibrisdakik.com\/index.php?rest_route=%2Fwp%2Fv2%2Ftags&post=79557"}],"curies":[{"name":"wp","href":"https:\/\/api.w.org\/{rel}","templated":true}]}}