{"id":79561,"date":"2025-04-06T15:36:35","date_gmt":"2025-04-06T12:36:35","guid":{"rendered":"https:\/\/kibrisdakik.com\/index.php\/2025\/04\/06\/cumhuriyet-meclisi-heyeti-ozbekistanin-baskenti-taskentte-duzenlenen-150-pab-toplantisina-katildi\/"},"modified":"2025-04-06T15:36:35","modified_gmt":"2025-04-06T12:36:35","slug":"cumhuriyet-meclisi-heyeti-ozbekistanin-baskenti-taskentte-duzenlenen-150-pab-toplantisina-katildi","status":"publish","type":"post","link":"https:\/\/kibrisdakik.com\/?p=79561","title":{"rendered":"Cumhuriyet Meclisi heyeti \u00d6zbekistan\u2019\u0131n ba\u015fkenti Ta\u015fkent\u2019te d\u00fczenlenen 150. PAB toplant\u0131s\u0131na kat\u0131ld\u0131"},"content":{"rendered":"<div>\n<div class=\"mariselle-image-container center\">\n                                            <\/div>\n<p>Cumhuriyet Meclisi Hukuk, Siyasi \u0130\u015fler, D\u0131\u015fili\u015fkiler ve Savunma Komitesi Ba\u015fkan\u0131 ve Ulusal Birlik Partisi Milletvekili Yasemi \u00d6zt\u00fcrk ba\u015fkanl\u0131\u011f\u0131nda, Cumhuriyet\u00e7i T\u00fcrk Partisi Milletvekili Salahi \u015eahiner ve Yeniden Do\u011fu\u015f Partisi Milletvekili Talip Atalay\u2019dan olu\u015fan Meclis heyeti, 150. Parlamentolar Aras\u0131 Birlik (PAB) Genel Kurulu marj\u0131nda, \u00d6zbekistan\u2019\u0131n ba\u015fkenti Ta\u015fkent\u2019te d\u00fczenlenen K\u0131br\u0131s Kolayla\u015ft\u0131r\u0131c\u0131lar Grubu toplant\u0131s\u0131na kat\u0131ld\u0131.<\/p>\n<p>\u0130svi\u00e7reli diplomat Wehrli ve yard\u0131mc\u0131lar\u0131n\u0131n moderat\u00f6rl\u00fc\u011f\u00fcnde, K\u0131br\u0131sl\u0131 T\u00fcrk ve K\u0131br\u0131sl\u0131 Rum siyasi parti temsilcilerinin kat\u0131l\u0131m\u0131yla ger\u00e7ekle\u015fen toplant\u0131da, Adadaki iki taraf aras\u0131nda diyalog ve i\u015fbirli\u011fini te\u015fvik ederek,  yak\u0131nla\u015fma sa\u011flanabilmesi hususunda kar\u015f\u0131l\u0131kl\u0131 g\u00f6r\u00fc\u015f al\u0131\u015fveri\u015finde bulunuldu.<\/p>\n<p>Cumhuriyet Meclisi heyetine, Meclis Bas\u0131n, D\u0131\u015f \u0130li\u015fkiler ve Protokol M\u00fcd\u00fcr\u00fc Milhan Lakadamyal\u0131 e\u015flik etti.<\/p>\n<p>Heyet, temaslar\u0131n\u0131 tamamlamas\u0131n\u0131n ard\u0131ndan bu ak\u015fam yurda d\u00f6necek.<\/p>\n<\/p><\/div>\n<p><script async\n                    defer\n                    crossorigin=\"anonymous\"\n                    src=\"https:\/\/connect.facebook.net\/tr_TR\/sdk.js#xfbml=1&#038;version=v3.3\"\n            ><\/script><\/p>\n","protected":false},"excerpt":{"rendered":"<p>Cumhuriyet Meclisi Hukuk, Siyasi \u0130\u015fler, D\u0131\u015fili\u015fkiler ve Savunma Komitesi Ba\u015fkan\u0131 ve Ulusal Birlik Partisi Milletvekili Yasemi \u00d6zt\u00fcrk ba\u015fkanl\u0131\u011f\u0131nda, Cumhuriyet\u00e7i T\u00fcrk Partisi Milletvekili Salahi \u015eahiner ve Yeniden Do\u011fu\u015f Partisi Milletvekili Talip Atalay\u2019dan olu\u015fan Meclis heyeti, 150. Parlamentolar Aras\u0131 Birlik (PAB) Genel Kurulu marj\u0131nda, \u00d6zbekistan\u2019\u0131n ba\u015fkenti Ta\u015fkent\u2019te d\u00fczenlenen K\u0131br\u0131s Kolayla\u015ft\u0131r\u0131c\u0131lar Grubu toplant\u0131s\u0131na kat\u0131ld\u0131. \u0130svi\u00e7reli diplomat Wehrli ve<\/p>\n","protected":false},"author":1,"featured_media":79562,"comment_status":"open","ping_status":"open","sticky":false,"template":"","format":"standard","meta":{"footnotes":""},"categories":[81,101],"tags":[],"class_list":["post-79561","post","type-post","status-publish","format-standard","has-post-thumbnail","hentry","category-kibris","category-manset"],"yoast_head":"<!-- This site is optimized with the Yoast SEO plugin v27.5 - https:\/\/yoast.com\/product\/yoast-seo-wordpress\/ -->\n<title>Cumhuriyet Meclisi heyeti \u00d6zbekistan\u2019\u0131n ba\u015fkenti Ta\u015fkent\u2019te d\u00fczenlenen 150. PAB toplant\u0131s\u0131na kat\u0131ld\u0131 -<\/title>\n<meta name=\"robots\" content=\"index, follow, max-snippet:-1, max-image-preview:large, max-video-preview:-1\" \/>\n<link rel=\"canonical\" href=\"https:\/\/kibrisdakik.com\/?p=79561\" \/>\n<meta property=\"og:locale\" content=\"tr_TR\" \/>\n<meta property=\"og:type\" content=\"article\" \/>\n<meta property=\"og:title\" content=\"Cumhuriyet Meclisi heyeti \u00d6zbekistan\u2019\u0131n ba\u015fkenti Ta\u015fkent\u2019te d\u00fczenlenen 150. PAB toplant\u0131s\u0131na kat\u0131ld\u0131 -\" \/>\n<meta property=\"og:description\" content=\"Cumhuriyet Meclisi Hukuk, Siyasi \u0130\u015fler, D\u0131\u015fili\u015fkiler ve Savunma Komitesi Ba\u015fkan\u0131 ve Ulusal Birlik Partisi Milletvekili Yasemi \u00d6zt\u00fcrk ba\u015fkanl\u0131\u011f\u0131nda, Cumhuriyet\u00e7i T\u00fcrk Partisi Milletvekili Salahi \u015eahiner ve Yeniden Do\u011fu\u015f Partisi Milletvekili Talip Atalay\u2019dan olu\u015fan Meclis heyeti, 150. Parlamentolar Aras\u0131 Birlik (PAB) Genel Kurulu marj\u0131nda, \u00d6zbekistan\u2019\u0131n ba\u015fkenti Ta\u015fkent\u2019te d\u00fczenlenen K\u0131br\u0131s Kolayla\u015ft\u0131r\u0131c\u0131lar Grubu toplant\u0131s\u0131na kat\u0131ld\u0131. \u0130svi\u00e7reli diplomat Wehrli ve\" \/>\n<meta property=\"og:url\" content=\"https:\/\/kibrisdakik.com\/?p=79561\" \/>\n<meta property=\"article:published_time\" content=\"2025-04-06T12:36:35+00:00\" \/>\n<meta property=\"og:image\" content=\"https:\/\/kibrisdakik.com\/wp-content\/uploads\/2025\/04\/20394820-740x357.jpg\" \/>\n\t<meta property=\"og:image:width\" content=\"1013\" \/>\n\t<meta property=\"og:image:height\" content=\"357\" \/>\n\t<meta property=\"og:image:type\" content=\"image\/jpeg\" \/>\n<meta name=\"author\" content=\"admin\" \/>\n<meta name=\"twitter:card\" content=\"summary_large_image\" \/>\n<meta name=\"twitter:label1\" content=\"Yazan:\" \/>\n\t<meta name=\"twitter:data1\" content=\"admin\" \/>\n\t<meta name=\"twitter:label2\" content=\"Tahmini okuma s\u00fcresi\" \/>\n\t<meta name=\"twitter:data2\" content=\"1 dakika\" \/>\n<script type=\"application\/ld+json\" class=\"yoast-schema-graph\">{\"@context\":\"https:\\\/\\\/schema.org\",\"@graph\":[{\"@type\":\"Article\",\"@id\":\"https:\\\/\\\/kibrisdakik.com\\\/?p=79561#article\",\"isPartOf\":{\"@id\":\"https:\\\/\\\/kibrisdakik.com\\\/?p=79561\"},\"author\":{\"name\":\"admin\",\"@id\":\"https:\\\/\\\/kibrisdakik.com\\\/#\\\/schema\\\/person\\\/9cd9d437bbb44f72b73ba127e06d8e79\"},\"headline\":\"Cumhuriyet Meclisi heyeti \u00d6zbekistan\u2019\u0131n ba\u015fkenti Ta\u015fkent\u2019te d\u00fczenlenen 150. PAB toplant\u0131s\u0131na kat\u0131ld\u0131\",\"datePublished\":\"2025-04-06T12:36:35+00:00\",\"mainEntityOfPage\":{\"@id\":\"https:\\\/\\\/kibrisdakik.com\\\/?p=79561\"},\"wordCount\":190,\"commentCount\":0,\"image\":{\"@id\":\"https:\\\/\\\/kibrisdakik.com\\\/?p=79561#primaryimage\"},\"thumbnailUrl\":\"https:\\\/\\\/kibrisdakik.com\\\/wp-content\\\/uploads\\\/2025\\\/04\\\/20394820-740x357.jpg\",\"articleSection\":[\"K\u0131br\u0131s\",\"Man\u015fet\"],\"inLanguage\":\"tr\",\"potentialAction\":[{\"@type\":\"CommentAction\",\"name\":\"Comment\",\"target\":[\"https:\\\/\\\/kibrisdakik.com\\\/?p=79561#respond\"]}]},{\"@type\":\"WebPage\",\"@id\":\"https:\\\/\\\/kibrisdakik.com\\\/?p=79561\",\"url\":\"https:\\\/\\\/kibrisdakik.com\\\/?p=79561\",\"name\":\"Cumhuriyet Meclisi heyeti \u00d6zbekistan\u2019\u0131n ba\u015fkenti Ta\u015fkent\u2019te d\u00fczenlenen 150. PAB toplant\u0131s\u0131na kat\u0131ld\u0131 -\",\"isPartOf\":{\"@id\":\"https:\\\/\\\/kibrisdakik.com\\\/#website\"},\"primaryImageOfPage\":{\"@id\":\"https:\\\/\\\/kibrisdakik.com\\\/?p=79561#primaryimage\"},\"image\":{\"@id\":\"https:\\\/\\\/kibrisdakik.com\\\/?p=79561#primaryimage\"},\"thumbnailUrl\":\"https:\\\/\\\/kibrisdakik.com\\\/wp-content\\\/uploads\\\/2025\\\/04\\\/20394820-740x357.jpg\",\"datePublished\":\"2025-04-06T12:36:35+00:00\",\"author\":{\"@id\":\"https:\\\/\\\/kibrisdakik.com\\\/#\\\/schema\\\/person\\\/9cd9d437bbb44f72b73ba127e06d8e79\"},\"breadcrumb\":{\"@id\":\"https:\\\/\\\/kibrisdakik.com\\\/?p=79561#breadcrumb\"},\"inLanguage\":\"tr\",\"potentialAction\":[{\"@type\":\"ReadAction\",\"target\":[\"https:\\\/\\\/kibrisdakik.com\\\/?p=79561\"]}]},{\"@type\":\"ImageObject\",\"inLanguage\":\"tr\",\"@id\":\"https:\\\/\\\/kibrisdakik.com\\\/?p=79561#primaryimage\",\"url\":\"https:\\\/\\\/kibrisdakik.com\\\/wp-content\\\/uploads\\\/2025\\\/04\\\/20394820-740x357.jpg\",\"contentUrl\":\"https:\\\/\\\/kibrisdakik.com\\\/wp-content\\\/uploads\\\/2025\\\/04\\\/20394820-740x357.jpg\",\"width\":1013,\"height\":357},{\"@type\":\"BreadcrumbList\",\"@id\":\"https:\\\/\\\/kibrisdakik.com\\\/?p=79561#breadcrumb\",\"itemListElement\":[{\"@type\":\"ListItem\",\"position\":1,\"name\":\"Home\",\"item\":\"https:\\\/\\\/kibrisdakik.com\\\/\"},{\"@type\":\"ListItem\",\"position\":2,\"name\":\"Cumhuriyet Meclisi heyeti \u00d6zbekistan\u2019\u0131n ba\u015fkenti Ta\u015fkent\u2019te d\u00fczenlenen 150. PAB toplant\u0131s\u0131na kat\u0131ld\u0131\"}]},{\"@type\":\"WebSite\",\"@id\":\"https:\\\/\\\/kibrisdakik.com\\\/#website\",\"url\":\"https:\\\/\\\/kibrisdakik.com\\\/\",\"name\":\"\",\"description\":\"Tam vaktinde haber\",\"potentialAction\":[{\"@type\":\"SearchAction\",\"target\":{\"@type\":\"EntryPoint\",\"urlTemplate\":\"https:\\\/\\\/kibrisdakik.com\\\/?s={search_term_string}\"},\"query-input\":{\"@type\":\"PropertyValueSpecification\",\"valueRequired\":true,\"valueName\":\"search_term_string\"}}],\"inLanguage\":\"tr\"},{\"@type\":\"Person\",\"@id\":\"https:\\\/\\\/kibrisdakik.com\\\/#\\\/schema\\\/person\\\/9cd9d437bbb44f72b73ba127e06d8e79\",\"name\":\"admin\",\"image\":{\"@type\":\"ImageObject\",\"inLanguage\":\"tr\",\"@id\":\"https:\\\/\\\/secure.gravatar.com\\\/avatar\\\/ccc17943b9d660506c869530f897617f7cb1c21a4bf30023f252596d83e1f007?s=96&d=mm&r=g\",\"url\":\"https:\\\/\\\/secure.gravatar.com\\\/avatar\\\/ccc17943b9d660506c869530f897617f7cb1c21a4bf30023f252596d83e1f007?s=96&d=mm&r=g\",\"contentUrl\":\"https:\\\/\\\/secure.gravatar.com\\\/avatar\\\/ccc17943b9d660506c869530f897617f7cb1c21a4bf30023f252596d83e1f007?s=96&d=mm&r=g\",\"caption\":\"admin\"},\"sameAs\":[\"https:\\\/\\\/kibrisdakik.com\"],\"url\":\"https:\\\/\\\/kibrisdakik.com\\\/?author=1\"}]}<\/script>\n<!-- \/ Yoast SEO plugin. -->","yoast_head_json":{"title":"Cumhuriyet Meclisi heyeti \u00d6zbekistan\u2019\u0131n ba\u015fkenti Ta\u015fkent\u2019te d\u00fczenlenen 150. PAB toplant\u0131s\u0131na kat\u0131ld\u0131 -","robots":{"index":"index","follow":"follow","max-snippet":"max-snippet:-1","max-image-preview":"max-image-preview:large","max-video-preview":"max-video-preview:-1"},"canonical":"https:\/\/kibrisdakik.com\/?p=79561","og_locale":"tr_TR","og_type":"article","og_title":"Cumhuriyet Meclisi heyeti \u00d6zbekistan\u2019\u0131n ba\u015fkenti Ta\u015fkent\u2019te d\u00fczenlenen 150. PAB toplant\u0131s\u0131na kat\u0131ld\u0131 -","og_description":"Cumhuriyet Meclisi Hukuk, Siyasi \u0130\u015fler, D\u0131\u015fili\u015fkiler ve Savunma Komitesi Ba\u015fkan\u0131 ve Ulusal Birlik Partisi Milletvekili Yasemi \u00d6zt\u00fcrk ba\u015fkanl\u0131\u011f\u0131nda, Cumhuriyet\u00e7i T\u00fcrk Partisi Milletvekili Salahi \u015eahiner ve Yeniden Do\u011fu\u015f Partisi Milletvekili Talip Atalay\u2019dan olu\u015fan Meclis heyeti, 150. Parlamentolar Aras\u0131 Birlik (PAB) Genel Kurulu marj\u0131nda, \u00d6zbekistan\u2019\u0131n ba\u015fkenti Ta\u015fkent\u2019te d\u00fczenlenen K\u0131br\u0131s Kolayla\u015ft\u0131r\u0131c\u0131lar Grubu toplant\u0131s\u0131na kat\u0131ld\u0131. \u0130svi\u00e7reli diplomat Wehrli ve","og_url":"https:\/\/kibrisdakik.com\/?p=79561","article_published_time":"2025-04-06T12:36:35+00:00","og_image":[{"width":1013,"height":357,"url":"https:\/\/kibrisdakik.com\/wp-content\/uploads\/2025\/04\/20394820-740x357.jpg","type":"image\/jpeg"}],"author":"admin","twitter_card":"summary_large_image","twitter_misc":{"Yazan:":"admin","Tahmini okuma s\u00fcresi":"1 dakika"},"schema":{"@context":"https:\/\/schema.org","@graph":[{"@type":"Article","@id":"https:\/\/kibrisdakik.com\/?p=79561#article","isPartOf":{"@id":"https:\/\/kibrisdakik.com\/?p=79561"},"author":{"name":"admin","@id":"https:\/\/kibrisdakik.com\/#\/schema\/person\/9cd9d437bbb44f72b73ba127e06d8e79"},"headline":"Cumhuriyet Meclisi heyeti \u00d6zbekistan\u2019\u0131n ba\u015fkenti Ta\u015fkent\u2019te d\u00fczenlenen 150. PAB toplant\u0131s\u0131na kat\u0131ld\u0131","datePublished":"2025-04-06T12:36:35+00:00","mainEntityOfPage":{"@id":"https:\/\/kibrisdakik.com\/?p=79561"},"wordCount":190,"commentCount":0,"image":{"@id":"https:\/\/kibrisdakik.com\/?p=79561#primaryimage"},"thumbnailUrl":"https:\/\/kibrisdakik.com\/wp-content\/uploads\/2025\/04\/20394820-740x357.jpg","articleSection":["K\u0131br\u0131s","Man\u015fet"],"inLanguage":"tr","potentialAction":[{"@type":"CommentAction","name":"Comment","target":["https:\/\/kibrisdakik.com\/?p=79561#respond"]}]},{"@type":"WebPage","@id":"https:\/\/kibrisdakik.com\/?p=79561","url":"https:\/\/kibrisdakik.com\/?p=79561","name":"Cumhuriyet Meclisi heyeti \u00d6zbekistan\u2019\u0131n ba\u015fkenti Ta\u015fkent\u2019te d\u00fczenlenen 150. PAB toplant\u0131s\u0131na kat\u0131ld\u0131 -","isPartOf":{"@id":"https:\/\/kibrisdakik.com\/#website"},"primaryImageOfPage":{"@id":"https:\/\/kibrisdakik.com\/?p=79561#primaryimage"},"image":{"@id":"https:\/\/kibrisdakik.com\/?p=79561#primaryimage"},"thumbnailUrl":"https:\/\/kibrisdakik.com\/wp-content\/uploads\/2025\/04\/20394820-740x357.jpg","datePublished":"2025-04-06T12:36:35+00:00","author":{"@id":"https:\/\/kibrisdakik.com\/#\/schema\/person\/9cd9d437bbb44f72b73ba127e06d8e79"},"breadcrumb":{"@id":"https:\/\/kibrisdakik.com\/?p=79561#breadcrumb"},"inLanguage":"tr","potentialAction":[{"@type":"ReadAction","target":["https:\/\/kibrisdakik.com\/?p=79561"]}]},{"@type":"ImageObject","inLanguage":"tr","@id":"https:\/\/kibrisdakik.com\/?p=79561#primaryimage","url":"https:\/\/kibrisdakik.com\/wp-content\/uploads\/2025\/04\/20394820-740x357.jpg","contentUrl":"https:\/\/kibrisdakik.com\/wp-content\/uploads\/2025\/04\/20394820-740x357.jpg","width":1013,"height":357},{"@type":"BreadcrumbList","@id":"https:\/\/kibrisdakik.com\/?p=79561#breadcrumb","itemListElement":[{"@type":"ListItem","position":1,"name":"Home","item":"https:\/\/kibrisdakik.com\/"},{"@type":"ListItem","position":2,"name":"Cumhuriyet Meclisi heyeti \u00d6zbekistan\u2019\u0131n ba\u015fkenti Ta\u015fkent\u2019te d\u00fczenlenen 150. PAB toplant\u0131s\u0131na kat\u0131ld\u0131"}]},{"@type":"WebSite","@id":"https:\/\/kibrisdakik.com\/#website","url":"https:\/\/kibrisdakik.com\/","name":"","description":"Tam vaktinde haber","potentialAction":[{"@type":"SearchAction","target":{"@type":"EntryPoint","urlTemplate":"https:\/\/kibrisdakik.com\/?s={search_term_string}"},"query-input":{"@type":"PropertyValueSpecification","valueRequired":true,"valueName":"search_term_string"}}],"inLanguage":"tr"},{"@type":"Person","@id":"https:\/\/kibrisdakik.com\/#\/schema\/person\/9cd9d437bbb44f72b73ba127e06d8e79","name":"admin","image":{"@type":"ImageObject","inLanguage":"tr","@id":"https:\/\/secure.gravatar.com\/avatar\/ccc17943b9d660506c869530f897617f7cb1c21a4bf30023f252596d83e1f007?s=96&d=mm&r=g","url":"https:\/\/secure.gravatar.com\/avatar\/ccc17943b9d660506c869530f897617f7cb1c21a4bf30023f252596d83e1f007?s=96&d=mm&r=g","contentUrl":"https:\/\/secure.gravatar.com\/avatar\/ccc17943b9d660506c869530f897617f7cb1c21a4bf30023f252596d83e1f007?s=96&d=mm&r=g","caption":"admin"},"sameAs":["https:\/\/kibrisdakik.com"],"url":"https:\/\/kibrisdakik.com\/?author=1"}]}},"_links":{"self":[{"href":"https:\/\/kibrisdakik.com\/index.php?rest_route=\/wp\/v2\/posts\/79561","targetHints":{"allow":["GET"]}}],"collection":[{"href":"https:\/\/kibrisdakik.com\/index.php?rest_route=\/wp\/v2\/posts"}],"about":[{"href":"https:\/\/kibrisdakik.com\/index.php?rest_route=\/wp\/v2\/types\/post"}],"author":[{"embeddable":true,"href":"https:\/\/kibrisdakik.com\/index.php?rest_route=\/wp\/v2\/users\/1"}],"replies":[{"embeddable":true,"href":"https:\/\/kibrisdakik.com\/index.php?rest_route=%2Fwp%2Fv2%2Fcomments&post=79561"}],"version-history":[{"count":0,"href":"https:\/\/kibrisdakik.com\/index.php?rest_route=\/wp\/v2\/posts\/79561\/revisions"}],"wp:featuredmedia":[{"embeddable":true,"href":"https:\/\/kibrisdakik.com\/index.php?rest_route=\/wp\/v2\/media\/79562"}],"wp:attachment":[{"href":"https:\/\/kibrisdakik.com\/index.php?rest_route=%2Fwp%2Fv2%2Fmedia&parent=79561"}],"wp:term":[{"taxonomy":"category","embeddable":true,"href":"https:\/\/kibrisdakik.com\/index.php?rest_route=%2Fwp%2Fv2%2Fcategories&post=79561"},{"taxonomy":"post_tag","embeddable":true,"href":"https:\/\/kibrisdakik.com\/index.php?rest_route=%2Fwp%2Fv2%2Ftags&post=79561"}],"curies":[{"name":"wp","href":"https:\/\/api.w.org\/{rel}","templated":true}]}}