{"id":79577,"date":"2025-04-06T18:38:00","date_gmt":"2025-04-06T15:38:00","guid":{"rendered":"https:\/\/kibrisdakik.com\/index.php\/2025\/04\/06\/ozgur-ozel-yeniden-chp-genel-baskani-secildi\/"},"modified":"2025-04-06T18:38:00","modified_gmt":"2025-04-06T15:38:00","slug":"ozgur-ozel-yeniden-chp-genel-baskani-secildi","status":"publish","type":"post","link":"https:\/\/kibrisdakik.com\/?p=79577","title":{"rendered":"\u00d6zg\u00fcr \u00d6zel yeniden CHP Genel Ba\u015fkan\u0131 se\u00e7ildi"},"content":{"rendered":"<p><\/p>\n<div>\n<div class=\"mariselle-image-container center\">\n                <img loading=\"lazy\" decoding=\"async\" width=\"2560\" height=\"1707\" class=\"lazy-image\" alt=\"\" sizes=\"auto, (max-width: 2560px) 100vw, 2560px\" src=\"https:\/\/brtk.net\/wp-content\/uploads\/2025\/04\/06\/1743944628162AA-20250406-37547804-37547801-CHP_21_OLAGANUSTU_KURULTAYI_CALISMALARINA_BASLADI-scaled.jpg?ver=a0f6b7ddf1ac8399a44b1ab59c18536b\" srcset=\"https:\/\/brtk.net\/wp-content\/uploads\/2025\/04\/06\/1743944628162AA-20250406-37547804-37547801-CHP_21_OLAGANUSTU_KURULTAYI_CALISMALARINA_BASLADI-scaled.jpg?ver=a0f6b7ddf1ac8399a44b1ab59c18536b 2560w, https:\/\/brtk.net\/wp-content\/uploads\/2025\/04\/06\/1743944628162AA-20250406-37547804-37547801-CHP_21_OLAGANUSTU_KURULTAYI_CALISMALARINA_BASLADI-300x200.jpg?ver=a0f6b7ddf1ac8399a44b1ab59c18536b 300w, https:\/\/brtk.net\/wp-content\/uploads\/2025\/04\/06\/1743944628162AA-20250406-37547804-37547801-CHP_21_OLAGANUSTU_KURULTAYI_CALISMALARINA_BASLADI-1024x683.jpg?ver=3d157dd976748ce00e085ebcfcaa68ea 1024w, https:\/\/brtk.net\/wp-content\/uploads\/2025\/04\/06\/1743944628162AA-20250406-37547804-37547801-CHP_21_OLAGANUSTU_KURULTAYI_CALISMALARINA_BASLADI-768x512.jpg?ver=3d157dd976748ce00e085ebcfcaa68ea 768w, https:\/\/brtk.net\/wp-content\/uploads\/2025\/04\/06\/1743944628162AA-20250406-37547804-37547801-CHP_21_OLAGANUSTU_KURULTAYI_CALISMALARINA_BASLADI-1536x1024.jpg?ver=5d9021688a82ef755efdb7ec0533fc6c 1536w, https:\/\/brtk.net\/wp-content\/uploads\/2025\/04\/06\/1743944628162AA-20250406-37547804-37547801-CHP_21_OLAGANUSTU_KURULTAYI_CALISMALARINA_BASLADI-2048x1365.jpg?ver=6dbbb9b82861081e195c06b0bd057dd1 2048w\"\/>                            <\/div>\n<p>Cumhuriyet Halk Partisi\u2019nin 21\u2019inci Ola\u011fan\u00fcst\u00fc Kurultay\u0131 da bug\u00fcn Ankara\u2019da yap\u0131ld\u0131.<\/p>\n<p>Kurultayda parti genel ba\u015fkanl\u0131\u011f\u0131na tek aday olan \u00d6zg\u00fcr \u00d6zel yeniden Genel Ba\u015fkan se\u00e7ildi.<\/p>\n<p>Cumhuriyet Halk Partisi\u2019nin 21\u2019inci Ola\u011fan\u00fcst\u00fc Kurultay\u0131 yap\u0131ld\u0131.<\/p>\n<p>Ankara Yenimahalle Naz\u0131m Hikmet K\u00fclt\u00fcr Merkezi\u2019nde \u201c\u0130rade Milletindir\u201d slogan\u0131yla d\u00fczenlenen CHP 21. Ola\u011fan\u00fcst\u00fc Kurultay\u0131\u2019nda 12.30\u2019da ba\u015flayan genel ba\u015fkan i\u00e7in oy kullanma i\u015flemi, 14.25\u2019te tamamland\u0131.<\/p>\n<p>Oy say\u0131m\u0131n\u0131n ard\u0131ndan kurultayda tek aday olan \u00d6zg\u00fcr \u00d6zel, bin 171 oy alarak yeniden CHP\u2019nin Genel Ba\u015fkan\u0131 oldu.<\/p>\n<p>Kurultayda, bin 323 kay\u0131tl\u0131 delegeden bin 276\u2019s\u0131 oy kulland\u0131. <\/p>\n<p>Kullan\u0131lan oylardan bin 171\u2019i ge\u00e7erli say\u0131l\u0131rken, 105 oy ise ge\u00e7ersiz kabul edildi.<\/p>\n<\/p><\/div>\n<p><script async\n                    defer\n                    crossorigin=\"anonymous\"\n                    src=\"https:\/\/connect.facebook.net\/tr_TR\/sdk.js#xfbml=1&#038;version=v3.3\"\n            ><\/script><\/p>\n","protected":false},"excerpt":{"rendered":"<p>Cumhuriyet Halk Partisi\u2019nin 21\u2019inci Ola\u011fan\u00fcst\u00fc Kurultay\u0131 da bug\u00fcn Ankara\u2019da yap\u0131ld\u0131. Kurultayda parti genel ba\u015fkanl\u0131\u011f\u0131na tek aday olan \u00d6zg\u00fcr \u00d6zel yeniden Genel Ba\u015fkan se\u00e7ildi. Cumhuriyet Halk Partisi\u2019nin 21\u2019inci Ola\u011fan\u00fcst\u00fc Kurultay\u0131 yap\u0131ld\u0131. Ankara Yenimahalle Naz\u0131m Hikmet K\u00fclt\u00fcr Merkezi\u2019nde \u201c\u0130rade Milletindir\u201d slogan\u0131yla d\u00fczenlenen CHP 21. Ola\u011fan\u00fcst\u00fc Kurultay\u0131\u2019nda 12.30\u2019da ba\u015flayan genel ba\u015fkan i\u00e7in oy kullanma i\u015flemi, 14.25\u2019te tamamland\u0131. Oy<\/p>\n","protected":false},"author":1,"featured_media":79578,"comment_status":"open","ping_status":"open","sticky":false,"template":"","format":"standard","meta":{"footnotes":""},"categories":[86],"tags":[],"class_list":["post-79577","post","type-post","status-publish","format-standard","has-post-thumbnail","hentry","category-turkiye"],"yoast_head":"<!-- This site is optimized with the Yoast SEO plugin v27.4 - https:\/\/yoast.com\/product\/yoast-seo-wordpress\/ -->\n<title>\u00d6zg\u00fcr \u00d6zel yeniden CHP Genel Ba\u015fkan\u0131 se\u00e7ildi -<\/title>\n<meta name=\"robots\" content=\"index, follow, max-snippet:-1, max-image-preview:large, max-video-preview:-1\" \/>\n<link rel=\"canonical\" href=\"https:\/\/kibrisdakik.com\/?p=79577\" \/>\n<meta property=\"og:locale\" content=\"tr_TR\" \/>\n<meta property=\"og:type\" content=\"article\" \/>\n<meta property=\"og:title\" content=\"\u00d6zg\u00fcr \u00d6zel yeniden CHP Genel Ba\u015fkan\u0131 se\u00e7ildi -\" \/>\n<meta property=\"og:description\" content=\"Cumhuriyet Halk Partisi\u2019nin 21\u2019inci Ola\u011fan\u00fcst\u00fc Kurultay\u0131 da bug\u00fcn Ankara\u2019da yap\u0131ld\u0131. Kurultayda parti genel ba\u015fkanl\u0131\u011f\u0131na tek aday olan \u00d6zg\u00fcr \u00d6zel yeniden Genel Ba\u015fkan se\u00e7ildi. Cumhuriyet Halk Partisi\u2019nin 21\u2019inci Ola\u011fan\u00fcst\u00fc Kurultay\u0131 yap\u0131ld\u0131. Ankara Yenimahalle Naz\u0131m Hikmet K\u00fclt\u00fcr Merkezi\u2019nde \u201c\u0130rade Milletindir\u201d slogan\u0131yla d\u00fczenlenen CHP 21. Ola\u011fan\u00fcst\u00fc Kurultay\u0131\u2019nda 12.30\u2019da ba\u015flayan genel ba\u015fkan i\u00e7in oy kullanma i\u015flemi, 14.25\u2019te tamamland\u0131. Oy\" \/>\n<meta property=\"og:url\" content=\"https:\/\/kibrisdakik.com\/?p=79577\" \/>\n<meta property=\"article:published_time\" content=\"2025-04-06T15:38:00+00:00\" \/>\n<meta property=\"og:image\" content=\"https:\/\/kibrisdakik.com\/wp-content\/uploads\/2025\/04\/1743944628162AA-20250406-37547804-37547801-CHP_21_OLAGANUSTU_KURULTAYI_CALISMALARINA_BASLADI-scaled-740x420.jpeg\" \/>\n\t<meta property=\"og:image:width\" content=\"2560\" \/>\n\t<meta property=\"og:image:height\" content=\"1707\" \/>\n\t<meta property=\"og:image:type\" content=\"image\/jpeg\" \/>\n<meta name=\"author\" content=\"admin\" \/>\n<meta name=\"twitter:card\" content=\"summary_large_image\" \/>\n<meta name=\"twitter:label1\" content=\"Yazan:\" \/>\n\t<meta name=\"twitter:data1\" content=\"admin\" \/>\n\t<meta name=\"twitter:label2\" content=\"Tahmini okuma s\u00fcresi\" \/>\n\t<meta name=\"twitter:data2\" content=\"1 dakika\" \/>\n<script type=\"application\/ld+json\" class=\"yoast-schema-graph\">{\"@context\":\"https:\\\/\\\/schema.org\",\"@graph\":[{\"@type\":\"Article\",\"@id\":\"https:\\\/\\\/kibrisdakik.com\\\/?p=79577#article\",\"isPartOf\":{\"@id\":\"https:\\\/\\\/kibrisdakik.com\\\/?p=79577\"},\"author\":{\"name\":\"admin\",\"@id\":\"https:\\\/\\\/kibrisdakik.com\\\/#\\\/schema\\\/person\\\/9cd9d437bbb44f72b73ba127e06d8e79\"},\"headline\":\"\u00d6zg\u00fcr \u00d6zel yeniden CHP Genel Ba\u015fkan\u0131 se\u00e7ildi\",\"datePublished\":\"2025-04-06T15:38:00+00:00\",\"mainEntityOfPage\":{\"@id\":\"https:\\\/\\\/kibrisdakik.com\\\/?p=79577\"},\"wordCount\":140,\"commentCount\":0,\"image\":{\"@id\":\"https:\\\/\\\/kibrisdakik.com\\\/?p=79577#primaryimage\"},\"thumbnailUrl\":\"https:\\\/\\\/kibrisdakik.com\\\/wp-content\\\/uploads\\\/2025\\\/04\\\/1743944628162AA-20250406-37547804-37547801-CHP_21_OLAGANUSTU_KURULTAYI_CALISMALARINA_BASLADI-scaled-740x420.jpeg\",\"articleSection\":[\"T\u00fcrkiye\"],\"inLanguage\":\"tr\",\"potentialAction\":[{\"@type\":\"CommentAction\",\"name\":\"Comment\",\"target\":[\"https:\\\/\\\/kibrisdakik.com\\\/?p=79577#respond\"]}]},{\"@type\":\"WebPage\",\"@id\":\"https:\\\/\\\/kibrisdakik.com\\\/?p=79577\",\"url\":\"https:\\\/\\\/kibrisdakik.com\\\/?p=79577\",\"name\":\"\u00d6zg\u00fcr \u00d6zel yeniden CHP Genel Ba\u015fkan\u0131 se\u00e7ildi -\",\"isPartOf\":{\"@id\":\"https:\\\/\\\/kibrisdakik.com\\\/#website\"},\"primaryImageOfPage\":{\"@id\":\"https:\\\/\\\/kibrisdakik.com\\\/?p=79577#primaryimage\"},\"image\":{\"@id\":\"https:\\\/\\\/kibrisdakik.com\\\/?p=79577#primaryimage\"},\"thumbnailUrl\":\"https:\\\/\\\/kibrisdakik.com\\\/wp-content\\\/uploads\\\/2025\\\/04\\\/1743944628162AA-20250406-37547804-37547801-CHP_21_OLAGANUSTU_KURULTAYI_CALISMALARINA_BASLADI-scaled-740x420.jpeg\",\"datePublished\":\"2025-04-06T15:38:00+00:00\",\"author\":{\"@id\":\"https:\\\/\\\/kibrisdakik.com\\\/#\\\/schema\\\/person\\\/9cd9d437bbb44f72b73ba127e06d8e79\"},\"breadcrumb\":{\"@id\":\"https:\\\/\\\/kibrisdakik.com\\\/?p=79577#breadcrumb\"},\"inLanguage\":\"tr\",\"potentialAction\":[{\"@type\":\"ReadAction\",\"target\":[\"https:\\\/\\\/kibrisdakik.com\\\/?p=79577\"]}]},{\"@type\":\"ImageObject\",\"inLanguage\":\"tr\",\"@id\":\"https:\\\/\\\/kibrisdakik.com\\\/?p=79577#primaryimage\",\"url\":\"https:\\\/\\\/kibrisdakik.com\\\/wp-content\\\/uploads\\\/2025\\\/04\\\/1743944628162AA-20250406-37547804-37547801-CHP_21_OLAGANUSTU_KURULTAYI_CALISMALARINA_BASLADI-scaled-740x420.jpeg\",\"contentUrl\":\"https:\\\/\\\/kibrisdakik.com\\\/wp-content\\\/uploads\\\/2025\\\/04\\\/1743944628162AA-20250406-37547804-37547801-CHP_21_OLAGANUSTU_KURULTAYI_CALISMALARINA_BASLADI-scaled-740x420.jpeg\",\"width\":2560,\"height\":1707},{\"@type\":\"BreadcrumbList\",\"@id\":\"https:\\\/\\\/kibrisdakik.com\\\/?p=79577#breadcrumb\",\"itemListElement\":[{\"@type\":\"ListItem\",\"position\":1,\"name\":\"Home\",\"item\":\"https:\\\/\\\/kibrisdakik.com\\\/\"},{\"@type\":\"ListItem\",\"position\":2,\"name\":\"\u00d6zg\u00fcr \u00d6zel yeniden CHP Genel Ba\u015fkan\u0131 se\u00e7ildi\"}]},{\"@type\":\"WebSite\",\"@id\":\"https:\\\/\\\/kibrisdakik.com\\\/#website\",\"url\":\"https:\\\/\\\/kibrisdakik.com\\\/\",\"name\":\"\",\"description\":\"Tam vaktinde haber\",\"potentialAction\":[{\"@type\":\"SearchAction\",\"target\":{\"@type\":\"EntryPoint\",\"urlTemplate\":\"https:\\\/\\\/kibrisdakik.com\\\/?s={search_term_string}\"},\"query-input\":{\"@type\":\"PropertyValueSpecification\",\"valueRequired\":true,\"valueName\":\"search_term_string\"}}],\"inLanguage\":\"tr\"},{\"@type\":\"Person\",\"@id\":\"https:\\\/\\\/kibrisdakik.com\\\/#\\\/schema\\\/person\\\/9cd9d437bbb44f72b73ba127e06d8e79\",\"name\":\"admin\",\"image\":{\"@type\":\"ImageObject\",\"inLanguage\":\"tr\",\"@id\":\"https:\\\/\\\/secure.gravatar.com\\\/avatar\\\/ccc17943b9d660506c869530f897617f7cb1c21a4bf30023f252596d83e1f007?s=96&d=mm&r=g\",\"url\":\"https:\\\/\\\/secure.gravatar.com\\\/avatar\\\/ccc17943b9d660506c869530f897617f7cb1c21a4bf30023f252596d83e1f007?s=96&d=mm&r=g\",\"contentUrl\":\"https:\\\/\\\/secure.gravatar.com\\\/avatar\\\/ccc17943b9d660506c869530f897617f7cb1c21a4bf30023f252596d83e1f007?s=96&d=mm&r=g\",\"caption\":\"admin\"},\"sameAs\":[\"https:\\\/\\\/kibrisdakik.com\"],\"url\":\"https:\\\/\\\/kibrisdakik.com\\\/?author=1\"}]}<\/script>\n<!-- \/ Yoast SEO plugin. -->","yoast_head_json":{"title":"\u00d6zg\u00fcr \u00d6zel yeniden CHP Genel Ba\u015fkan\u0131 se\u00e7ildi -","robots":{"index":"index","follow":"follow","max-snippet":"max-snippet:-1","max-image-preview":"max-image-preview:large","max-video-preview":"max-video-preview:-1"},"canonical":"https:\/\/kibrisdakik.com\/?p=79577","og_locale":"tr_TR","og_type":"article","og_title":"\u00d6zg\u00fcr \u00d6zel yeniden CHP Genel Ba\u015fkan\u0131 se\u00e7ildi -","og_description":"Cumhuriyet Halk Partisi\u2019nin 21\u2019inci Ola\u011fan\u00fcst\u00fc Kurultay\u0131 da bug\u00fcn Ankara\u2019da yap\u0131ld\u0131. Kurultayda parti genel ba\u015fkanl\u0131\u011f\u0131na tek aday olan \u00d6zg\u00fcr \u00d6zel yeniden Genel Ba\u015fkan se\u00e7ildi. Cumhuriyet Halk Partisi\u2019nin 21\u2019inci Ola\u011fan\u00fcst\u00fc Kurultay\u0131 yap\u0131ld\u0131. Ankara Yenimahalle Naz\u0131m Hikmet K\u00fclt\u00fcr Merkezi\u2019nde \u201c\u0130rade Milletindir\u201d slogan\u0131yla d\u00fczenlenen CHP 21. Ola\u011fan\u00fcst\u00fc Kurultay\u0131\u2019nda 12.30\u2019da ba\u015flayan genel ba\u015fkan i\u00e7in oy kullanma i\u015flemi, 14.25\u2019te tamamland\u0131. Oy","og_url":"https:\/\/kibrisdakik.com\/?p=79577","article_published_time":"2025-04-06T15:38:00+00:00","og_image":[{"width":2560,"height":1707,"url":"https:\/\/kibrisdakik.com\/wp-content\/uploads\/2025\/04\/1743944628162AA-20250406-37547804-37547801-CHP_21_OLAGANUSTU_KURULTAYI_CALISMALARINA_BASLADI-scaled-740x420.jpeg","type":"image\/jpeg"}],"author":"admin","twitter_card":"summary_large_image","twitter_misc":{"Yazan:":"admin","Tahmini okuma s\u00fcresi":"1 dakika"},"schema":{"@context":"https:\/\/schema.org","@graph":[{"@type":"Article","@id":"https:\/\/kibrisdakik.com\/?p=79577#article","isPartOf":{"@id":"https:\/\/kibrisdakik.com\/?p=79577"},"author":{"name":"admin","@id":"https:\/\/kibrisdakik.com\/#\/schema\/person\/9cd9d437bbb44f72b73ba127e06d8e79"},"headline":"\u00d6zg\u00fcr \u00d6zel yeniden CHP Genel Ba\u015fkan\u0131 se\u00e7ildi","datePublished":"2025-04-06T15:38:00+00:00","mainEntityOfPage":{"@id":"https:\/\/kibrisdakik.com\/?p=79577"},"wordCount":140,"commentCount":0,"image":{"@id":"https:\/\/kibrisdakik.com\/?p=79577#primaryimage"},"thumbnailUrl":"https:\/\/kibrisdakik.com\/wp-content\/uploads\/2025\/04\/1743944628162AA-20250406-37547804-37547801-CHP_21_OLAGANUSTU_KURULTAYI_CALISMALARINA_BASLADI-scaled-740x420.jpeg","articleSection":["T\u00fcrkiye"],"inLanguage":"tr","potentialAction":[{"@type":"CommentAction","name":"Comment","target":["https:\/\/kibrisdakik.com\/?p=79577#respond"]}]},{"@type":"WebPage","@id":"https:\/\/kibrisdakik.com\/?p=79577","url":"https:\/\/kibrisdakik.com\/?p=79577","name":"\u00d6zg\u00fcr \u00d6zel yeniden CHP Genel Ba\u015fkan\u0131 se\u00e7ildi -","isPartOf":{"@id":"https:\/\/kibrisdakik.com\/#website"},"primaryImageOfPage":{"@id":"https:\/\/kibrisdakik.com\/?p=79577#primaryimage"},"image":{"@id":"https:\/\/kibrisdakik.com\/?p=79577#primaryimage"},"thumbnailUrl":"https:\/\/kibrisdakik.com\/wp-content\/uploads\/2025\/04\/1743944628162AA-20250406-37547804-37547801-CHP_21_OLAGANUSTU_KURULTAYI_CALISMALARINA_BASLADI-scaled-740x420.jpeg","datePublished":"2025-04-06T15:38:00+00:00","author":{"@id":"https:\/\/kibrisdakik.com\/#\/schema\/person\/9cd9d437bbb44f72b73ba127e06d8e79"},"breadcrumb":{"@id":"https:\/\/kibrisdakik.com\/?p=79577#breadcrumb"},"inLanguage":"tr","potentialAction":[{"@type":"ReadAction","target":["https:\/\/kibrisdakik.com\/?p=79577"]}]},{"@type":"ImageObject","inLanguage":"tr","@id":"https:\/\/kibrisdakik.com\/?p=79577#primaryimage","url":"https:\/\/kibrisdakik.com\/wp-content\/uploads\/2025\/04\/1743944628162AA-20250406-37547804-37547801-CHP_21_OLAGANUSTU_KURULTAYI_CALISMALARINA_BASLADI-scaled-740x420.jpeg","contentUrl":"https:\/\/kibrisdakik.com\/wp-content\/uploads\/2025\/04\/1743944628162AA-20250406-37547804-37547801-CHP_21_OLAGANUSTU_KURULTAYI_CALISMALARINA_BASLADI-scaled-740x420.jpeg","width":2560,"height":1707},{"@type":"BreadcrumbList","@id":"https:\/\/kibrisdakik.com\/?p=79577#breadcrumb","itemListElement":[{"@type":"ListItem","position":1,"name":"Home","item":"https:\/\/kibrisdakik.com\/"},{"@type":"ListItem","position":2,"name":"\u00d6zg\u00fcr \u00d6zel yeniden CHP Genel Ba\u015fkan\u0131 se\u00e7ildi"}]},{"@type":"WebSite","@id":"https:\/\/kibrisdakik.com\/#website","url":"https:\/\/kibrisdakik.com\/","name":"","description":"Tam vaktinde haber","potentialAction":[{"@type":"SearchAction","target":{"@type":"EntryPoint","urlTemplate":"https:\/\/kibrisdakik.com\/?s={search_term_string}"},"query-input":{"@type":"PropertyValueSpecification","valueRequired":true,"valueName":"search_term_string"}}],"inLanguage":"tr"},{"@type":"Person","@id":"https:\/\/kibrisdakik.com\/#\/schema\/person\/9cd9d437bbb44f72b73ba127e06d8e79","name":"admin","image":{"@type":"ImageObject","inLanguage":"tr","@id":"https:\/\/secure.gravatar.com\/avatar\/ccc17943b9d660506c869530f897617f7cb1c21a4bf30023f252596d83e1f007?s=96&d=mm&r=g","url":"https:\/\/secure.gravatar.com\/avatar\/ccc17943b9d660506c869530f897617f7cb1c21a4bf30023f252596d83e1f007?s=96&d=mm&r=g","contentUrl":"https:\/\/secure.gravatar.com\/avatar\/ccc17943b9d660506c869530f897617f7cb1c21a4bf30023f252596d83e1f007?s=96&d=mm&r=g","caption":"admin"},"sameAs":["https:\/\/kibrisdakik.com"],"url":"https:\/\/kibrisdakik.com\/?author=1"}]}},"_links":{"self":[{"href":"https:\/\/kibrisdakik.com\/index.php?rest_route=\/wp\/v2\/posts\/79577","targetHints":{"allow":["GET"]}}],"collection":[{"href":"https:\/\/kibrisdakik.com\/index.php?rest_route=\/wp\/v2\/posts"}],"about":[{"href":"https:\/\/kibrisdakik.com\/index.php?rest_route=\/wp\/v2\/types\/post"}],"author":[{"embeddable":true,"href":"https:\/\/kibrisdakik.com\/index.php?rest_route=\/wp\/v2\/users\/1"}],"replies":[{"embeddable":true,"href":"https:\/\/kibrisdakik.com\/index.php?rest_route=%2Fwp%2Fv2%2Fcomments&post=79577"}],"version-history":[{"count":0,"href":"https:\/\/kibrisdakik.com\/index.php?rest_route=\/wp\/v2\/posts\/79577\/revisions"}],"wp:featuredmedia":[{"embeddable":true,"href":"https:\/\/kibrisdakik.com\/index.php?rest_route=\/wp\/v2\/media\/79578"}],"wp:attachment":[{"href":"https:\/\/kibrisdakik.com\/index.php?rest_route=%2Fwp%2Fv2%2Fmedia&parent=79577"}],"wp:term":[{"taxonomy":"category","embeddable":true,"href":"https:\/\/kibrisdakik.com\/index.php?rest_route=%2Fwp%2Fv2%2Fcategories&post=79577"},{"taxonomy":"post_tag","embeddable":true,"href":"https:\/\/kibrisdakik.com\/index.php?rest_route=%2Fwp%2Fv2%2Ftags&post=79577"}],"curies":[{"name":"wp","href":"https:\/\/api.w.org\/{rel}","templated":true}]}}