{"id":79621,"date":"2025-04-07T13:58:35","date_gmt":"2025-04-07T10:58:35","guid":{"rendered":"https:\/\/kibrisdakik.com\/index.php\/2025\/04\/07\/kibris-turk-girisimci-kadinlar-derneginden-siyaset-ve-liderlik-okulu-ilkbahar-programi-basliyor\/"},"modified":"2025-04-07T13:58:35","modified_gmt":"2025-04-07T10:58:35","slug":"kibris-turk-girisimci-kadinlar-derneginden-siyaset-ve-liderlik-okulu-ilkbahar-programi-basliyor","status":"publish","type":"post","link":"https:\/\/kibrisdakik.com\/?p=79621","title":{"rendered":"K\u0131br\u0131s T\u00fcrk Giri\u015fimci Kad\u0131nlar Derne\u011fi\u2019nden Siyaset ve Liderlik Okulu \u0130lkbahar Program\u0131 ba\u015fl\u0131yor"},"content":{"rendered":"<div>\n<div class=\"mariselle-image-container center\">\n                                            <\/div>\n<p>K\u0131br\u0131s T\u00fcrk Giri\u015fimci Kad\u0131nlar Derne\u011fi\u2019nin, Ankara \u00dcniversitesi Siyasal Bilgiler Fak\u00fcltesi, Do\u011fu Akdeniz \u00dcniversitesi Kad\u0131n Ara\u015ft\u0131rmalar\u0131 ve E\u011fitim Merkezi ile \u0130D\u0130A Akademi i\u015f birli\u011finde d\u00fczenledi\u011fi \u201cSiyaset ve Liderlik Okulu\u201dnun \u0130lkbahar Program\u0131 bug\u00fcn ba\u015fl\u0131yor.<\/p>\n<p>Program\u0131n a\u00e7\u0131l\u0131\u015f\u0131, bug\u00fcn (7 Nisan 2025) saat 18.00\u2019de K\u0131br\u0131s T\u00fcrk Sanayi Odas\u0131\u2019nda ger\u00e7ekle\u015ftirilecek. Kad\u0131nlar\u0131n siyasette ve liderlik pozisyonlar\u0131nda daha etkin yer almas\u0131n\u0131 hedefleyen program, akademik destek ve deneyimli isimlerin katk\u0131lar\u0131yla y\u00fcr\u00fct\u00fclecek.<\/p>\n<\/p><\/div>\n<p><script async\n                    defer\n                    crossorigin=\"anonymous\"\n                    src=\"https:\/\/connect.facebook.net\/tr_TR\/sdk.js#xfbml=1&#038;version=v3.3\"\n            ><\/script><\/p>\n","protected":false},"excerpt":{"rendered":"<p>K\u0131br\u0131s T\u00fcrk Giri\u015fimci Kad\u0131nlar Derne\u011fi\u2019nin, Ankara \u00dcniversitesi Siyasal Bilgiler Fak\u00fcltesi, Do\u011fu Akdeniz \u00dcniversitesi Kad\u0131n Ara\u015ft\u0131rmalar\u0131 ve E\u011fitim Merkezi ile \u0130D\u0130A Akademi i\u015f birli\u011finde d\u00fczenledi\u011fi \u201cSiyaset ve Liderlik Okulu\u201dnun \u0130lkbahar Program\u0131 bug\u00fcn ba\u015fl\u0131yor. Program\u0131n a\u00e7\u0131l\u0131\u015f\u0131, bug\u00fcn (7 Nisan 2025) saat 18.00\u2019de K\u0131br\u0131s T\u00fcrk Sanayi Odas\u0131\u2019nda ger\u00e7ekle\u015ftirilecek. Kad\u0131nlar\u0131n siyasette ve liderlik pozisyonlar\u0131nda daha etkin yer almas\u0131n\u0131 hedefleyen<\/p>\n","protected":false},"author":1,"featured_media":79622,"comment_status":"open","ping_status":"open","sticky":false,"template":"","format":"standard","meta":{"footnotes":""},"categories":[81,101],"tags":[],"class_list":["post-79621","post","type-post","status-publish","format-standard","has-post-thumbnail","hentry","category-kibris","category-manset"],"yoast_head":"<!-- This site is optimized with the Yoast SEO plugin v27.5 - https:\/\/yoast.com\/product\/yoast-seo-wordpress\/ -->\n<title>K\u0131br\u0131s T\u00fcrk Giri\u015fimci Kad\u0131nlar Derne\u011fi\u2019nden Siyaset ve Liderlik Okulu \u0130lkbahar Program\u0131 ba\u015fl\u0131yor -<\/title>\n<meta name=\"robots\" content=\"index, follow, max-snippet:-1, max-image-preview:large, max-video-preview:-1\" \/>\n<link rel=\"canonical\" href=\"https:\/\/kibrisdakik.com\/?p=79621\" \/>\n<meta property=\"og:locale\" content=\"tr_TR\" \/>\n<meta property=\"og:type\" content=\"article\" \/>\n<meta property=\"og:title\" content=\"K\u0131br\u0131s T\u00fcrk Giri\u015fimci Kad\u0131nlar Derne\u011fi\u2019nden Siyaset ve Liderlik Okulu \u0130lkbahar Program\u0131 ba\u015fl\u0131yor -\" \/>\n<meta property=\"og:description\" content=\"K\u0131br\u0131s T\u00fcrk Giri\u015fimci Kad\u0131nlar Derne\u011fi\u2019nin, Ankara \u00dcniversitesi Siyasal Bilgiler Fak\u00fcltesi, Do\u011fu Akdeniz \u00dcniversitesi Kad\u0131n Ara\u015ft\u0131rmalar\u0131 ve E\u011fitim Merkezi ile \u0130D\u0130A Akademi i\u015f birli\u011finde d\u00fczenledi\u011fi \u201cSiyaset ve Liderlik Okulu\u201dnun \u0130lkbahar Program\u0131 bug\u00fcn ba\u015fl\u0131yor. Program\u0131n a\u00e7\u0131l\u0131\u015f\u0131, bug\u00fcn (7 Nisan 2025) saat 18.00\u2019de K\u0131br\u0131s T\u00fcrk Sanayi Odas\u0131\u2019nda ger\u00e7ekle\u015ftirilecek. Kad\u0131nlar\u0131n siyasette ve liderlik pozisyonlar\u0131nda daha etkin yer almas\u0131n\u0131 hedefleyen\" \/>\n<meta property=\"og:url\" content=\"https:\/\/kibrisdakik.com\/?p=79621\" \/>\n<meta property=\"article:published_time\" content=\"2025-04-07T10:58:35+00:00\" \/>\n<meta property=\"og:image\" content=\"https:\/\/kibrisdakik.com\/wp-content\/uploads\/2025\/04\/siyaset-okul-740x420.jpg\" \/>\n\t<meta property=\"og:image:width\" content=\"1149\" \/>\n\t<meta property=\"og:image:height\" content=\"543\" \/>\n\t<meta property=\"og:image:type\" content=\"image\/jpeg\" \/>\n<meta name=\"author\" content=\"admin\" \/>\n<meta name=\"twitter:card\" content=\"summary_large_image\" \/>\n<meta name=\"twitter:label1\" content=\"Yazan:\" \/>\n\t<meta name=\"twitter:data1\" content=\"admin\" \/>\n\t<meta name=\"twitter:label2\" content=\"Tahmini okuma s\u00fcresi\" \/>\n\t<meta name=\"twitter:data2\" content=\"1 dakika\" \/>\n<script type=\"application\/ld+json\" class=\"yoast-schema-graph\">{\"@context\":\"https:\\\/\\\/schema.org\",\"@graph\":[{\"@type\":\"Article\",\"@id\":\"https:\\\/\\\/kibrisdakik.com\\\/?p=79621#article\",\"isPartOf\":{\"@id\":\"https:\\\/\\\/kibrisdakik.com\\\/?p=79621\"},\"author\":{\"name\":\"admin\",\"@id\":\"https:\\\/\\\/kibrisdakik.com\\\/#\\\/schema\\\/person\\\/9cd9d437bbb44f72b73ba127e06d8e79\"},\"headline\":\"K\u0131br\u0131s T\u00fcrk Giri\u015fimci Kad\u0131nlar Derne\u011fi\u2019nden Siyaset ve Liderlik Okulu \u0130lkbahar Program\u0131 ba\u015fl\u0131yor\",\"datePublished\":\"2025-04-07T10:58:35+00:00\",\"mainEntityOfPage\":{\"@id\":\"https:\\\/\\\/kibrisdakik.com\\\/?p=79621\"},\"wordCount\":121,\"commentCount\":0,\"image\":{\"@id\":\"https:\\\/\\\/kibrisdakik.com\\\/?p=79621#primaryimage\"},\"thumbnailUrl\":\"https:\\\/\\\/kibrisdakik.com\\\/wp-content\\\/uploads\\\/2025\\\/04\\\/siyaset-okul-740x420.jpg\",\"articleSection\":[\"K\u0131br\u0131s\",\"Man\u015fet\"],\"inLanguage\":\"tr\",\"potentialAction\":[{\"@type\":\"CommentAction\",\"name\":\"Comment\",\"target\":[\"https:\\\/\\\/kibrisdakik.com\\\/?p=79621#respond\"]}]},{\"@type\":\"WebPage\",\"@id\":\"https:\\\/\\\/kibrisdakik.com\\\/?p=79621\",\"url\":\"https:\\\/\\\/kibrisdakik.com\\\/?p=79621\",\"name\":\"K\u0131br\u0131s T\u00fcrk Giri\u015fimci Kad\u0131nlar Derne\u011fi\u2019nden Siyaset ve Liderlik Okulu \u0130lkbahar Program\u0131 ba\u015fl\u0131yor -\",\"isPartOf\":{\"@id\":\"https:\\\/\\\/kibrisdakik.com\\\/#website\"},\"primaryImageOfPage\":{\"@id\":\"https:\\\/\\\/kibrisdakik.com\\\/?p=79621#primaryimage\"},\"image\":{\"@id\":\"https:\\\/\\\/kibrisdakik.com\\\/?p=79621#primaryimage\"},\"thumbnailUrl\":\"https:\\\/\\\/kibrisdakik.com\\\/wp-content\\\/uploads\\\/2025\\\/04\\\/siyaset-okul-740x420.jpg\",\"datePublished\":\"2025-04-07T10:58:35+00:00\",\"author\":{\"@id\":\"https:\\\/\\\/kibrisdakik.com\\\/#\\\/schema\\\/person\\\/9cd9d437bbb44f72b73ba127e06d8e79\"},\"breadcrumb\":{\"@id\":\"https:\\\/\\\/kibrisdakik.com\\\/?p=79621#breadcrumb\"},\"inLanguage\":\"tr\",\"potentialAction\":[{\"@type\":\"ReadAction\",\"target\":[\"https:\\\/\\\/kibrisdakik.com\\\/?p=79621\"]}]},{\"@type\":\"ImageObject\",\"inLanguage\":\"tr\",\"@id\":\"https:\\\/\\\/kibrisdakik.com\\\/?p=79621#primaryimage\",\"url\":\"https:\\\/\\\/kibrisdakik.com\\\/wp-content\\\/uploads\\\/2025\\\/04\\\/siyaset-okul-740x420.jpg\",\"contentUrl\":\"https:\\\/\\\/kibrisdakik.com\\\/wp-content\\\/uploads\\\/2025\\\/04\\\/siyaset-okul-740x420.jpg\",\"width\":1149,\"height\":543},{\"@type\":\"BreadcrumbList\",\"@id\":\"https:\\\/\\\/kibrisdakik.com\\\/?p=79621#breadcrumb\",\"itemListElement\":[{\"@type\":\"ListItem\",\"position\":1,\"name\":\"Home\",\"item\":\"https:\\\/\\\/kibrisdakik.com\\\/\"},{\"@type\":\"ListItem\",\"position\":2,\"name\":\"K\u0131br\u0131s T\u00fcrk Giri\u015fimci Kad\u0131nlar Derne\u011fi\u2019nden Siyaset ve Liderlik Okulu \u0130lkbahar Program\u0131 ba\u015fl\u0131yor\"}]},{\"@type\":\"WebSite\",\"@id\":\"https:\\\/\\\/kibrisdakik.com\\\/#website\",\"url\":\"https:\\\/\\\/kibrisdakik.com\\\/\",\"name\":\"\",\"description\":\"Tam vaktinde haber\",\"potentialAction\":[{\"@type\":\"SearchAction\",\"target\":{\"@type\":\"EntryPoint\",\"urlTemplate\":\"https:\\\/\\\/kibrisdakik.com\\\/?s={search_term_string}\"},\"query-input\":{\"@type\":\"PropertyValueSpecification\",\"valueRequired\":true,\"valueName\":\"search_term_string\"}}],\"inLanguage\":\"tr\"},{\"@type\":\"Person\",\"@id\":\"https:\\\/\\\/kibrisdakik.com\\\/#\\\/schema\\\/person\\\/9cd9d437bbb44f72b73ba127e06d8e79\",\"name\":\"admin\",\"image\":{\"@type\":\"ImageObject\",\"inLanguage\":\"tr\",\"@id\":\"https:\\\/\\\/secure.gravatar.com\\\/avatar\\\/ccc17943b9d660506c869530f897617f7cb1c21a4bf30023f252596d83e1f007?s=96&d=mm&r=g\",\"url\":\"https:\\\/\\\/secure.gravatar.com\\\/avatar\\\/ccc17943b9d660506c869530f897617f7cb1c21a4bf30023f252596d83e1f007?s=96&d=mm&r=g\",\"contentUrl\":\"https:\\\/\\\/secure.gravatar.com\\\/avatar\\\/ccc17943b9d660506c869530f897617f7cb1c21a4bf30023f252596d83e1f007?s=96&d=mm&r=g\",\"caption\":\"admin\"},\"sameAs\":[\"https:\\\/\\\/kibrisdakik.com\"],\"url\":\"https:\\\/\\\/kibrisdakik.com\\\/?author=1\"}]}<\/script>\n<!-- \/ Yoast SEO plugin. -->","yoast_head_json":{"title":"K\u0131br\u0131s T\u00fcrk Giri\u015fimci Kad\u0131nlar Derne\u011fi\u2019nden Siyaset ve Liderlik Okulu \u0130lkbahar Program\u0131 ba\u015fl\u0131yor -","robots":{"index":"index","follow":"follow","max-snippet":"max-snippet:-1","max-image-preview":"max-image-preview:large","max-video-preview":"max-video-preview:-1"},"canonical":"https:\/\/kibrisdakik.com\/?p=79621","og_locale":"tr_TR","og_type":"article","og_title":"K\u0131br\u0131s T\u00fcrk Giri\u015fimci Kad\u0131nlar Derne\u011fi\u2019nden Siyaset ve Liderlik Okulu \u0130lkbahar Program\u0131 ba\u015fl\u0131yor -","og_description":"K\u0131br\u0131s T\u00fcrk Giri\u015fimci Kad\u0131nlar Derne\u011fi\u2019nin, Ankara \u00dcniversitesi Siyasal Bilgiler Fak\u00fcltesi, Do\u011fu Akdeniz \u00dcniversitesi Kad\u0131n Ara\u015ft\u0131rmalar\u0131 ve E\u011fitim Merkezi ile \u0130D\u0130A Akademi i\u015f birli\u011finde d\u00fczenledi\u011fi \u201cSiyaset ve Liderlik Okulu\u201dnun \u0130lkbahar Program\u0131 bug\u00fcn ba\u015fl\u0131yor. Program\u0131n a\u00e7\u0131l\u0131\u015f\u0131, bug\u00fcn (7 Nisan 2025) saat 18.00\u2019de K\u0131br\u0131s T\u00fcrk Sanayi Odas\u0131\u2019nda ger\u00e7ekle\u015ftirilecek. Kad\u0131nlar\u0131n siyasette ve liderlik pozisyonlar\u0131nda daha etkin yer almas\u0131n\u0131 hedefleyen","og_url":"https:\/\/kibrisdakik.com\/?p=79621","article_published_time":"2025-04-07T10:58:35+00:00","og_image":[{"width":1149,"height":543,"url":"https:\/\/kibrisdakik.com\/wp-content\/uploads\/2025\/04\/siyaset-okul-740x420.jpg","type":"image\/jpeg"}],"author":"admin","twitter_card":"summary_large_image","twitter_misc":{"Yazan:":"admin","Tahmini okuma s\u00fcresi":"1 dakika"},"schema":{"@context":"https:\/\/schema.org","@graph":[{"@type":"Article","@id":"https:\/\/kibrisdakik.com\/?p=79621#article","isPartOf":{"@id":"https:\/\/kibrisdakik.com\/?p=79621"},"author":{"name":"admin","@id":"https:\/\/kibrisdakik.com\/#\/schema\/person\/9cd9d437bbb44f72b73ba127e06d8e79"},"headline":"K\u0131br\u0131s T\u00fcrk Giri\u015fimci Kad\u0131nlar Derne\u011fi\u2019nden Siyaset ve Liderlik Okulu \u0130lkbahar Program\u0131 ba\u015fl\u0131yor","datePublished":"2025-04-07T10:58:35+00:00","mainEntityOfPage":{"@id":"https:\/\/kibrisdakik.com\/?p=79621"},"wordCount":121,"commentCount":0,"image":{"@id":"https:\/\/kibrisdakik.com\/?p=79621#primaryimage"},"thumbnailUrl":"https:\/\/kibrisdakik.com\/wp-content\/uploads\/2025\/04\/siyaset-okul-740x420.jpg","articleSection":["K\u0131br\u0131s","Man\u015fet"],"inLanguage":"tr","potentialAction":[{"@type":"CommentAction","name":"Comment","target":["https:\/\/kibrisdakik.com\/?p=79621#respond"]}]},{"@type":"WebPage","@id":"https:\/\/kibrisdakik.com\/?p=79621","url":"https:\/\/kibrisdakik.com\/?p=79621","name":"K\u0131br\u0131s T\u00fcrk Giri\u015fimci Kad\u0131nlar Derne\u011fi\u2019nden Siyaset ve Liderlik Okulu \u0130lkbahar Program\u0131 ba\u015fl\u0131yor -","isPartOf":{"@id":"https:\/\/kibrisdakik.com\/#website"},"primaryImageOfPage":{"@id":"https:\/\/kibrisdakik.com\/?p=79621#primaryimage"},"image":{"@id":"https:\/\/kibrisdakik.com\/?p=79621#primaryimage"},"thumbnailUrl":"https:\/\/kibrisdakik.com\/wp-content\/uploads\/2025\/04\/siyaset-okul-740x420.jpg","datePublished":"2025-04-07T10:58:35+00:00","author":{"@id":"https:\/\/kibrisdakik.com\/#\/schema\/person\/9cd9d437bbb44f72b73ba127e06d8e79"},"breadcrumb":{"@id":"https:\/\/kibrisdakik.com\/?p=79621#breadcrumb"},"inLanguage":"tr","potentialAction":[{"@type":"ReadAction","target":["https:\/\/kibrisdakik.com\/?p=79621"]}]},{"@type":"ImageObject","inLanguage":"tr","@id":"https:\/\/kibrisdakik.com\/?p=79621#primaryimage","url":"https:\/\/kibrisdakik.com\/wp-content\/uploads\/2025\/04\/siyaset-okul-740x420.jpg","contentUrl":"https:\/\/kibrisdakik.com\/wp-content\/uploads\/2025\/04\/siyaset-okul-740x420.jpg","width":1149,"height":543},{"@type":"BreadcrumbList","@id":"https:\/\/kibrisdakik.com\/?p=79621#breadcrumb","itemListElement":[{"@type":"ListItem","position":1,"name":"Home","item":"https:\/\/kibrisdakik.com\/"},{"@type":"ListItem","position":2,"name":"K\u0131br\u0131s T\u00fcrk Giri\u015fimci Kad\u0131nlar Derne\u011fi\u2019nden Siyaset ve Liderlik Okulu \u0130lkbahar Program\u0131 ba\u015fl\u0131yor"}]},{"@type":"WebSite","@id":"https:\/\/kibrisdakik.com\/#website","url":"https:\/\/kibrisdakik.com\/","name":"","description":"Tam vaktinde haber","potentialAction":[{"@type":"SearchAction","target":{"@type":"EntryPoint","urlTemplate":"https:\/\/kibrisdakik.com\/?s={search_term_string}"},"query-input":{"@type":"PropertyValueSpecification","valueRequired":true,"valueName":"search_term_string"}}],"inLanguage":"tr"},{"@type":"Person","@id":"https:\/\/kibrisdakik.com\/#\/schema\/person\/9cd9d437bbb44f72b73ba127e06d8e79","name":"admin","image":{"@type":"ImageObject","inLanguage":"tr","@id":"https:\/\/secure.gravatar.com\/avatar\/ccc17943b9d660506c869530f897617f7cb1c21a4bf30023f252596d83e1f007?s=96&d=mm&r=g","url":"https:\/\/secure.gravatar.com\/avatar\/ccc17943b9d660506c869530f897617f7cb1c21a4bf30023f252596d83e1f007?s=96&d=mm&r=g","contentUrl":"https:\/\/secure.gravatar.com\/avatar\/ccc17943b9d660506c869530f897617f7cb1c21a4bf30023f252596d83e1f007?s=96&d=mm&r=g","caption":"admin"},"sameAs":["https:\/\/kibrisdakik.com"],"url":"https:\/\/kibrisdakik.com\/?author=1"}]}},"_links":{"self":[{"href":"https:\/\/kibrisdakik.com\/index.php?rest_route=\/wp\/v2\/posts\/79621","targetHints":{"allow":["GET"]}}],"collection":[{"href":"https:\/\/kibrisdakik.com\/index.php?rest_route=\/wp\/v2\/posts"}],"about":[{"href":"https:\/\/kibrisdakik.com\/index.php?rest_route=\/wp\/v2\/types\/post"}],"author":[{"embeddable":true,"href":"https:\/\/kibrisdakik.com\/index.php?rest_route=\/wp\/v2\/users\/1"}],"replies":[{"embeddable":true,"href":"https:\/\/kibrisdakik.com\/index.php?rest_route=%2Fwp%2Fv2%2Fcomments&post=79621"}],"version-history":[{"count":0,"href":"https:\/\/kibrisdakik.com\/index.php?rest_route=\/wp\/v2\/posts\/79621\/revisions"}],"wp:featuredmedia":[{"embeddable":true,"href":"https:\/\/kibrisdakik.com\/index.php?rest_route=\/wp\/v2\/media\/79622"}],"wp:attachment":[{"href":"https:\/\/kibrisdakik.com\/index.php?rest_route=%2Fwp%2Fv2%2Fmedia&parent=79621"}],"wp:term":[{"taxonomy":"category","embeddable":true,"href":"https:\/\/kibrisdakik.com\/index.php?rest_route=%2Fwp%2Fv2%2Fcategories&post=79621"},{"taxonomy":"post_tag","embeddable":true,"href":"https:\/\/kibrisdakik.com\/index.php?rest_route=%2Fwp%2Fv2%2Ftags&post=79621"}],"curies":[{"name":"wp","href":"https:\/\/api.w.org\/{rel}","templated":true}]}}