{"id":79636,"date":"2025-04-07T17:03:29","date_gmt":"2025-04-07T14:03:29","guid":{"rendered":"https:\/\/kibrisdakik.com\/index.php\/2025\/04\/07\/dincyurek-saglikli-nesiller-guclu-toplumlar-demektir\/"},"modified":"2025-04-07T17:03:29","modified_gmt":"2025-04-07T14:03:29","slug":"dincyurek-saglikli-nesiller-guclu-toplumlar-demektir","status":"publish","type":"post","link":"https:\/\/kibrisdakik.com\/?p=79636","title":{"rendered":"Din\u00e7y\u00fcrek: Sa\u011fl\u0131kl\u0131 nesiller, g\u00fc\u00e7l\u00fc toplumlar demektir"},"content":{"rendered":"<div>\n<div class=\"mariselle-image-container center\">\n                                            <\/div>\n<p>7 Nisan, D\u00fcnya Sa\u011fl\u0131k \u00d6rg\u00fct\u00fc\u2019n\u00fcn (DS\u00d6) kurulu\u015f y\u0131l d\u00f6n\u00fcm\u00fc dolay\u0131s\u0131yla her y\u0131l \u201cD\u00fcnya Sa\u011fl\u0131k G\u00fcn\u00fc\u201d olarak kutlanmaktad\u0131r. Sa\u011fl\u0131k G\u00fcn\u00fc vesilesi ile a\u00e7\u0131klama yapan Sa\u011fl\u0131k Bakan\u0131 Dr. Hakan Din\u00e7y\u00fcrek, sa\u011fl\u0131\u011f\u0131n yaln\u0131zca hastal\u0131k ve sakatl\u0131klar\u0131n olmamas\u0131 de\u011fil, fiziksel, ruhsal ve sosyal a\u00e7\u0131dan tam bir iyilik hali oldu\u011funu vurgulad\u0131.<\/p>\n<p>Bakan Din\u00e7y\u00fcrek, sa\u011fl\u0131\u011f\u0131n herkesin temel hakk\u0131 oldu\u011funu belirterek, bu hakk\u0131n hi\u00e7bir ayr\u0131m g\u00f6zetmeksizin t\u00fcm insanlara sunulmas\u0131 gerekti\u011finin alt\u0131n\u0131 \u00e7izdi.<\/p>\n<p>Sa\u011fl\u0131\u011f\u0131n ya\u015fam kalitesinin art\u0131r\u0131lmas\u0131nda ve s\u00fcrd\u00fcr\u00fclebilirli\u011finde temel bir rol oynad\u0131\u011f\u0131n\u0131 ifade eden Din\u00e7y\u00fcrek, sa\u011fl\u0131k bilincinin art\u0131r\u0131lmas\u0131n\u0131n \u00f6nemine dikkat \u00e7ekti. \u201cSa\u011fl\u0131k, anne karn\u0131ndan ba\u015flayarak bebeklikten ya\u015fl\u0131l\u0131\u011fa kadar herkes i\u00e7indir,\u201d diyen Din\u00e7y\u00fcrek, Bakanl\u0131k olarak toplumun t\u00fcm kesimlerine hizmet sunduklar\u0131n\u0131 s\u00f6yledi.<\/p>\n<p>Sa\u011fl\u0131k Bakanl\u0131\u011f\u0131 taraf\u0131ndan y\u00fcr\u00fct\u00fclen \u00e7al\u0131\u015fmalar\u0131n koruyucu, tedavi edici ve rehabilite edici hizmetleri kapsad\u0131\u011f\u0131n\u0131 belirten Bakan Din\u00e7y\u00fcrek, sa\u011fl\u0131k altyap\u0131s\u0131n\u0131n g\u00fc\u00e7lendirilmesi, hastane ve sa\u011fl\u0131k merkezlerinin fiziki ko\u015fullar\u0131n\u0131n iyile\u015ftirilmesi i\u00e7in \u00e7al\u0131\u015fmalar\u0131n aral\u0131ks\u0131z s\u00fcrd\u00fc\u011f\u00fcn\u00fc ifade etti. Ayr\u0131ca, ihtiya\u00e7 duyulan bran\u015flarda hekim kadrolar\u0131n\u0131n geni\u015fletildi\u011fini de ekledi.<\/p>\n<p>Bakan Din\u00e7y\u00fcrek, sa\u011fl\u0131\u011f\u0131n korunmas\u0131nda emek veren t\u00fcm sa\u011fl\u0131k \u00e7al\u0131\u015fanlar\u0131na ve toplum sa\u011fl\u0131\u011f\u0131na katk\u0131 sa\u011flayan kurum ve kurulu\u015flara te\u015fekk\u00fcr ederek, \u201cZaman mefhumu olmadan, b\u00fcy\u00fck bir \u00f6zveriyle \u00e7al\u0131\u015fan sa\u011fl\u0131k emek\u00e7ilerinin D\u00fcnya Sa\u011fl\u0131k G\u00fcn\u00fc\u2019n\u00fc kutluyorum,\u201d dedi.<\/p>\n<\/p><\/div>\n<p><script async\n                    defer\n                    crossorigin=\"anonymous\"\n                    src=\"https:\/\/connect.facebook.net\/tr_TR\/sdk.js#xfbml=1&#038;version=v3.3\"\n            ><\/script><\/p>\n","protected":false},"excerpt":{"rendered":"<p>7 Nisan, D\u00fcnya Sa\u011fl\u0131k \u00d6rg\u00fct\u00fc\u2019n\u00fcn (DS\u00d6) kurulu\u015f y\u0131l d\u00f6n\u00fcm\u00fc dolay\u0131s\u0131yla her y\u0131l \u201cD\u00fcnya Sa\u011fl\u0131k G\u00fcn\u00fc\u201d olarak kutlanmaktad\u0131r. Sa\u011fl\u0131k G\u00fcn\u00fc vesilesi ile a\u00e7\u0131klama yapan Sa\u011fl\u0131k Bakan\u0131 Dr. Hakan Din\u00e7y\u00fcrek, sa\u011fl\u0131\u011f\u0131n yaln\u0131zca hastal\u0131k ve sakatl\u0131klar\u0131n olmamas\u0131 de\u011fil, fiziksel, ruhsal ve sosyal a\u00e7\u0131dan tam bir iyilik hali oldu\u011funu vurgulad\u0131. Bakan Din\u00e7y\u00fcrek, sa\u011fl\u0131\u011f\u0131n herkesin temel hakk\u0131 oldu\u011funu belirterek, bu<\/p>\n","protected":false},"author":1,"featured_media":78361,"comment_status":"open","ping_status":"open","sticky":false,"template":"","format":"standard","meta":{"footnotes":""},"categories":[81,101],"tags":[],"class_list":["post-79636","post","type-post","status-publish","format-standard","has-post-thumbnail","hentry","category-kibris","category-manset"],"yoast_head":"<!-- This site is optimized with the Yoast SEO plugin v27.5 - https:\/\/yoast.com\/product\/yoast-seo-wordpress\/ -->\n<title>Din\u00e7y\u00fcrek: Sa\u011fl\u0131kl\u0131 nesiller, g\u00fc\u00e7l\u00fc toplumlar demektir -<\/title>\n<meta name=\"robots\" content=\"index, follow, max-snippet:-1, max-image-preview:large, max-video-preview:-1\" \/>\n<link rel=\"canonical\" href=\"https:\/\/kibrisdakik.com\/?p=79636\" \/>\n<meta property=\"og:locale\" content=\"tr_TR\" \/>\n<meta property=\"og:type\" content=\"article\" \/>\n<meta property=\"og:title\" content=\"Din\u00e7y\u00fcrek: Sa\u011fl\u0131kl\u0131 nesiller, g\u00fc\u00e7l\u00fc toplumlar demektir -\" \/>\n<meta property=\"og:description\" content=\"7 Nisan, D\u00fcnya Sa\u011fl\u0131k \u00d6rg\u00fct\u00fc\u2019n\u00fcn (DS\u00d6) kurulu\u015f y\u0131l d\u00f6n\u00fcm\u00fc dolay\u0131s\u0131yla her y\u0131l \u201cD\u00fcnya Sa\u011fl\u0131k G\u00fcn\u00fc\u201d olarak kutlanmaktad\u0131r. Sa\u011fl\u0131k G\u00fcn\u00fc vesilesi ile a\u00e7\u0131klama yapan Sa\u011fl\u0131k Bakan\u0131 Dr. Hakan Din\u00e7y\u00fcrek, sa\u011fl\u0131\u011f\u0131n yaln\u0131zca hastal\u0131k ve sakatl\u0131klar\u0131n olmamas\u0131 de\u011fil, fiziksel, ruhsal ve sosyal a\u00e7\u0131dan tam bir iyilik hali oldu\u011funu vurgulad\u0131. Bakan Din\u00e7y\u00fcrek, sa\u011fl\u0131\u011f\u0131n herkesin temel hakk\u0131 oldu\u011funu belirterek, bu\" \/>\n<meta property=\"og:url\" content=\"https:\/\/kibrisdakik.com\/?p=79636\" \/>\n<meta property=\"article:published_time\" content=\"2025-04-07T14:03:29+00:00\" \/>\n<meta property=\"og:image\" content=\"https:\/\/kibrisdakik.com\/wp-content\/uploads\/2025\/03\/1741876838242DINCYUREK-740x420.jpeg\" \/>\n\t<meta property=\"og:image:width\" content=\"960\" \/>\n\t<meta property=\"og:image:height\" content=\"688\" \/>\n\t<meta property=\"og:image:type\" content=\"image\/jpeg\" \/>\n<meta name=\"author\" content=\"admin\" \/>\n<meta name=\"twitter:card\" content=\"summary_large_image\" \/>\n<meta name=\"twitter:label1\" content=\"Yazan:\" \/>\n\t<meta name=\"twitter:data1\" content=\"admin\" \/>\n\t<meta name=\"twitter:label2\" content=\"Tahmini okuma s\u00fcresi\" \/>\n\t<meta name=\"twitter:data2\" content=\"2 dakika\" \/>\n<script type=\"application\/ld+json\" class=\"yoast-schema-graph\">{\"@context\":\"https:\\\/\\\/schema.org\",\"@graph\":[{\"@type\":\"Article\",\"@id\":\"https:\\\/\\\/kibrisdakik.com\\\/?p=79636#article\",\"isPartOf\":{\"@id\":\"https:\\\/\\\/kibrisdakik.com\\\/?p=79636\"},\"author\":{\"name\":\"admin\",\"@id\":\"https:\\\/\\\/kibrisdakik.com\\\/#\\\/schema\\\/person\\\/9cd9d437bbb44f72b73ba127e06d8e79\"},\"headline\":\"Din\u00e7y\u00fcrek: Sa\u011fl\u0131kl\u0131 nesiller, g\u00fc\u00e7l\u00fc toplumlar demektir\",\"datePublished\":\"2025-04-07T14:03:29+00:00\",\"mainEntityOfPage\":{\"@id\":\"https:\\\/\\\/kibrisdakik.com\\\/?p=79636\"},\"wordCount\":329,\"commentCount\":0,\"image\":{\"@id\":\"https:\\\/\\\/kibrisdakik.com\\\/?p=79636#primaryimage\"},\"thumbnailUrl\":\"https:\\\/\\\/kibrisdakik.com\\\/wp-content\\\/uploads\\\/2025\\\/03\\\/1741876838242DINCYUREK-740x420.jpeg\",\"articleSection\":[\"K\u0131br\u0131s\",\"Man\u015fet\"],\"inLanguage\":\"tr\",\"potentialAction\":[{\"@type\":\"CommentAction\",\"name\":\"Comment\",\"target\":[\"https:\\\/\\\/kibrisdakik.com\\\/?p=79636#respond\"]}]},{\"@type\":\"WebPage\",\"@id\":\"https:\\\/\\\/kibrisdakik.com\\\/?p=79636\",\"url\":\"https:\\\/\\\/kibrisdakik.com\\\/?p=79636\",\"name\":\"Din\u00e7y\u00fcrek: Sa\u011fl\u0131kl\u0131 nesiller, g\u00fc\u00e7l\u00fc toplumlar demektir -\",\"isPartOf\":{\"@id\":\"https:\\\/\\\/kibrisdakik.com\\\/#website\"},\"primaryImageOfPage\":{\"@id\":\"https:\\\/\\\/kibrisdakik.com\\\/?p=79636#primaryimage\"},\"image\":{\"@id\":\"https:\\\/\\\/kibrisdakik.com\\\/?p=79636#primaryimage\"},\"thumbnailUrl\":\"https:\\\/\\\/kibrisdakik.com\\\/wp-content\\\/uploads\\\/2025\\\/03\\\/1741876838242DINCYUREK-740x420.jpeg\",\"datePublished\":\"2025-04-07T14:03:29+00:00\",\"author\":{\"@id\":\"https:\\\/\\\/kibrisdakik.com\\\/#\\\/schema\\\/person\\\/9cd9d437bbb44f72b73ba127e06d8e79\"},\"breadcrumb\":{\"@id\":\"https:\\\/\\\/kibrisdakik.com\\\/?p=79636#breadcrumb\"},\"inLanguage\":\"tr\",\"potentialAction\":[{\"@type\":\"ReadAction\",\"target\":[\"https:\\\/\\\/kibrisdakik.com\\\/?p=79636\"]}]},{\"@type\":\"ImageObject\",\"inLanguage\":\"tr\",\"@id\":\"https:\\\/\\\/kibrisdakik.com\\\/?p=79636#primaryimage\",\"url\":\"https:\\\/\\\/kibrisdakik.com\\\/wp-content\\\/uploads\\\/2025\\\/03\\\/1741876838242DINCYUREK-740x420.jpeg\",\"contentUrl\":\"https:\\\/\\\/kibrisdakik.com\\\/wp-content\\\/uploads\\\/2025\\\/03\\\/1741876838242DINCYUREK-740x420.jpeg\",\"width\":960,\"height\":688},{\"@type\":\"BreadcrumbList\",\"@id\":\"https:\\\/\\\/kibrisdakik.com\\\/?p=79636#breadcrumb\",\"itemListElement\":[{\"@type\":\"ListItem\",\"position\":1,\"name\":\"Home\",\"item\":\"https:\\\/\\\/kibrisdakik.com\\\/\"},{\"@type\":\"ListItem\",\"position\":2,\"name\":\"Din\u00e7y\u00fcrek: Sa\u011fl\u0131kl\u0131 nesiller, g\u00fc\u00e7l\u00fc toplumlar demektir\"}]},{\"@type\":\"WebSite\",\"@id\":\"https:\\\/\\\/kibrisdakik.com\\\/#website\",\"url\":\"https:\\\/\\\/kibrisdakik.com\\\/\",\"name\":\"\",\"description\":\"Tam vaktinde haber\",\"potentialAction\":[{\"@type\":\"SearchAction\",\"target\":{\"@type\":\"EntryPoint\",\"urlTemplate\":\"https:\\\/\\\/kibrisdakik.com\\\/?s={search_term_string}\"},\"query-input\":{\"@type\":\"PropertyValueSpecification\",\"valueRequired\":true,\"valueName\":\"search_term_string\"}}],\"inLanguage\":\"tr\"},{\"@type\":\"Person\",\"@id\":\"https:\\\/\\\/kibrisdakik.com\\\/#\\\/schema\\\/person\\\/9cd9d437bbb44f72b73ba127e06d8e79\",\"name\":\"admin\",\"image\":{\"@type\":\"ImageObject\",\"inLanguage\":\"tr\",\"@id\":\"https:\\\/\\\/secure.gravatar.com\\\/avatar\\\/ccc17943b9d660506c869530f897617f7cb1c21a4bf30023f252596d83e1f007?s=96&d=mm&r=g\",\"url\":\"https:\\\/\\\/secure.gravatar.com\\\/avatar\\\/ccc17943b9d660506c869530f897617f7cb1c21a4bf30023f252596d83e1f007?s=96&d=mm&r=g\",\"contentUrl\":\"https:\\\/\\\/secure.gravatar.com\\\/avatar\\\/ccc17943b9d660506c869530f897617f7cb1c21a4bf30023f252596d83e1f007?s=96&d=mm&r=g\",\"caption\":\"admin\"},\"sameAs\":[\"https:\\\/\\\/kibrisdakik.com\"],\"url\":\"https:\\\/\\\/kibrisdakik.com\\\/?author=1\"}]}<\/script>\n<!-- \/ Yoast SEO plugin. -->","yoast_head_json":{"title":"Din\u00e7y\u00fcrek: Sa\u011fl\u0131kl\u0131 nesiller, g\u00fc\u00e7l\u00fc toplumlar demektir -","robots":{"index":"index","follow":"follow","max-snippet":"max-snippet:-1","max-image-preview":"max-image-preview:large","max-video-preview":"max-video-preview:-1"},"canonical":"https:\/\/kibrisdakik.com\/?p=79636","og_locale":"tr_TR","og_type":"article","og_title":"Din\u00e7y\u00fcrek: Sa\u011fl\u0131kl\u0131 nesiller, g\u00fc\u00e7l\u00fc toplumlar demektir -","og_description":"7 Nisan, D\u00fcnya Sa\u011fl\u0131k \u00d6rg\u00fct\u00fc\u2019n\u00fcn (DS\u00d6) kurulu\u015f y\u0131l d\u00f6n\u00fcm\u00fc dolay\u0131s\u0131yla her y\u0131l \u201cD\u00fcnya Sa\u011fl\u0131k G\u00fcn\u00fc\u201d olarak kutlanmaktad\u0131r. Sa\u011fl\u0131k G\u00fcn\u00fc vesilesi ile a\u00e7\u0131klama yapan Sa\u011fl\u0131k Bakan\u0131 Dr. Hakan Din\u00e7y\u00fcrek, sa\u011fl\u0131\u011f\u0131n yaln\u0131zca hastal\u0131k ve sakatl\u0131klar\u0131n olmamas\u0131 de\u011fil, fiziksel, ruhsal ve sosyal a\u00e7\u0131dan tam bir iyilik hali oldu\u011funu vurgulad\u0131. Bakan Din\u00e7y\u00fcrek, sa\u011fl\u0131\u011f\u0131n herkesin temel hakk\u0131 oldu\u011funu belirterek, bu","og_url":"https:\/\/kibrisdakik.com\/?p=79636","article_published_time":"2025-04-07T14:03:29+00:00","og_image":[{"width":960,"height":688,"url":"https:\/\/kibrisdakik.com\/wp-content\/uploads\/2025\/03\/1741876838242DINCYUREK-740x420.jpeg","type":"image\/jpeg"}],"author":"admin","twitter_card":"summary_large_image","twitter_misc":{"Yazan:":"admin","Tahmini okuma s\u00fcresi":"2 dakika"},"schema":{"@context":"https:\/\/schema.org","@graph":[{"@type":"Article","@id":"https:\/\/kibrisdakik.com\/?p=79636#article","isPartOf":{"@id":"https:\/\/kibrisdakik.com\/?p=79636"},"author":{"name":"admin","@id":"https:\/\/kibrisdakik.com\/#\/schema\/person\/9cd9d437bbb44f72b73ba127e06d8e79"},"headline":"Din\u00e7y\u00fcrek: Sa\u011fl\u0131kl\u0131 nesiller, g\u00fc\u00e7l\u00fc toplumlar demektir","datePublished":"2025-04-07T14:03:29+00:00","mainEntityOfPage":{"@id":"https:\/\/kibrisdakik.com\/?p=79636"},"wordCount":329,"commentCount":0,"image":{"@id":"https:\/\/kibrisdakik.com\/?p=79636#primaryimage"},"thumbnailUrl":"https:\/\/kibrisdakik.com\/wp-content\/uploads\/2025\/03\/1741876838242DINCYUREK-740x420.jpeg","articleSection":["K\u0131br\u0131s","Man\u015fet"],"inLanguage":"tr","potentialAction":[{"@type":"CommentAction","name":"Comment","target":["https:\/\/kibrisdakik.com\/?p=79636#respond"]}]},{"@type":"WebPage","@id":"https:\/\/kibrisdakik.com\/?p=79636","url":"https:\/\/kibrisdakik.com\/?p=79636","name":"Din\u00e7y\u00fcrek: Sa\u011fl\u0131kl\u0131 nesiller, g\u00fc\u00e7l\u00fc toplumlar demektir -","isPartOf":{"@id":"https:\/\/kibrisdakik.com\/#website"},"primaryImageOfPage":{"@id":"https:\/\/kibrisdakik.com\/?p=79636#primaryimage"},"image":{"@id":"https:\/\/kibrisdakik.com\/?p=79636#primaryimage"},"thumbnailUrl":"https:\/\/kibrisdakik.com\/wp-content\/uploads\/2025\/03\/1741876838242DINCYUREK-740x420.jpeg","datePublished":"2025-04-07T14:03:29+00:00","author":{"@id":"https:\/\/kibrisdakik.com\/#\/schema\/person\/9cd9d437bbb44f72b73ba127e06d8e79"},"breadcrumb":{"@id":"https:\/\/kibrisdakik.com\/?p=79636#breadcrumb"},"inLanguage":"tr","potentialAction":[{"@type":"ReadAction","target":["https:\/\/kibrisdakik.com\/?p=79636"]}]},{"@type":"ImageObject","inLanguage":"tr","@id":"https:\/\/kibrisdakik.com\/?p=79636#primaryimage","url":"https:\/\/kibrisdakik.com\/wp-content\/uploads\/2025\/03\/1741876838242DINCYUREK-740x420.jpeg","contentUrl":"https:\/\/kibrisdakik.com\/wp-content\/uploads\/2025\/03\/1741876838242DINCYUREK-740x420.jpeg","width":960,"height":688},{"@type":"BreadcrumbList","@id":"https:\/\/kibrisdakik.com\/?p=79636#breadcrumb","itemListElement":[{"@type":"ListItem","position":1,"name":"Home","item":"https:\/\/kibrisdakik.com\/"},{"@type":"ListItem","position":2,"name":"Din\u00e7y\u00fcrek: Sa\u011fl\u0131kl\u0131 nesiller, g\u00fc\u00e7l\u00fc toplumlar demektir"}]},{"@type":"WebSite","@id":"https:\/\/kibrisdakik.com\/#website","url":"https:\/\/kibrisdakik.com\/","name":"","description":"Tam vaktinde haber","potentialAction":[{"@type":"SearchAction","target":{"@type":"EntryPoint","urlTemplate":"https:\/\/kibrisdakik.com\/?s={search_term_string}"},"query-input":{"@type":"PropertyValueSpecification","valueRequired":true,"valueName":"search_term_string"}}],"inLanguage":"tr"},{"@type":"Person","@id":"https:\/\/kibrisdakik.com\/#\/schema\/person\/9cd9d437bbb44f72b73ba127e06d8e79","name":"admin","image":{"@type":"ImageObject","inLanguage":"tr","@id":"https:\/\/secure.gravatar.com\/avatar\/ccc17943b9d660506c869530f897617f7cb1c21a4bf30023f252596d83e1f007?s=96&d=mm&r=g","url":"https:\/\/secure.gravatar.com\/avatar\/ccc17943b9d660506c869530f897617f7cb1c21a4bf30023f252596d83e1f007?s=96&d=mm&r=g","contentUrl":"https:\/\/secure.gravatar.com\/avatar\/ccc17943b9d660506c869530f897617f7cb1c21a4bf30023f252596d83e1f007?s=96&d=mm&r=g","caption":"admin"},"sameAs":["https:\/\/kibrisdakik.com"],"url":"https:\/\/kibrisdakik.com\/?author=1"}]}},"_links":{"self":[{"href":"https:\/\/kibrisdakik.com\/index.php?rest_route=\/wp\/v2\/posts\/79636","targetHints":{"allow":["GET"]}}],"collection":[{"href":"https:\/\/kibrisdakik.com\/index.php?rest_route=\/wp\/v2\/posts"}],"about":[{"href":"https:\/\/kibrisdakik.com\/index.php?rest_route=\/wp\/v2\/types\/post"}],"author":[{"embeddable":true,"href":"https:\/\/kibrisdakik.com\/index.php?rest_route=\/wp\/v2\/users\/1"}],"replies":[{"embeddable":true,"href":"https:\/\/kibrisdakik.com\/index.php?rest_route=%2Fwp%2Fv2%2Fcomments&post=79636"}],"version-history":[{"count":0,"href":"https:\/\/kibrisdakik.com\/index.php?rest_route=\/wp\/v2\/posts\/79636\/revisions"}],"wp:featuredmedia":[{"embeddable":true,"href":"https:\/\/kibrisdakik.com\/index.php?rest_route=\/wp\/v2\/media\/78361"}],"wp:attachment":[{"href":"https:\/\/kibrisdakik.com\/index.php?rest_route=%2Fwp%2Fv2%2Fmedia&parent=79636"}],"wp:term":[{"taxonomy":"category","embeddable":true,"href":"https:\/\/kibrisdakik.com\/index.php?rest_route=%2Fwp%2Fv2%2Fcategories&post=79636"},{"taxonomy":"post_tag","embeddable":true,"href":"https:\/\/kibrisdakik.com\/index.php?rest_route=%2Fwp%2Fv2%2Ftags&post=79636"}],"curies":[{"name":"wp","href":"https:\/\/api.w.org\/{rel}","templated":true}]}}