{"id":7965,"date":"2023-05-31T16:28:28","date_gmt":"2023-05-31T16:28:28","guid":{"rendered":"https:\/\/kibrisdakik.com\/index.php\/2023\/05\/31\/kultur-dairesi-ziyamet-ilkokulunda-siirlerle-buyusun-cocuklar-etkinligi-gerceklestirdi\/"},"modified":"2023-05-31T16:28:28","modified_gmt":"2023-05-31T16:28:28","slug":"kultur-dairesi-ziyamet-ilkokulunda-siirlerle-buyusun-cocuklar-etkinligi-gerceklestirdi","status":"publish","type":"post","link":"https:\/\/kibrisdakik.com\/?p=7965","title":{"rendered":"K\u00fclt\u00fcr Dairesi, Ziyamet \u0130lkokulu\u2019nda \u201c\u015eiirlerle B\u00fcy\u00fcs\u00fcn \u00c7ocuklar\u201d etkinli\u011fi ger\u00e7ekle\u015ftirdi"},"content":{"rendered":"<p><\/p>\n<div>\n<div class=\"mariselle-image-container center\">\n                <img width=\"1600\" height=\"721\" class=\"lazy-image\" alt=\"\" decoding=\"async\" loading=\"lazy\" sizes=\"auto, (max-width: 1600px) 100vw, 1600px\" src=\"https:\/\/brtk.net\/wp-content\/uploads\/2023\/05\/31\/a96ed0d7-5ccb-4e12-bf0c-0a274141ac15.jpg?ver=cf8cd311727dcd612d7baa624220af7f\" srcset=\"https:\/\/brtk.net\/wp-content\/uploads\/2023\/05\/31\/a96ed0d7-5ccb-4e12-bf0c-0a274141ac15.jpg?ver=cf8cd311727dcd612d7baa624220af7f 1600w, https:\/\/brtk.net\/wp-content\/uploads\/2023\/05\/31\/a96ed0d7-5ccb-4e12-bf0c-0a274141ac15-300x135.jpg?ver=cf8cd311727dcd612d7baa624220af7f 300w, https:\/\/brtk.net\/wp-content\/uploads\/2023\/05\/31\/a96ed0d7-5ccb-4e12-bf0c-0a274141ac15-1024x461.jpg?ver=26dc2b732fb152af13175eb65eeffc47 1024w, https:\/\/brtk.net\/wp-content\/uploads\/2023\/05\/31\/a96ed0d7-5ccb-4e12-bf0c-0a274141ac15-768x346.jpg?ver=26dc2b732fb152af13175eb65eeffc47 768w, https:\/\/brtk.net\/wp-content\/uploads\/2023\/05\/31\/a96ed0d7-5ccb-4e12-bf0c-0a274141ac15-1536x692.jpg?ver=26dc2b732fb152af13175eb65eeffc47 1536w\"\/>                            <\/div>\n<p>Ba\u015fbakan Yard\u0131mc\u0131l\u0131\u011f\u0131, Turizm, K\u00fclt\u00fcr, Gen\u00e7lik ve \u00c7evre Bakanl\u0131\u011f\u0131\u2019na ba\u011fl\u0131 K\u00fclt\u00fcr Dairesi 1 Haziran D\u00fcnya \u00c7ocuk G\u00fcn\u00fc dolay\u0131s\u0131yla \u00e7e\u015fitli etkinlikler ger\u00e7ekle\u015ftiriyor.<\/p>\n<p>\tEtkinlikler kapsam\u0131nda K\u00fclt\u00fcr Dairesine ba\u011fl\u0131 Yenierenk\u00f6y Halk K\u00fct\u00fcphanesi taraf\u0131ndan  Ziyamet \u0130lkokulu\u2019nda \u201c\u015eiirlerle B\u00fcy\u00fcs\u00fcn \u00c7ocuklar\u201d etkinli\u011fi ger\u00e7ekle\u015ftirildi.<\/p>\n<p>K\u00fclt\u00fcr Dairesi M\u00fcd\u00fcr\u00fc \u015eirin Zafery\u0131ld\u0131z\u0131 etkinli\u011fin a\u00e7\u0131l\u0131\u015f\u0131nda k\u0131sa bir a\u00e7\u0131klama yapt\u0131.<\/p>\n<p>Zafery\u0131ld\u0131z\u0131, bir \u00fclkenin umudunun ve gelece\u011finin \u00e7ocuklar oldu\u011funu kaydederek kitap okuman\u0131n \u00f6nemine vurgu yapt\u0131.<\/p>\n<p>Konu\u015fman\u0131n ard\u0131ndan Zafery\u0131ld\u0131z\u0131 \u00e7ocuklarla sohbet etti ve \u015fiirler okudu.<\/p>\n<p>b<a href=\"https:\/\/brtk.net\/\">BRT<\/a><\/p>\n<\/p><\/div>\n<p><script async\n                    defer\n                    crossorigin=\"anonymous\"\n                    src=\"https:\/\/connect.facebook.net\/tr_TR\/sdk.js#xfbml=1&#038;version=v3.3\"\n            ><\/script><\/p>\n","protected":false},"excerpt":{"rendered":"<p>Ba\u015fbakan Yard\u0131mc\u0131l\u0131\u011f\u0131, Turizm, K\u00fclt\u00fcr, Gen\u00e7lik ve \u00c7evre Bakanl\u0131\u011f\u0131\u2019na ba\u011fl\u0131 K\u00fclt\u00fcr Dairesi 1 Haziran D\u00fcnya \u00c7ocuk G\u00fcn\u00fc dolay\u0131s\u0131yla \u00e7e\u015fitli etkinlikler ger\u00e7ekle\u015ftiriyor. Etkinlikler kapsam\u0131nda K\u00fclt\u00fcr Dairesine ba\u011fl\u0131 Yenierenk\u00f6y Halk K\u00fct\u00fcphanesi taraf\u0131ndan Ziyamet \u0130lkokulu\u2019nda \u201c\u015eiirlerle B\u00fcy\u00fcs\u00fcn \u00c7ocuklar\u201d etkinli\u011fi ger\u00e7ekle\u015ftirildi. K\u00fclt\u00fcr Dairesi M\u00fcd\u00fcr\u00fc \u015eirin Zafery\u0131ld\u0131z\u0131 etkinli\u011fin a\u00e7\u0131l\u0131\u015f\u0131nda k\u0131sa bir a\u00e7\u0131klama yapt\u0131. Zafery\u0131ld\u0131z\u0131, bir \u00fclkenin umudunun ve gelece\u011finin \u00e7ocuklar oldu\u011funu<\/p>\n","protected":false},"author":1,"featured_media":7966,"comment_status":"open","ping_status":"open","sticky":false,"template":"","format":"standard","meta":{"footnotes":""},"categories":[1],"tags":[],"class_list":["post-7965","post","type-post","status-publish","format-standard","has-post-thumbnail","hentry","category-gundem"],"yoast_head":"<!-- This site is optimized with the Yoast SEO plugin v27.5 - https:\/\/yoast.com\/product\/yoast-seo-wordpress\/ -->\n<title>K\u00fclt\u00fcr Dairesi, Ziyamet \u0130lkokulu\u2019nda \u201c\u015eiirlerle B\u00fcy\u00fcs\u00fcn \u00c7ocuklar\u201d etkinli\u011fi ger\u00e7ekle\u015ftirdi -<\/title>\n<meta name=\"robots\" content=\"index, follow, max-snippet:-1, max-image-preview:large, max-video-preview:-1\" \/>\n<link rel=\"canonical\" href=\"https:\/\/kibrisdakik.com\/?p=7965\" \/>\n<meta property=\"og:locale\" content=\"tr_TR\" \/>\n<meta property=\"og:type\" content=\"article\" \/>\n<meta property=\"og:title\" content=\"K\u00fclt\u00fcr Dairesi, Ziyamet \u0130lkokulu\u2019nda \u201c\u015eiirlerle B\u00fcy\u00fcs\u00fcn \u00c7ocuklar\u201d etkinli\u011fi ger\u00e7ekle\u015ftirdi -\" \/>\n<meta property=\"og:description\" content=\"Ba\u015fbakan Yard\u0131mc\u0131l\u0131\u011f\u0131, Turizm, K\u00fclt\u00fcr, Gen\u00e7lik ve \u00c7evre Bakanl\u0131\u011f\u0131\u2019na ba\u011fl\u0131 K\u00fclt\u00fcr Dairesi 1 Haziran D\u00fcnya \u00c7ocuk G\u00fcn\u00fc dolay\u0131s\u0131yla \u00e7e\u015fitli etkinlikler ger\u00e7ekle\u015ftiriyor. Etkinlikler kapsam\u0131nda K\u00fclt\u00fcr Dairesine ba\u011fl\u0131 Yenierenk\u00f6y Halk K\u00fct\u00fcphanesi taraf\u0131ndan Ziyamet \u0130lkokulu\u2019nda \u201c\u015eiirlerle B\u00fcy\u00fcs\u00fcn \u00c7ocuklar\u201d etkinli\u011fi ger\u00e7ekle\u015ftirildi. K\u00fclt\u00fcr Dairesi M\u00fcd\u00fcr\u00fc \u015eirin Zafery\u0131ld\u0131z\u0131 etkinli\u011fin a\u00e7\u0131l\u0131\u015f\u0131nda k\u0131sa bir a\u00e7\u0131klama yapt\u0131. Zafery\u0131ld\u0131z\u0131, bir \u00fclkenin umudunun ve gelece\u011finin \u00e7ocuklar oldu\u011funu\" \/>\n<meta property=\"og:url\" content=\"https:\/\/kibrisdakik.com\/?p=7965\" \/>\n<meta property=\"article:published_time\" content=\"2023-05-31T16:28:28+00:00\" \/>\n<meta property=\"og:image\" content=\"https:\/\/kibrisdakik.com\/wp-content\/uploads\/2023\/05\/a96ed0d7-5ccb-4e12-bf0c-0a274141ac15-740x420.jpg\" \/>\n\t<meta property=\"og:image:width\" content=\"1600\" \/>\n\t<meta property=\"og:image:height\" content=\"721\" \/>\n\t<meta property=\"og:image:type\" content=\"image\/jpeg\" \/>\n<meta name=\"author\" content=\"admin\" \/>\n<meta name=\"twitter:card\" content=\"summary_large_image\" \/>\n<meta name=\"twitter:label1\" content=\"Yazan:\" \/>\n\t<meta name=\"twitter:data1\" content=\"admin\" \/>\n\t<meta name=\"twitter:label2\" content=\"Tahmini okuma s\u00fcresi\" \/>\n\t<meta name=\"twitter:data2\" content=\"1 dakika\" \/>\n<script type=\"application\/ld+json\" class=\"yoast-schema-graph\">{\"@context\":\"https:\\\/\\\/schema.org\",\"@graph\":[{\"@type\":\"Article\",\"@id\":\"https:\\\/\\\/kibrisdakik.com\\\/?p=7965#article\",\"isPartOf\":{\"@id\":\"https:\\\/\\\/kibrisdakik.com\\\/?p=7965\"},\"author\":{\"name\":\"admin\",\"@id\":\"https:\\\/\\\/kibrisdakik.com\\\/#\\\/schema\\\/person\\\/9cd9d437bbb44f72b73ba127e06d8e79\"},\"headline\":\"K\u00fclt\u00fcr Dairesi, Ziyamet \u0130lkokulu\u2019nda \u201c\u015eiirlerle B\u00fcy\u00fcs\u00fcn \u00c7ocuklar\u201d etkinli\u011fi ger\u00e7ekle\u015ftirdi\",\"datePublished\":\"2023-05-31T16:28:28+00:00\",\"mainEntityOfPage\":{\"@id\":\"https:\\\/\\\/kibrisdakik.com\\\/?p=7965\"},\"wordCount\":141,\"commentCount\":0,\"image\":{\"@id\":\"https:\\\/\\\/kibrisdakik.com\\\/?p=7965#primaryimage\"},\"thumbnailUrl\":\"https:\\\/\\\/kibrisdakik.com\\\/wp-content\\\/uploads\\\/2023\\\/05\\\/a96ed0d7-5ccb-4e12-bf0c-0a274141ac15-740x420.jpg\",\"articleSection\":[\"G\u00fcndem\"],\"inLanguage\":\"tr\",\"potentialAction\":[{\"@type\":\"CommentAction\",\"name\":\"Comment\",\"target\":[\"https:\\\/\\\/kibrisdakik.com\\\/?p=7965#respond\"]}]},{\"@type\":\"WebPage\",\"@id\":\"https:\\\/\\\/kibrisdakik.com\\\/?p=7965\",\"url\":\"https:\\\/\\\/kibrisdakik.com\\\/?p=7965\",\"name\":\"K\u00fclt\u00fcr Dairesi, Ziyamet \u0130lkokulu\u2019nda \u201c\u015eiirlerle B\u00fcy\u00fcs\u00fcn \u00c7ocuklar\u201d etkinli\u011fi ger\u00e7ekle\u015ftirdi -\",\"isPartOf\":{\"@id\":\"https:\\\/\\\/kibrisdakik.com\\\/#website\"},\"primaryImageOfPage\":{\"@id\":\"https:\\\/\\\/kibrisdakik.com\\\/?p=7965#primaryimage\"},\"image\":{\"@id\":\"https:\\\/\\\/kibrisdakik.com\\\/?p=7965#primaryimage\"},\"thumbnailUrl\":\"https:\\\/\\\/kibrisdakik.com\\\/wp-content\\\/uploads\\\/2023\\\/05\\\/a96ed0d7-5ccb-4e12-bf0c-0a274141ac15-740x420.jpg\",\"datePublished\":\"2023-05-31T16:28:28+00:00\",\"author\":{\"@id\":\"https:\\\/\\\/kibrisdakik.com\\\/#\\\/schema\\\/person\\\/9cd9d437bbb44f72b73ba127e06d8e79\"},\"breadcrumb\":{\"@id\":\"https:\\\/\\\/kibrisdakik.com\\\/?p=7965#breadcrumb\"},\"inLanguage\":\"tr\",\"potentialAction\":[{\"@type\":\"ReadAction\",\"target\":[\"https:\\\/\\\/kibrisdakik.com\\\/?p=7965\"]}]},{\"@type\":\"ImageObject\",\"inLanguage\":\"tr\",\"@id\":\"https:\\\/\\\/kibrisdakik.com\\\/?p=7965#primaryimage\",\"url\":\"https:\\\/\\\/kibrisdakik.com\\\/wp-content\\\/uploads\\\/2023\\\/05\\\/a96ed0d7-5ccb-4e12-bf0c-0a274141ac15-740x420.jpg\",\"contentUrl\":\"https:\\\/\\\/kibrisdakik.com\\\/wp-content\\\/uploads\\\/2023\\\/05\\\/a96ed0d7-5ccb-4e12-bf0c-0a274141ac15-740x420.jpg\",\"width\":1600,\"height\":721},{\"@type\":\"BreadcrumbList\",\"@id\":\"https:\\\/\\\/kibrisdakik.com\\\/?p=7965#breadcrumb\",\"itemListElement\":[{\"@type\":\"ListItem\",\"position\":1,\"name\":\"Home\",\"item\":\"https:\\\/\\\/kibrisdakik.com\\\/\"},{\"@type\":\"ListItem\",\"position\":2,\"name\":\"K\u00fclt\u00fcr Dairesi, Ziyamet \u0130lkokulu\u2019nda \u201c\u015eiirlerle B\u00fcy\u00fcs\u00fcn \u00c7ocuklar\u201d etkinli\u011fi ger\u00e7ekle\u015ftirdi\"}]},{\"@type\":\"WebSite\",\"@id\":\"https:\\\/\\\/kibrisdakik.com\\\/#website\",\"url\":\"https:\\\/\\\/kibrisdakik.com\\\/\",\"name\":\"\",\"description\":\"Tam vaktinde haber\",\"potentialAction\":[{\"@type\":\"SearchAction\",\"target\":{\"@type\":\"EntryPoint\",\"urlTemplate\":\"https:\\\/\\\/kibrisdakik.com\\\/?s={search_term_string}\"},\"query-input\":{\"@type\":\"PropertyValueSpecification\",\"valueRequired\":true,\"valueName\":\"search_term_string\"}}],\"inLanguage\":\"tr\"},{\"@type\":\"Person\",\"@id\":\"https:\\\/\\\/kibrisdakik.com\\\/#\\\/schema\\\/person\\\/9cd9d437bbb44f72b73ba127e06d8e79\",\"name\":\"admin\",\"image\":{\"@type\":\"ImageObject\",\"inLanguage\":\"tr\",\"@id\":\"https:\\\/\\\/secure.gravatar.com\\\/avatar\\\/ccc17943b9d660506c869530f897617f7cb1c21a4bf30023f252596d83e1f007?s=96&d=mm&r=g\",\"url\":\"https:\\\/\\\/secure.gravatar.com\\\/avatar\\\/ccc17943b9d660506c869530f897617f7cb1c21a4bf30023f252596d83e1f007?s=96&d=mm&r=g\",\"contentUrl\":\"https:\\\/\\\/secure.gravatar.com\\\/avatar\\\/ccc17943b9d660506c869530f897617f7cb1c21a4bf30023f252596d83e1f007?s=96&d=mm&r=g\",\"caption\":\"admin\"},\"sameAs\":[\"https:\\\/\\\/kibrisdakik.com\"],\"url\":\"https:\\\/\\\/kibrisdakik.com\\\/?author=1\"}]}<\/script>\n<!-- \/ Yoast SEO plugin. -->","yoast_head_json":{"title":"K\u00fclt\u00fcr Dairesi, Ziyamet \u0130lkokulu\u2019nda \u201c\u015eiirlerle B\u00fcy\u00fcs\u00fcn \u00c7ocuklar\u201d etkinli\u011fi ger\u00e7ekle\u015ftirdi -","robots":{"index":"index","follow":"follow","max-snippet":"max-snippet:-1","max-image-preview":"max-image-preview:large","max-video-preview":"max-video-preview:-1"},"canonical":"https:\/\/kibrisdakik.com\/?p=7965","og_locale":"tr_TR","og_type":"article","og_title":"K\u00fclt\u00fcr Dairesi, Ziyamet \u0130lkokulu\u2019nda \u201c\u015eiirlerle B\u00fcy\u00fcs\u00fcn \u00c7ocuklar\u201d etkinli\u011fi ger\u00e7ekle\u015ftirdi -","og_description":"Ba\u015fbakan Yard\u0131mc\u0131l\u0131\u011f\u0131, Turizm, K\u00fclt\u00fcr, Gen\u00e7lik ve \u00c7evre Bakanl\u0131\u011f\u0131\u2019na ba\u011fl\u0131 K\u00fclt\u00fcr Dairesi 1 Haziran D\u00fcnya \u00c7ocuk G\u00fcn\u00fc dolay\u0131s\u0131yla \u00e7e\u015fitli etkinlikler ger\u00e7ekle\u015ftiriyor. Etkinlikler kapsam\u0131nda K\u00fclt\u00fcr Dairesine ba\u011fl\u0131 Yenierenk\u00f6y Halk K\u00fct\u00fcphanesi taraf\u0131ndan Ziyamet \u0130lkokulu\u2019nda \u201c\u015eiirlerle B\u00fcy\u00fcs\u00fcn \u00c7ocuklar\u201d etkinli\u011fi ger\u00e7ekle\u015ftirildi. K\u00fclt\u00fcr Dairesi M\u00fcd\u00fcr\u00fc \u015eirin Zafery\u0131ld\u0131z\u0131 etkinli\u011fin a\u00e7\u0131l\u0131\u015f\u0131nda k\u0131sa bir a\u00e7\u0131klama yapt\u0131. Zafery\u0131ld\u0131z\u0131, bir \u00fclkenin umudunun ve gelece\u011finin \u00e7ocuklar oldu\u011funu","og_url":"https:\/\/kibrisdakik.com\/?p=7965","article_published_time":"2023-05-31T16:28:28+00:00","og_image":[{"width":1600,"height":721,"url":"https:\/\/kibrisdakik.com\/wp-content\/uploads\/2023\/05\/a96ed0d7-5ccb-4e12-bf0c-0a274141ac15-740x420.jpg","type":"image\/jpeg"}],"author":"admin","twitter_card":"summary_large_image","twitter_misc":{"Yazan:":"admin","Tahmini okuma s\u00fcresi":"1 dakika"},"schema":{"@context":"https:\/\/schema.org","@graph":[{"@type":"Article","@id":"https:\/\/kibrisdakik.com\/?p=7965#article","isPartOf":{"@id":"https:\/\/kibrisdakik.com\/?p=7965"},"author":{"name":"admin","@id":"https:\/\/kibrisdakik.com\/#\/schema\/person\/9cd9d437bbb44f72b73ba127e06d8e79"},"headline":"K\u00fclt\u00fcr Dairesi, Ziyamet \u0130lkokulu\u2019nda \u201c\u015eiirlerle B\u00fcy\u00fcs\u00fcn \u00c7ocuklar\u201d etkinli\u011fi ger\u00e7ekle\u015ftirdi","datePublished":"2023-05-31T16:28:28+00:00","mainEntityOfPage":{"@id":"https:\/\/kibrisdakik.com\/?p=7965"},"wordCount":141,"commentCount":0,"image":{"@id":"https:\/\/kibrisdakik.com\/?p=7965#primaryimage"},"thumbnailUrl":"https:\/\/kibrisdakik.com\/wp-content\/uploads\/2023\/05\/a96ed0d7-5ccb-4e12-bf0c-0a274141ac15-740x420.jpg","articleSection":["G\u00fcndem"],"inLanguage":"tr","potentialAction":[{"@type":"CommentAction","name":"Comment","target":["https:\/\/kibrisdakik.com\/?p=7965#respond"]}]},{"@type":"WebPage","@id":"https:\/\/kibrisdakik.com\/?p=7965","url":"https:\/\/kibrisdakik.com\/?p=7965","name":"K\u00fclt\u00fcr Dairesi, Ziyamet \u0130lkokulu\u2019nda \u201c\u015eiirlerle B\u00fcy\u00fcs\u00fcn \u00c7ocuklar\u201d etkinli\u011fi ger\u00e7ekle\u015ftirdi -","isPartOf":{"@id":"https:\/\/kibrisdakik.com\/#website"},"primaryImageOfPage":{"@id":"https:\/\/kibrisdakik.com\/?p=7965#primaryimage"},"image":{"@id":"https:\/\/kibrisdakik.com\/?p=7965#primaryimage"},"thumbnailUrl":"https:\/\/kibrisdakik.com\/wp-content\/uploads\/2023\/05\/a96ed0d7-5ccb-4e12-bf0c-0a274141ac15-740x420.jpg","datePublished":"2023-05-31T16:28:28+00:00","author":{"@id":"https:\/\/kibrisdakik.com\/#\/schema\/person\/9cd9d437bbb44f72b73ba127e06d8e79"},"breadcrumb":{"@id":"https:\/\/kibrisdakik.com\/?p=7965#breadcrumb"},"inLanguage":"tr","potentialAction":[{"@type":"ReadAction","target":["https:\/\/kibrisdakik.com\/?p=7965"]}]},{"@type":"ImageObject","inLanguage":"tr","@id":"https:\/\/kibrisdakik.com\/?p=7965#primaryimage","url":"https:\/\/kibrisdakik.com\/wp-content\/uploads\/2023\/05\/a96ed0d7-5ccb-4e12-bf0c-0a274141ac15-740x420.jpg","contentUrl":"https:\/\/kibrisdakik.com\/wp-content\/uploads\/2023\/05\/a96ed0d7-5ccb-4e12-bf0c-0a274141ac15-740x420.jpg","width":1600,"height":721},{"@type":"BreadcrumbList","@id":"https:\/\/kibrisdakik.com\/?p=7965#breadcrumb","itemListElement":[{"@type":"ListItem","position":1,"name":"Home","item":"https:\/\/kibrisdakik.com\/"},{"@type":"ListItem","position":2,"name":"K\u00fclt\u00fcr Dairesi, Ziyamet \u0130lkokulu\u2019nda \u201c\u015eiirlerle B\u00fcy\u00fcs\u00fcn \u00c7ocuklar\u201d etkinli\u011fi ger\u00e7ekle\u015ftirdi"}]},{"@type":"WebSite","@id":"https:\/\/kibrisdakik.com\/#website","url":"https:\/\/kibrisdakik.com\/","name":"","description":"Tam vaktinde haber","potentialAction":[{"@type":"SearchAction","target":{"@type":"EntryPoint","urlTemplate":"https:\/\/kibrisdakik.com\/?s={search_term_string}"},"query-input":{"@type":"PropertyValueSpecification","valueRequired":true,"valueName":"search_term_string"}}],"inLanguage":"tr"},{"@type":"Person","@id":"https:\/\/kibrisdakik.com\/#\/schema\/person\/9cd9d437bbb44f72b73ba127e06d8e79","name":"admin","image":{"@type":"ImageObject","inLanguage":"tr","@id":"https:\/\/secure.gravatar.com\/avatar\/ccc17943b9d660506c869530f897617f7cb1c21a4bf30023f252596d83e1f007?s=96&d=mm&r=g","url":"https:\/\/secure.gravatar.com\/avatar\/ccc17943b9d660506c869530f897617f7cb1c21a4bf30023f252596d83e1f007?s=96&d=mm&r=g","contentUrl":"https:\/\/secure.gravatar.com\/avatar\/ccc17943b9d660506c869530f897617f7cb1c21a4bf30023f252596d83e1f007?s=96&d=mm&r=g","caption":"admin"},"sameAs":["https:\/\/kibrisdakik.com"],"url":"https:\/\/kibrisdakik.com\/?author=1"}]}},"_links":{"self":[{"href":"https:\/\/kibrisdakik.com\/index.php?rest_route=\/wp\/v2\/posts\/7965","targetHints":{"allow":["GET"]}}],"collection":[{"href":"https:\/\/kibrisdakik.com\/index.php?rest_route=\/wp\/v2\/posts"}],"about":[{"href":"https:\/\/kibrisdakik.com\/index.php?rest_route=\/wp\/v2\/types\/post"}],"author":[{"embeddable":true,"href":"https:\/\/kibrisdakik.com\/index.php?rest_route=\/wp\/v2\/users\/1"}],"replies":[{"embeddable":true,"href":"https:\/\/kibrisdakik.com\/index.php?rest_route=%2Fwp%2Fv2%2Fcomments&post=7965"}],"version-history":[{"count":0,"href":"https:\/\/kibrisdakik.com\/index.php?rest_route=\/wp\/v2\/posts\/7965\/revisions"}],"wp:featuredmedia":[{"embeddable":true,"href":"https:\/\/kibrisdakik.com\/index.php?rest_route=\/wp\/v2\/media\/7966"}],"wp:attachment":[{"href":"https:\/\/kibrisdakik.com\/index.php?rest_route=%2Fwp%2Fv2%2Fmedia&parent=7965"}],"wp:term":[{"taxonomy":"category","embeddable":true,"href":"https:\/\/kibrisdakik.com\/index.php?rest_route=%2Fwp%2Fv2%2Fcategories&post=7965"},{"taxonomy":"post_tag","embeddable":true,"href":"https:\/\/kibrisdakik.com\/index.php?rest_route=%2Fwp%2Fv2%2Ftags&post=7965"}],"curies":[{"name":"wp","href":"https:\/\/api.w.org\/{rel}","templated":true}]}}