{"id":79661,"date":"2025-04-07T23:11:00","date_gmt":"2025-04-07T20:11:00","guid":{"rendered":"https:\/\/kibrisdakik.com\/index.php\/2025\/04\/07\/trafikte-geri-geri-seyreden-arac-dukkana-girdi\/"},"modified":"2025-04-07T23:11:00","modified_gmt":"2025-04-07T20:11:00","slug":"trafikte-geri-geri-seyreden-arac-dukkana-girdi","status":"publish","type":"post","link":"https:\/\/kibrisdakik.com\/?p=79661","title":{"rendered":"Trafikte geri geri seyreden ara\u00e7 d\u00fckkana girdi"},"content":{"rendered":"<p><\/p>\n<div>\n<div class=\"mariselle-image-container center\">\n                <img loading=\"lazy\" decoding=\"async\" width=\"747\" height=\"400\" class=\"lazy-image\" alt=\"\" sizes=\"auto, (max-width: 747px) 100vw, 747px\" src=\"https:\/\/brtk.net\/wp-content\/uploads\/2025\/02\/17\/1739784715152trafik-kazasi.jpg?ver=029c50e73b065be1904613f39e54ccc4\" srcset=\"https:\/\/brtk.net\/wp-content\/uploads\/2025\/02\/17\/1739784715152trafik-kazasi.jpg?ver=029c50e73b065be1904613f39e54ccc4 747w, https:\/\/brtk.net\/wp-content\/uploads\/2025\/02\/17\/1739784715152trafik-kazasi-300x161.jpg?ver=4cd7a929b95580fa74714ff8d6be0d4d 300w\"\/>                            <\/div>\n<p>G\u00fczelyurt\u2019ta bir s\u00fcr\u00fcc\u00fc bug\u00fcn dikkatsizce geri geri gitti\u011fi s\u0131rada \u00f6nce ba\u015fka bir araca \u00e7arp, daha sonra d\u00fckkana girmesi sonucunda meydana gelen kazada \u015fans eseri yaralanan olmad\u0131.<\/p>\n<p>Polisin a\u00e7\u0131klamas\u0131na g\u00f6re, Fad\u0131l Alpun (E-78), y\u00f6netimindeki FV 342 plakal\u0131 salon ara\u00e7la saat 14.00 s\u0131ralar\u0131nda Kutlu Adal\u0131 Bulvar\u0131\u2019nda geri geri gitti\u011fi s\u0131rada, o esnada anayolda seyreden Yavuz Do\u011fan (E-38) y\u00f6netimindeki SK 821 plakal\u0131 ara\u00e7la \u00e7arp\u0131\u015ft\u0131. FV 342 plakal\u0131 ara\u00e7 cadde \u00fczerinde faaliyet g\u00f6steren berber d\u00fckkan\u0131na girerek, duvara \u00e7arpt\u0131ktan sonra durdu.<\/p>\n<p>Kimsenin yaralanmad\u0131\u011f\u0131 kazayla ilgili soru\u015fturma devam ediyor.<\/p>\n<\/p><\/div>\n<p><script async\n                    defer\n                    crossorigin=\"anonymous\"\n                    src=\"https:\/\/connect.facebook.net\/tr_TR\/sdk.js#xfbml=1&#038;version=v3.3\"\n            ><\/script><\/p>\n","protected":false},"excerpt":{"rendered":"<p>G\u00fczelyurt\u2019ta bir s\u00fcr\u00fcc\u00fc bug\u00fcn dikkatsizce geri geri gitti\u011fi s\u0131rada \u00f6nce ba\u015fka bir araca \u00e7arp, daha sonra d\u00fckkana girmesi sonucunda meydana gelen kazada \u015fans eseri yaralanan olmad\u0131. Polisin a\u00e7\u0131klamas\u0131na g\u00f6re, Fad\u0131l Alpun (E-78), y\u00f6netimindeki FV 342 plakal\u0131 salon ara\u00e7la saat 14.00 s\u0131ralar\u0131nda Kutlu Adal\u0131 Bulvar\u0131\u2019nda geri geri gitti\u011fi s\u0131rada, o esnada anayolda seyreden Yavuz Do\u011fan (E-38)<\/p>\n","protected":false},"author":1,"featured_media":77383,"comment_status":"open","ping_status":"open","sticky":false,"template":"","format":"standard","meta":{"footnotes":""},"categories":[1,101],"tags":[],"class_list":["post-79661","post","type-post","status-publish","format-standard","has-post-thumbnail","hentry","category-gundem","category-manset"],"yoast_head":"<!-- This site is optimized with the Yoast SEO plugin v27.5 - https:\/\/yoast.com\/product\/yoast-seo-wordpress\/ -->\n<title>Trafikte geri geri seyreden ara\u00e7 d\u00fckkana girdi -<\/title>\n<meta name=\"robots\" content=\"index, follow, max-snippet:-1, max-image-preview:large, max-video-preview:-1\" \/>\n<link rel=\"canonical\" href=\"https:\/\/kibrisdakik.com\/?p=79661\" \/>\n<meta property=\"og:locale\" content=\"tr_TR\" \/>\n<meta property=\"og:type\" content=\"article\" \/>\n<meta property=\"og:title\" content=\"Trafikte geri geri seyreden ara\u00e7 d\u00fckkana girdi -\" \/>\n<meta property=\"og:description\" content=\"G\u00fczelyurt\u2019ta bir s\u00fcr\u00fcc\u00fc bug\u00fcn dikkatsizce geri geri gitti\u011fi s\u0131rada \u00f6nce ba\u015fka bir araca \u00e7arp, daha sonra d\u00fckkana girmesi sonucunda meydana gelen kazada \u015fans eseri yaralanan olmad\u0131. Polisin a\u00e7\u0131klamas\u0131na g\u00f6re, Fad\u0131l Alpun (E-78), y\u00f6netimindeki FV 342 plakal\u0131 salon ara\u00e7la saat 14.00 s\u0131ralar\u0131nda Kutlu Adal\u0131 Bulvar\u0131\u2019nda geri geri gitti\u011fi s\u0131rada, o esnada anayolda seyreden Yavuz Do\u011fan (E-38)\" \/>\n<meta property=\"og:url\" content=\"https:\/\/kibrisdakik.com\/?p=79661\" \/>\n<meta property=\"article:published_time\" content=\"2025-04-07T20:11:00+00:00\" \/>\n<meta property=\"og:image\" content=\"https:\/\/kibrisdakik.com\/wp-content\/uploads\/2025\/03\/trafik-kazasi-740x400.jpg\" \/>\n\t<meta property=\"og:image:width\" content=\"747\" \/>\n\t<meta property=\"og:image:height\" content=\"400\" \/>\n\t<meta property=\"og:image:type\" content=\"image\/jpeg\" \/>\n<meta name=\"author\" content=\"admin\" \/>\n<meta name=\"twitter:card\" content=\"summary_large_image\" \/>\n<meta name=\"twitter:label1\" content=\"Yazan:\" \/>\n\t<meta name=\"twitter:data1\" content=\"admin\" \/>\n\t<meta name=\"twitter:label2\" content=\"Tahmini okuma s\u00fcresi\" \/>\n\t<meta name=\"twitter:data2\" content=\"1 dakika\" \/>\n<script type=\"application\/ld+json\" class=\"yoast-schema-graph\">{\"@context\":\"https:\\\/\\\/schema.org\",\"@graph\":[{\"@type\":\"Article\",\"@id\":\"https:\\\/\\\/kibrisdakik.com\\\/?p=79661#article\",\"isPartOf\":{\"@id\":\"https:\\\/\\\/kibrisdakik.com\\\/?p=79661\"},\"author\":{\"name\":\"admin\",\"@id\":\"https:\\\/\\\/kibrisdakik.com\\\/#\\\/schema\\\/person\\\/9cd9d437bbb44f72b73ba127e06d8e79\"},\"headline\":\"Trafikte geri geri seyreden ara\u00e7 d\u00fckkana girdi\",\"datePublished\":\"2025-04-07T20:11:00+00:00\",\"mainEntityOfPage\":{\"@id\":\"https:\\\/\\\/kibrisdakik.com\\\/?p=79661\"},\"wordCount\":116,\"commentCount\":0,\"image\":{\"@id\":\"https:\\\/\\\/kibrisdakik.com\\\/?p=79661#primaryimage\"},\"thumbnailUrl\":\"https:\\\/\\\/kibrisdakik.com\\\/wp-content\\\/uploads\\\/2025\\\/03\\\/trafik-kazasi-740x400.jpg\",\"articleSection\":[\"G\u00fcndem\",\"Man\u015fet\"],\"inLanguage\":\"tr\",\"potentialAction\":[{\"@type\":\"CommentAction\",\"name\":\"Comment\",\"target\":[\"https:\\\/\\\/kibrisdakik.com\\\/?p=79661#respond\"]}]},{\"@type\":\"WebPage\",\"@id\":\"https:\\\/\\\/kibrisdakik.com\\\/?p=79661\",\"url\":\"https:\\\/\\\/kibrisdakik.com\\\/?p=79661\",\"name\":\"Trafikte geri geri seyreden ara\u00e7 d\u00fckkana girdi -\",\"isPartOf\":{\"@id\":\"https:\\\/\\\/kibrisdakik.com\\\/#website\"},\"primaryImageOfPage\":{\"@id\":\"https:\\\/\\\/kibrisdakik.com\\\/?p=79661#primaryimage\"},\"image\":{\"@id\":\"https:\\\/\\\/kibrisdakik.com\\\/?p=79661#primaryimage\"},\"thumbnailUrl\":\"https:\\\/\\\/kibrisdakik.com\\\/wp-content\\\/uploads\\\/2025\\\/03\\\/trafik-kazasi-740x400.jpg\",\"datePublished\":\"2025-04-07T20:11:00+00:00\",\"author\":{\"@id\":\"https:\\\/\\\/kibrisdakik.com\\\/#\\\/schema\\\/person\\\/9cd9d437bbb44f72b73ba127e06d8e79\"},\"breadcrumb\":{\"@id\":\"https:\\\/\\\/kibrisdakik.com\\\/?p=79661#breadcrumb\"},\"inLanguage\":\"tr\",\"potentialAction\":[{\"@type\":\"ReadAction\",\"target\":[\"https:\\\/\\\/kibrisdakik.com\\\/?p=79661\"]}]},{\"@type\":\"ImageObject\",\"inLanguage\":\"tr\",\"@id\":\"https:\\\/\\\/kibrisdakik.com\\\/?p=79661#primaryimage\",\"url\":\"https:\\\/\\\/kibrisdakik.com\\\/wp-content\\\/uploads\\\/2025\\\/03\\\/trafik-kazasi-740x400.jpg\",\"contentUrl\":\"https:\\\/\\\/kibrisdakik.com\\\/wp-content\\\/uploads\\\/2025\\\/03\\\/trafik-kazasi-740x400.jpg\",\"width\":747,\"height\":400},{\"@type\":\"BreadcrumbList\",\"@id\":\"https:\\\/\\\/kibrisdakik.com\\\/?p=79661#breadcrumb\",\"itemListElement\":[{\"@type\":\"ListItem\",\"position\":1,\"name\":\"Home\",\"item\":\"https:\\\/\\\/kibrisdakik.com\\\/\"},{\"@type\":\"ListItem\",\"position\":2,\"name\":\"Trafikte geri geri seyreden ara\u00e7 d\u00fckkana girdi\"}]},{\"@type\":\"WebSite\",\"@id\":\"https:\\\/\\\/kibrisdakik.com\\\/#website\",\"url\":\"https:\\\/\\\/kibrisdakik.com\\\/\",\"name\":\"\",\"description\":\"Tam vaktinde haber\",\"potentialAction\":[{\"@type\":\"SearchAction\",\"target\":{\"@type\":\"EntryPoint\",\"urlTemplate\":\"https:\\\/\\\/kibrisdakik.com\\\/?s={search_term_string}\"},\"query-input\":{\"@type\":\"PropertyValueSpecification\",\"valueRequired\":true,\"valueName\":\"search_term_string\"}}],\"inLanguage\":\"tr\"},{\"@type\":\"Person\",\"@id\":\"https:\\\/\\\/kibrisdakik.com\\\/#\\\/schema\\\/person\\\/9cd9d437bbb44f72b73ba127e06d8e79\",\"name\":\"admin\",\"image\":{\"@type\":\"ImageObject\",\"inLanguage\":\"tr\",\"@id\":\"https:\\\/\\\/secure.gravatar.com\\\/avatar\\\/ccc17943b9d660506c869530f897617f7cb1c21a4bf30023f252596d83e1f007?s=96&d=mm&r=g\",\"url\":\"https:\\\/\\\/secure.gravatar.com\\\/avatar\\\/ccc17943b9d660506c869530f897617f7cb1c21a4bf30023f252596d83e1f007?s=96&d=mm&r=g\",\"contentUrl\":\"https:\\\/\\\/secure.gravatar.com\\\/avatar\\\/ccc17943b9d660506c869530f897617f7cb1c21a4bf30023f252596d83e1f007?s=96&d=mm&r=g\",\"caption\":\"admin\"},\"sameAs\":[\"https:\\\/\\\/kibrisdakik.com\"],\"url\":\"https:\\\/\\\/kibrisdakik.com\\\/?author=1\"}]}<\/script>\n<!-- \/ Yoast SEO plugin. -->","yoast_head_json":{"title":"Trafikte geri geri seyreden ara\u00e7 d\u00fckkana girdi -","robots":{"index":"index","follow":"follow","max-snippet":"max-snippet:-1","max-image-preview":"max-image-preview:large","max-video-preview":"max-video-preview:-1"},"canonical":"https:\/\/kibrisdakik.com\/?p=79661","og_locale":"tr_TR","og_type":"article","og_title":"Trafikte geri geri seyreden ara\u00e7 d\u00fckkana girdi -","og_description":"G\u00fczelyurt\u2019ta bir s\u00fcr\u00fcc\u00fc bug\u00fcn dikkatsizce geri geri gitti\u011fi s\u0131rada \u00f6nce ba\u015fka bir araca \u00e7arp, daha sonra d\u00fckkana girmesi sonucunda meydana gelen kazada \u015fans eseri yaralanan olmad\u0131. Polisin a\u00e7\u0131klamas\u0131na g\u00f6re, Fad\u0131l Alpun (E-78), y\u00f6netimindeki FV 342 plakal\u0131 salon ara\u00e7la saat 14.00 s\u0131ralar\u0131nda Kutlu Adal\u0131 Bulvar\u0131\u2019nda geri geri gitti\u011fi s\u0131rada, o esnada anayolda seyreden Yavuz Do\u011fan (E-38)","og_url":"https:\/\/kibrisdakik.com\/?p=79661","article_published_time":"2025-04-07T20:11:00+00:00","og_image":[{"width":747,"height":400,"url":"https:\/\/kibrisdakik.com\/wp-content\/uploads\/2025\/03\/trafik-kazasi-740x400.jpg","type":"image\/jpeg"}],"author":"admin","twitter_card":"summary_large_image","twitter_misc":{"Yazan:":"admin","Tahmini okuma s\u00fcresi":"1 dakika"},"schema":{"@context":"https:\/\/schema.org","@graph":[{"@type":"Article","@id":"https:\/\/kibrisdakik.com\/?p=79661#article","isPartOf":{"@id":"https:\/\/kibrisdakik.com\/?p=79661"},"author":{"name":"admin","@id":"https:\/\/kibrisdakik.com\/#\/schema\/person\/9cd9d437bbb44f72b73ba127e06d8e79"},"headline":"Trafikte geri geri seyreden ara\u00e7 d\u00fckkana girdi","datePublished":"2025-04-07T20:11:00+00:00","mainEntityOfPage":{"@id":"https:\/\/kibrisdakik.com\/?p=79661"},"wordCount":116,"commentCount":0,"image":{"@id":"https:\/\/kibrisdakik.com\/?p=79661#primaryimage"},"thumbnailUrl":"https:\/\/kibrisdakik.com\/wp-content\/uploads\/2025\/03\/trafik-kazasi-740x400.jpg","articleSection":["G\u00fcndem","Man\u015fet"],"inLanguage":"tr","potentialAction":[{"@type":"CommentAction","name":"Comment","target":["https:\/\/kibrisdakik.com\/?p=79661#respond"]}]},{"@type":"WebPage","@id":"https:\/\/kibrisdakik.com\/?p=79661","url":"https:\/\/kibrisdakik.com\/?p=79661","name":"Trafikte geri geri seyreden ara\u00e7 d\u00fckkana girdi -","isPartOf":{"@id":"https:\/\/kibrisdakik.com\/#website"},"primaryImageOfPage":{"@id":"https:\/\/kibrisdakik.com\/?p=79661#primaryimage"},"image":{"@id":"https:\/\/kibrisdakik.com\/?p=79661#primaryimage"},"thumbnailUrl":"https:\/\/kibrisdakik.com\/wp-content\/uploads\/2025\/03\/trafik-kazasi-740x400.jpg","datePublished":"2025-04-07T20:11:00+00:00","author":{"@id":"https:\/\/kibrisdakik.com\/#\/schema\/person\/9cd9d437bbb44f72b73ba127e06d8e79"},"breadcrumb":{"@id":"https:\/\/kibrisdakik.com\/?p=79661#breadcrumb"},"inLanguage":"tr","potentialAction":[{"@type":"ReadAction","target":["https:\/\/kibrisdakik.com\/?p=79661"]}]},{"@type":"ImageObject","inLanguage":"tr","@id":"https:\/\/kibrisdakik.com\/?p=79661#primaryimage","url":"https:\/\/kibrisdakik.com\/wp-content\/uploads\/2025\/03\/trafik-kazasi-740x400.jpg","contentUrl":"https:\/\/kibrisdakik.com\/wp-content\/uploads\/2025\/03\/trafik-kazasi-740x400.jpg","width":747,"height":400},{"@type":"BreadcrumbList","@id":"https:\/\/kibrisdakik.com\/?p=79661#breadcrumb","itemListElement":[{"@type":"ListItem","position":1,"name":"Home","item":"https:\/\/kibrisdakik.com\/"},{"@type":"ListItem","position":2,"name":"Trafikte geri geri seyreden ara\u00e7 d\u00fckkana girdi"}]},{"@type":"WebSite","@id":"https:\/\/kibrisdakik.com\/#website","url":"https:\/\/kibrisdakik.com\/","name":"","description":"Tam vaktinde haber","potentialAction":[{"@type":"SearchAction","target":{"@type":"EntryPoint","urlTemplate":"https:\/\/kibrisdakik.com\/?s={search_term_string}"},"query-input":{"@type":"PropertyValueSpecification","valueRequired":true,"valueName":"search_term_string"}}],"inLanguage":"tr"},{"@type":"Person","@id":"https:\/\/kibrisdakik.com\/#\/schema\/person\/9cd9d437bbb44f72b73ba127e06d8e79","name":"admin","image":{"@type":"ImageObject","inLanguage":"tr","@id":"https:\/\/secure.gravatar.com\/avatar\/ccc17943b9d660506c869530f897617f7cb1c21a4bf30023f252596d83e1f007?s=96&d=mm&r=g","url":"https:\/\/secure.gravatar.com\/avatar\/ccc17943b9d660506c869530f897617f7cb1c21a4bf30023f252596d83e1f007?s=96&d=mm&r=g","contentUrl":"https:\/\/secure.gravatar.com\/avatar\/ccc17943b9d660506c869530f897617f7cb1c21a4bf30023f252596d83e1f007?s=96&d=mm&r=g","caption":"admin"},"sameAs":["https:\/\/kibrisdakik.com"],"url":"https:\/\/kibrisdakik.com\/?author=1"}]}},"_links":{"self":[{"href":"https:\/\/kibrisdakik.com\/index.php?rest_route=\/wp\/v2\/posts\/79661","targetHints":{"allow":["GET"]}}],"collection":[{"href":"https:\/\/kibrisdakik.com\/index.php?rest_route=\/wp\/v2\/posts"}],"about":[{"href":"https:\/\/kibrisdakik.com\/index.php?rest_route=\/wp\/v2\/types\/post"}],"author":[{"embeddable":true,"href":"https:\/\/kibrisdakik.com\/index.php?rest_route=\/wp\/v2\/users\/1"}],"replies":[{"embeddable":true,"href":"https:\/\/kibrisdakik.com\/index.php?rest_route=%2Fwp%2Fv2%2Fcomments&post=79661"}],"version-history":[{"count":0,"href":"https:\/\/kibrisdakik.com\/index.php?rest_route=\/wp\/v2\/posts\/79661\/revisions"}],"wp:featuredmedia":[{"embeddable":true,"href":"https:\/\/kibrisdakik.com\/index.php?rest_route=\/wp\/v2\/media\/77383"}],"wp:attachment":[{"href":"https:\/\/kibrisdakik.com\/index.php?rest_route=%2Fwp%2Fv2%2Fmedia&parent=79661"}],"wp:term":[{"taxonomy":"category","embeddable":true,"href":"https:\/\/kibrisdakik.com\/index.php?rest_route=%2Fwp%2Fv2%2Fcategories&post=79661"},{"taxonomy":"post_tag","embeddable":true,"href":"https:\/\/kibrisdakik.com\/index.php?rest_route=%2Fwp%2Fv2%2Ftags&post=79661"}],"curies":[{"name":"wp","href":"https:\/\/api.w.org\/{rel}","templated":true}]}}