{"id":79719,"date":"2025-04-08T11:23:00","date_gmt":"2025-04-08T08:23:00","guid":{"rendered":"https:\/\/kibrisdakik.com\/index.php\/2025\/04\/08\/laptada-72-yasindaki-kadin-denizde-boguldu-cankurtaran-bulundurmayan-isletme-yetkilisine-yasal-islem\/"},"modified":"2025-04-08T11:23:00","modified_gmt":"2025-04-08T08:23:00","slug":"laptada-72-yasindaki-kadin-denizde-boguldu-cankurtaran-bulundurmayan-isletme-yetkilisine-yasal-islem","status":"publish","type":"post","link":"https:\/\/kibrisdakik.com\/?p=79719","title":{"rendered":"Lapta\u2019da 72 ya\u015f\u0131ndaki kad\u0131n denizde bo\u011fuldu. Cankurtaran bulundurmayan i\u015fletme yetkilisine yasal i\u015flem"},"content":{"rendered":"<p><\/p>\n<div>\n<div class=\"mariselle-image-container none\">\n                <img loading=\"lazy\" decoding=\"async\" width=\"880\" height=\"440\" class=\"lazy-image\" alt=\"\" sizes=\"auto, (max-width: 880px) 100vw, 880px\" src=\"https:\/\/brtk.net\/wp-content\/uploads\/2025\/04\/01\/1743492156630POLIS-UNIFORMA.jpg?ver=f685a1a9200a571faeb68002b1ac2bb2\" srcset=\"https:\/\/brtk.net\/wp-content\/uploads\/2025\/04\/01\/1743492156630POLIS-UNIFORMA.jpg?ver=f685a1a9200a571faeb68002b1ac2bb2 880w, https:\/\/brtk.net\/wp-content\/uploads\/2025\/04\/01\/1743492156630POLIS-UNIFORMA-300x150.jpg?ver=706617831285fc84b242375114fc6f28 300w, https:\/\/brtk.net\/wp-content\/uploads\/2025\/04\/01\/1743492156630POLIS-UNIFORMA-768x384.jpg?ver=706617831285fc84b242375114fc6f28 768w, https:\/\/brtk.net\/wp-content\/uploads\/2025\/04\/01\/1743492156630POLIS-UNIFORMA-720x360.jpg?ver=706617831285fc84b242375114fc6f28 720w\"\/>                            <\/div>\n<p>Lapta\u2019da bir i\u015fletmenin kullan\u0131m\u0131nda bulunan plajda, 72 ya\u015f\u0131ndaki Pauline Ann Chowns, denizde y\u00fczd\u00fc\u011f\u00fc s\u0131rada hayat\u0131n\u0131 kaybetti. Chowns\u2019\u0131n \u00f6l\u00fcm sebebinin suda bo\u011fulma oldu\u011fu bildirilirken, cankurtaran bulundurmayan i\u015fletme yetkilisine de yasal i\u015flem ba\u015flat\u0131ld\u0131.<\/p>\n<p>Polis bas\u0131n b\u00fcltenine g\u00f6re, d\u00fcn saat 11.30\u2019da meydana gelen olayda Pauline Ann Chowns, denizde y\u00fczd\u00fc\u011f\u00fc s\u0131rada deniz i\u00e7erisinde hareketsiz olarak tespit edildi.<\/p>\n<p>Olay yerine gelen sa\u011fl\u0131k ekibi taraf\u0131ndan Chowns\u2019un yap\u0131lan muayenesinde ya\u015fam\u0131n\u0131 yitirdi\u011fi ve v\u00fccudunda da darp veya cebir izine rastlanmad\u0131\u011f\u0131 tespit edildi.<\/p>\n<p>Ad\u0131 edilenin yap\u0131lan otopsisinde ise, \u00f6l\u00fcm sebebinin \u201csuda bo\u011fulma ve asfiksi\u201d sonucu oldu\u011fu belirtildi.<\/p>\n<p>Ya\u015fanan \u00f6l\u00fcm olay\u0131yla ilgili olarak y\u00fcr\u00fct\u00fclen soru\u015fturma kapsam\u0131nda, plajda cankurtaran g\u00f6revlisi bulundurmad\u0131\u011f\u0131ndan dolay\u0131 i\u015fletme yetkilisi E.\u00d6.(E-49) aleyhinde yasal i\u015flem ba\u015flat\u0131ld\u0131<\/p>\n<p>Polisin soru\u015fturmas\u0131 s\u00fcr\u00fcyor.<\/p>\n<\/p><\/div>\n<p><script async\n                    defer\n                    crossorigin=\"anonymous\"\n                    src=\"https:\/\/connect.facebook.net\/tr_TR\/sdk.js#xfbml=1&#038;version=v3.3\"\n            ><\/script><\/p>\n","protected":false},"excerpt":{"rendered":"<p>Lapta\u2019da bir i\u015fletmenin kullan\u0131m\u0131nda bulunan plajda, 72 ya\u015f\u0131ndaki Pauline Ann Chowns, denizde y\u00fczd\u00fc\u011f\u00fc s\u0131rada hayat\u0131n\u0131 kaybetti. Chowns\u2019\u0131n \u00f6l\u00fcm sebebinin suda bo\u011fulma oldu\u011fu bildirilirken, cankurtaran bulundurmayan i\u015fletme yetkilisine de yasal i\u015flem ba\u015flat\u0131ld\u0131. Polis bas\u0131n b\u00fcltenine g\u00f6re, d\u00fcn saat 11.30\u2019da meydana gelen olayda Pauline Ann Chowns, denizde y\u00fczd\u00fc\u011f\u00fc s\u0131rada deniz i\u00e7erisinde hareketsiz olarak tespit edildi. Olay yerine<\/p>\n","protected":false},"author":1,"featured_media":72567,"comment_status":"open","ping_status":"open","sticky":false,"template":"","format":"standard","meta":{"footnotes":""},"categories":[1,101],"tags":[],"class_list":["post-79719","post","type-post","status-publish","format-standard","has-post-thumbnail","hentry","category-gundem","category-manset"],"yoast_head":"<!-- This site is optimized with the Yoast SEO plugin v27.5 - https:\/\/yoast.com\/product\/yoast-seo-wordpress\/ -->\n<title>Lapta\u2019da 72 ya\u015f\u0131ndaki kad\u0131n denizde bo\u011fuldu. Cankurtaran bulundurmayan i\u015fletme yetkilisine yasal i\u015flem -<\/title>\n<meta name=\"robots\" content=\"index, follow, max-snippet:-1, max-image-preview:large, max-video-preview:-1\" \/>\n<link rel=\"canonical\" href=\"https:\/\/kibrisdakik.com\/?p=79719\" \/>\n<meta property=\"og:locale\" content=\"tr_TR\" \/>\n<meta property=\"og:type\" content=\"article\" \/>\n<meta property=\"og:title\" content=\"Lapta\u2019da 72 ya\u015f\u0131ndaki kad\u0131n denizde bo\u011fuldu. Cankurtaran bulundurmayan i\u015fletme yetkilisine yasal i\u015flem -\" \/>\n<meta property=\"og:description\" content=\"Lapta\u2019da bir i\u015fletmenin kullan\u0131m\u0131nda bulunan plajda, 72 ya\u015f\u0131ndaki Pauline Ann Chowns, denizde y\u00fczd\u00fc\u011f\u00fc s\u0131rada hayat\u0131n\u0131 kaybetti. Chowns\u2019\u0131n \u00f6l\u00fcm sebebinin suda bo\u011fulma oldu\u011fu bildirilirken, cankurtaran bulundurmayan i\u015fletme yetkilisine de yasal i\u015flem ba\u015flat\u0131ld\u0131. Polis bas\u0131n b\u00fcltenine g\u00f6re, d\u00fcn saat 11.30\u2019da meydana gelen olayda Pauline Ann Chowns, denizde y\u00fczd\u00fc\u011f\u00fc s\u0131rada deniz i\u00e7erisinde hareketsiz olarak tespit edildi. Olay yerine\" \/>\n<meta property=\"og:url\" content=\"https:\/\/kibrisdakik.com\/?p=79719\" \/>\n<meta property=\"article:published_time\" content=\"2025-04-08T08:23:00+00:00\" \/>\n<meta property=\"og:image\" content=\"https:\/\/kibrisdakik.com\/wp-content\/uploads\/2024\/12\/1735380633641polis-958x538-1-740x420.jpg\" \/>\n\t<meta property=\"og:image:width\" content=\"886\" \/>\n\t<meta property=\"og:image:height\" content=\"538\" \/>\n\t<meta property=\"og:image:type\" content=\"image\/jpeg\" \/>\n<meta name=\"author\" content=\"admin\" \/>\n<meta name=\"twitter:card\" content=\"summary_large_image\" \/>\n<meta name=\"twitter:label1\" content=\"Yazan:\" \/>\n\t<meta name=\"twitter:data1\" content=\"admin\" \/>\n\t<meta name=\"twitter:label2\" content=\"Tahmini okuma s\u00fcresi\" \/>\n\t<meta name=\"twitter:data2\" content=\"1 dakika\" \/>\n<script type=\"application\/ld+json\" class=\"yoast-schema-graph\">{\"@context\":\"https:\\\/\\\/schema.org\",\"@graph\":[{\"@type\":\"Article\",\"@id\":\"https:\\\/\\\/kibrisdakik.com\\\/?p=79719#article\",\"isPartOf\":{\"@id\":\"https:\\\/\\\/kibrisdakik.com\\\/?p=79719\"},\"author\":{\"name\":\"admin\",\"@id\":\"https:\\\/\\\/kibrisdakik.com\\\/#\\\/schema\\\/person\\\/9cd9d437bbb44f72b73ba127e06d8e79\"},\"headline\":\"Lapta\u2019da 72 ya\u015f\u0131ndaki kad\u0131n denizde bo\u011fuldu. Cankurtaran bulundurmayan i\u015fletme yetkilisine yasal i\u015flem\",\"datePublished\":\"2025-04-08T08:23:00+00:00\",\"mainEntityOfPage\":{\"@id\":\"https:\\\/\\\/kibrisdakik.com\\\/?p=79719\"},\"wordCount\":181,\"commentCount\":0,\"image\":{\"@id\":\"https:\\\/\\\/kibrisdakik.com\\\/?p=79719#primaryimage\"},\"thumbnailUrl\":\"https:\\\/\\\/kibrisdakik.com\\\/wp-content\\\/uploads\\\/2024\\\/12\\\/1735380633641polis-958x538-1-740x420.jpg\",\"articleSection\":[\"G\u00fcndem\",\"Man\u015fet\"],\"inLanguage\":\"tr\",\"potentialAction\":[{\"@type\":\"CommentAction\",\"name\":\"Comment\",\"target\":[\"https:\\\/\\\/kibrisdakik.com\\\/?p=79719#respond\"]}]},{\"@type\":\"WebPage\",\"@id\":\"https:\\\/\\\/kibrisdakik.com\\\/?p=79719\",\"url\":\"https:\\\/\\\/kibrisdakik.com\\\/?p=79719\",\"name\":\"Lapta\u2019da 72 ya\u015f\u0131ndaki kad\u0131n denizde bo\u011fuldu. Cankurtaran bulundurmayan i\u015fletme yetkilisine yasal i\u015flem -\",\"isPartOf\":{\"@id\":\"https:\\\/\\\/kibrisdakik.com\\\/#website\"},\"primaryImageOfPage\":{\"@id\":\"https:\\\/\\\/kibrisdakik.com\\\/?p=79719#primaryimage\"},\"image\":{\"@id\":\"https:\\\/\\\/kibrisdakik.com\\\/?p=79719#primaryimage\"},\"thumbnailUrl\":\"https:\\\/\\\/kibrisdakik.com\\\/wp-content\\\/uploads\\\/2024\\\/12\\\/1735380633641polis-958x538-1-740x420.jpg\",\"datePublished\":\"2025-04-08T08:23:00+00:00\",\"author\":{\"@id\":\"https:\\\/\\\/kibrisdakik.com\\\/#\\\/schema\\\/person\\\/9cd9d437bbb44f72b73ba127e06d8e79\"},\"breadcrumb\":{\"@id\":\"https:\\\/\\\/kibrisdakik.com\\\/?p=79719#breadcrumb\"},\"inLanguage\":\"tr\",\"potentialAction\":[{\"@type\":\"ReadAction\",\"target\":[\"https:\\\/\\\/kibrisdakik.com\\\/?p=79719\"]}]},{\"@type\":\"ImageObject\",\"inLanguage\":\"tr\",\"@id\":\"https:\\\/\\\/kibrisdakik.com\\\/?p=79719#primaryimage\",\"url\":\"https:\\\/\\\/kibrisdakik.com\\\/wp-content\\\/uploads\\\/2024\\\/12\\\/1735380633641polis-958x538-1-740x420.jpg\",\"contentUrl\":\"https:\\\/\\\/kibrisdakik.com\\\/wp-content\\\/uploads\\\/2024\\\/12\\\/1735380633641polis-958x538-1-740x420.jpg\",\"width\":886,\"height\":538},{\"@type\":\"BreadcrumbList\",\"@id\":\"https:\\\/\\\/kibrisdakik.com\\\/?p=79719#breadcrumb\",\"itemListElement\":[{\"@type\":\"ListItem\",\"position\":1,\"name\":\"Home\",\"item\":\"https:\\\/\\\/kibrisdakik.com\\\/\"},{\"@type\":\"ListItem\",\"position\":2,\"name\":\"Lapta\u2019da 72 ya\u015f\u0131ndaki kad\u0131n denizde bo\u011fuldu. Cankurtaran bulundurmayan i\u015fletme yetkilisine yasal i\u015flem\"}]},{\"@type\":\"WebSite\",\"@id\":\"https:\\\/\\\/kibrisdakik.com\\\/#website\",\"url\":\"https:\\\/\\\/kibrisdakik.com\\\/\",\"name\":\"\",\"description\":\"Tam vaktinde haber\",\"potentialAction\":[{\"@type\":\"SearchAction\",\"target\":{\"@type\":\"EntryPoint\",\"urlTemplate\":\"https:\\\/\\\/kibrisdakik.com\\\/?s={search_term_string}\"},\"query-input\":{\"@type\":\"PropertyValueSpecification\",\"valueRequired\":true,\"valueName\":\"search_term_string\"}}],\"inLanguage\":\"tr\"},{\"@type\":\"Person\",\"@id\":\"https:\\\/\\\/kibrisdakik.com\\\/#\\\/schema\\\/person\\\/9cd9d437bbb44f72b73ba127e06d8e79\",\"name\":\"admin\",\"image\":{\"@type\":\"ImageObject\",\"inLanguage\":\"tr\",\"@id\":\"https:\\\/\\\/secure.gravatar.com\\\/avatar\\\/ccc17943b9d660506c869530f897617f7cb1c21a4bf30023f252596d83e1f007?s=96&d=mm&r=g\",\"url\":\"https:\\\/\\\/secure.gravatar.com\\\/avatar\\\/ccc17943b9d660506c869530f897617f7cb1c21a4bf30023f252596d83e1f007?s=96&d=mm&r=g\",\"contentUrl\":\"https:\\\/\\\/secure.gravatar.com\\\/avatar\\\/ccc17943b9d660506c869530f897617f7cb1c21a4bf30023f252596d83e1f007?s=96&d=mm&r=g\",\"caption\":\"admin\"},\"sameAs\":[\"https:\\\/\\\/kibrisdakik.com\"],\"url\":\"https:\\\/\\\/kibrisdakik.com\\\/?author=1\"}]}<\/script>\n<!-- \/ Yoast SEO plugin. -->","yoast_head_json":{"title":"Lapta\u2019da 72 ya\u015f\u0131ndaki kad\u0131n denizde bo\u011fuldu. Cankurtaran bulundurmayan i\u015fletme yetkilisine yasal i\u015flem -","robots":{"index":"index","follow":"follow","max-snippet":"max-snippet:-1","max-image-preview":"max-image-preview:large","max-video-preview":"max-video-preview:-1"},"canonical":"https:\/\/kibrisdakik.com\/?p=79719","og_locale":"tr_TR","og_type":"article","og_title":"Lapta\u2019da 72 ya\u015f\u0131ndaki kad\u0131n denizde bo\u011fuldu. Cankurtaran bulundurmayan i\u015fletme yetkilisine yasal i\u015flem -","og_description":"Lapta\u2019da bir i\u015fletmenin kullan\u0131m\u0131nda bulunan plajda, 72 ya\u015f\u0131ndaki Pauline Ann Chowns, denizde y\u00fczd\u00fc\u011f\u00fc s\u0131rada hayat\u0131n\u0131 kaybetti. Chowns\u2019\u0131n \u00f6l\u00fcm sebebinin suda bo\u011fulma oldu\u011fu bildirilirken, cankurtaran bulundurmayan i\u015fletme yetkilisine de yasal i\u015flem ba\u015flat\u0131ld\u0131. Polis bas\u0131n b\u00fcltenine g\u00f6re, d\u00fcn saat 11.30\u2019da meydana gelen olayda Pauline Ann Chowns, denizde y\u00fczd\u00fc\u011f\u00fc s\u0131rada deniz i\u00e7erisinde hareketsiz olarak tespit edildi. Olay yerine","og_url":"https:\/\/kibrisdakik.com\/?p=79719","article_published_time":"2025-04-08T08:23:00+00:00","og_image":[{"width":886,"height":538,"url":"https:\/\/kibrisdakik.com\/wp-content\/uploads\/2024\/12\/1735380633641polis-958x538-1-740x420.jpg","type":"image\/jpeg"}],"author":"admin","twitter_card":"summary_large_image","twitter_misc":{"Yazan:":"admin","Tahmini okuma s\u00fcresi":"1 dakika"},"schema":{"@context":"https:\/\/schema.org","@graph":[{"@type":"Article","@id":"https:\/\/kibrisdakik.com\/?p=79719#article","isPartOf":{"@id":"https:\/\/kibrisdakik.com\/?p=79719"},"author":{"name":"admin","@id":"https:\/\/kibrisdakik.com\/#\/schema\/person\/9cd9d437bbb44f72b73ba127e06d8e79"},"headline":"Lapta\u2019da 72 ya\u015f\u0131ndaki kad\u0131n denizde bo\u011fuldu. Cankurtaran bulundurmayan i\u015fletme yetkilisine yasal i\u015flem","datePublished":"2025-04-08T08:23:00+00:00","mainEntityOfPage":{"@id":"https:\/\/kibrisdakik.com\/?p=79719"},"wordCount":181,"commentCount":0,"image":{"@id":"https:\/\/kibrisdakik.com\/?p=79719#primaryimage"},"thumbnailUrl":"https:\/\/kibrisdakik.com\/wp-content\/uploads\/2024\/12\/1735380633641polis-958x538-1-740x420.jpg","articleSection":["G\u00fcndem","Man\u015fet"],"inLanguage":"tr","potentialAction":[{"@type":"CommentAction","name":"Comment","target":["https:\/\/kibrisdakik.com\/?p=79719#respond"]}]},{"@type":"WebPage","@id":"https:\/\/kibrisdakik.com\/?p=79719","url":"https:\/\/kibrisdakik.com\/?p=79719","name":"Lapta\u2019da 72 ya\u015f\u0131ndaki kad\u0131n denizde bo\u011fuldu. Cankurtaran bulundurmayan i\u015fletme yetkilisine yasal i\u015flem -","isPartOf":{"@id":"https:\/\/kibrisdakik.com\/#website"},"primaryImageOfPage":{"@id":"https:\/\/kibrisdakik.com\/?p=79719#primaryimage"},"image":{"@id":"https:\/\/kibrisdakik.com\/?p=79719#primaryimage"},"thumbnailUrl":"https:\/\/kibrisdakik.com\/wp-content\/uploads\/2024\/12\/1735380633641polis-958x538-1-740x420.jpg","datePublished":"2025-04-08T08:23:00+00:00","author":{"@id":"https:\/\/kibrisdakik.com\/#\/schema\/person\/9cd9d437bbb44f72b73ba127e06d8e79"},"breadcrumb":{"@id":"https:\/\/kibrisdakik.com\/?p=79719#breadcrumb"},"inLanguage":"tr","potentialAction":[{"@type":"ReadAction","target":["https:\/\/kibrisdakik.com\/?p=79719"]}]},{"@type":"ImageObject","inLanguage":"tr","@id":"https:\/\/kibrisdakik.com\/?p=79719#primaryimage","url":"https:\/\/kibrisdakik.com\/wp-content\/uploads\/2024\/12\/1735380633641polis-958x538-1-740x420.jpg","contentUrl":"https:\/\/kibrisdakik.com\/wp-content\/uploads\/2024\/12\/1735380633641polis-958x538-1-740x420.jpg","width":886,"height":538},{"@type":"BreadcrumbList","@id":"https:\/\/kibrisdakik.com\/?p=79719#breadcrumb","itemListElement":[{"@type":"ListItem","position":1,"name":"Home","item":"https:\/\/kibrisdakik.com\/"},{"@type":"ListItem","position":2,"name":"Lapta\u2019da 72 ya\u015f\u0131ndaki kad\u0131n denizde bo\u011fuldu. Cankurtaran bulundurmayan i\u015fletme yetkilisine yasal i\u015flem"}]},{"@type":"WebSite","@id":"https:\/\/kibrisdakik.com\/#website","url":"https:\/\/kibrisdakik.com\/","name":"","description":"Tam vaktinde haber","potentialAction":[{"@type":"SearchAction","target":{"@type":"EntryPoint","urlTemplate":"https:\/\/kibrisdakik.com\/?s={search_term_string}"},"query-input":{"@type":"PropertyValueSpecification","valueRequired":true,"valueName":"search_term_string"}}],"inLanguage":"tr"},{"@type":"Person","@id":"https:\/\/kibrisdakik.com\/#\/schema\/person\/9cd9d437bbb44f72b73ba127e06d8e79","name":"admin","image":{"@type":"ImageObject","inLanguage":"tr","@id":"https:\/\/secure.gravatar.com\/avatar\/ccc17943b9d660506c869530f897617f7cb1c21a4bf30023f252596d83e1f007?s=96&d=mm&r=g","url":"https:\/\/secure.gravatar.com\/avatar\/ccc17943b9d660506c869530f897617f7cb1c21a4bf30023f252596d83e1f007?s=96&d=mm&r=g","contentUrl":"https:\/\/secure.gravatar.com\/avatar\/ccc17943b9d660506c869530f897617f7cb1c21a4bf30023f252596d83e1f007?s=96&d=mm&r=g","caption":"admin"},"sameAs":["https:\/\/kibrisdakik.com"],"url":"https:\/\/kibrisdakik.com\/?author=1"}]}},"_links":{"self":[{"href":"https:\/\/kibrisdakik.com\/index.php?rest_route=\/wp\/v2\/posts\/79719","targetHints":{"allow":["GET"]}}],"collection":[{"href":"https:\/\/kibrisdakik.com\/index.php?rest_route=\/wp\/v2\/posts"}],"about":[{"href":"https:\/\/kibrisdakik.com\/index.php?rest_route=\/wp\/v2\/types\/post"}],"author":[{"embeddable":true,"href":"https:\/\/kibrisdakik.com\/index.php?rest_route=\/wp\/v2\/users\/1"}],"replies":[{"embeddable":true,"href":"https:\/\/kibrisdakik.com\/index.php?rest_route=%2Fwp%2Fv2%2Fcomments&post=79719"}],"version-history":[{"count":0,"href":"https:\/\/kibrisdakik.com\/index.php?rest_route=\/wp\/v2\/posts\/79719\/revisions"}],"wp:featuredmedia":[{"embeddable":true,"href":"https:\/\/kibrisdakik.com\/index.php?rest_route=\/wp\/v2\/media\/72567"}],"wp:attachment":[{"href":"https:\/\/kibrisdakik.com\/index.php?rest_route=%2Fwp%2Fv2%2Fmedia&parent=79719"}],"wp:term":[{"taxonomy":"category","embeddable":true,"href":"https:\/\/kibrisdakik.com\/index.php?rest_route=%2Fwp%2Fv2%2Fcategories&post=79719"},{"taxonomy":"post_tag","embeddable":true,"href":"https:\/\/kibrisdakik.com\/index.php?rest_route=%2Fwp%2Fv2%2Ftags&post=79719"}],"curies":[{"name":"wp","href":"https:\/\/api.w.org\/{rel}","templated":true}]}}