{"id":79738,"date":"2025-04-09T09:58:00","date_gmt":"2025-04-09T06:58:00","guid":{"rendered":"https:\/\/kibrisdakik.com\/index.php\/2025\/04\/09\/istanbulda-huzurevinde-yangin-valilik-24-kisi-tedavi-altina-alindi\/"},"modified":"2025-04-09T09:58:00","modified_gmt":"2025-04-09T06:58:00","slug":"istanbulda-huzurevinde-yangin-valilik-24-kisi-tedavi-altina-alindi","status":"publish","type":"post","link":"https:\/\/kibrisdakik.com\/?p=79738","title":{"rendered":"\u0130stanbul\u2019da huzurevinde yang\u0131n\u2026 Valilik: 24 ki\u015fi tedavi alt\u0131na al\u0131nd\u0131"},"content":{"rendered":"<p><\/p>\n<div>\n<div class=\"mariselle-image-container center\">\n                <img loading=\"lazy\" decoding=\"async\" width=\"1280\" height=\"720\" class=\"lazy-image\" alt=\"\" sizes=\"auto, (max-width: 1280px) 100vw, 1280px\" src=\"https:\/\/brtk.net\/wp-content\/uploads\/2025\/04\/09\/he.webp?ver=e5d2f13b7d9394df9495d58b6b38a4a0\" srcset=\"https:\/\/brtk.net\/wp-content\/uploads\/2025\/04\/09\/he.webp?ver=e5d2f13b7d9394df9495d58b6b38a4a0 1280w, https:\/\/brtk.net\/wp-content\/uploads\/2025\/04\/09\/he-300x169.webp?ver=b2d123f4bb32ff802cc58d0357807ec7 300w, https:\/\/brtk.net\/wp-content\/uploads\/2025\/04\/09\/he-1024x576.webp?ver=b2d123f4bb32ff802cc58d0357807ec7 1024w, https:\/\/brtk.net\/wp-content\/uploads\/2025\/04\/09\/he-768x432.webp?ver=2f405ac0fc07914f8369689553b66bae 768w\"\/>                            <\/div>\n<p>\u0130stanbul Maltepe\u2019deki bir huzurevinde \u00e7\u0131kan yang\u0131n nedeniyle 24 ki\u015fi \u00e7evredeki hastanelerde tedavi alt\u0131na al\u0131nd\u0131.<\/p>\n<p>Z\u00fcmr\u00fctevler Mahallesi Adatepe Caddesi\u2019ndeki 3 katl\u0131 huzurevinde yang\u0131n \u00e7\u0131kt\u0131.<\/p>\n<p>\u0130hbar \u00fczerine olay yerine \u00e7ok say\u0131da polis, itfaiye ve sa\u011fl\u0131k ekibi sevk edildi.<\/p>\n<p>Yang\u0131n s\u0131ras\u0131nda huzurevinde bulunan ya\u015fl\u0131lar, itfaiye ekipleri ve kurum \u00e7al\u0131\u015fanlar\u0131 taraf\u0131ndan tahliye edildi.<\/p>\n<p>Yang\u0131n, itfaiye ekiplerince s\u00f6nd\u00fcr\u00fcld\u00fc.<\/p>\n<p><strong>\u2013 24 ki\u015fi hastaneye kald\u0131r\u0131ld\u0131<\/strong><\/p>\n<p>\u0130stanbul Valili\u011finden yap\u0131lan a\u00e7\u0131klamada, saat 05.10 s\u0131ralar\u0131nda huzurevinde \u00e7\u0131kan yang\u0131n\u0131n itfaiye ekiplerinin m\u00fcdahalesiyle s\u00f6nd\u00fcr\u00fcld\u00fc\u011f\u00fc belirtilerek, \u201cDuman tahliyesi \u00e7al\u0131\u015fmalar\u0131 devam etmektedir. Yang\u0131n s\u0131ras\u0131nda huzurevinde 90 ki\u015fi bulunmaktad\u0131r. Dumandan etkilenen ki\u015filer, 112 ekipleri taraf\u0131ndan \u00e7evredeki hastanelere sevk edilmi\u015ftir. Yang\u0131n s\u0131ras\u0131nda binadan tahliye edilen di\u011fer huzurevi sakinleri ise kurumun \u00e7ok ama\u00e7l\u0131 salonuna yerle\u015ftirilmi\u015ftir. Yang\u0131n\u0131n \u00e7\u0131k\u0131\u015f sebebi, itfaiyenin incelemesinin ard\u0131ndan belirlenecektir.\u201d denildi.<\/p>\n<p>Valilikten yap\u0131lan sonraki a\u00e7\u0131klamada ise yang\u0131n\u0131n, kurum sakinlerinin kald\u0131\u011f\u0131 bir odada \u00e7\u0131kt\u0131\u011f\u0131n\u0131n belirlendi\u011fi kaydedilerek, \u201cYang\u0131n\u0131n kesin \u00e7\u0131k\u0131\u015f sebebi, itfaiye raporunun ard\u0131ndan belirlenecektir. Yang\u0131n nedeniyle 24 vatanda\u015f\u0131m\u0131z \u00e7evredeki hastanelerde tedavi alt\u0131na al\u0131nm\u0131\u015ft\u0131r.\u201d bilgisi payla\u015f\u0131ld\u0131.<\/p>\n<\/p><\/div>\n<p><script async\n                    defer\n                    crossorigin=\"anonymous\"\n                    src=\"https:\/\/connect.facebook.net\/tr_TR\/sdk.js#xfbml=1&#038;version=v3.3\"\n            ><\/script><\/p>\n","protected":false},"excerpt":{"rendered":"<p>\u0130stanbul Maltepe\u2019deki bir huzurevinde \u00e7\u0131kan yang\u0131n nedeniyle 24 ki\u015fi \u00e7evredeki hastanelerde tedavi alt\u0131na al\u0131nd\u0131. Z\u00fcmr\u00fctevler Mahallesi Adatepe Caddesi\u2019ndeki 3 katl\u0131 huzurevinde yang\u0131n \u00e7\u0131kt\u0131. \u0130hbar \u00fczerine olay yerine \u00e7ok say\u0131da polis, itfaiye ve sa\u011fl\u0131k ekibi sevk edildi. Yang\u0131n s\u0131ras\u0131nda huzurevinde bulunan ya\u015fl\u0131lar, itfaiye ekipleri ve kurum \u00e7al\u0131\u015fanlar\u0131 taraf\u0131ndan tahliye edildi. Yang\u0131n, itfaiye ekiplerince s\u00f6nd\u00fcr\u00fcld\u00fc. \u2013 24<\/p>\n","protected":false},"author":1,"featured_media":79739,"comment_status":"open","ping_status":"open","sticky":false,"template":"","format":"standard","meta":{"footnotes":""},"categories":[86],"tags":[],"class_list":["post-79738","post","type-post","status-publish","format-standard","has-post-thumbnail","hentry","category-turkiye"],"yoast_head":"<!-- This site is optimized with the Yoast SEO plugin v27.4 - https:\/\/yoast.com\/product\/yoast-seo-wordpress\/ -->\n<title>\u0130stanbul\u2019da huzurevinde yang\u0131n\u2026 Valilik: 24 ki\u015fi tedavi alt\u0131na al\u0131nd\u0131 -<\/title>\n<meta name=\"robots\" content=\"index, follow, max-snippet:-1, max-image-preview:large, max-video-preview:-1\" \/>\n<link rel=\"canonical\" href=\"https:\/\/kibrisdakik.com\/?p=79738\" \/>\n<meta property=\"og:locale\" content=\"tr_TR\" \/>\n<meta property=\"og:type\" content=\"article\" \/>\n<meta property=\"og:title\" content=\"\u0130stanbul\u2019da huzurevinde yang\u0131n\u2026 Valilik: 24 ki\u015fi tedavi alt\u0131na al\u0131nd\u0131 -\" \/>\n<meta property=\"og:description\" content=\"\u0130stanbul Maltepe\u2019deki bir huzurevinde \u00e7\u0131kan yang\u0131n nedeniyle 24 ki\u015fi \u00e7evredeki hastanelerde tedavi alt\u0131na al\u0131nd\u0131. Z\u00fcmr\u00fctevler Mahallesi Adatepe Caddesi\u2019ndeki 3 katl\u0131 huzurevinde yang\u0131n \u00e7\u0131kt\u0131. \u0130hbar \u00fczerine olay yerine \u00e7ok say\u0131da polis, itfaiye ve sa\u011fl\u0131k ekibi sevk edildi. Yang\u0131n s\u0131ras\u0131nda huzurevinde bulunan ya\u015fl\u0131lar, itfaiye ekipleri ve kurum \u00e7al\u0131\u015fanlar\u0131 taraf\u0131ndan tahliye edildi. Yang\u0131n, itfaiye ekiplerince s\u00f6nd\u00fcr\u00fcld\u00fc. \u2013 24\" \/>\n<meta property=\"og:url\" content=\"https:\/\/kibrisdakik.com\/?p=79738\" \/>\n<meta property=\"article:published_time\" content=\"2025-04-09T06:58:00+00:00\" \/>\n<meta property=\"og:image\" content=\"https:\/\/kibrisdakik.com\/wp-content\/uploads\/2025\/04\/he.webp-740x420.webp\" \/>\n\t<meta property=\"og:image:width\" content=\"1280\" \/>\n\t<meta property=\"og:image:height\" content=\"720\" \/>\n\t<meta property=\"og:image:type\" content=\"image\/webp\" \/>\n<meta name=\"author\" content=\"admin\" \/>\n<meta name=\"twitter:card\" content=\"summary_large_image\" \/>\n<meta name=\"twitter:label1\" content=\"Yazan:\" \/>\n\t<meta name=\"twitter:data1\" content=\"admin\" \/>\n\t<meta name=\"twitter:label2\" content=\"Tahmini okuma s\u00fcresi\" \/>\n\t<meta name=\"twitter:data2\" content=\"1 dakika\" \/>\n<script type=\"application\/ld+json\" class=\"yoast-schema-graph\">{\"@context\":\"https:\\\/\\\/schema.org\",\"@graph\":[{\"@type\":\"Article\",\"@id\":\"https:\\\/\\\/kibrisdakik.com\\\/?p=79738#article\",\"isPartOf\":{\"@id\":\"https:\\\/\\\/kibrisdakik.com\\\/?p=79738\"},\"author\":{\"name\":\"admin\",\"@id\":\"https:\\\/\\\/kibrisdakik.com\\\/#\\\/schema\\\/person\\\/9cd9d437bbb44f72b73ba127e06d8e79\"},\"headline\":\"\u0130stanbul\u2019da huzurevinde yang\u0131n\u2026 Valilik: 24 ki\u015fi tedavi alt\u0131na al\u0131nd\u0131\",\"datePublished\":\"2025-04-09T06:58:00+00:00\",\"mainEntityOfPage\":{\"@id\":\"https:\\\/\\\/kibrisdakik.com\\\/?p=79738\"},\"wordCount\":228,\"commentCount\":0,\"image\":{\"@id\":\"https:\\\/\\\/kibrisdakik.com\\\/?p=79738#primaryimage\"},\"thumbnailUrl\":\"https:\\\/\\\/kibrisdakik.com\\\/wp-content\\\/uploads\\\/2025\\\/04\\\/he.webp-740x420.webp\",\"articleSection\":[\"T\u00fcrkiye\"],\"inLanguage\":\"tr\",\"potentialAction\":[{\"@type\":\"CommentAction\",\"name\":\"Comment\",\"target\":[\"https:\\\/\\\/kibrisdakik.com\\\/?p=79738#respond\"]}]},{\"@type\":\"WebPage\",\"@id\":\"https:\\\/\\\/kibrisdakik.com\\\/?p=79738\",\"url\":\"https:\\\/\\\/kibrisdakik.com\\\/?p=79738\",\"name\":\"\u0130stanbul\u2019da huzurevinde yang\u0131n\u2026 Valilik: 24 ki\u015fi tedavi alt\u0131na al\u0131nd\u0131 -\",\"isPartOf\":{\"@id\":\"https:\\\/\\\/kibrisdakik.com\\\/#website\"},\"primaryImageOfPage\":{\"@id\":\"https:\\\/\\\/kibrisdakik.com\\\/?p=79738#primaryimage\"},\"image\":{\"@id\":\"https:\\\/\\\/kibrisdakik.com\\\/?p=79738#primaryimage\"},\"thumbnailUrl\":\"https:\\\/\\\/kibrisdakik.com\\\/wp-content\\\/uploads\\\/2025\\\/04\\\/he.webp-740x420.webp\",\"datePublished\":\"2025-04-09T06:58:00+00:00\",\"author\":{\"@id\":\"https:\\\/\\\/kibrisdakik.com\\\/#\\\/schema\\\/person\\\/9cd9d437bbb44f72b73ba127e06d8e79\"},\"breadcrumb\":{\"@id\":\"https:\\\/\\\/kibrisdakik.com\\\/?p=79738#breadcrumb\"},\"inLanguage\":\"tr\",\"potentialAction\":[{\"@type\":\"ReadAction\",\"target\":[\"https:\\\/\\\/kibrisdakik.com\\\/?p=79738\"]}]},{\"@type\":\"ImageObject\",\"inLanguage\":\"tr\",\"@id\":\"https:\\\/\\\/kibrisdakik.com\\\/?p=79738#primaryimage\",\"url\":\"https:\\\/\\\/kibrisdakik.com\\\/wp-content\\\/uploads\\\/2025\\\/04\\\/he.webp-740x420.webp\",\"contentUrl\":\"https:\\\/\\\/kibrisdakik.com\\\/wp-content\\\/uploads\\\/2025\\\/04\\\/he.webp-740x420.webp\",\"width\":1280,\"height\":720},{\"@type\":\"BreadcrumbList\",\"@id\":\"https:\\\/\\\/kibrisdakik.com\\\/?p=79738#breadcrumb\",\"itemListElement\":[{\"@type\":\"ListItem\",\"position\":1,\"name\":\"Home\",\"item\":\"https:\\\/\\\/kibrisdakik.com\\\/\"},{\"@type\":\"ListItem\",\"position\":2,\"name\":\"\u0130stanbul\u2019da huzurevinde yang\u0131n\u2026 Valilik: 24 ki\u015fi tedavi alt\u0131na al\u0131nd\u0131\"}]},{\"@type\":\"WebSite\",\"@id\":\"https:\\\/\\\/kibrisdakik.com\\\/#website\",\"url\":\"https:\\\/\\\/kibrisdakik.com\\\/\",\"name\":\"\",\"description\":\"Tam vaktinde haber\",\"potentialAction\":[{\"@type\":\"SearchAction\",\"target\":{\"@type\":\"EntryPoint\",\"urlTemplate\":\"https:\\\/\\\/kibrisdakik.com\\\/?s={search_term_string}\"},\"query-input\":{\"@type\":\"PropertyValueSpecification\",\"valueRequired\":true,\"valueName\":\"search_term_string\"}}],\"inLanguage\":\"tr\"},{\"@type\":\"Person\",\"@id\":\"https:\\\/\\\/kibrisdakik.com\\\/#\\\/schema\\\/person\\\/9cd9d437bbb44f72b73ba127e06d8e79\",\"name\":\"admin\",\"image\":{\"@type\":\"ImageObject\",\"inLanguage\":\"tr\",\"@id\":\"https:\\\/\\\/secure.gravatar.com\\\/avatar\\\/ccc17943b9d660506c869530f897617f7cb1c21a4bf30023f252596d83e1f007?s=96&d=mm&r=g\",\"url\":\"https:\\\/\\\/secure.gravatar.com\\\/avatar\\\/ccc17943b9d660506c869530f897617f7cb1c21a4bf30023f252596d83e1f007?s=96&d=mm&r=g\",\"contentUrl\":\"https:\\\/\\\/secure.gravatar.com\\\/avatar\\\/ccc17943b9d660506c869530f897617f7cb1c21a4bf30023f252596d83e1f007?s=96&d=mm&r=g\",\"caption\":\"admin\"},\"sameAs\":[\"https:\\\/\\\/kibrisdakik.com\"],\"url\":\"https:\\\/\\\/kibrisdakik.com\\\/?author=1\"}]}<\/script>\n<!-- \/ Yoast SEO plugin. -->","yoast_head_json":{"title":"\u0130stanbul\u2019da huzurevinde yang\u0131n\u2026 Valilik: 24 ki\u015fi tedavi alt\u0131na al\u0131nd\u0131 -","robots":{"index":"index","follow":"follow","max-snippet":"max-snippet:-1","max-image-preview":"max-image-preview:large","max-video-preview":"max-video-preview:-1"},"canonical":"https:\/\/kibrisdakik.com\/?p=79738","og_locale":"tr_TR","og_type":"article","og_title":"\u0130stanbul\u2019da huzurevinde yang\u0131n\u2026 Valilik: 24 ki\u015fi tedavi alt\u0131na al\u0131nd\u0131 -","og_description":"\u0130stanbul Maltepe\u2019deki bir huzurevinde \u00e7\u0131kan yang\u0131n nedeniyle 24 ki\u015fi \u00e7evredeki hastanelerde tedavi alt\u0131na al\u0131nd\u0131. Z\u00fcmr\u00fctevler Mahallesi Adatepe Caddesi\u2019ndeki 3 katl\u0131 huzurevinde yang\u0131n \u00e7\u0131kt\u0131. \u0130hbar \u00fczerine olay yerine \u00e7ok say\u0131da polis, itfaiye ve sa\u011fl\u0131k ekibi sevk edildi. Yang\u0131n s\u0131ras\u0131nda huzurevinde bulunan ya\u015fl\u0131lar, itfaiye ekipleri ve kurum \u00e7al\u0131\u015fanlar\u0131 taraf\u0131ndan tahliye edildi. Yang\u0131n, itfaiye ekiplerince s\u00f6nd\u00fcr\u00fcld\u00fc. \u2013 24","og_url":"https:\/\/kibrisdakik.com\/?p=79738","article_published_time":"2025-04-09T06:58:00+00:00","og_image":[{"width":1280,"height":720,"url":"https:\/\/kibrisdakik.com\/wp-content\/uploads\/2025\/04\/he.webp-740x420.webp","type":"image\/webp"}],"author":"admin","twitter_card":"summary_large_image","twitter_misc":{"Yazan:":"admin","Tahmini okuma s\u00fcresi":"1 dakika"},"schema":{"@context":"https:\/\/schema.org","@graph":[{"@type":"Article","@id":"https:\/\/kibrisdakik.com\/?p=79738#article","isPartOf":{"@id":"https:\/\/kibrisdakik.com\/?p=79738"},"author":{"name":"admin","@id":"https:\/\/kibrisdakik.com\/#\/schema\/person\/9cd9d437bbb44f72b73ba127e06d8e79"},"headline":"\u0130stanbul\u2019da huzurevinde yang\u0131n\u2026 Valilik: 24 ki\u015fi tedavi alt\u0131na al\u0131nd\u0131","datePublished":"2025-04-09T06:58:00+00:00","mainEntityOfPage":{"@id":"https:\/\/kibrisdakik.com\/?p=79738"},"wordCount":228,"commentCount":0,"image":{"@id":"https:\/\/kibrisdakik.com\/?p=79738#primaryimage"},"thumbnailUrl":"https:\/\/kibrisdakik.com\/wp-content\/uploads\/2025\/04\/he.webp-740x420.webp","articleSection":["T\u00fcrkiye"],"inLanguage":"tr","potentialAction":[{"@type":"CommentAction","name":"Comment","target":["https:\/\/kibrisdakik.com\/?p=79738#respond"]}]},{"@type":"WebPage","@id":"https:\/\/kibrisdakik.com\/?p=79738","url":"https:\/\/kibrisdakik.com\/?p=79738","name":"\u0130stanbul\u2019da huzurevinde yang\u0131n\u2026 Valilik: 24 ki\u015fi tedavi alt\u0131na al\u0131nd\u0131 -","isPartOf":{"@id":"https:\/\/kibrisdakik.com\/#website"},"primaryImageOfPage":{"@id":"https:\/\/kibrisdakik.com\/?p=79738#primaryimage"},"image":{"@id":"https:\/\/kibrisdakik.com\/?p=79738#primaryimage"},"thumbnailUrl":"https:\/\/kibrisdakik.com\/wp-content\/uploads\/2025\/04\/he.webp-740x420.webp","datePublished":"2025-04-09T06:58:00+00:00","author":{"@id":"https:\/\/kibrisdakik.com\/#\/schema\/person\/9cd9d437bbb44f72b73ba127e06d8e79"},"breadcrumb":{"@id":"https:\/\/kibrisdakik.com\/?p=79738#breadcrumb"},"inLanguage":"tr","potentialAction":[{"@type":"ReadAction","target":["https:\/\/kibrisdakik.com\/?p=79738"]}]},{"@type":"ImageObject","inLanguage":"tr","@id":"https:\/\/kibrisdakik.com\/?p=79738#primaryimage","url":"https:\/\/kibrisdakik.com\/wp-content\/uploads\/2025\/04\/he.webp-740x420.webp","contentUrl":"https:\/\/kibrisdakik.com\/wp-content\/uploads\/2025\/04\/he.webp-740x420.webp","width":1280,"height":720},{"@type":"BreadcrumbList","@id":"https:\/\/kibrisdakik.com\/?p=79738#breadcrumb","itemListElement":[{"@type":"ListItem","position":1,"name":"Home","item":"https:\/\/kibrisdakik.com\/"},{"@type":"ListItem","position":2,"name":"\u0130stanbul\u2019da huzurevinde yang\u0131n\u2026 Valilik: 24 ki\u015fi tedavi alt\u0131na al\u0131nd\u0131"}]},{"@type":"WebSite","@id":"https:\/\/kibrisdakik.com\/#website","url":"https:\/\/kibrisdakik.com\/","name":"","description":"Tam vaktinde haber","potentialAction":[{"@type":"SearchAction","target":{"@type":"EntryPoint","urlTemplate":"https:\/\/kibrisdakik.com\/?s={search_term_string}"},"query-input":{"@type":"PropertyValueSpecification","valueRequired":true,"valueName":"search_term_string"}}],"inLanguage":"tr"},{"@type":"Person","@id":"https:\/\/kibrisdakik.com\/#\/schema\/person\/9cd9d437bbb44f72b73ba127e06d8e79","name":"admin","image":{"@type":"ImageObject","inLanguage":"tr","@id":"https:\/\/secure.gravatar.com\/avatar\/ccc17943b9d660506c869530f897617f7cb1c21a4bf30023f252596d83e1f007?s=96&d=mm&r=g","url":"https:\/\/secure.gravatar.com\/avatar\/ccc17943b9d660506c869530f897617f7cb1c21a4bf30023f252596d83e1f007?s=96&d=mm&r=g","contentUrl":"https:\/\/secure.gravatar.com\/avatar\/ccc17943b9d660506c869530f897617f7cb1c21a4bf30023f252596d83e1f007?s=96&d=mm&r=g","caption":"admin"},"sameAs":["https:\/\/kibrisdakik.com"],"url":"https:\/\/kibrisdakik.com\/?author=1"}]}},"_links":{"self":[{"href":"https:\/\/kibrisdakik.com\/index.php?rest_route=\/wp\/v2\/posts\/79738","targetHints":{"allow":["GET"]}}],"collection":[{"href":"https:\/\/kibrisdakik.com\/index.php?rest_route=\/wp\/v2\/posts"}],"about":[{"href":"https:\/\/kibrisdakik.com\/index.php?rest_route=\/wp\/v2\/types\/post"}],"author":[{"embeddable":true,"href":"https:\/\/kibrisdakik.com\/index.php?rest_route=\/wp\/v2\/users\/1"}],"replies":[{"embeddable":true,"href":"https:\/\/kibrisdakik.com\/index.php?rest_route=%2Fwp%2Fv2%2Fcomments&post=79738"}],"version-history":[{"count":0,"href":"https:\/\/kibrisdakik.com\/index.php?rest_route=\/wp\/v2\/posts\/79738\/revisions"}],"wp:featuredmedia":[{"embeddable":true,"href":"https:\/\/kibrisdakik.com\/index.php?rest_route=\/wp\/v2\/media\/79739"}],"wp:attachment":[{"href":"https:\/\/kibrisdakik.com\/index.php?rest_route=%2Fwp%2Fv2%2Fmedia&parent=79738"}],"wp:term":[{"taxonomy":"category","embeddable":true,"href":"https:\/\/kibrisdakik.com\/index.php?rest_route=%2Fwp%2Fv2%2Fcategories&post=79738"},{"taxonomy":"post_tag","embeddable":true,"href":"https:\/\/kibrisdakik.com\/index.php?rest_route=%2Fwp%2Fv2%2Ftags&post=79738"}],"curies":[{"name":"wp","href":"https:\/\/api.w.org\/{rel}","templated":true}]}}