{"id":79742,"date":"2025-04-09T10:31:09","date_gmt":"2025-04-09T07:31:09","guid":{"rendered":"https:\/\/kibrisdakik.com\/index.php\/2025\/04\/09\/thynin-ikinci-genis-govde-ucagi-ercana-teker-koydu\/"},"modified":"2025-04-09T10:31:09","modified_gmt":"2025-04-09T07:31:09","slug":"thynin-ikinci-genis-govde-ucagi-ercana-teker-koydu","status":"publish","type":"post","link":"https:\/\/kibrisdakik.com\/?p=79742","title":{"rendered":"THY\u2019nin ikinci geni\u015f g\u00f6vde u\u00e7a\u011f\u0131 Ercan\u2019a teker koydu"},"content":{"rendered":"<div>\n<div class=\"mariselle-image-container center\">\n                                            <\/div>\n<p>T\u00fcrkiye Cumhuriyeti\u2019nin bayrak ta\u015f\u0131y\u0131c\u0131s\u0131 konumundaki T\u00fcrk Hava Yollar\u0131 (THY), Ercan Havaliman\u0131\u2019na y\u00f6nelik geni\u015f g\u00f6vdeli u\u00e7ak say\u0131s\u0131n\u0131 art\u0131rmaya devam ediyor.<\/p>\n<p>Yeni Ercan Havaliman\u0131\u2019n\u0131n pist uzunlu\u011funun 3 bin metreye \u00e7\u0131kmas\u0131yla birlikte geni\u015f g\u00f6vdeli u\u00e7aklar\u0131n havaliman\u0131na inebilmesi yolcu say\u0131s\u0131n\u0131n da artmas\u0131na olanak sa\u011fl\u0131yor. B\u00f6ylece artan yolcu say\u0131s\u0131 \u00fclke turizmine ve ekonomisine de art\u0131 de\u011fer kat\u0131yor.<\/p>\n<p>1 Kas\u0131m 2023\u2019te 329 yolcu kapasitesine sahip Airbus A-350 u\u00e7ak ile Ercan Havaliman\u0131\u2019na y\u00f6nelik geni\u015f g\u00f6vde u\u00e7ak tipi u\u00e7u\u015flar\u0131na ba\u015flayan THY, ikinci geni\u015f g\u00f6vdeli u\u00e7aklar\u0131ndan olan Boing 777 tipi u\u00e7a\u011f\u0131n\u0131 da bug\u00fcn saat 09.13\u2019te Ercan Havaliman\u0131 pistine teker koyarak seferlerine ba\u015flatm\u0131\u015f oldu.<\/p>\n<div class=\"mariselle-image-container center\">\n                <img loading=\"lazy\" decoding=\"async\" width=\"2560\" height=\"1920\" class=\"lazy-image\" alt=\"\" sizes=\"auto, (max-width: 2560px) 100vw, 2560px\" src=\"https:\/\/brtk.net\/wp-content\/uploads\/2025\/04\/09\/6363-scaled.jpeg?ver=3ccc211438639cd2305874b700fdaac3\" srcset=\"https:\/\/brtk.net\/wp-content\/uploads\/2025\/04\/09\/6363-scaled.jpeg?ver=3ccc211438639cd2305874b700fdaac3 2560w, https:\/\/brtk.net\/wp-content\/uploads\/2025\/04\/09\/6363-300x225.jpeg?ver=3ccc211438639cd2305874b700fdaac3 300w, https:\/\/brtk.net\/wp-content\/uploads\/2025\/04\/09\/6363-1024x768.jpeg?ver=343aa342513fa3ee50ddd92970c95df9 1024w, https:\/\/brtk.net\/wp-content\/uploads\/2025\/04\/09\/6363-768x576.jpeg?ver=343aa342513fa3ee50ddd92970c95df9 768w, https:\/\/brtk.net\/wp-content\/uploads\/2025\/04\/09\/6363-1536x1152.jpeg?ver=e0e27d29d0acb4521f7ef0ae91fefe24 1536w, https:\/\/brtk.net\/wp-content\/uploads\/2025\/04\/09\/6363-2048x1536.jpeg?ver=316365fa801d00586f6eccc790d4314e 2048w\"\/>                            <\/div>\n<p>\nT\u00fcrk Hava Yollar\u0131\u2019n\u0131n (THY) tarifeli \u0130stanbul-Ercan TK 960 sefer say\u0131l\u0131 Boing 777 geni\u015f g\u00f6vde u\u00e7a\u011f\u0131 bir havac\u0131l\u0131k gelene\u011fi olan su tak\u0131yla kar\u015f\u0131land\u0131. U\u00e7a\u011f\u0131, T\u00fcrk Hava Yollar\u0131 K\u0131br\u0131s M\u00fcd\u00fcr\u00fc P\u0131nar Ayvaz Ar\u0131kan, Sivil Havac\u0131l\u0131k M\u00fcd\u00fcr\u00fc Mustafa Sofi, Sivil Havac\u0131l\u0131k Dairesi, Meydan Haberle\u015fme \u015eube Amiri Naciye \u0130lkman, Sivil Havac\u0131l\u0131k Dairesi Meydan \u0130\u015fletme \u015eube Amiri H\u00fcseyin Atakol ve T&amp;T Havaliman\u0131 \u0130\u015fletmecili\u011fi yetkilileri kar\u015f\u0131lad\u0131.<\/p>\n<p>49 Business ve 300 de ekonomi olmak \u00fczere toplam 349 yolcu kapasitesine sahip Boeing 777 u\u00e7a\u011f\u0131 cumartesi g\u00fcnleri \u0130stanbul Havaliman\u0131 ile Ercan Havaliman\u0131 aras\u0131nda kar\u015f\u0131l\u0131kl\u0131 seferleri icra edecek.<\/p>\n<\/p><\/div>\n<p><script async\n                    defer\n                    crossorigin=\"anonymous\"\n                    src=\"https:\/\/connect.facebook.net\/tr_TR\/sdk.js#xfbml=1&#038;version=v3.3\"\n            ><\/script><\/p>\n","protected":false},"excerpt":{"rendered":"<p>T\u00fcrkiye Cumhuriyeti\u2019nin bayrak ta\u015f\u0131y\u0131c\u0131s\u0131 konumundaki T\u00fcrk Hava Yollar\u0131 (THY), Ercan Havaliman\u0131\u2019na y\u00f6nelik geni\u015f g\u00f6vdeli u\u00e7ak say\u0131s\u0131n\u0131 art\u0131rmaya devam ediyor. Yeni Ercan Havaliman\u0131\u2019n\u0131n pist uzunlu\u011funun 3 bin metreye \u00e7\u0131kmas\u0131yla birlikte geni\u015f g\u00f6vdeli u\u00e7aklar\u0131n havaliman\u0131na inebilmesi yolcu say\u0131s\u0131n\u0131n da artmas\u0131na olanak sa\u011fl\u0131yor. B\u00f6ylece artan yolcu say\u0131s\u0131 \u00fclke turizmine ve ekonomisine de art\u0131 de\u011fer kat\u0131yor. 1 Kas\u0131m 2023\u2019te<\/p>\n","protected":false},"author":1,"featured_media":79743,"comment_status":"open","ping_status":"open","sticky":false,"template":"","format":"standard","meta":{"footnotes":""},"categories":[81,101],"tags":[],"class_list":["post-79742","post","type-post","status-publish","format-standard","has-post-thumbnail","hentry","category-kibris","category-manset"],"yoast_head":"<!-- This site is optimized with the Yoast SEO plugin v27.4 - https:\/\/yoast.com\/product\/yoast-seo-wordpress\/ -->\n<title>THY\u2019nin ikinci geni\u015f g\u00f6vde u\u00e7a\u011f\u0131 Ercan\u2019a teker koydu -<\/title>\n<meta name=\"robots\" content=\"index, follow, max-snippet:-1, max-image-preview:large, max-video-preview:-1\" \/>\n<link rel=\"canonical\" href=\"https:\/\/kibrisdakik.com\/?p=79742\" \/>\n<meta property=\"og:locale\" content=\"tr_TR\" \/>\n<meta property=\"og:type\" content=\"article\" \/>\n<meta property=\"og:title\" content=\"THY\u2019nin ikinci geni\u015f g\u00f6vde u\u00e7a\u011f\u0131 Ercan\u2019a teker koydu -\" \/>\n<meta property=\"og:description\" content=\"T\u00fcrkiye Cumhuriyeti\u2019nin bayrak ta\u015f\u0131y\u0131c\u0131s\u0131 konumundaki T\u00fcrk Hava Yollar\u0131 (THY), Ercan Havaliman\u0131\u2019na y\u00f6nelik geni\u015f g\u00f6vdeli u\u00e7ak say\u0131s\u0131n\u0131 art\u0131rmaya devam ediyor. Yeni Ercan Havaliman\u0131\u2019n\u0131n pist uzunlu\u011funun 3 bin metreye \u00e7\u0131kmas\u0131yla birlikte geni\u015f g\u00f6vdeli u\u00e7aklar\u0131n havaliman\u0131na inebilmesi yolcu say\u0131s\u0131n\u0131n da artmas\u0131na olanak sa\u011fl\u0131yor. B\u00f6ylece artan yolcu say\u0131s\u0131 \u00fclke turizmine ve ekonomisine de art\u0131 de\u011fer kat\u0131yor. 1 Kas\u0131m 2023\u2019te\" \/>\n<meta property=\"og:url\" content=\"https:\/\/kibrisdakik.com\/?p=79742\" \/>\n<meta property=\"article:published_time\" content=\"2025-04-09T07:31:09+00:00\" \/>\n<meta property=\"og:image\" content=\"https:\/\/kibrisdakik.com\/wp-content\/uploads\/2025\/04\/6363-scaled-740x420.jpg\" \/>\n\t<meta property=\"og:image:width\" content=\"2560\" \/>\n\t<meta property=\"og:image:height\" content=\"1440\" \/>\n\t<meta property=\"og:image:type\" content=\"image\/jpeg\" \/>\n<meta name=\"author\" content=\"admin\" \/>\n<meta name=\"twitter:card\" content=\"summary_large_image\" \/>\n<meta name=\"twitter:label1\" content=\"Yazan:\" \/>\n\t<meta name=\"twitter:data1\" content=\"admin\" \/>\n\t<meta name=\"twitter:label2\" content=\"Tahmini okuma s\u00fcresi\" \/>\n\t<meta name=\"twitter:data2\" content=\"1 dakika\" \/>\n<script type=\"application\/ld+json\" class=\"yoast-schema-graph\">{\"@context\":\"https:\\\/\\\/schema.org\",\"@graph\":[{\"@type\":\"Article\",\"@id\":\"https:\\\/\\\/kibrisdakik.com\\\/?p=79742#article\",\"isPartOf\":{\"@id\":\"https:\\\/\\\/kibrisdakik.com\\\/?p=79742\"},\"author\":{\"name\":\"admin\",\"@id\":\"https:\\\/\\\/kibrisdakik.com\\\/#\\\/schema\\\/person\\\/9cd9d437bbb44f72b73ba127e06d8e79\"},\"headline\":\"THY\u2019nin ikinci geni\u015f g\u00f6vde u\u00e7a\u011f\u0131 Ercan\u2019a teker koydu\",\"datePublished\":\"2025-04-09T07:31:09+00:00\",\"mainEntityOfPage\":{\"@id\":\"https:\\\/\\\/kibrisdakik.com\\\/?p=79742\"},\"wordCount\":270,\"commentCount\":0,\"image\":{\"@id\":\"https:\\\/\\\/kibrisdakik.com\\\/?p=79742#primaryimage\"},\"thumbnailUrl\":\"https:\\\/\\\/kibrisdakik.com\\\/wp-content\\\/uploads\\\/2025\\\/04\\\/6363-scaled-740x420.jpg\",\"articleSection\":[\"K\u0131br\u0131s\",\"Man\u015fet\"],\"inLanguage\":\"tr\",\"potentialAction\":[{\"@type\":\"CommentAction\",\"name\":\"Comment\",\"target\":[\"https:\\\/\\\/kibrisdakik.com\\\/?p=79742#respond\"]}]},{\"@type\":\"WebPage\",\"@id\":\"https:\\\/\\\/kibrisdakik.com\\\/?p=79742\",\"url\":\"https:\\\/\\\/kibrisdakik.com\\\/?p=79742\",\"name\":\"THY\u2019nin ikinci geni\u015f g\u00f6vde u\u00e7a\u011f\u0131 Ercan\u2019a teker koydu -\",\"isPartOf\":{\"@id\":\"https:\\\/\\\/kibrisdakik.com\\\/#website\"},\"primaryImageOfPage\":{\"@id\":\"https:\\\/\\\/kibrisdakik.com\\\/?p=79742#primaryimage\"},\"image\":{\"@id\":\"https:\\\/\\\/kibrisdakik.com\\\/?p=79742#primaryimage\"},\"thumbnailUrl\":\"https:\\\/\\\/kibrisdakik.com\\\/wp-content\\\/uploads\\\/2025\\\/04\\\/6363-scaled-740x420.jpg\",\"datePublished\":\"2025-04-09T07:31:09+00:00\",\"author\":{\"@id\":\"https:\\\/\\\/kibrisdakik.com\\\/#\\\/schema\\\/person\\\/9cd9d437bbb44f72b73ba127e06d8e79\"},\"breadcrumb\":{\"@id\":\"https:\\\/\\\/kibrisdakik.com\\\/?p=79742#breadcrumb\"},\"inLanguage\":\"tr\",\"potentialAction\":[{\"@type\":\"ReadAction\",\"target\":[\"https:\\\/\\\/kibrisdakik.com\\\/?p=79742\"]}]},{\"@type\":\"ImageObject\",\"inLanguage\":\"tr\",\"@id\":\"https:\\\/\\\/kibrisdakik.com\\\/?p=79742#primaryimage\",\"url\":\"https:\\\/\\\/kibrisdakik.com\\\/wp-content\\\/uploads\\\/2025\\\/04\\\/6363-scaled-740x420.jpg\",\"contentUrl\":\"https:\\\/\\\/kibrisdakik.com\\\/wp-content\\\/uploads\\\/2025\\\/04\\\/6363-scaled-740x420.jpg\",\"width\":2560,\"height\":1440},{\"@type\":\"BreadcrumbList\",\"@id\":\"https:\\\/\\\/kibrisdakik.com\\\/?p=79742#breadcrumb\",\"itemListElement\":[{\"@type\":\"ListItem\",\"position\":1,\"name\":\"Home\",\"item\":\"https:\\\/\\\/kibrisdakik.com\\\/\"},{\"@type\":\"ListItem\",\"position\":2,\"name\":\"THY\u2019nin ikinci geni\u015f g\u00f6vde u\u00e7a\u011f\u0131 Ercan\u2019a teker koydu\"}]},{\"@type\":\"WebSite\",\"@id\":\"https:\\\/\\\/kibrisdakik.com\\\/#website\",\"url\":\"https:\\\/\\\/kibrisdakik.com\\\/\",\"name\":\"\",\"description\":\"Tam vaktinde haber\",\"potentialAction\":[{\"@type\":\"SearchAction\",\"target\":{\"@type\":\"EntryPoint\",\"urlTemplate\":\"https:\\\/\\\/kibrisdakik.com\\\/?s={search_term_string}\"},\"query-input\":{\"@type\":\"PropertyValueSpecification\",\"valueRequired\":true,\"valueName\":\"search_term_string\"}}],\"inLanguage\":\"tr\"},{\"@type\":\"Person\",\"@id\":\"https:\\\/\\\/kibrisdakik.com\\\/#\\\/schema\\\/person\\\/9cd9d437bbb44f72b73ba127e06d8e79\",\"name\":\"admin\",\"image\":{\"@type\":\"ImageObject\",\"inLanguage\":\"tr\",\"@id\":\"https:\\\/\\\/secure.gravatar.com\\\/avatar\\\/ccc17943b9d660506c869530f897617f7cb1c21a4bf30023f252596d83e1f007?s=96&d=mm&r=g\",\"url\":\"https:\\\/\\\/secure.gravatar.com\\\/avatar\\\/ccc17943b9d660506c869530f897617f7cb1c21a4bf30023f252596d83e1f007?s=96&d=mm&r=g\",\"contentUrl\":\"https:\\\/\\\/secure.gravatar.com\\\/avatar\\\/ccc17943b9d660506c869530f897617f7cb1c21a4bf30023f252596d83e1f007?s=96&d=mm&r=g\",\"caption\":\"admin\"},\"sameAs\":[\"https:\\\/\\\/kibrisdakik.com\"],\"url\":\"https:\\\/\\\/kibrisdakik.com\\\/?author=1\"}]}<\/script>\n<!-- \/ Yoast SEO plugin. -->","yoast_head_json":{"title":"THY\u2019nin ikinci geni\u015f g\u00f6vde u\u00e7a\u011f\u0131 Ercan\u2019a teker koydu -","robots":{"index":"index","follow":"follow","max-snippet":"max-snippet:-1","max-image-preview":"max-image-preview:large","max-video-preview":"max-video-preview:-1"},"canonical":"https:\/\/kibrisdakik.com\/?p=79742","og_locale":"tr_TR","og_type":"article","og_title":"THY\u2019nin ikinci geni\u015f g\u00f6vde u\u00e7a\u011f\u0131 Ercan\u2019a teker koydu -","og_description":"T\u00fcrkiye Cumhuriyeti\u2019nin bayrak ta\u015f\u0131y\u0131c\u0131s\u0131 konumundaki T\u00fcrk Hava Yollar\u0131 (THY), Ercan Havaliman\u0131\u2019na y\u00f6nelik geni\u015f g\u00f6vdeli u\u00e7ak say\u0131s\u0131n\u0131 art\u0131rmaya devam ediyor. Yeni Ercan Havaliman\u0131\u2019n\u0131n pist uzunlu\u011funun 3 bin metreye \u00e7\u0131kmas\u0131yla birlikte geni\u015f g\u00f6vdeli u\u00e7aklar\u0131n havaliman\u0131na inebilmesi yolcu say\u0131s\u0131n\u0131n da artmas\u0131na olanak sa\u011fl\u0131yor. B\u00f6ylece artan yolcu say\u0131s\u0131 \u00fclke turizmine ve ekonomisine de art\u0131 de\u011fer kat\u0131yor. 1 Kas\u0131m 2023\u2019te","og_url":"https:\/\/kibrisdakik.com\/?p=79742","article_published_time":"2025-04-09T07:31:09+00:00","og_image":[{"width":2560,"height":1440,"url":"https:\/\/kibrisdakik.com\/wp-content\/uploads\/2025\/04\/6363-scaled-740x420.jpg","type":"image\/jpeg"}],"author":"admin","twitter_card":"summary_large_image","twitter_misc":{"Yazan:":"admin","Tahmini okuma s\u00fcresi":"1 dakika"},"schema":{"@context":"https:\/\/schema.org","@graph":[{"@type":"Article","@id":"https:\/\/kibrisdakik.com\/?p=79742#article","isPartOf":{"@id":"https:\/\/kibrisdakik.com\/?p=79742"},"author":{"name":"admin","@id":"https:\/\/kibrisdakik.com\/#\/schema\/person\/9cd9d437bbb44f72b73ba127e06d8e79"},"headline":"THY\u2019nin ikinci geni\u015f g\u00f6vde u\u00e7a\u011f\u0131 Ercan\u2019a teker koydu","datePublished":"2025-04-09T07:31:09+00:00","mainEntityOfPage":{"@id":"https:\/\/kibrisdakik.com\/?p=79742"},"wordCount":270,"commentCount":0,"image":{"@id":"https:\/\/kibrisdakik.com\/?p=79742#primaryimage"},"thumbnailUrl":"https:\/\/kibrisdakik.com\/wp-content\/uploads\/2025\/04\/6363-scaled-740x420.jpg","articleSection":["K\u0131br\u0131s","Man\u015fet"],"inLanguage":"tr","potentialAction":[{"@type":"CommentAction","name":"Comment","target":["https:\/\/kibrisdakik.com\/?p=79742#respond"]}]},{"@type":"WebPage","@id":"https:\/\/kibrisdakik.com\/?p=79742","url":"https:\/\/kibrisdakik.com\/?p=79742","name":"THY\u2019nin ikinci geni\u015f g\u00f6vde u\u00e7a\u011f\u0131 Ercan\u2019a teker koydu -","isPartOf":{"@id":"https:\/\/kibrisdakik.com\/#website"},"primaryImageOfPage":{"@id":"https:\/\/kibrisdakik.com\/?p=79742#primaryimage"},"image":{"@id":"https:\/\/kibrisdakik.com\/?p=79742#primaryimage"},"thumbnailUrl":"https:\/\/kibrisdakik.com\/wp-content\/uploads\/2025\/04\/6363-scaled-740x420.jpg","datePublished":"2025-04-09T07:31:09+00:00","author":{"@id":"https:\/\/kibrisdakik.com\/#\/schema\/person\/9cd9d437bbb44f72b73ba127e06d8e79"},"breadcrumb":{"@id":"https:\/\/kibrisdakik.com\/?p=79742#breadcrumb"},"inLanguage":"tr","potentialAction":[{"@type":"ReadAction","target":["https:\/\/kibrisdakik.com\/?p=79742"]}]},{"@type":"ImageObject","inLanguage":"tr","@id":"https:\/\/kibrisdakik.com\/?p=79742#primaryimage","url":"https:\/\/kibrisdakik.com\/wp-content\/uploads\/2025\/04\/6363-scaled-740x420.jpg","contentUrl":"https:\/\/kibrisdakik.com\/wp-content\/uploads\/2025\/04\/6363-scaled-740x420.jpg","width":2560,"height":1440},{"@type":"BreadcrumbList","@id":"https:\/\/kibrisdakik.com\/?p=79742#breadcrumb","itemListElement":[{"@type":"ListItem","position":1,"name":"Home","item":"https:\/\/kibrisdakik.com\/"},{"@type":"ListItem","position":2,"name":"THY\u2019nin ikinci geni\u015f g\u00f6vde u\u00e7a\u011f\u0131 Ercan\u2019a teker koydu"}]},{"@type":"WebSite","@id":"https:\/\/kibrisdakik.com\/#website","url":"https:\/\/kibrisdakik.com\/","name":"","description":"Tam vaktinde haber","potentialAction":[{"@type":"SearchAction","target":{"@type":"EntryPoint","urlTemplate":"https:\/\/kibrisdakik.com\/?s={search_term_string}"},"query-input":{"@type":"PropertyValueSpecification","valueRequired":true,"valueName":"search_term_string"}}],"inLanguage":"tr"},{"@type":"Person","@id":"https:\/\/kibrisdakik.com\/#\/schema\/person\/9cd9d437bbb44f72b73ba127e06d8e79","name":"admin","image":{"@type":"ImageObject","inLanguage":"tr","@id":"https:\/\/secure.gravatar.com\/avatar\/ccc17943b9d660506c869530f897617f7cb1c21a4bf30023f252596d83e1f007?s=96&d=mm&r=g","url":"https:\/\/secure.gravatar.com\/avatar\/ccc17943b9d660506c869530f897617f7cb1c21a4bf30023f252596d83e1f007?s=96&d=mm&r=g","contentUrl":"https:\/\/secure.gravatar.com\/avatar\/ccc17943b9d660506c869530f897617f7cb1c21a4bf30023f252596d83e1f007?s=96&d=mm&r=g","caption":"admin"},"sameAs":["https:\/\/kibrisdakik.com"],"url":"https:\/\/kibrisdakik.com\/?author=1"}]}},"_links":{"self":[{"href":"https:\/\/kibrisdakik.com\/index.php?rest_route=\/wp\/v2\/posts\/79742","targetHints":{"allow":["GET"]}}],"collection":[{"href":"https:\/\/kibrisdakik.com\/index.php?rest_route=\/wp\/v2\/posts"}],"about":[{"href":"https:\/\/kibrisdakik.com\/index.php?rest_route=\/wp\/v2\/types\/post"}],"author":[{"embeddable":true,"href":"https:\/\/kibrisdakik.com\/index.php?rest_route=\/wp\/v2\/users\/1"}],"replies":[{"embeddable":true,"href":"https:\/\/kibrisdakik.com\/index.php?rest_route=%2Fwp%2Fv2%2Fcomments&post=79742"}],"version-history":[{"count":0,"href":"https:\/\/kibrisdakik.com\/index.php?rest_route=\/wp\/v2\/posts\/79742\/revisions"}],"wp:featuredmedia":[{"embeddable":true,"href":"https:\/\/kibrisdakik.com\/index.php?rest_route=\/wp\/v2\/media\/79743"}],"wp:attachment":[{"href":"https:\/\/kibrisdakik.com\/index.php?rest_route=%2Fwp%2Fv2%2Fmedia&parent=79742"}],"wp:term":[{"taxonomy":"category","embeddable":true,"href":"https:\/\/kibrisdakik.com\/index.php?rest_route=%2Fwp%2Fv2%2Fcategories&post=79742"},{"taxonomy":"post_tag","embeddable":true,"href":"https:\/\/kibrisdakik.com\/index.php?rest_route=%2Fwp%2Fv2%2Ftags&post=79742"}],"curies":[{"name":"wp","href":"https:\/\/api.w.org\/{rel}","templated":true}]}}