{"id":79760,"date":"2025-04-09T13:41:12","date_gmt":"2025-04-09T10:41:12","guid":{"rendered":"https:\/\/kibrisdakik.com\/index.php\/2025\/04\/09\/insani-gelistirme-vakfindan-sampiyon-melekleri-yasatma-dernegine-odul\/"},"modified":"2025-04-09T13:41:12","modified_gmt":"2025-04-09T10:41:12","slug":"insani-gelistirme-vakfindan-sampiyon-melekleri-yasatma-dernegine-odul","status":"publish","type":"post","link":"https:\/\/kibrisdakik.com\/?p=79760","title":{"rendered":"\u0130nsani Geli\u015ftirme Vakf\u0131\u2019ndan, \u015eampiyon Melekleri Ya\u015fatma Derne\u011fi\u2019ne \u00f6d\u00fcl"},"content":{"rendered":"<div>\n<div class=\"mariselle-image-container center\">\n                                            <\/div>\n<p>T\u00fcrkiye\u2019de faaliyet g\u00f6steren \u0130nsani Geli\u015ftirme Vakf\u0131 (INGEV), \u201c\u0130nsani Geli\u015fme \u00d6d\u00fclleri 2025\u201d kapsam\u0131nda \u015eampiyon Melekleri Ya\u015fatma Derne\u011fi\u2019ni hak temelli \u00e7al\u0131\u015fma kategorisinde \u201cActHuman \u0130nsani Geli\u015fme\u201d \u00f6d\u00fcl\u00fcne lay\u0131k g\u00f6rd\u00fc.  <\/p>\n<p>\u0130stanbul Pera M\u00fczesi\u2019nde d\u00fcn ak\u015fam ger\u00e7ekle\u015ftirilen \u00f6d\u00fcl t\u00f6reninde, derne\u011fe, \u0130sias adalet m\u00fccadelesi nedeniyle verilen \u00f6d\u00fcl\u00fc \u015eampiyon Melekleri Ya\u015fatma Derne\u011fi ad\u0131na Ru\u015fen Y\u00fccesoylu Karakaya ald\u0131.<\/p>\n<p>-Karakaya<\/p>\n<p>T\u00f6rende konu\u015fan \u015eampiyon Melekleri Ya\u015fatma Derne\u011fi Ba\u015fkan\u0131 Ru\u015fen Y\u00fccesoylu Karakaya, \u00f6d\u00fcl\u00fc, b\u00fcy\u00fck bir sorumluk bilinciyle ald\u0131\u011f\u0131n\u0131 s\u00f6yleyerek, \u201c\u015eampiyon Melekleri Ya\u015fatma Derne\u011fi ve turist rehberi dostlar\u0131m\u0131z\u0131n aileleri olarak bizlere lay\u0131k g\u00f6r\u00fclen bu anlaml\u0131 \u00f6d\u00fcl\u00fc, sadece kendi m\u00fccadelemiz i\u00e7in de\u011fil, \u0130sias davas\u0131nda ve di\u011fer t\u00fcm deprem davalar\u0131nda adalet i\u00e7in sava\u015fan herkes ad\u0131na verilmi\u015f kabul ediyoruz.\u201d dedi.<\/p>\n<p>Bu \u00f6d\u00fcl\u00fcn, yaln\u0131zca kendi \u00e7abalar\u0131n\u0131 de\u011fil, hak, hukuk ve adalet u\u011fruna verilen m\u00fccadeleyi temsil etti\u011fini s\u00f6yleyen Karakaya, 6 \u015eubat 2023\u2019te ya\u015fanan depremin, do\u011fal afetin \u00f6tesinde; ihmalin, rant\u0131n, para h\u0131rs\u0131n\u0131n ve insan hayat\u0131n\u0131 hi\u00e7e sayan bir anlay\u0131\u015f\u0131n ac\u0131 sonu\u00e7lar\u0131n\u0131 g\u00f6zler \u00f6n\u00fcne serdi\u011fini s\u00f6yledi.   <\/p>\n<p>-\u201cKay\u0131plar kader de\u011fil, g\u00f6z g\u00f6re g\u00f6re gelen bir cinayet\u201d<\/p>\n<p>Karakaya s\u00f6zlerini \u015f\u00f6yle s\u00fcrd\u00fcrd\u00fc:  <\/p>\n<p>\u201cSevdiklerimizi kaybettik. \u00c7ocuklar\u0131m\u0131z\u0131, \u00f6\u011fretmenlerimizi, ailelerimizi, dostlar\u0131m\u0131z\u0131 bir enkaz\u0131n alt\u0131nda yitirdik. Ama bu kay\u0131plar bir kader de\u011fildi. Bu, g\u00f6z g\u00f6re g\u00f6re gelen bir cinayetti. \u00c7\u00fcnk\u00fc bu binalar, insan hayat\u0131n\u0131 de\u011fil, sadece a\u00e7g\u00f6zl\u00fcl\u00fc\u011f\u00fc g\u00f6zeten zihniyet taraf\u0131ndan in\u015fa edildi. Bizim m\u00fccadelemiz bu y\u00fczden sadece adalet istemekle s\u0131n\u0131rl\u0131 de\u011fil; ayn\u0131 zamanda bu su\u00e7a ortak olan herkesin hak etti\u011fi cezay\u0131 almas\u0131n\u0131 sa\u011flamak i\u00e7indir.\u201d<\/p>\n<p>\u201cAdaletin yerini bulmas\u0131 istenciyle, ses vermek i\u00e7in buraday\u0131z. Bizler, deprem su\u00e7lular\u0131n\u0131n olas\u0131 kast ile yarg\u0131lanmas\u0131 gerekti\u011fini her f\u0131rsatta hayk\u0131r\u0131yoruz.\u201d diyen Karakaya, bu felaketi yaratanlar\u0131n, bilerek ve isteyerek, denetimsiz, eksik malzemeyle, bilimden uzak binalar in\u015fa ettiklerini kaydetti.<\/p>\n<p>-\u201cBu sadece bizim davam\u0131z de\u011fil; insan hayat\u0131na de\u011fer veren herkesin davas\u0131\u201d<\/p>\n<p>Karakaya, \u201cOnlar\u0131n yapt\u0131klar\u0131, bilin\u00e7siz bir hata de\u011fil; \u00f6ng\u00f6r\u00fclebilir bir felaketti. Ve bunun bedelini \u00f6demeliler.\u201d diyerek s\u00f6zlerini \u015f\u00f6yle s\u00fcrd\u00fcrd\u00fc:  <\/p>\n<p>\u201cBu \u00f6d\u00fcl\u00fc al\u0131rken, burada bulunan herkese bir \u00e7a\u011fr\u0131m\u0131z var: Adalet sadece mahkeme salonlar\u0131nda de\u011fil, toplumsal vicdanla sa\u011flan\u0131r. E\u011fer bu su\u00e7lar gerekti\u011fi gibi cezaland\u0131r\u0131lmazsa, yar\u0131n ba\u015fka \u015fehirlerde, ba\u015fka masumlar da ayn\u0131 ac\u0131y\u0131 payla\u015facak. Ama biz kararl\u0131y\u0131z. Bug\u00fcn buradan bir kez daha sesleniyoruz: Bu dava, sadece bizim davam\u0131z de\u011fil; bu, insan hayat\u0131na de\u011fer veren herkesin davas\u0131d\u0131r.\u201d<\/p>\n<p>\u015eampiyon Melekleri Ya\u015fatma Derne\u011fi olarak, kaybettikleri evlatlar\u0131n\u0131n an\u0131s\u0131n\u0131 ya\u015fatmak i\u00e7in e\u011fitim projeleri geli\u015ftirdiklerini, burslar verip, spor tesisleri, okul projeleri haz\u0131rlad\u0131klar\u0131n\u0131 ve gen\u00e7lerin daha g\u00fcvenli bir gelece\u011fe sahip olmas\u0131 i\u00e7in \u00e7al\u0131\u015ft\u0131klar\u0131n\u0131 anlatan Karakaya, \u201c\u00c7\u00fcnk\u00fc biliyoruz ki ger\u00e7ek g\u00fcvenli gelecek, yaln\u0131zca su\u00e7lular\u0131n cezaland\u0131r\u0131lmas\u0131yla de\u011fil, bir daha b\u00f6yle ac\u0131lar\u0131n ya\u015fanmamas\u0131 i\u00e7in bilin\u00e7li bir toplum in\u015fa etmekle sa\u011flan\u0131r.\u201d dedi.<\/p>\n<p>Bu \u00f6d\u00fcl\u00fcn kendileri i\u00e7in bir onur oldu\u011fu kadar bir sorumluluk oldu\u011funu da vurgulayan Karakaya, \u015f\u00f6yle konu\u015ftu:<\/p>\n<p>\u201cBu sorumlulu\u011fu, adalet m\u00fccadelemizi son nefesimize kadar s\u00fcrd\u00fcrerek ta\u015f\u0131yaca\u011f\u0131z. Bizleri bu \u00f6d\u00fcle lay\u0131k g\u00f6ren INGEV Vakf\u0131\u2019na ve bizleri asla yaln\u0131z b\u0131rakmayan herkese te\u015fekk\u00fcr ediyoruz.<\/p>\n<p>Ama en b\u00fcy\u00fck te\u015fekk\u00fcr, bizlerle birlikte m\u00fccadele eden, adalet aray\u0131\u015f\u0131m\u0131zda sesimize ses katan herkesedir. \u015eampiyon Meleklerimize, rehberlerimize, t\u00fcm kaybetti\u011fimiz masum canlara adaleti sa\u011flamak i\u00e7in verdi\u011fimiz s\u00f6z\u00fc bir kez daha hat\u0131rlat\u0131yor ve onlar\u0131n an\u0131lar\u0131 \u00f6n\u00fcnde sayg\u0131yla e\u011filiyoruz.\u201d<\/p>\n<\/p><\/div>\n<p><script async\n                    defer\n                    crossorigin=\"anonymous\"\n                    src=\"https:\/\/connect.facebook.net\/tr_TR\/sdk.js#xfbml=1&#038;version=v3.3\"\n            ><\/script><\/p>\n","protected":false},"excerpt":{"rendered":"<p>T\u00fcrkiye\u2019de faaliyet g\u00f6steren \u0130nsani Geli\u015ftirme Vakf\u0131 (INGEV), \u201c\u0130nsani Geli\u015fme \u00d6d\u00fclleri 2025\u201d kapsam\u0131nda \u015eampiyon Melekleri Ya\u015fatma Derne\u011fi\u2019ni hak temelli \u00e7al\u0131\u015fma kategorisinde \u201cActHuman \u0130nsani Geli\u015fme\u201d \u00f6d\u00fcl\u00fcne lay\u0131k g\u00f6rd\u00fc. \u0130stanbul Pera M\u00fczesi\u2019nde d\u00fcn ak\u015fam ger\u00e7ekle\u015ftirilen \u00f6d\u00fcl t\u00f6reninde, derne\u011fe, \u0130sias adalet m\u00fccadelesi nedeniyle verilen \u00f6d\u00fcl\u00fc \u015eampiyon Melekleri Ya\u015fatma Derne\u011fi ad\u0131na Ru\u015fen Y\u00fccesoylu Karakaya ald\u0131. -Karakaya T\u00f6rende konu\u015fan \u015eampiyon Melekleri<\/p>\n","protected":false},"author":1,"featured_media":79761,"comment_status":"open","ping_status":"open","sticky":false,"template":"","format":"standard","meta":{"footnotes":""},"categories":[81,101],"tags":[],"class_list":["post-79760","post","type-post","status-publish","format-standard","has-post-thumbnail","hentry","category-kibris","category-manset"],"yoast_head":"<!-- This site is optimized with the Yoast SEO plugin v27.5 - https:\/\/yoast.com\/product\/yoast-seo-wordpress\/ -->\n<title>\u0130nsani Geli\u015ftirme Vakf\u0131\u2019ndan, \u015eampiyon Melekleri Ya\u015fatma Derne\u011fi\u2019ne \u00f6d\u00fcl -<\/title>\n<meta name=\"robots\" content=\"index, follow, max-snippet:-1, max-image-preview:large, max-video-preview:-1\" \/>\n<link rel=\"canonical\" href=\"https:\/\/kibrisdakik.com\/?p=79760\" \/>\n<meta property=\"og:locale\" content=\"tr_TR\" \/>\n<meta property=\"og:type\" content=\"article\" \/>\n<meta property=\"og:title\" content=\"\u0130nsani Geli\u015ftirme Vakf\u0131\u2019ndan, \u015eampiyon Melekleri Ya\u015fatma Derne\u011fi\u2019ne \u00f6d\u00fcl -\" \/>\n<meta property=\"og:description\" content=\"T\u00fcrkiye\u2019de faaliyet g\u00f6steren \u0130nsani Geli\u015ftirme Vakf\u0131 (INGEV), \u201c\u0130nsani Geli\u015fme \u00d6d\u00fclleri 2025\u201d kapsam\u0131nda \u015eampiyon Melekleri Ya\u015fatma Derne\u011fi\u2019ni hak temelli \u00e7al\u0131\u015fma kategorisinde \u201cActHuman \u0130nsani Geli\u015fme\u201d \u00f6d\u00fcl\u00fcne lay\u0131k g\u00f6rd\u00fc. \u0130stanbul Pera M\u00fczesi\u2019nde d\u00fcn ak\u015fam ger\u00e7ekle\u015ftirilen \u00f6d\u00fcl t\u00f6reninde, derne\u011fe, \u0130sias adalet m\u00fccadelesi nedeniyle verilen \u00f6d\u00fcl\u00fc \u015eampiyon Melekleri Ya\u015fatma Derne\u011fi ad\u0131na Ru\u015fen Y\u00fccesoylu Karakaya ald\u0131. -Karakaya T\u00f6rende konu\u015fan \u015eampiyon Melekleri\" \/>\n<meta property=\"og:url\" content=\"https:\/\/kibrisdakik.com\/?p=79760\" \/>\n<meta property=\"article:published_time\" content=\"2025-04-09T10:41:12+00:00\" \/>\n<meta property=\"og:image\" content=\"https:\/\/kibrisdakik.com\/wp-content\/uploads\/2025\/04\/1744187017372WhatsApp-Image-2025-04-09-at-11.10.29-740x420.jpeg\" \/>\n\t<meta property=\"og:image:width\" content=\"1600\" \/>\n\t<meta property=\"og:image:height\" content=\"1066\" \/>\n\t<meta property=\"og:image:type\" content=\"image\/jpeg\" \/>\n<meta name=\"author\" content=\"admin\" \/>\n<meta name=\"twitter:card\" content=\"summary_large_image\" \/>\n<meta name=\"twitter:label1\" content=\"Yazan:\" \/>\n\t<meta name=\"twitter:data1\" content=\"admin\" \/>\n\t<meta name=\"twitter:label2\" content=\"Tahmini okuma s\u00fcresi\" \/>\n\t<meta name=\"twitter:data2\" content=\"4 dakika\" \/>\n<script type=\"application\/ld+json\" class=\"yoast-schema-graph\">{\"@context\":\"https:\\\/\\\/schema.org\",\"@graph\":[{\"@type\":\"Article\",\"@id\":\"https:\\\/\\\/kibrisdakik.com\\\/?p=79760#article\",\"isPartOf\":{\"@id\":\"https:\\\/\\\/kibrisdakik.com\\\/?p=79760\"},\"author\":{\"name\":\"admin\",\"@id\":\"https:\\\/\\\/kibrisdakik.com\\\/#\\\/schema\\\/person\\\/9cd9d437bbb44f72b73ba127e06d8e79\"},\"headline\":\"\u0130nsani Geli\u015ftirme Vakf\u0131\u2019ndan, \u015eampiyon Melekleri Ya\u015fatma Derne\u011fi\u2019ne \u00f6d\u00fcl\",\"datePublished\":\"2025-04-09T10:41:12+00:00\",\"mainEntityOfPage\":{\"@id\":\"https:\\\/\\\/kibrisdakik.com\\\/?p=79760\"},\"wordCount\":737,\"commentCount\":0,\"image\":{\"@id\":\"https:\\\/\\\/kibrisdakik.com\\\/?p=79760#primaryimage\"},\"thumbnailUrl\":\"https:\\\/\\\/kibrisdakik.com\\\/wp-content\\\/uploads\\\/2025\\\/04\\\/1744187017372WhatsApp-Image-2025-04-09-at-11.10.29-740x420.jpeg\",\"articleSection\":[\"K\u0131br\u0131s\",\"Man\u015fet\"],\"inLanguage\":\"tr\",\"potentialAction\":[{\"@type\":\"CommentAction\",\"name\":\"Comment\",\"target\":[\"https:\\\/\\\/kibrisdakik.com\\\/?p=79760#respond\"]}]},{\"@type\":\"WebPage\",\"@id\":\"https:\\\/\\\/kibrisdakik.com\\\/?p=79760\",\"url\":\"https:\\\/\\\/kibrisdakik.com\\\/?p=79760\",\"name\":\"\u0130nsani Geli\u015ftirme Vakf\u0131\u2019ndan, \u015eampiyon Melekleri Ya\u015fatma Derne\u011fi\u2019ne \u00f6d\u00fcl -\",\"isPartOf\":{\"@id\":\"https:\\\/\\\/kibrisdakik.com\\\/#website\"},\"primaryImageOfPage\":{\"@id\":\"https:\\\/\\\/kibrisdakik.com\\\/?p=79760#primaryimage\"},\"image\":{\"@id\":\"https:\\\/\\\/kibrisdakik.com\\\/?p=79760#primaryimage\"},\"thumbnailUrl\":\"https:\\\/\\\/kibrisdakik.com\\\/wp-content\\\/uploads\\\/2025\\\/04\\\/1744187017372WhatsApp-Image-2025-04-09-at-11.10.29-740x420.jpeg\",\"datePublished\":\"2025-04-09T10:41:12+00:00\",\"author\":{\"@id\":\"https:\\\/\\\/kibrisdakik.com\\\/#\\\/schema\\\/person\\\/9cd9d437bbb44f72b73ba127e06d8e79\"},\"breadcrumb\":{\"@id\":\"https:\\\/\\\/kibrisdakik.com\\\/?p=79760#breadcrumb\"},\"inLanguage\":\"tr\",\"potentialAction\":[{\"@type\":\"ReadAction\",\"target\":[\"https:\\\/\\\/kibrisdakik.com\\\/?p=79760\"]}]},{\"@type\":\"ImageObject\",\"inLanguage\":\"tr\",\"@id\":\"https:\\\/\\\/kibrisdakik.com\\\/?p=79760#primaryimage\",\"url\":\"https:\\\/\\\/kibrisdakik.com\\\/wp-content\\\/uploads\\\/2025\\\/04\\\/1744187017372WhatsApp-Image-2025-04-09-at-11.10.29-740x420.jpeg\",\"contentUrl\":\"https:\\\/\\\/kibrisdakik.com\\\/wp-content\\\/uploads\\\/2025\\\/04\\\/1744187017372WhatsApp-Image-2025-04-09-at-11.10.29-740x420.jpeg\",\"width\":1600,\"height\":1066},{\"@type\":\"BreadcrumbList\",\"@id\":\"https:\\\/\\\/kibrisdakik.com\\\/?p=79760#breadcrumb\",\"itemListElement\":[{\"@type\":\"ListItem\",\"position\":1,\"name\":\"Home\",\"item\":\"https:\\\/\\\/kibrisdakik.com\\\/\"},{\"@type\":\"ListItem\",\"position\":2,\"name\":\"\u0130nsani Geli\u015ftirme Vakf\u0131\u2019ndan, \u015eampiyon Melekleri Ya\u015fatma Derne\u011fi\u2019ne \u00f6d\u00fcl\"}]},{\"@type\":\"WebSite\",\"@id\":\"https:\\\/\\\/kibrisdakik.com\\\/#website\",\"url\":\"https:\\\/\\\/kibrisdakik.com\\\/\",\"name\":\"\",\"description\":\"Tam vaktinde haber\",\"potentialAction\":[{\"@type\":\"SearchAction\",\"target\":{\"@type\":\"EntryPoint\",\"urlTemplate\":\"https:\\\/\\\/kibrisdakik.com\\\/?s={search_term_string}\"},\"query-input\":{\"@type\":\"PropertyValueSpecification\",\"valueRequired\":true,\"valueName\":\"search_term_string\"}}],\"inLanguage\":\"tr\"},{\"@type\":\"Person\",\"@id\":\"https:\\\/\\\/kibrisdakik.com\\\/#\\\/schema\\\/person\\\/9cd9d437bbb44f72b73ba127e06d8e79\",\"name\":\"admin\",\"image\":{\"@type\":\"ImageObject\",\"inLanguage\":\"tr\",\"@id\":\"https:\\\/\\\/secure.gravatar.com\\\/avatar\\\/ccc17943b9d660506c869530f897617f7cb1c21a4bf30023f252596d83e1f007?s=96&d=mm&r=g\",\"url\":\"https:\\\/\\\/secure.gravatar.com\\\/avatar\\\/ccc17943b9d660506c869530f897617f7cb1c21a4bf30023f252596d83e1f007?s=96&d=mm&r=g\",\"contentUrl\":\"https:\\\/\\\/secure.gravatar.com\\\/avatar\\\/ccc17943b9d660506c869530f897617f7cb1c21a4bf30023f252596d83e1f007?s=96&d=mm&r=g\",\"caption\":\"admin\"},\"sameAs\":[\"https:\\\/\\\/kibrisdakik.com\"],\"url\":\"https:\\\/\\\/kibrisdakik.com\\\/?author=1\"}]}<\/script>\n<!-- \/ Yoast SEO plugin. -->","yoast_head_json":{"title":"\u0130nsani Geli\u015ftirme Vakf\u0131\u2019ndan, \u015eampiyon Melekleri Ya\u015fatma Derne\u011fi\u2019ne \u00f6d\u00fcl -","robots":{"index":"index","follow":"follow","max-snippet":"max-snippet:-1","max-image-preview":"max-image-preview:large","max-video-preview":"max-video-preview:-1"},"canonical":"https:\/\/kibrisdakik.com\/?p=79760","og_locale":"tr_TR","og_type":"article","og_title":"\u0130nsani Geli\u015ftirme Vakf\u0131\u2019ndan, \u015eampiyon Melekleri Ya\u015fatma Derne\u011fi\u2019ne \u00f6d\u00fcl -","og_description":"T\u00fcrkiye\u2019de faaliyet g\u00f6steren \u0130nsani Geli\u015ftirme Vakf\u0131 (INGEV), \u201c\u0130nsani Geli\u015fme \u00d6d\u00fclleri 2025\u201d kapsam\u0131nda \u015eampiyon Melekleri Ya\u015fatma Derne\u011fi\u2019ni hak temelli \u00e7al\u0131\u015fma kategorisinde \u201cActHuman \u0130nsani Geli\u015fme\u201d \u00f6d\u00fcl\u00fcne lay\u0131k g\u00f6rd\u00fc. \u0130stanbul Pera M\u00fczesi\u2019nde d\u00fcn ak\u015fam ger\u00e7ekle\u015ftirilen \u00f6d\u00fcl t\u00f6reninde, derne\u011fe, \u0130sias adalet m\u00fccadelesi nedeniyle verilen \u00f6d\u00fcl\u00fc \u015eampiyon Melekleri Ya\u015fatma Derne\u011fi ad\u0131na Ru\u015fen Y\u00fccesoylu Karakaya ald\u0131. -Karakaya T\u00f6rende konu\u015fan \u015eampiyon Melekleri","og_url":"https:\/\/kibrisdakik.com\/?p=79760","article_published_time":"2025-04-09T10:41:12+00:00","og_image":[{"width":1600,"height":1066,"url":"https:\/\/kibrisdakik.com\/wp-content\/uploads\/2025\/04\/1744187017372WhatsApp-Image-2025-04-09-at-11.10.29-740x420.jpeg","type":"image\/jpeg"}],"author":"admin","twitter_card":"summary_large_image","twitter_misc":{"Yazan:":"admin","Tahmini okuma s\u00fcresi":"4 dakika"},"schema":{"@context":"https:\/\/schema.org","@graph":[{"@type":"Article","@id":"https:\/\/kibrisdakik.com\/?p=79760#article","isPartOf":{"@id":"https:\/\/kibrisdakik.com\/?p=79760"},"author":{"name":"admin","@id":"https:\/\/kibrisdakik.com\/#\/schema\/person\/9cd9d437bbb44f72b73ba127e06d8e79"},"headline":"\u0130nsani Geli\u015ftirme Vakf\u0131\u2019ndan, \u015eampiyon Melekleri Ya\u015fatma Derne\u011fi\u2019ne \u00f6d\u00fcl","datePublished":"2025-04-09T10:41:12+00:00","mainEntityOfPage":{"@id":"https:\/\/kibrisdakik.com\/?p=79760"},"wordCount":737,"commentCount":0,"image":{"@id":"https:\/\/kibrisdakik.com\/?p=79760#primaryimage"},"thumbnailUrl":"https:\/\/kibrisdakik.com\/wp-content\/uploads\/2025\/04\/1744187017372WhatsApp-Image-2025-04-09-at-11.10.29-740x420.jpeg","articleSection":["K\u0131br\u0131s","Man\u015fet"],"inLanguage":"tr","potentialAction":[{"@type":"CommentAction","name":"Comment","target":["https:\/\/kibrisdakik.com\/?p=79760#respond"]}]},{"@type":"WebPage","@id":"https:\/\/kibrisdakik.com\/?p=79760","url":"https:\/\/kibrisdakik.com\/?p=79760","name":"\u0130nsani Geli\u015ftirme Vakf\u0131\u2019ndan, \u015eampiyon Melekleri Ya\u015fatma Derne\u011fi\u2019ne \u00f6d\u00fcl -","isPartOf":{"@id":"https:\/\/kibrisdakik.com\/#website"},"primaryImageOfPage":{"@id":"https:\/\/kibrisdakik.com\/?p=79760#primaryimage"},"image":{"@id":"https:\/\/kibrisdakik.com\/?p=79760#primaryimage"},"thumbnailUrl":"https:\/\/kibrisdakik.com\/wp-content\/uploads\/2025\/04\/1744187017372WhatsApp-Image-2025-04-09-at-11.10.29-740x420.jpeg","datePublished":"2025-04-09T10:41:12+00:00","author":{"@id":"https:\/\/kibrisdakik.com\/#\/schema\/person\/9cd9d437bbb44f72b73ba127e06d8e79"},"breadcrumb":{"@id":"https:\/\/kibrisdakik.com\/?p=79760#breadcrumb"},"inLanguage":"tr","potentialAction":[{"@type":"ReadAction","target":["https:\/\/kibrisdakik.com\/?p=79760"]}]},{"@type":"ImageObject","inLanguage":"tr","@id":"https:\/\/kibrisdakik.com\/?p=79760#primaryimage","url":"https:\/\/kibrisdakik.com\/wp-content\/uploads\/2025\/04\/1744187017372WhatsApp-Image-2025-04-09-at-11.10.29-740x420.jpeg","contentUrl":"https:\/\/kibrisdakik.com\/wp-content\/uploads\/2025\/04\/1744187017372WhatsApp-Image-2025-04-09-at-11.10.29-740x420.jpeg","width":1600,"height":1066},{"@type":"BreadcrumbList","@id":"https:\/\/kibrisdakik.com\/?p=79760#breadcrumb","itemListElement":[{"@type":"ListItem","position":1,"name":"Home","item":"https:\/\/kibrisdakik.com\/"},{"@type":"ListItem","position":2,"name":"\u0130nsani Geli\u015ftirme Vakf\u0131\u2019ndan, \u015eampiyon Melekleri Ya\u015fatma Derne\u011fi\u2019ne \u00f6d\u00fcl"}]},{"@type":"WebSite","@id":"https:\/\/kibrisdakik.com\/#website","url":"https:\/\/kibrisdakik.com\/","name":"","description":"Tam vaktinde haber","potentialAction":[{"@type":"SearchAction","target":{"@type":"EntryPoint","urlTemplate":"https:\/\/kibrisdakik.com\/?s={search_term_string}"},"query-input":{"@type":"PropertyValueSpecification","valueRequired":true,"valueName":"search_term_string"}}],"inLanguage":"tr"},{"@type":"Person","@id":"https:\/\/kibrisdakik.com\/#\/schema\/person\/9cd9d437bbb44f72b73ba127e06d8e79","name":"admin","image":{"@type":"ImageObject","inLanguage":"tr","@id":"https:\/\/secure.gravatar.com\/avatar\/ccc17943b9d660506c869530f897617f7cb1c21a4bf30023f252596d83e1f007?s=96&d=mm&r=g","url":"https:\/\/secure.gravatar.com\/avatar\/ccc17943b9d660506c869530f897617f7cb1c21a4bf30023f252596d83e1f007?s=96&d=mm&r=g","contentUrl":"https:\/\/secure.gravatar.com\/avatar\/ccc17943b9d660506c869530f897617f7cb1c21a4bf30023f252596d83e1f007?s=96&d=mm&r=g","caption":"admin"},"sameAs":["https:\/\/kibrisdakik.com"],"url":"https:\/\/kibrisdakik.com\/?author=1"}]}},"_links":{"self":[{"href":"https:\/\/kibrisdakik.com\/index.php?rest_route=\/wp\/v2\/posts\/79760","targetHints":{"allow":["GET"]}}],"collection":[{"href":"https:\/\/kibrisdakik.com\/index.php?rest_route=\/wp\/v2\/posts"}],"about":[{"href":"https:\/\/kibrisdakik.com\/index.php?rest_route=\/wp\/v2\/types\/post"}],"author":[{"embeddable":true,"href":"https:\/\/kibrisdakik.com\/index.php?rest_route=\/wp\/v2\/users\/1"}],"replies":[{"embeddable":true,"href":"https:\/\/kibrisdakik.com\/index.php?rest_route=%2Fwp%2Fv2%2Fcomments&post=79760"}],"version-history":[{"count":0,"href":"https:\/\/kibrisdakik.com\/index.php?rest_route=\/wp\/v2\/posts\/79760\/revisions"}],"wp:featuredmedia":[{"embeddable":true,"href":"https:\/\/kibrisdakik.com\/index.php?rest_route=\/wp\/v2\/media\/79761"}],"wp:attachment":[{"href":"https:\/\/kibrisdakik.com\/index.php?rest_route=%2Fwp%2Fv2%2Fmedia&parent=79760"}],"wp:term":[{"taxonomy":"category","embeddable":true,"href":"https:\/\/kibrisdakik.com\/index.php?rest_route=%2Fwp%2Fv2%2Fcategories&post=79760"},{"taxonomy":"post_tag","embeddable":true,"href":"https:\/\/kibrisdakik.com\/index.php?rest_route=%2Fwp%2Fv2%2Ftags&post=79760"}],"curies":[{"name":"wp","href":"https:\/\/api.w.org\/{rel}","templated":true}]}}