{"id":79780,"date":"2025-04-09T16:40:27","date_gmt":"2025-04-09T13:40:27","guid":{"rendered":"https:\/\/kibrisdakik.com\/index.php\/2025\/04\/09\/aliyevden-kktc-icin-net-mesaj-bagimsizliginin-taninmasi-icin-kktcnin-yaninda-olacagiz\/"},"modified":"2025-04-09T16:40:27","modified_gmt":"2025-04-09T13:40:27","slug":"aliyevden-kktc-icin-net-mesaj-bagimsizliginin-taninmasi-icin-kktcnin-yaninda-olacagiz","status":"publish","type":"post","link":"https:\/\/kibrisdakik.com\/?p=79780","title":{"rendered":"Aliyev\u2019den KKTC i\u00e7in net mesaj. \u201cBa\u011f\u0131ms\u0131zl\u0131\u011f\u0131n\u0131n tan\u0131nmas\u0131 i\u00e7in KKTC\u2019nin yan\u0131nda olaca\u011f\u0131z\u201d"},"content":{"rendered":"<div>\n<div class=\"mariselle-image-container center\">\n                                            <\/div>\n<p>Azerbaycan Cumhurba\u015fkan\u0131 \u0130lham Aliyev, Bak\u00fc\u2019deki ADA \u00dcniversitesi\u2019nde d\u00fczenlenen \u201cYeni D\u00fcnya D\u00fczenine Do\u011fru\u201d ba\u015fl\u0131kl\u0131 uluslararas\u0131 foruma kat\u0131larak konu\u015fma yapt\u0131. Aliyev konu\u015fmas\u0131nda KKTC\u2019nin tan\u0131nmas\u0131 konusuna da de\u011findi.<\/p>\n<p>Aliyev, Kuzey K\u0131br\u0131s T\u00fcrk Cumhuriyeti\u2019nin uluslararas\u0131 toplum taraf\u0131ndan ba\u011f\u0131ms\u0131z bir devlet olarak tan\u0131nmas\u0131 i\u00e7in her zaman KKTC\u2019li karde\u015flerinin yan\u0131nda olacaklar\u0131n\u0131 s\u00f6yledi. KKTC ile ili\u015fkileri de de\u011ferlendiren Aliyev, Cumhurba\u015fkan\u0131 Ersin Tatar\u2019la temas halinde oldu\u011funu kaydetti.<\/p>\n<p>Aliyev, Azerbaycan olarak KKTC\u2019nin T\u00fcrk Devletleri Te\u015fkilat\u0131\u2019na g\u00f6zlemci \u00fcye olmas\u0131nda aktif rol oynad\u0131klar\u0131n\u0131, Cumhurba\u015fkan\u0131 Ersin Tatar\u2019\u0131 T\u00fcrk Devletleri Te\u015fkilat\u0131\u2019n\u0131n \u015eu\u015fa\u2019da d\u00fczenlenen Gayriresmi Zirvesi\u2019ne davet etti\u011fini hat\u0131rlatt\u0131.<\/p>\n<p>KKTC bayra\u011f\u0131n\u0131n T\u00fcrk Devletleri Te\u015fkilat\u0131 Zirvesi\u2019nde \u015eu\u015fa\u2019da dalgaland\u0131\u011f\u0131n\u0131 an\u0131msatan Aliyev, \u201cBiz her zaman karde\u015flerimizin yan\u0131nday\u0131z. Bizim politikam\u0131z her zaman net olmu\u015ftur. Bu hususta ba\u015fka bir g\u00fcndemimiz yok. Biz sadece karde\u015flerimizin devletlerini koruyabilmeleri i\u00e7in onlara nas\u0131l yard\u0131mc\u0131 olabilece\u011fimizi d\u00fc\u015f\u00fcn\u00fcyoruz. Onlar bunu tarihsel olarak ve yapt\u0131klar\u0131 dolay\u0131s\u0131yla hak ediyor\u201d \u015feklinde konu\u015ftu.<\/p>\n<p>Azerbaycan Cumhurba\u015fkan\u0131 \u0130lham Aliyev, Annan Plan\u0131\u2019na KKTC\u2019nin \u201cevet\u201d dedi\u011fini, G\u00fcney K\u0131br\u0131s Rum Y\u00f6netimi\u2019nin ise kar\u015f\u0131 \u00e7\u0131kt\u0131\u011f\u0131n\u0131 hat\u0131rlatarak, \u201cSonras\u0131nda ne oldu? K\u0131br\u0131s Rum Kesimi AB\u2019ye \u00fcye kabul edildi. Bu adil mi? Bu \u00e7ifte standartlara a\u00e7\u0131k \u00f6rnektir. KKTC\u2019li karde\u015flerimiz emin olsun ki, \u00fclkelerinin ba\u011f\u0131ms\u0131z bir devlet olarak uluslararas\u0131 toplum taraf\u0131ndan tan\u0131nmas\u0131 i\u00e7in her zaman yanlar\u0131nda olaca\u011f\u0131z\u201d dedi.<\/p>\n<\/p><\/div>\n<p><script async\n                    defer\n                    crossorigin=\"anonymous\"\n                    src=\"https:\/\/connect.facebook.net\/tr_TR\/sdk.js#xfbml=1&#038;version=v3.3\"\n            ><\/script><\/p>\n","protected":false},"excerpt":{"rendered":"<p>Azerbaycan Cumhurba\u015fkan\u0131 \u0130lham Aliyev, Bak\u00fc\u2019deki ADA \u00dcniversitesi\u2019nde d\u00fczenlenen \u201cYeni D\u00fcnya D\u00fczenine Do\u011fru\u201d ba\u015fl\u0131kl\u0131 uluslararas\u0131 foruma kat\u0131larak konu\u015fma yapt\u0131. Aliyev konu\u015fmas\u0131nda KKTC\u2019nin tan\u0131nmas\u0131 konusuna da de\u011findi. Aliyev, Kuzey K\u0131br\u0131s T\u00fcrk Cumhuriyeti\u2019nin uluslararas\u0131 toplum taraf\u0131ndan ba\u011f\u0131ms\u0131z bir devlet olarak tan\u0131nmas\u0131 i\u00e7in her zaman KKTC\u2019li karde\u015flerinin yan\u0131nda olacaklar\u0131n\u0131 s\u00f6yledi. KKTC ile ili\u015fkileri de de\u011ferlendiren Aliyev, Cumhurba\u015fkan\u0131 Ersin Tatar\u2019la<\/p>\n","protected":false},"author":1,"featured_media":79781,"comment_status":"open","ping_status":"open","sticky":false,"template":"","format":"standard","meta":{"footnotes":""},"categories":[81,101],"tags":[],"class_list":["post-79780","post","type-post","status-publish","format-standard","has-post-thumbnail","hentry","category-kibris","category-manset"],"yoast_head":"<!-- This site is optimized with the Yoast SEO plugin v27.4 - https:\/\/yoast.com\/product\/yoast-seo-wordpress\/ -->\n<title>Aliyev\u2019den KKTC i\u00e7in net mesaj. \u201cBa\u011f\u0131ms\u0131zl\u0131\u011f\u0131n\u0131n tan\u0131nmas\u0131 i\u00e7in KKTC\u2019nin yan\u0131nda olaca\u011f\u0131z\u201d -<\/title>\n<meta name=\"robots\" content=\"index, follow, max-snippet:-1, max-image-preview:large, max-video-preview:-1\" \/>\n<link rel=\"canonical\" href=\"https:\/\/kibrisdakik.com\/?p=79780\" \/>\n<meta property=\"og:locale\" content=\"tr_TR\" \/>\n<meta property=\"og:type\" content=\"article\" \/>\n<meta property=\"og:title\" content=\"Aliyev\u2019den KKTC i\u00e7in net mesaj. \u201cBa\u011f\u0131ms\u0131zl\u0131\u011f\u0131n\u0131n tan\u0131nmas\u0131 i\u00e7in KKTC\u2019nin yan\u0131nda olaca\u011f\u0131z\u201d -\" \/>\n<meta property=\"og:description\" content=\"Azerbaycan Cumhurba\u015fkan\u0131 \u0130lham Aliyev, Bak\u00fc\u2019deki ADA \u00dcniversitesi\u2019nde d\u00fczenlenen \u201cYeni D\u00fcnya D\u00fczenine Do\u011fru\u201d ba\u015fl\u0131kl\u0131 uluslararas\u0131 foruma kat\u0131larak konu\u015fma yapt\u0131. Aliyev konu\u015fmas\u0131nda KKTC\u2019nin tan\u0131nmas\u0131 konusuna da de\u011findi. Aliyev, Kuzey K\u0131br\u0131s T\u00fcrk Cumhuriyeti\u2019nin uluslararas\u0131 toplum taraf\u0131ndan ba\u011f\u0131ms\u0131z bir devlet olarak tan\u0131nmas\u0131 i\u00e7in her zaman KKTC\u2019li karde\u015flerinin yan\u0131nda olacaklar\u0131n\u0131 s\u00f6yledi. KKTC ile ili\u015fkileri de de\u011ferlendiren Aliyev, Cumhurba\u015fkan\u0131 Ersin Tatar\u2019la\" \/>\n<meta property=\"og:url\" content=\"https:\/\/kibrisdakik.com\/?p=79780\" \/>\n<meta property=\"article:published_time\" content=\"2025-04-09T13:40:27+00:00\" \/>\n<meta property=\"og:image\" content=\"https:\/\/kibrisdakik.com\/wp-content\/uploads\/2025\/04\/aliyevvvvvvvv.jpg\" \/>\n\t<meta property=\"og:image:width\" content=\"656\" \/>\n\t<meta property=\"og:image:height\" content=\"400\" \/>\n\t<meta property=\"og:image:type\" content=\"image\/jpeg\" \/>\n<meta name=\"author\" content=\"admin\" \/>\n<meta name=\"twitter:card\" content=\"summary_large_image\" \/>\n<meta name=\"twitter:label1\" content=\"Yazan:\" \/>\n\t<meta name=\"twitter:data1\" content=\"admin\" \/>\n\t<meta name=\"twitter:label2\" content=\"Tahmini okuma s\u00fcresi\" \/>\n\t<meta name=\"twitter:data2\" content=\"1 dakika\" \/>\n<script type=\"application\/ld+json\" class=\"yoast-schema-graph\">{\"@context\":\"https:\\\/\\\/schema.org\",\"@graph\":[{\"@type\":\"Article\",\"@id\":\"https:\\\/\\\/kibrisdakik.com\\\/?p=79780#article\",\"isPartOf\":{\"@id\":\"https:\\\/\\\/kibrisdakik.com\\\/?p=79780\"},\"author\":{\"name\":\"admin\",\"@id\":\"https:\\\/\\\/kibrisdakik.com\\\/#\\\/schema\\\/person\\\/9cd9d437bbb44f72b73ba127e06d8e79\"},\"headline\":\"Aliyev\u2019den KKTC i\u00e7in net mesaj. \u201cBa\u011f\u0131ms\u0131zl\u0131\u011f\u0131n\u0131n tan\u0131nmas\u0131 i\u00e7in KKTC\u2019nin yan\u0131nda olaca\u011f\u0131z\u201d\",\"datePublished\":\"2025-04-09T13:40:27+00:00\",\"mainEntityOfPage\":{\"@id\":\"https:\\\/\\\/kibrisdakik.com\\\/?p=79780\"},\"wordCount\":317,\"commentCount\":0,\"image\":{\"@id\":\"https:\\\/\\\/kibrisdakik.com\\\/?p=79780#primaryimage\"},\"thumbnailUrl\":\"https:\\\/\\\/kibrisdakik.com\\\/wp-content\\\/uploads\\\/2025\\\/04\\\/aliyevvvvvvvv.jpg\",\"articleSection\":[\"K\u0131br\u0131s\",\"Man\u015fet\"],\"inLanguage\":\"tr\",\"potentialAction\":[{\"@type\":\"CommentAction\",\"name\":\"Comment\",\"target\":[\"https:\\\/\\\/kibrisdakik.com\\\/?p=79780#respond\"]}]},{\"@type\":\"WebPage\",\"@id\":\"https:\\\/\\\/kibrisdakik.com\\\/?p=79780\",\"url\":\"https:\\\/\\\/kibrisdakik.com\\\/?p=79780\",\"name\":\"Aliyev\u2019den KKTC i\u00e7in net mesaj. \u201cBa\u011f\u0131ms\u0131zl\u0131\u011f\u0131n\u0131n tan\u0131nmas\u0131 i\u00e7in KKTC\u2019nin yan\u0131nda olaca\u011f\u0131z\u201d -\",\"isPartOf\":{\"@id\":\"https:\\\/\\\/kibrisdakik.com\\\/#website\"},\"primaryImageOfPage\":{\"@id\":\"https:\\\/\\\/kibrisdakik.com\\\/?p=79780#primaryimage\"},\"image\":{\"@id\":\"https:\\\/\\\/kibrisdakik.com\\\/?p=79780#primaryimage\"},\"thumbnailUrl\":\"https:\\\/\\\/kibrisdakik.com\\\/wp-content\\\/uploads\\\/2025\\\/04\\\/aliyevvvvvvvv.jpg\",\"datePublished\":\"2025-04-09T13:40:27+00:00\",\"author\":{\"@id\":\"https:\\\/\\\/kibrisdakik.com\\\/#\\\/schema\\\/person\\\/9cd9d437bbb44f72b73ba127e06d8e79\"},\"breadcrumb\":{\"@id\":\"https:\\\/\\\/kibrisdakik.com\\\/?p=79780#breadcrumb\"},\"inLanguage\":\"tr\",\"potentialAction\":[{\"@type\":\"ReadAction\",\"target\":[\"https:\\\/\\\/kibrisdakik.com\\\/?p=79780\"]}]},{\"@type\":\"ImageObject\",\"inLanguage\":\"tr\",\"@id\":\"https:\\\/\\\/kibrisdakik.com\\\/?p=79780#primaryimage\",\"url\":\"https:\\\/\\\/kibrisdakik.com\\\/wp-content\\\/uploads\\\/2025\\\/04\\\/aliyevvvvvvvv.jpg\",\"contentUrl\":\"https:\\\/\\\/kibrisdakik.com\\\/wp-content\\\/uploads\\\/2025\\\/04\\\/aliyevvvvvvvv.jpg\",\"width\":656,\"height\":400},{\"@type\":\"BreadcrumbList\",\"@id\":\"https:\\\/\\\/kibrisdakik.com\\\/?p=79780#breadcrumb\",\"itemListElement\":[{\"@type\":\"ListItem\",\"position\":1,\"name\":\"Home\",\"item\":\"https:\\\/\\\/kibrisdakik.com\\\/\"},{\"@type\":\"ListItem\",\"position\":2,\"name\":\"Aliyev\u2019den KKTC i\u00e7in net mesaj. \u201cBa\u011f\u0131ms\u0131zl\u0131\u011f\u0131n\u0131n tan\u0131nmas\u0131 i\u00e7in KKTC\u2019nin yan\u0131nda olaca\u011f\u0131z\u201d\"}]},{\"@type\":\"WebSite\",\"@id\":\"https:\\\/\\\/kibrisdakik.com\\\/#website\",\"url\":\"https:\\\/\\\/kibrisdakik.com\\\/\",\"name\":\"\",\"description\":\"Tam vaktinde haber\",\"potentialAction\":[{\"@type\":\"SearchAction\",\"target\":{\"@type\":\"EntryPoint\",\"urlTemplate\":\"https:\\\/\\\/kibrisdakik.com\\\/?s={search_term_string}\"},\"query-input\":{\"@type\":\"PropertyValueSpecification\",\"valueRequired\":true,\"valueName\":\"search_term_string\"}}],\"inLanguage\":\"tr\"},{\"@type\":\"Person\",\"@id\":\"https:\\\/\\\/kibrisdakik.com\\\/#\\\/schema\\\/person\\\/9cd9d437bbb44f72b73ba127e06d8e79\",\"name\":\"admin\",\"image\":{\"@type\":\"ImageObject\",\"inLanguage\":\"tr\",\"@id\":\"https:\\\/\\\/secure.gravatar.com\\\/avatar\\\/ccc17943b9d660506c869530f897617f7cb1c21a4bf30023f252596d83e1f007?s=96&d=mm&r=g\",\"url\":\"https:\\\/\\\/secure.gravatar.com\\\/avatar\\\/ccc17943b9d660506c869530f897617f7cb1c21a4bf30023f252596d83e1f007?s=96&d=mm&r=g\",\"contentUrl\":\"https:\\\/\\\/secure.gravatar.com\\\/avatar\\\/ccc17943b9d660506c869530f897617f7cb1c21a4bf30023f252596d83e1f007?s=96&d=mm&r=g\",\"caption\":\"admin\"},\"sameAs\":[\"https:\\\/\\\/kibrisdakik.com\"],\"url\":\"https:\\\/\\\/kibrisdakik.com\\\/?author=1\"}]}<\/script>\n<!-- \/ Yoast SEO plugin. -->","yoast_head_json":{"title":"Aliyev\u2019den KKTC i\u00e7in net mesaj. \u201cBa\u011f\u0131ms\u0131zl\u0131\u011f\u0131n\u0131n tan\u0131nmas\u0131 i\u00e7in KKTC\u2019nin yan\u0131nda olaca\u011f\u0131z\u201d -","robots":{"index":"index","follow":"follow","max-snippet":"max-snippet:-1","max-image-preview":"max-image-preview:large","max-video-preview":"max-video-preview:-1"},"canonical":"https:\/\/kibrisdakik.com\/?p=79780","og_locale":"tr_TR","og_type":"article","og_title":"Aliyev\u2019den KKTC i\u00e7in net mesaj. \u201cBa\u011f\u0131ms\u0131zl\u0131\u011f\u0131n\u0131n tan\u0131nmas\u0131 i\u00e7in KKTC\u2019nin yan\u0131nda olaca\u011f\u0131z\u201d -","og_description":"Azerbaycan Cumhurba\u015fkan\u0131 \u0130lham Aliyev, Bak\u00fc\u2019deki ADA \u00dcniversitesi\u2019nde d\u00fczenlenen \u201cYeni D\u00fcnya D\u00fczenine Do\u011fru\u201d ba\u015fl\u0131kl\u0131 uluslararas\u0131 foruma kat\u0131larak konu\u015fma yapt\u0131. Aliyev konu\u015fmas\u0131nda KKTC\u2019nin tan\u0131nmas\u0131 konusuna da de\u011findi. Aliyev, Kuzey K\u0131br\u0131s T\u00fcrk Cumhuriyeti\u2019nin uluslararas\u0131 toplum taraf\u0131ndan ba\u011f\u0131ms\u0131z bir devlet olarak tan\u0131nmas\u0131 i\u00e7in her zaman KKTC\u2019li karde\u015flerinin yan\u0131nda olacaklar\u0131n\u0131 s\u00f6yledi. KKTC ile ili\u015fkileri de de\u011ferlendiren Aliyev, Cumhurba\u015fkan\u0131 Ersin Tatar\u2019la","og_url":"https:\/\/kibrisdakik.com\/?p=79780","article_published_time":"2025-04-09T13:40:27+00:00","og_image":[{"width":656,"height":400,"url":"https:\/\/kibrisdakik.com\/wp-content\/uploads\/2025\/04\/aliyevvvvvvvv.jpg","type":"image\/jpeg"}],"author":"admin","twitter_card":"summary_large_image","twitter_misc":{"Yazan:":"admin","Tahmini okuma s\u00fcresi":"1 dakika"},"schema":{"@context":"https:\/\/schema.org","@graph":[{"@type":"Article","@id":"https:\/\/kibrisdakik.com\/?p=79780#article","isPartOf":{"@id":"https:\/\/kibrisdakik.com\/?p=79780"},"author":{"name":"admin","@id":"https:\/\/kibrisdakik.com\/#\/schema\/person\/9cd9d437bbb44f72b73ba127e06d8e79"},"headline":"Aliyev\u2019den KKTC i\u00e7in net mesaj. \u201cBa\u011f\u0131ms\u0131zl\u0131\u011f\u0131n\u0131n tan\u0131nmas\u0131 i\u00e7in KKTC\u2019nin yan\u0131nda olaca\u011f\u0131z\u201d","datePublished":"2025-04-09T13:40:27+00:00","mainEntityOfPage":{"@id":"https:\/\/kibrisdakik.com\/?p=79780"},"wordCount":317,"commentCount":0,"image":{"@id":"https:\/\/kibrisdakik.com\/?p=79780#primaryimage"},"thumbnailUrl":"https:\/\/kibrisdakik.com\/wp-content\/uploads\/2025\/04\/aliyevvvvvvvv.jpg","articleSection":["K\u0131br\u0131s","Man\u015fet"],"inLanguage":"tr","potentialAction":[{"@type":"CommentAction","name":"Comment","target":["https:\/\/kibrisdakik.com\/?p=79780#respond"]}]},{"@type":"WebPage","@id":"https:\/\/kibrisdakik.com\/?p=79780","url":"https:\/\/kibrisdakik.com\/?p=79780","name":"Aliyev\u2019den KKTC i\u00e7in net mesaj. \u201cBa\u011f\u0131ms\u0131zl\u0131\u011f\u0131n\u0131n tan\u0131nmas\u0131 i\u00e7in KKTC\u2019nin yan\u0131nda olaca\u011f\u0131z\u201d -","isPartOf":{"@id":"https:\/\/kibrisdakik.com\/#website"},"primaryImageOfPage":{"@id":"https:\/\/kibrisdakik.com\/?p=79780#primaryimage"},"image":{"@id":"https:\/\/kibrisdakik.com\/?p=79780#primaryimage"},"thumbnailUrl":"https:\/\/kibrisdakik.com\/wp-content\/uploads\/2025\/04\/aliyevvvvvvvv.jpg","datePublished":"2025-04-09T13:40:27+00:00","author":{"@id":"https:\/\/kibrisdakik.com\/#\/schema\/person\/9cd9d437bbb44f72b73ba127e06d8e79"},"breadcrumb":{"@id":"https:\/\/kibrisdakik.com\/?p=79780#breadcrumb"},"inLanguage":"tr","potentialAction":[{"@type":"ReadAction","target":["https:\/\/kibrisdakik.com\/?p=79780"]}]},{"@type":"ImageObject","inLanguage":"tr","@id":"https:\/\/kibrisdakik.com\/?p=79780#primaryimage","url":"https:\/\/kibrisdakik.com\/wp-content\/uploads\/2025\/04\/aliyevvvvvvvv.jpg","contentUrl":"https:\/\/kibrisdakik.com\/wp-content\/uploads\/2025\/04\/aliyevvvvvvvv.jpg","width":656,"height":400},{"@type":"BreadcrumbList","@id":"https:\/\/kibrisdakik.com\/?p=79780#breadcrumb","itemListElement":[{"@type":"ListItem","position":1,"name":"Home","item":"https:\/\/kibrisdakik.com\/"},{"@type":"ListItem","position":2,"name":"Aliyev\u2019den KKTC i\u00e7in net mesaj. \u201cBa\u011f\u0131ms\u0131zl\u0131\u011f\u0131n\u0131n tan\u0131nmas\u0131 i\u00e7in KKTC\u2019nin yan\u0131nda olaca\u011f\u0131z\u201d"}]},{"@type":"WebSite","@id":"https:\/\/kibrisdakik.com\/#website","url":"https:\/\/kibrisdakik.com\/","name":"","description":"Tam vaktinde haber","potentialAction":[{"@type":"SearchAction","target":{"@type":"EntryPoint","urlTemplate":"https:\/\/kibrisdakik.com\/?s={search_term_string}"},"query-input":{"@type":"PropertyValueSpecification","valueRequired":true,"valueName":"search_term_string"}}],"inLanguage":"tr"},{"@type":"Person","@id":"https:\/\/kibrisdakik.com\/#\/schema\/person\/9cd9d437bbb44f72b73ba127e06d8e79","name":"admin","image":{"@type":"ImageObject","inLanguage":"tr","@id":"https:\/\/secure.gravatar.com\/avatar\/ccc17943b9d660506c869530f897617f7cb1c21a4bf30023f252596d83e1f007?s=96&d=mm&r=g","url":"https:\/\/secure.gravatar.com\/avatar\/ccc17943b9d660506c869530f897617f7cb1c21a4bf30023f252596d83e1f007?s=96&d=mm&r=g","contentUrl":"https:\/\/secure.gravatar.com\/avatar\/ccc17943b9d660506c869530f897617f7cb1c21a4bf30023f252596d83e1f007?s=96&d=mm&r=g","caption":"admin"},"sameAs":["https:\/\/kibrisdakik.com"],"url":"https:\/\/kibrisdakik.com\/?author=1"}]}},"_links":{"self":[{"href":"https:\/\/kibrisdakik.com\/index.php?rest_route=\/wp\/v2\/posts\/79780","targetHints":{"allow":["GET"]}}],"collection":[{"href":"https:\/\/kibrisdakik.com\/index.php?rest_route=\/wp\/v2\/posts"}],"about":[{"href":"https:\/\/kibrisdakik.com\/index.php?rest_route=\/wp\/v2\/types\/post"}],"author":[{"embeddable":true,"href":"https:\/\/kibrisdakik.com\/index.php?rest_route=\/wp\/v2\/users\/1"}],"replies":[{"embeddable":true,"href":"https:\/\/kibrisdakik.com\/index.php?rest_route=%2Fwp%2Fv2%2Fcomments&post=79780"}],"version-history":[{"count":0,"href":"https:\/\/kibrisdakik.com\/index.php?rest_route=\/wp\/v2\/posts\/79780\/revisions"}],"wp:featuredmedia":[{"embeddable":true,"href":"https:\/\/kibrisdakik.com\/index.php?rest_route=\/wp\/v2\/media\/79781"}],"wp:attachment":[{"href":"https:\/\/kibrisdakik.com\/index.php?rest_route=%2Fwp%2Fv2%2Fmedia&parent=79780"}],"wp:term":[{"taxonomy":"category","embeddable":true,"href":"https:\/\/kibrisdakik.com\/index.php?rest_route=%2Fwp%2Fv2%2Fcategories&post=79780"},{"taxonomy":"post_tag","embeddable":true,"href":"https:\/\/kibrisdakik.com\/index.php?rest_route=%2Fwp%2Fv2%2Ftags&post=79780"}],"curies":[{"name":"wp","href":"https:\/\/api.w.org\/{rel}","templated":true}]}}