{"id":7979,"date":"2023-06-01T00:37:48","date_gmt":"2023-06-01T00:37:48","guid":{"rendered":"https:\/\/kibrisdakik.com\/index.php\/2023\/06\/01\/iki-toplumlu-suc-ve-suca-iliskin-konular-teknik-komitesi-seminer-duzenledi\/"},"modified":"2023-06-01T00:37:48","modified_gmt":"2023-06-01T00:37:48","slug":"iki-toplumlu-suc-ve-suca-iliskin-konular-teknik-komitesi-seminer-duzenledi","status":"publish","type":"post","link":"https:\/\/kibrisdakik.com\/?p=7979","title":{"rendered":"\u0130ki toplumlu Su\u00e7 ve Su\u00e7a \u0130li\u015fkin Konular Teknik Komitesi seminer d\u00fczenledi"},"content":{"rendered":"<p><\/p>\n<div>\n<div class=\"mariselle-image-container center\">\n                <img width=\"706\" height=\"431\" class=\"lazy-image\" alt=\"\" decoding=\"async\" loading=\"lazy\" sizes=\"auto, (max-width: 706px) 100vw, 706px\" src=\"https:\/\/brtk.net\/wp-content\/uploads\/2023\/05\/31\/iki_toplumlu_suc_ve_suca_iliskin_konular_teknik_komitesinin_ev_ici_siddetin_onlenmesine_yonelik_semineri_ledra_palas_otelde_yapildi_h115170_ebbf4-1.jpg?ver=303068c4c31e1ab0e212db9f5f3ceb46\" srcset=\"https:\/\/brtk.net\/wp-content\/uploads\/2023\/05\/31\/iki_toplumlu_suc_ve_suca_iliskin_konular_teknik_komitesinin_ev_ici_siddetin_onlenmesine_yonelik_semineri_ledra_palas_otelde_yapildi_h115170_ebbf4-1.jpg?ver=303068c4c31e1ab0e212db9f5f3ceb46 706w, https:\/\/brtk.net\/wp-content\/uploads\/2023\/05\/31\/iki_toplumlu_suc_ve_suca_iliskin_konular_teknik_komitesinin_ev_ici_siddetin_onlenmesine_yonelik_semineri_ledra_palas_otelde_yapildi_h115170_ebbf4-1-300x183.jpg?ver=303068c4c31e1ab0e212db9f5f3ceb46 300w\"\/>                            <\/div>\n<p>\u0130ki toplumlu Su\u00e7 ve Su\u00e7a \u0130li\u015fkin Konular Teknik Komitesi\u2019nin d\u00fczenledi\u011fi \u201cEv \u0130\u00e7i \u015eiddet: \u00c7ocuk \u0130stismar\u0131 ve Kad\u0131na Y\u00f6nelik \u015eiddetin \u00d6nlenmesi\u201d konulu seminer, ara b\u00f6lgedeki Ledra Palas Otel\u2019de yap\u0131ld\u0131.<\/p>\n<p>Seminerin a\u00e7\u0131l\u0131\u015f konu\u015fmalar\u0131n\u0131 BM Bar\u0131\u015f G\u00fcc\u00fc Polis Komutan\u0131 ve Komite Ba\u015fkan\u0131 Satu Koivu, Bar\u0131\u015f G\u00fcc\u00fc K\u0131demli Dan\u0131\u015fman\u0131 Aderemi Adekoya, Su\u00e7 ve Su\u00e7a \u0130li\u015fkin Konular Teknik Komitesinin K\u0131br\u0131sl\u0131 T\u00fcrk ve Rum e\u015f ba\u015fkanlar\u0131 Prof. Andreas Kapardis ve Salih Doratl\u0131 yapt\u0131.<\/p>\n<p>2008 y\u0131l\u0131nda kurulan komiteyle ilgi bilgi de veren Ba\u015fkan Koivu, BM, \u201cBug\u00fcn burada bu konuyu ele almam\u0131z\u0131n nedeni, K\u0131br\u0131s adas\u0131nda da bu tarz durumlara \u015fahitlik etmemizdir, dedi.<\/p>\n<p>Koivu, Kad\u0131nlar, erkekler ve \u00e7ocuklar i\u00e7in en g\u00fcvenli yer olan ev olmas\u0131 gerekirken baz\u0131 evlerde bunlar\u0131n tam tersinin ya\u015fand\u0131\u011f\u0131n\u0131, <a href=\"https:\/\/brtk.net\/\">Covid-19<\/a> pandemisinde ve kapanma d\u00f6nemlerinde d\u00fcnya genelinde kad\u0131n ve \u00e7ocuklara kar\u015f\u0131 ev i\u00e7i \u015fiddet olaylar\u0131nda da art\u0131\u015f kaydedildi\u011fini anlatt\u0131.<\/p>\n<p>Bar\u0131\u015f G\u00fcc\u00fc K\u0131demli Polis Dan\u0131\u015fman\u0131 Aderemi Adekoya da, ev i\u00e7i \u015fiddet ve kad\u0131na y\u00f6nelik \u015fiddetin \u00f6nlenmesinin gerekli oldu\u011funa i\u015faret etti.<\/p>\n<p>Adekoya,  Birle\u015fmi\u015f Milletler\u2019in konuya dikkat \u00e7ekmek ve fark\u0131ndal\u0131\u011f\u0131 art\u0131rmak amac\u0131yla \u00e7ok \u00e7e\u015fitli platformlar\u0131 kulland\u0131\u011f\u0131n\u0131 aktard\u0131.<\/p>\n<p>Komitenin K\u0131br\u0131sl\u0131 Rum e\u015f ba\u015fkan\u0131 Prof. Andreas Kapardis ise konu\u015fmas\u0131na, ma\u011fdur haklar\u0131n\u0131n \u00e7ok yak\u0131n zamana kadar ihmal edilmi\u015f bir alan oldu\u011funa dair kan\u0131tlar oldu\u011funu vurgulayarak ba\u015flad\u0131.<\/p>\n<p>\u201c\u00c7ocukluk d\u00f6nemi \u00e7ok \u00f6nemlidir ve ona \u00e7ok dikkat etmeliyiz\u201d diyen Kapardis, \u201cBug\u00fcn aile i\u00e7i \u015fiddetten bahsederken vurgulamam\u0131z \u2018\u00f6nleme\u2019 \u00fczerinedir, dedi.<\/p>\n<p>Komitenin K\u0131br\u0131sl\u0131 T\u00fcrk e\u015f ba\u015fkan\u0131 Salih Doratl\u0131 da, BM polis g\u00fcc\u00fc ve Komitenin i\u015f birli\u011fi ve dayan\u0131\u015fma i\u00e7erisinde verimli \u00e7al\u0131\u015fmalar\u0131n \u00f6rneklerini sergiledi\u011fini kaydetti. Doratl\u0131, ev i\u00e7i \u015fiddet konusunun din, dil, etnik k\u00f6ken, sosyal stat\u00fc tan\u0131maks\u0131z\u0131n t\u00fcm toplumlar\u0131 etkiledi\u011fini kaydetti.<\/p>\n<p>Doratl\u0131, bug\u00fcn seminere konu\u015fmac\u0131 olarak kat\u0131lan uzman kat\u0131l\u0131mc\u0131lar\u0131n ortak bir ama\u00e7 i\u00e7in bir araya geldi\u011fini ve sevgi, sayg\u0131 ve \u015fefkatin, k\u00f6t\u00fcl\u00fck, \u00fcz\u00fcnt\u00fc ve korkuya kar\u015f\u0131 galip gelmesi ve seminerin hem kat\u0131l\u0131mc\u0131larda hem de toplumda de\u011fi\u015fim i\u00e7in bir k\u0131v\u0131lc\u0131m yaratmas\u0131n\u0131 arzulad\u0131klar\u0131n\u0131 belirtti.<\/p>\n<\/p><\/div>\n<p><script async\n                    defer\n                    crossorigin=\"anonymous\"\n                    src=\"https:\/\/connect.facebook.net\/tr_TR\/sdk.js#xfbml=1&#038;version=v3.3\"\n            ><\/script><\/p>\n","protected":false},"excerpt":{"rendered":"<p>\u0130ki toplumlu Su\u00e7 ve Su\u00e7a \u0130li\u015fkin Konular Teknik Komitesi\u2019nin d\u00fczenledi\u011fi \u201cEv \u0130\u00e7i \u015eiddet: \u00c7ocuk \u0130stismar\u0131 ve Kad\u0131na Y\u00f6nelik \u015eiddetin \u00d6nlenmesi\u201d konulu seminer, ara b\u00f6lgedeki Ledra Palas Otel\u2019de yap\u0131ld\u0131. Seminerin a\u00e7\u0131l\u0131\u015f konu\u015fmalar\u0131n\u0131 BM Bar\u0131\u015f G\u00fcc\u00fc Polis Komutan\u0131 ve Komite Ba\u015fkan\u0131 Satu Koivu, Bar\u0131\u015f G\u00fcc\u00fc K\u0131demli Dan\u0131\u015fman\u0131 Aderemi Adekoya, Su\u00e7 ve Su\u00e7a \u0130li\u015fkin Konular Teknik Komitesinin K\u0131br\u0131sl\u0131<\/p>\n","protected":false},"author":1,"featured_media":7980,"comment_status":"open","ping_status":"open","sticky":false,"template":"","format":"standard","meta":{"footnotes":""},"categories":[1],"tags":[],"class_list":["post-7979","post","type-post","status-publish","format-standard","has-post-thumbnail","hentry","category-gundem"],"yoast_head":"<!-- This site is optimized with the Yoast SEO plugin v27.4 - https:\/\/yoast.com\/product\/yoast-seo-wordpress\/ -->\n<title>\u0130ki toplumlu Su\u00e7 ve Su\u00e7a \u0130li\u015fkin Konular Teknik Komitesi seminer d\u00fczenledi -<\/title>\n<meta name=\"robots\" content=\"index, follow, max-snippet:-1, max-image-preview:large, max-video-preview:-1\" \/>\n<link rel=\"canonical\" href=\"https:\/\/kibrisdakik.com\/?p=7979\" \/>\n<meta property=\"og:locale\" content=\"tr_TR\" \/>\n<meta property=\"og:type\" content=\"article\" \/>\n<meta property=\"og:title\" content=\"\u0130ki toplumlu Su\u00e7 ve Su\u00e7a \u0130li\u015fkin Konular Teknik Komitesi seminer d\u00fczenledi -\" \/>\n<meta property=\"og:description\" content=\"\u0130ki toplumlu Su\u00e7 ve Su\u00e7a \u0130li\u015fkin Konular Teknik Komitesi\u2019nin d\u00fczenledi\u011fi \u201cEv \u0130\u00e7i \u015eiddet: \u00c7ocuk \u0130stismar\u0131 ve Kad\u0131na Y\u00f6nelik \u015eiddetin \u00d6nlenmesi\u201d konulu seminer, ara b\u00f6lgedeki Ledra Palas Otel\u2019de yap\u0131ld\u0131. Seminerin a\u00e7\u0131l\u0131\u015f konu\u015fmalar\u0131n\u0131 BM Bar\u0131\u015f G\u00fcc\u00fc Polis Komutan\u0131 ve Komite Ba\u015fkan\u0131 Satu Koivu, Bar\u0131\u015f G\u00fcc\u00fc K\u0131demli Dan\u0131\u015fman\u0131 Aderemi Adekoya, Su\u00e7 ve Su\u00e7a \u0130li\u015fkin Konular Teknik Komitesinin K\u0131br\u0131sl\u0131\" \/>\n<meta property=\"og:url\" content=\"https:\/\/kibrisdakik.com\/?p=7979\" \/>\n<meta property=\"article:published_time\" content=\"2023-06-01T00:37:48+00:00\" \/>\n<meta property=\"og:image\" content=\"https:\/\/kibrisdakik.com\/wp-content\/uploads\/2023\/06\/iki_toplumlu_suc_ve_suca_iliskin_konular_teknik_komitesinin_ev_ici_siddetin_onlenmesine_yonelik_semineri_ledra_palas_otelde_yapildi_h115170_ebbf4-1-706x420.jpg\" \/>\n\t<meta property=\"og:image:width\" content=\"706\" \/>\n\t<meta property=\"og:image:height\" content=\"431\" \/>\n\t<meta property=\"og:image:type\" content=\"image\/jpeg\" \/>\n<meta name=\"author\" content=\"admin\" \/>\n<meta name=\"twitter:card\" content=\"summary_large_image\" \/>\n<meta name=\"twitter:label1\" content=\"Yazan:\" \/>\n\t<meta name=\"twitter:data1\" content=\"admin\" \/>\n\t<meta name=\"twitter:label2\" content=\"Tahmini okuma s\u00fcresi\" \/>\n\t<meta name=\"twitter:data2\" content=\"2 dakika\" \/>\n<script type=\"application\/ld+json\" class=\"yoast-schema-graph\">{\"@context\":\"https:\\\/\\\/schema.org\",\"@graph\":[{\"@type\":\"Article\",\"@id\":\"https:\\\/\\\/kibrisdakik.com\\\/?p=7979#article\",\"isPartOf\":{\"@id\":\"https:\\\/\\\/kibrisdakik.com\\\/?p=7979\"},\"author\":{\"name\":\"admin\",\"@id\":\"https:\\\/\\\/kibrisdakik.com\\\/#\\\/schema\\\/person\\\/9cd9d437bbb44f72b73ba127e06d8e79\"},\"headline\":\"\u0130ki toplumlu Su\u00e7 ve Su\u00e7a \u0130li\u015fkin Konular Teknik Komitesi seminer d\u00fczenledi\",\"datePublished\":\"2023-06-01T00:37:48+00:00\",\"mainEntityOfPage\":{\"@id\":\"https:\\\/\\\/kibrisdakik.com\\\/?p=7979\"},\"wordCount\":426,\"commentCount\":0,\"image\":{\"@id\":\"https:\\\/\\\/kibrisdakik.com\\\/?p=7979#primaryimage\"},\"thumbnailUrl\":\"https:\\\/\\\/kibrisdakik.com\\\/wp-content\\\/uploads\\\/2023\\\/06\\\/iki_toplumlu_suc_ve_suca_iliskin_konular_teknik_komitesinin_ev_ici_siddetin_onlenmesine_yonelik_semineri_ledra_palas_otelde_yapildi_h115170_ebbf4-1-706x420.jpg\",\"articleSection\":[\"G\u00fcndem\"],\"inLanguage\":\"tr\",\"potentialAction\":[{\"@type\":\"CommentAction\",\"name\":\"Comment\",\"target\":[\"https:\\\/\\\/kibrisdakik.com\\\/?p=7979#respond\"]}]},{\"@type\":\"WebPage\",\"@id\":\"https:\\\/\\\/kibrisdakik.com\\\/?p=7979\",\"url\":\"https:\\\/\\\/kibrisdakik.com\\\/?p=7979\",\"name\":\"\u0130ki toplumlu Su\u00e7 ve Su\u00e7a \u0130li\u015fkin Konular Teknik Komitesi seminer d\u00fczenledi -\",\"isPartOf\":{\"@id\":\"https:\\\/\\\/kibrisdakik.com\\\/#website\"},\"primaryImageOfPage\":{\"@id\":\"https:\\\/\\\/kibrisdakik.com\\\/?p=7979#primaryimage\"},\"image\":{\"@id\":\"https:\\\/\\\/kibrisdakik.com\\\/?p=7979#primaryimage\"},\"thumbnailUrl\":\"https:\\\/\\\/kibrisdakik.com\\\/wp-content\\\/uploads\\\/2023\\\/06\\\/iki_toplumlu_suc_ve_suca_iliskin_konular_teknik_komitesinin_ev_ici_siddetin_onlenmesine_yonelik_semineri_ledra_palas_otelde_yapildi_h115170_ebbf4-1-706x420.jpg\",\"datePublished\":\"2023-06-01T00:37:48+00:00\",\"author\":{\"@id\":\"https:\\\/\\\/kibrisdakik.com\\\/#\\\/schema\\\/person\\\/9cd9d437bbb44f72b73ba127e06d8e79\"},\"breadcrumb\":{\"@id\":\"https:\\\/\\\/kibrisdakik.com\\\/?p=7979#breadcrumb\"},\"inLanguage\":\"tr\",\"potentialAction\":[{\"@type\":\"ReadAction\",\"target\":[\"https:\\\/\\\/kibrisdakik.com\\\/?p=7979\"]}]},{\"@type\":\"ImageObject\",\"inLanguage\":\"tr\",\"@id\":\"https:\\\/\\\/kibrisdakik.com\\\/?p=7979#primaryimage\",\"url\":\"https:\\\/\\\/kibrisdakik.com\\\/wp-content\\\/uploads\\\/2023\\\/06\\\/iki_toplumlu_suc_ve_suca_iliskin_konular_teknik_komitesinin_ev_ici_siddetin_onlenmesine_yonelik_semineri_ledra_palas_otelde_yapildi_h115170_ebbf4-1-706x420.jpg\",\"contentUrl\":\"https:\\\/\\\/kibrisdakik.com\\\/wp-content\\\/uploads\\\/2023\\\/06\\\/iki_toplumlu_suc_ve_suca_iliskin_konular_teknik_komitesinin_ev_ici_siddetin_onlenmesine_yonelik_semineri_ledra_palas_otelde_yapildi_h115170_ebbf4-1-706x420.jpg\",\"width\":706,\"height\":431},{\"@type\":\"BreadcrumbList\",\"@id\":\"https:\\\/\\\/kibrisdakik.com\\\/?p=7979#breadcrumb\",\"itemListElement\":[{\"@type\":\"ListItem\",\"position\":1,\"name\":\"Home\",\"item\":\"https:\\\/\\\/kibrisdakik.com\\\/\"},{\"@type\":\"ListItem\",\"position\":2,\"name\":\"\u0130ki toplumlu Su\u00e7 ve Su\u00e7a \u0130li\u015fkin Konular Teknik Komitesi seminer d\u00fczenledi\"}]},{\"@type\":\"WebSite\",\"@id\":\"https:\\\/\\\/kibrisdakik.com\\\/#website\",\"url\":\"https:\\\/\\\/kibrisdakik.com\\\/\",\"name\":\"\",\"description\":\"Tam vaktinde haber\",\"potentialAction\":[{\"@type\":\"SearchAction\",\"target\":{\"@type\":\"EntryPoint\",\"urlTemplate\":\"https:\\\/\\\/kibrisdakik.com\\\/?s={search_term_string}\"},\"query-input\":{\"@type\":\"PropertyValueSpecification\",\"valueRequired\":true,\"valueName\":\"search_term_string\"}}],\"inLanguage\":\"tr\"},{\"@type\":\"Person\",\"@id\":\"https:\\\/\\\/kibrisdakik.com\\\/#\\\/schema\\\/person\\\/9cd9d437bbb44f72b73ba127e06d8e79\",\"name\":\"admin\",\"image\":{\"@type\":\"ImageObject\",\"inLanguage\":\"tr\",\"@id\":\"https:\\\/\\\/secure.gravatar.com\\\/avatar\\\/ccc17943b9d660506c869530f897617f7cb1c21a4bf30023f252596d83e1f007?s=96&d=mm&r=g\",\"url\":\"https:\\\/\\\/secure.gravatar.com\\\/avatar\\\/ccc17943b9d660506c869530f897617f7cb1c21a4bf30023f252596d83e1f007?s=96&d=mm&r=g\",\"contentUrl\":\"https:\\\/\\\/secure.gravatar.com\\\/avatar\\\/ccc17943b9d660506c869530f897617f7cb1c21a4bf30023f252596d83e1f007?s=96&d=mm&r=g\",\"caption\":\"admin\"},\"sameAs\":[\"https:\\\/\\\/kibrisdakik.com\"],\"url\":\"https:\\\/\\\/kibrisdakik.com\\\/?author=1\"}]}<\/script>\n<!-- \/ Yoast SEO plugin. -->","yoast_head_json":{"title":"\u0130ki toplumlu Su\u00e7 ve Su\u00e7a \u0130li\u015fkin Konular Teknik Komitesi seminer d\u00fczenledi -","robots":{"index":"index","follow":"follow","max-snippet":"max-snippet:-1","max-image-preview":"max-image-preview:large","max-video-preview":"max-video-preview:-1"},"canonical":"https:\/\/kibrisdakik.com\/?p=7979","og_locale":"tr_TR","og_type":"article","og_title":"\u0130ki toplumlu Su\u00e7 ve Su\u00e7a \u0130li\u015fkin Konular Teknik Komitesi seminer d\u00fczenledi -","og_description":"\u0130ki toplumlu Su\u00e7 ve Su\u00e7a \u0130li\u015fkin Konular Teknik Komitesi\u2019nin d\u00fczenledi\u011fi \u201cEv \u0130\u00e7i \u015eiddet: \u00c7ocuk \u0130stismar\u0131 ve Kad\u0131na Y\u00f6nelik \u015eiddetin \u00d6nlenmesi\u201d konulu seminer, ara b\u00f6lgedeki Ledra Palas Otel\u2019de yap\u0131ld\u0131. Seminerin a\u00e7\u0131l\u0131\u015f konu\u015fmalar\u0131n\u0131 BM Bar\u0131\u015f G\u00fcc\u00fc Polis Komutan\u0131 ve Komite Ba\u015fkan\u0131 Satu Koivu, Bar\u0131\u015f G\u00fcc\u00fc K\u0131demli Dan\u0131\u015fman\u0131 Aderemi Adekoya, Su\u00e7 ve Su\u00e7a \u0130li\u015fkin Konular Teknik Komitesinin K\u0131br\u0131sl\u0131","og_url":"https:\/\/kibrisdakik.com\/?p=7979","article_published_time":"2023-06-01T00:37:48+00:00","og_image":[{"width":706,"height":431,"url":"https:\/\/kibrisdakik.com\/wp-content\/uploads\/2023\/06\/iki_toplumlu_suc_ve_suca_iliskin_konular_teknik_komitesinin_ev_ici_siddetin_onlenmesine_yonelik_semineri_ledra_palas_otelde_yapildi_h115170_ebbf4-1-706x420.jpg","type":"image\/jpeg"}],"author":"admin","twitter_card":"summary_large_image","twitter_misc":{"Yazan:":"admin","Tahmini okuma s\u00fcresi":"2 dakika"},"schema":{"@context":"https:\/\/schema.org","@graph":[{"@type":"Article","@id":"https:\/\/kibrisdakik.com\/?p=7979#article","isPartOf":{"@id":"https:\/\/kibrisdakik.com\/?p=7979"},"author":{"name":"admin","@id":"https:\/\/kibrisdakik.com\/#\/schema\/person\/9cd9d437bbb44f72b73ba127e06d8e79"},"headline":"\u0130ki toplumlu Su\u00e7 ve Su\u00e7a \u0130li\u015fkin Konular Teknik Komitesi seminer d\u00fczenledi","datePublished":"2023-06-01T00:37:48+00:00","mainEntityOfPage":{"@id":"https:\/\/kibrisdakik.com\/?p=7979"},"wordCount":426,"commentCount":0,"image":{"@id":"https:\/\/kibrisdakik.com\/?p=7979#primaryimage"},"thumbnailUrl":"https:\/\/kibrisdakik.com\/wp-content\/uploads\/2023\/06\/iki_toplumlu_suc_ve_suca_iliskin_konular_teknik_komitesinin_ev_ici_siddetin_onlenmesine_yonelik_semineri_ledra_palas_otelde_yapildi_h115170_ebbf4-1-706x420.jpg","articleSection":["G\u00fcndem"],"inLanguage":"tr","potentialAction":[{"@type":"CommentAction","name":"Comment","target":["https:\/\/kibrisdakik.com\/?p=7979#respond"]}]},{"@type":"WebPage","@id":"https:\/\/kibrisdakik.com\/?p=7979","url":"https:\/\/kibrisdakik.com\/?p=7979","name":"\u0130ki toplumlu Su\u00e7 ve Su\u00e7a \u0130li\u015fkin Konular Teknik Komitesi seminer d\u00fczenledi -","isPartOf":{"@id":"https:\/\/kibrisdakik.com\/#website"},"primaryImageOfPage":{"@id":"https:\/\/kibrisdakik.com\/?p=7979#primaryimage"},"image":{"@id":"https:\/\/kibrisdakik.com\/?p=7979#primaryimage"},"thumbnailUrl":"https:\/\/kibrisdakik.com\/wp-content\/uploads\/2023\/06\/iki_toplumlu_suc_ve_suca_iliskin_konular_teknik_komitesinin_ev_ici_siddetin_onlenmesine_yonelik_semineri_ledra_palas_otelde_yapildi_h115170_ebbf4-1-706x420.jpg","datePublished":"2023-06-01T00:37:48+00:00","author":{"@id":"https:\/\/kibrisdakik.com\/#\/schema\/person\/9cd9d437bbb44f72b73ba127e06d8e79"},"breadcrumb":{"@id":"https:\/\/kibrisdakik.com\/?p=7979#breadcrumb"},"inLanguage":"tr","potentialAction":[{"@type":"ReadAction","target":["https:\/\/kibrisdakik.com\/?p=7979"]}]},{"@type":"ImageObject","inLanguage":"tr","@id":"https:\/\/kibrisdakik.com\/?p=7979#primaryimage","url":"https:\/\/kibrisdakik.com\/wp-content\/uploads\/2023\/06\/iki_toplumlu_suc_ve_suca_iliskin_konular_teknik_komitesinin_ev_ici_siddetin_onlenmesine_yonelik_semineri_ledra_palas_otelde_yapildi_h115170_ebbf4-1-706x420.jpg","contentUrl":"https:\/\/kibrisdakik.com\/wp-content\/uploads\/2023\/06\/iki_toplumlu_suc_ve_suca_iliskin_konular_teknik_komitesinin_ev_ici_siddetin_onlenmesine_yonelik_semineri_ledra_palas_otelde_yapildi_h115170_ebbf4-1-706x420.jpg","width":706,"height":431},{"@type":"BreadcrumbList","@id":"https:\/\/kibrisdakik.com\/?p=7979#breadcrumb","itemListElement":[{"@type":"ListItem","position":1,"name":"Home","item":"https:\/\/kibrisdakik.com\/"},{"@type":"ListItem","position":2,"name":"\u0130ki toplumlu Su\u00e7 ve Su\u00e7a \u0130li\u015fkin Konular Teknik Komitesi seminer d\u00fczenledi"}]},{"@type":"WebSite","@id":"https:\/\/kibrisdakik.com\/#website","url":"https:\/\/kibrisdakik.com\/","name":"","description":"Tam vaktinde haber","potentialAction":[{"@type":"SearchAction","target":{"@type":"EntryPoint","urlTemplate":"https:\/\/kibrisdakik.com\/?s={search_term_string}"},"query-input":{"@type":"PropertyValueSpecification","valueRequired":true,"valueName":"search_term_string"}}],"inLanguage":"tr"},{"@type":"Person","@id":"https:\/\/kibrisdakik.com\/#\/schema\/person\/9cd9d437bbb44f72b73ba127e06d8e79","name":"admin","image":{"@type":"ImageObject","inLanguage":"tr","@id":"https:\/\/secure.gravatar.com\/avatar\/ccc17943b9d660506c869530f897617f7cb1c21a4bf30023f252596d83e1f007?s=96&d=mm&r=g","url":"https:\/\/secure.gravatar.com\/avatar\/ccc17943b9d660506c869530f897617f7cb1c21a4bf30023f252596d83e1f007?s=96&d=mm&r=g","contentUrl":"https:\/\/secure.gravatar.com\/avatar\/ccc17943b9d660506c869530f897617f7cb1c21a4bf30023f252596d83e1f007?s=96&d=mm&r=g","caption":"admin"},"sameAs":["https:\/\/kibrisdakik.com"],"url":"https:\/\/kibrisdakik.com\/?author=1"}]}},"_links":{"self":[{"href":"https:\/\/kibrisdakik.com\/index.php?rest_route=\/wp\/v2\/posts\/7979","targetHints":{"allow":["GET"]}}],"collection":[{"href":"https:\/\/kibrisdakik.com\/index.php?rest_route=\/wp\/v2\/posts"}],"about":[{"href":"https:\/\/kibrisdakik.com\/index.php?rest_route=\/wp\/v2\/types\/post"}],"author":[{"embeddable":true,"href":"https:\/\/kibrisdakik.com\/index.php?rest_route=\/wp\/v2\/users\/1"}],"replies":[{"embeddable":true,"href":"https:\/\/kibrisdakik.com\/index.php?rest_route=%2Fwp%2Fv2%2Fcomments&post=7979"}],"version-history":[{"count":0,"href":"https:\/\/kibrisdakik.com\/index.php?rest_route=\/wp\/v2\/posts\/7979\/revisions"}],"wp:featuredmedia":[{"embeddable":true,"href":"https:\/\/kibrisdakik.com\/index.php?rest_route=\/wp\/v2\/media\/7980"}],"wp:attachment":[{"href":"https:\/\/kibrisdakik.com\/index.php?rest_route=%2Fwp%2Fv2%2Fmedia&parent=7979"}],"wp:term":[{"taxonomy":"category","embeddable":true,"href":"https:\/\/kibrisdakik.com\/index.php?rest_route=%2Fwp%2Fv2%2Fcategories&post=7979"},{"taxonomy":"post_tag","embeddable":true,"href":"https:\/\/kibrisdakik.com\/index.php?rest_route=%2Fwp%2Fv2%2Ftags&post=7979"}],"curies":[{"name":"wp","href":"https:\/\/api.w.org\/{rel}","templated":true}]}}