{"id":79791,"date":"2025-04-09T17:04:30","date_gmt":"2025-04-09T14:04:30","guid":{"rendered":"https:\/\/kibrisdakik.com\/index.php\/2025\/04\/09\/icisleri-bakani-oguz-hayvan-ureticileri-ve-yetistiricileri-birligi-heyetini-kabul-etti\/"},"modified":"2025-04-09T17:04:30","modified_gmt":"2025-04-09T14:04:30","slug":"icisleri-bakani-oguz-hayvan-ureticileri-ve-yetistiricileri-birligi-heyetini-kabul-etti","status":"publish","type":"post","link":"https:\/\/kibrisdakik.com\/?p=79791","title":{"rendered":"\u0130\u00e7i\u015fleri Bakan\u0131 O\u011fuz, Hayvan \u00dcreticileri ve Yeti\u015ftiricileri Birli\u011fi heyetini kabul etti"},"content":{"rendered":"<div>\n<div class=\"mariselle-image-container center\">\n                                            <\/div>\n<p>\u0130\u00e7i\u015fleri Bakan\u0131 Dursun O\u011fuz, Hayvan \u00dcreticileri ve Yeti\u015ftiricileri Birli\u011fi Ba\u015fkan\u0131 Adil Onalt ve beraberindeki heyeti kabul etti. <\/p>\n<p>Bakanl\u0131ktan yap\u0131lan a\u00e7\u0131klamaya g\u00f6re, g\u00f6r\u00fc\u015fmede Kurudere K\u00f6y\u00fc\u2019nde ba\u015f\u0131bo\u015f k\u00f6peklerin sald\u0131r\u0131s\u0131 sonucu telef olan k\u00fc\u00e7\u00fckba\u015f hayvanlar ve \u00fcreticilerin ya\u015fad\u0131\u011f\u0131 ma\u011fduriyet g\u00fcndeme geldi. <\/p>\n<p>\u0130\u00e7i\u015fleri Bakan\u0131 Dursun O\u011fuz, hayvan \u00fcreticilerinin zarar g\u00f6rmemesi ad\u0131na a\u011f\u0131llar\u0131n g\u00fcvenli ve sa\u011flam bir \u015fekilde in\u015fa edilmesinin \u00f6nemine dikkat \u00e7ekerek, bu t\u00fcr olaylar\u0131n \u00f6nlenmesi i\u00e7in al\u0131nacak tedbirlerin hayvanc\u0131l\u0131\u011f\u0131n s\u00fcrd\u00fcr\u00fclebilirli\u011fi a\u00e7\u0131s\u0131ndan hayati \u00f6neme sahip oldu\u011funu vurgulad\u0131.<\/p>\n<p>Bakan O\u011fuz, g\u00f6reve yeni ba\u015flayan Adil Onalt ve y\u00f6netim kurulunu tebrik ederek, \u00e7al\u0131\u015fmalar\u0131nda ba\u015far\u0131lar diledi.<\/p>\n<p>G\u00f6r\u00fc\u015fmede ayr\u0131ca, benzer ma\u011fduriyetlerin tekrar ya\u015fanmamas\u0131 ad\u0131na Hayvan \u00dcreticileri ve Yeti\u015ftiricileri Birli\u011fi ile Yerel Y\u00f6netimler M\u00fcd\u00fcrl\u00fc\u011f\u00fc ve Avc\u0131l\u0131k Federasyonu\u2019nun kat\u0131l\u0131m\u0131yla bir toplant\u0131 d\u00fczenlenmesi y\u00f6n\u00fcnde karar al\u0131nd\u0131. Toplant\u0131da, ba\u015f\u0131bo\u015f k\u00f6pekler konusunda al\u0131nabilecek \u00f6nlemler detayl\u0131 \u015fekilde ele al\u0131nacak.<\/p>\n<\/p><\/div>\n<p><script async\n                    defer\n                    crossorigin=\"anonymous\"\n                    src=\"https:\/\/connect.facebook.net\/tr_TR\/sdk.js#xfbml=1&#038;version=v3.3\"\n            ><\/script><\/p>\n","protected":false},"excerpt":{"rendered":"<p>\u0130\u00e7i\u015fleri Bakan\u0131 Dursun O\u011fuz, Hayvan \u00dcreticileri ve Yeti\u015ftiricileri Birli\u011fi Ba\u015fkan\u0131 Adil Onalt ve beraberindeki heyeti kabul etti. Bakanl\u0131ktan yap\u0131lan a\u00e7\u0131klamaya g\u00f6re, g\u00f6r\u00fc\u015fmede Kurudere K\u00f6y\u00fc\u2019nde ba\u015f\u0131bo\u015f k\u00f6peklerin sald\u0131r\u0131s\u0131 sonucu telef olan k\u00fc\u00e7\u00fckba\u015f hayvanlar ve \u00fcreticilerin ya\u015fad\u0131\u011f\u0131 ma\u011fduriyet g\u00fcndeme geldi. \u0130\u00e7i\u015fleri Bakan\u0131 Dursun O\u011fuz, hayvan \u00fcreticilerinin zarar g\u00f6rmemesi ad\u0131na a\u011f\u0131llar\u0131n g\u00fcvenli ve sa\u011flam bir \u015fekilde in\u015fa edilmesinin<\/p>\n","protected":false},"author":1,"featured_media":79792,"comment_status":"open","ping_status":"open","sticky":false,"template":"","format":"standard","meta":{"footnotes":""},"categories":[81,101],"tags":[],"class_list":["post-79791","post","type-post","status-publish","format-standard","has-post-thumbnail","hentry","category-kibris","category-manset"],"yoast_head":"<!-- This site is optimized with the Yoast SEO plugin v27.5 - https:\/\/yoast.com\/product\/yoast-seo-wordpress\/ -->\n<title>\u0130\u00e7i\u015fleri Bakan\u0131 O\u011fuz, Hayvan \u00dcreticileri ve Yeti\u015ftiricileri Birli\u011fi heyetini kabul etti -<\/title>\n<meta name=\"robots\" content=\"index, follow, max-snippet:-1, max-image-preview:large, max-video-preview:-1\" \/>\n<link rel=\"canonical\" href=\"https:\/\/kibrisdakik.com\/?p=79791\" \/>\n<meta property=\"og:locale\" content=\"tr_TR\" \/>\n<meta property=\"og:type\" content=\"article\" \/>\n<meta property=\"og:title\" content=\"\u0130\u00e7i\u015fleri Bakan\u0131 O\u011fuz, Hayvan \u00dcreticileri ve Yeti\u015ftiricileri Birli\u011fi heyetini kabul etti -\" \/>\n<meta property=\"og:description\" content=\"\u0130\u00e7i\u015fleri Bakan\u0131 Dursun O\u011fuz, Hayvan \u00dcreticileri ve Yeti\u015ftiricileri Birli\u011fi Ba\u015fkan\u0131 Adil Onalt ve beraberindeki heyeti kabul etti. Bakanl\u0131ktan yap\u0131lan a\u00e7\u0131klamaya g\u00f6re, g\u00f6r\u00fc\u015fmede Kurudere K\u00f6y\u00fc\u2019nde ba\u015f\u0131bo\u015f k\u00f6peklerin sald\u0131r\u0131s\u0131 sonucu telef olan k\u00fc\u00e7\u00fckba\u015f hayvanlar ve \u00fcreticilerin ya\u015fad\u0131\u011f\u0131 ma\u011fduriyet g\u00fcndeme geldi. \u0130\u00e7i\u015fleri Bakan\u0131 Dursun O\u011fuz, hayvan \u00fcreticilerinin zarar g\u00f6rmemesi ad\u0131na a\u011f\u0131llar\u0131n g\u00fcvenli ve sa\u011flam bir \u015fekilde in\u015fa edilmesinin\" \/>\n<meta property=\"og:url\" content=\"https:\/\/kibrisdakik.com\/?p=79791\" \/>\n<meta property=\"article:published_time\" content=\"2025-04-09T14:04:30+00:00\" \/>\n<meta property=\"og:image\" content=\"https:\/\/kibrisdakik.com\/wp-content\/uploads\/2025\/04\/1744197396059Oguz-hayvancilar-ziyaret-2-scaled-740x420.jpeg\" \/>\n\t<meta property=\"og:image:width\" content=\"2560\" \/>\n\t<meta property=\"og:image:height\" content=\"1440\" \/>\n\t<meta property=\"og:image:type\" content=\"image\/jpeg\" \/>\n<meta name=\"author\" content=\"admin\" \/>\n<meta name=\"twitter:card\" content=\"summary_large_image\" \/>\n<meta name=\"twitter:label1\" content=\"Yazan:\" \/>\n\t<meta name=\"twitter:data1\" content=\"admin\" \/>\n\t<meta name=\"twitter:label2\" content=\"Tahmini okuma s\u00fcresi\" \/>\n\t<meta name=\"twitter:data2\" content=\"1 dakika\" \/>\n<script type=\"application\/ld+json\" class=\"yoast-schema-graph\">{\"@context\":\"https:\\\/\\\/schema.org\",\"@graph\":[{\"@type\":\"Article\",\"@id\":\"https:\\\/\\\/kibrisdakik.com\\\/?p=79791#article\",\"isPartOf\":{\"@id\":\"https:\\\/\\\/kibrisdakik.com\\\/?p=79791\"},\"author\":{\"name\":\"admin\",\"@id\":\"https:\\\/\\\/kibrisdakik.com\\\/#\\\/schema\\\/person\\\/9cd9d437bbb44f72b73ba127e06d8e79\"},\"headline\":\"\u0130\u00e7i\u015fleri Bakan\u0131 O\u011fuz, Hayvan \u00dcreticileri ve Yeti\u015ftiricileri Birli\u011fi heyetini kabul etti\",\"datePublished\":\"2025-04-09T14:04:30+00:00\",\"mainEntityOfPage\":{\"@id\":\"https:\\\/\\\/kibrisdakik.com\\\/?p=79791\"},\"wordCount\":216,\"commentCount\":0,\"image\":{\"@id\":\"https:\\\/\\\/kibrisdakik.com\\\/?p=79791#primaryimage\"},\"thumbnailUrl\":\"https:\\\/\\\/kibrisdakik.com\\\/wp-content\\\/uploads\\\/2025\\\/04\\\/1744197396059Oguz-hayvancilar-ziyaret-2-scaled-740x420.jpeg\",\"articleSection\":[\"K\u0131br\u0131s\",\"Man\u015fet\"],\"inLanguage\":\"tr\",\"potentialAction\":[{\"@type\":\"CommentAction\",\"name\":\"Comment\",\"target\":[\"https:\\\/\\\/kibrisdakik.com\\\/?p=79791#respond\"]}]},{\"@type\":\"WebPage\",\"@id\":\"https:\\\/\\\/kibrisdakik.com\\\/?p=79791\",\"url\":\"https:\\\/\\\/kibrisdakik.com\\\/?p=79791\",\"name\":\"\u0130\u00e7i\u015fleri Bakan\u0131 O\u011fuz, Hayvan \u00dcreticileri ve Yeti\u015ftiricileri Birli\u011fi heyetini kabul etti -\",\"isPartOf\":{\"@id\":\"https:\\\/\\\/kibrisdakik.com\\\/#website\"},\"primaryImageOfPage\":{\"@id\":\"https:\\\/\\\/kibrisdakik.com\\\/?p=79791#primaryimage\"},\"image\":{\"@id\":\"https:\\\/\\\/kibrisdakik.com\\\/?p=79791#primaryimage\"},\"thumbnailUrl\":\"https:\\\/\\\/kibrisdakik.com\\\/wp-content\\\/uploads\\\/2025\\\/04\\\/1744197396059Oguz-hayvancilar-ziyaret-2-scaled-740x420.jpeg\",\"datePublished\":\"2025-04-09T14:04:30+00:00\",\"author\":{\"@id\":\"https:\\\/\\\/kibrisdakik.com\\\/#\\\/schema\\\/person\\\/9cd9d437bbb44f72b73ba127e06d8e79\"},\"breadcrumb\":{\"@id\":\"https:\\\/\\\/kibrisdakik.com\\\/?p=79791#breadcrumb\"},\"inLanguage\":\"tr\",\"potentialAction\":[{\"@type\":\"ReadAction\",\"target\":[\"https:\\\/\\\/kibrisdakik.com\\\/?p=79791\"]}]},{\"@type\":\"ImageObject\",\"inLanguage\":\"tr\",\"@id\":\"https:\\\/\\\/kibrisdakik.com\\\/?p=79791#primaryimage\",\"url\":\"https:\\\/\\\/kibrisdakik.com\\\/wp-content\\\/uploads\\\/2025\\\/04\\\/1744197396059Oguz-hayvancilar-ziyaret-2-scaled-740x420.jpeg\",\"contentUrl\":\"https:\\\/\\\/kibrisdakik.com\\\/wp-content\\\/uploads\\\/2025\\\/04\\\/1744197396059Oguz-hayvancilar-ziyaret-2-scaled-740x420.jpeg\",\"width\":2560,\"height\":1440},{\"@type\":\"BreadcrumbList\",\"@id\":\"https:\\\/\\\/kibrisdakik.com\\\/?p=79791#breadcrumb\",\"itemListElement\":[{\"@type\":\"ListItem\",\"position\":1,\"name\":\"Home\",\"item\":\"https:\\\/\\\/kibrisdakik.com\\\/\"},{\"@type\":\"ListItem\",\"position\":2,\"name\":\"\u0130\u00e7i\u015fleri Bakan\u0131 O\u011fuz, Hayvan \u00dcreticileri ve Yeti\u015ftiricileri Birli\u011fi heyetini kabul etti\"}]},{\"@type\":\"WebSite\",\"@id\":\"https:\\\/\\\/kibrisdakik.com\\\/#website\",\"url\":\"https:\\\/\\\/kibrisdakik.com\\\/\",\"name\":\"\",\"description\":\"Tam vaktinde haber\",\"potentialAction\":[{\"@type\":\"SearchAction\",\"target\":{\"@type\":\"EntryPoint\",\"urlTemplate\":\"https:\\\/\\\/kibrisdakik.com\\\/?s={search_term_string}\"},\"query-input\":{\"@type\":\"PropertyValueSpecification\",\"valueRequired\":true,\"valueName\":\"search_term_string\"}}],\"inLanguage\":\"tr\"},{\"@type\":\"Person\",\"@id\":\"https:\\\/\\\/kibrisdakik.com\\\/#\\\/schema\\\/person\\\/9cd9d437bbb44f72b73ba127e06d8e79\",\"name\":\"admin\",\"image\":{\"@type\":\"ImageObject\",\"inLanguage\":\"tr\",\"@id\":\"https:\\\/\\\/secure.gravatar.com\\\/avatar\\\/ccc17943b9d660506c869530f897617f7cb1c21a4bf30023f252596d83e1f007?s=96&d=mm&r=g\",\"url\":\"https:\\\/\\\/secure.gravatar.com\\\/avatar\\\/ccc17943b9d660506c869530f897617f7cb1c21a4bf30023f252596d83e1f007?s=96&d=mm&r=g\",\"contentUrl\":\"https:\\\/\\\/secure.gravatar.com\\\/avatar\\\/ccc17943b9d660506c869530f897617f7cb1c21a4bf30023f252596d83e1f007?s=96&d=mm&r=g\",\"caption\":\"admin\"},\"sameAs\":[\"https:\\\/\\\/kibrisdakik.com\"],\"url\":\"https:\\\/\\\/kibrisdakik.com\\\/?author=1\"}]}<\/script>\n<!-- \/ Yoast SEO plugin. -->","yoast_head_json":{"title":"\u0130\u00e7i\u015fleri Bakan\u0131 O\u011fuz, Hayvan \u00dcreticileri ve Yeti\u015ftiricileri Birli\u011fi heyetini kabul etti -","robots":{"index":"index","follow":"follow","max-snippet":"max-snippet:-1","max-image-preview":"max-image-preview:large","max-video-preview":"max-video-preview:-1"},"canonical":"https:\/\/kibrisdakik.com\/?p=79791","og_locale":"tr_TR","og_type":"article","og_title":"\u0130\u00e7i\u015fleri Bakan\u0131 O\u011fuz, Hayvan \u00dcreticileri ve Yeti\u015ftiricileri Birli\u011fi heyetini kabul etti -","og_description":"\u0130\u00e7i\u015fleri Bakan\u0131 Dursun O\u011fuz, Hayvan \u00dcreticileri ve Yeti\u015ftiricileri Birli\u011fi Ba\u015fkan\u0131 Adil Onalt ve beraberindeki heyeti kabul etti. Bakanl\u0131ktan yap\u0131lan a\u00e7\u0131klamaya g\u00f6re, g\u00f6r\u00fc\u015fmede Kurudere K\u00f6y\u00fc\u2019nde ba\u015f\u0131bo\u015f k\u00f6peklerin sald\u0131r\u0131s\u0131 sonucu telef olan k\u00fc\u00e7\u00fckba\u015f hayvanlar ve \u00fcreticilerin ya\u015fad\u0131\u011f\u0131 ma\u011fduriyet g\u00fcndeme geldi. \u0130\u00e7i\u015fleri Bakan\u0131 Dursun O\u011fuz, hayvan \u00fcreticilerinin zarar g\u00f6rmemesi ad\u0131na a\u011f\u0131llar\u0131n g\u00fcvenli ve sa\u011flam bir \u015fekilde in\u015fa edilmesinin","og_url":"https:\/\/kibrisdakik.com\/?p=79791","article_published_time":"2025-04-09T14:04:30+00:00","og_image":[{"width":2560,"height":1440,"url":"https:\/\/kibrisdakik.com\/wp-content\/uploads\/2025\/04\/1744197396059Oguz-hayvancilar-ziyaret-2-scaled-740x420.jpeg","type":"image\/jpeg"}],"author":"admin","twitter_card":"summary_large_image","twitter_misc":{"Yazan:":"admin","Tahmini okuma s\u00fcresi":"1 dakika"},"schema":{"@context":"https:\/\/schema.org","@graph":[{"@type":"Article","@id":"https:\/\/kibrisdakik.com\/?p=79791#article","isPartOf":{"@id":"https:\/\/kibrisdakik.com\/?p=79791"},"author":{"name":"admin","@id":"https:\/\/kibrisdakik.com\/#\/schema\/person\/9cd9d437bbb44f72b73ba127e06d8e79"},"headline":"\u0130\u00e7i\u015fleri Bakan\u0131 O\u011fuz, Hayvan \u00dcreticileri ve Yeti\u015ftiricileri Birli\u011fi heyetini kabul etti","datePublished":"2025-04-09T14:04:30+00:00","mainEntityOfPage":{"@id":"https:\/\/kibrisdakik.com\/?p=79791"},"wordCount":216,"commentCount":0,"image":{"@id":"https:\/\/kibrisdakik.com\/?p=79791#primaryimage"},"thumbnailUrl":"https:\/\/kibrisdakik.com\/wp-content\/uploads\/2025\/04\/1744197396059Oguz-hayvancilar-ziyaret-2-scaled-740x420.jpeg","articleSection":["K\u0131br\u0131s","Man\u015fet"],"inLanguage":"tr","potentialAction":[{"@type":"CommentAction","name":"Comment","target":["https:\/\/kibrisdakik.com\/?p=79791#respond"]}]},{"@type":"WebPage","@id":"https:\/\/kibrisdakik.com\/?p=79791","url":"https:\/\/kibrisdakik.com\/?p=79791","name":"\u0130\u00e7i\u015fleri Bakan\u0131 O\u011fuz, Hayvan \u00dcreticileri ve Yeti\u015ftiricileri Birli\u011fi heyetini kabul etti -","isPartOf":{"@id":"https:\/\/kibrisdakik.com\/#website"},"primaryImageOfPage":{"@id":"https:\/\/kibrisdakik.com\/?p=79791#primaryimage"},"image":{"@id":"https:\/\/kibrisdakik.com\/?p=79791#primaryimage"},"thumbnailUrl":"https:\/\/kibrisdakik.com\/wp-content\/uploads\/2025\/04\/1744197396059Oguz-hayvancilar-ziyaret-2-scaled-740x420.jpeg","datePublished":"2025-04-09T14:04:30+00:00","author":{"@id":"https:\/\/kibrisdakik.com\/#\/schema\/person\/9cd9d437bbb44f72b73ba127e06d8e79"},"breadcrumb":{"@id":"https:\/\/kibrisdakik.com\/?p=79791#breadcrumb"},"inLanguage":"tr","potentialAction":[{"@type":"ReadAction","target":["https:\/\/kibrisdakik.com\/?p=79791"]}]},{"@type":"ImageObject","inLanguage":"tr","@id":"https:\/\/kibrisdakik.com\/?p=79791#primaryimage","url":"https:\/\/kibrisdakik.com\/wp-content\/uploads\/2025\/04\/1744197396059Oguz-hayvancilar-ziyaret-2-scaled-740x420.jpeg","contentUrl":"https:\/\/kibrisdakik.com\/wp-content\/uploads\/2025\/04\/1744197396059Oguz-hayvancilar-ziyaret-2-scaled-740x420.jpeg","width":2560,"height":1440},{"@type":"BreadcrumbList","@id":"https:\/\/kibrisdakik.com\/?p=79791#breadcrumb","itemListElement":[{"@type":"ListItem","position":1,"name":"Home","item":"https:\/\/kibrisdakik.com\/"},{"@type":"ListItem","position":2,"name":"\u0130\u00e7i\u015fleri Bakan\u0131 O\u011fuz, Hayvan \u00dcreticileri ve Yeti\u015ftiricileri Birli\u011fi heyetini kabul etti"}]},{"@type":"WebSite","@id":"https:\/\/kibrisdakik.com\/#website","url":"https:\/\/kibrisdakik.com\/","name":"","description":"Tam vaktinde haber","potentialAction":[{"@type":"SearchAction","target":{"@type":"EntryPoint","urlTemplate":"https:\/\/kibrisdakik.com\/?s={search_term_string}"},"query-input":{"@type":"PropertyValueSpecification","valueRequired":true,"valueName":"search_term_string"}}],"inLanguage":"tr"},{"@type":"Person","@id":"https:\/\/kibrisdakik.com\/#\/schema\/person\/9cd9d437bbb44f72b73ba127e06d8e79","name":"admin","image":{"@type":"ImageObject","inLanguage":"tr","@id":"https:\/\/secure.gravatar.com\/avatar\/ccc17943b9d660506c869530f897617f7cb1c21a4bf30023f252596d83e1f007?s=96&d=mm&r=g","url":"https:\/\/secure.gravatar.com\/avatar\/ccc17943b9d660506c869530f897617f7cb1c21a4bf30023f252596d83e1f007?s=96&d=mm&r=g","contentUrl":"https:\/\/secure.gravatar.com\/avatar\/ccc17943b9d660506c869530f897617f7cb1c21a4bf30023f252596d83e1f007?s=96&d=mm&r=g","caption":"admin"},"sameAs":["https:\/\/kibrisdakik.com"],"url":"https:\/\/kibrisdakik.com\/?author=1"}]}},"_links":{"self":[{"href":"https:\/\/kibrisdakik.com\/index.php?rest_route=\/wp\/v2\/posts\/79791","targetHints":{"allow":["GET"]}}],"collection":[{"href":"https:\/\/kibrisdakik.com\/index.php?rest_route=\/wp\/v2\/posts"}],"about":[{"href":"https:\/\/kibrisdakik.com\/index.php?rest_route=\/wp\/v2\/types\/post"}],"author":[{"embeddable":true,"href":"https:\/\/kibrisdakik.com\/index.php?rest_route=\/wp\/v2\/users\/1"}],"replies":[{"embeddable":true,"href":"https:\/\/kibrisdakik.com\/index.php?rest_route=%2Fwp%2Fv2%2Fcomments&post=79791"}],"version-history":[{"count":0,"href":"https:\/\/kibrisdakik.com\/index.php?rest_route=\/wp\/v2\/posts\/79791\/revisions"}],"wp:featuredmedia":[{"embeddable":true,"href":"https:\/\/kibrisdakik.com\/index.php?rest_route=\/wp\/v2\/media\/79792"}],"wp:attachment":[{"href":"https:\/\/kibrisdakik.com\/index.php?rest_route=%2Fwp%2Fv2%2Fmedia&parent=79791"}],"wp:term":[{"taxonomy":"category","embeddable":true,"href":"https:\/\/kibrisdakik.com\/index.php?rest_route=%2Fwp%2Fv2%2Fcategories&post=79791"},{"taxonomy":"post_tag","embeddable":true,"href":"https:\/\/kibrisdakik.com\/index.php?rest_route=%2Fwp%2Fv2%2Ftags&post=79791"}],"curies":[{"name":"wp","href":"https:\/\/api.w.org\/{rel}","templated":true}]}}