{"id":79793,"date":"2025-04-09T17:17:00","date_gmt":"2025-04-09T14:17:00","guid":{"rendered":"https:\/\/kibrisdakik.com\/index.php\/2025\/04\/09\/ozturkler-turk-askeri-kibris-adasinda-istikrarin-koruyucusudur\/"},"modified":"2025-04-09T17:17:00","modified_gmt":"2025-04-09T14:17:00","slug":"ozturkler-turk-askeri-kibris-adasinda-istikrarin-koruyucusudur","status":"publish","type":"post","link":"https:\/\/kibrisdakik.com\/?p=79793","title":{"rendered":"\u00d6zt\u00fcrkler: T\u00fcrk askeri K\u0131br\u0131s adas\u0131nda istikrar\u0131n koruyucusudur"},"content":{"rendered":"<div>\n<div class=\"mariselle-image-container center\">\n                                            <\/div>\n<p>Cumhuriyet Meclisi Ba\u015fkan\u0131 Ziya \u00d6zt\u00fcrkler de, T\u00fcrk Silahl\u0131 Kuvvetlerini G\u00fc\u00e7lendirme Vakf\u0131 Genel M\u00fcd\u00fcr\u00fc Bilal Top\u00e7u ve beraberindeki heyeti kabul etti. \u00d6zt\u00fcrkler kabulde, T\u00fcrk askerinin K\u0131br\u0131s adas\u0131nda istikrar\u0131n koruyucusu oldu\u011funu s\u00f6yledi.<\/p>\n<p>Cumhuriyet Meclisi Ba\u015fkan\u0131 Ziya \u00d6zt\u00fcrkler, T\u00fcrk Silahl\u0131 Kuvvetlerini G\u00fc\u00e7lendirme Vakf\u0131 Genel M\u00fcd\u00fcr\u00fc Bilal Top\u00e7u ve beraberindeki heyeti kabul etti. \u00d6zt\u00fcrkler, T\u00fcrkiye Cumhuriyeti\u2019nin son d\u00f6nemlerde yerli ve milli savunma sistemlerini geli\u015ftirme ba\u015far\u0131s\u0131n\u0131n T\u00fcrk D\u00fcnyas\u0131 i\u00e7in bir gurur kayna\u011f\u0131 haline geldi\u011fini belirtti.<\/p>\n<p>Ziya \u00d6zt\u00fcrkler, T\u00fcrk askerinin K\u0131br\u0131s adas\u0131nda istikrar\u0131n koruyucusu oldu\u011funu vurgulad\u0131.<\/p>\n<p>K\u0131br\u0131s konusunda Cenevre\u2019de ger\u00e7ekle\u015fen gayriresmi g\u00f6r\u00fc\u015fmeye de de\u011finen \u00d6zt\u00fcrkler, liderlerin ara b\u00f6lgede g\u00f6r\u00fc\u015fmelere devam etti\u011fini ve Temmuz ay\u0131nda uluslararas\u0131 bir toplant\u0131 yap\u0131laca\u011f\u0131n\u0131 kaydetti. <\/p>\n<p>Cenevre\u2019de iktidar ve muhalefet partilerinin t\u00fcm siyasi d\u00fc\u015f\u00fcnceleriyle temsil edildi\u011fini anlatan \u00d6zt\u00fcrkler, K\u0131br\u0131s T\u00fcrk halk\u0131n\u0131n gelece\u011fini \u015fekillendirebilecek bu t\u00fcr g\u00f6r\u00fc\u015fmelerde birlik i\u00e7inde hareket etmenin \u00f6nemine dikkati \u00e7ekti.<\/p>\n<p>Do\u011fu Akdeniz ve Mavi Vatan\u2019daki enerji denklemlerinin kritik s\u00fcre\u00e7lerden ge\u00e7ti\u011fini ifade eden \u00d6zt\u00fcrkler, toplumsal bar\u0131\u015f ve huzurun korunmas\u0131 i\u00e7in herkesin sorumluluk almas\u0131 gerekti\u011fini s\u00f6yledi. <\/p>\n<p>Son g\u00fcnlerde kullan\u0131lan nefret dilinin, halk\u0131n birlik ve beraberli\u011fine zarar verdi\u011fini belirten \u00d6zt\u00fcrkler, bu t\u00fcr s\u00f6ylemlerin milli de\u011ferlerden uzakla\u015ft\u0131r\u0131c\u0131 etkiler yaratabilece\u011fini dile getirdi.<\/p>\n<p>T\u00fcrk Silahl\u0131 Kuvvetlerini G\u00fc\u00e7lendirme Vakf\u0131 Genel M\u00fcd\u00fcr\u00fc Bilal Top\u00e7u da, tam ba\u011f\u0131ms\u0131z T\u00fcrkiye i\u00e7in Cumhurba\u015fkan\u0131 Recep Tayyip Erdo\u011fan ba\u015fkanl\u0131\u011f\u0131nda \u00e7al\u0131\u015fmalar\u0131n\u0131 y\u00fcr\u00fctt\u00fcklerini s\u00f6yledi.<\/p>\n<\/p><\/div>\n<p><script async\n                    defer\n                    crossorigin=\"anonymous\"\n                    src=\"https:\/\/connect.facebook.net\/tr_TR\/sdk.js#xfbml=1&#038;version=v3.3\"\n            ><\/script><\/p>\n","protected":false},"excerpt":{"rendered":"<p>Cumhuriyet Meclisi Ba\u015fkan\u0131 Ziya \u00d6zt\u00fcrkler de, T\u00fcrk Silahl\u0131 Kuvvetlerini G\u00fc\u00e7lendirme Vakf\u0131 Genel M\u00fcd\u00fcr\u00fc Bilal Top\u00e7u ve beraberindeki heyeti kabul etti. \u00d6zt\u00fcrkler kabulde, T\u00fcrk askerinin K\u0131br\u0131s adas\u0131nda istikrar\u0131n koruyucusu oldu\u011funu s\u00f6yledi. Cumhuriyet Meclisi Ba\u015fkan\u0131 Ziya \u00d6zt\u00fcrkler, T\u00fcrk Silahl\u0131 Kuvvetlerini G\u00fc\u00e7lendirme Vakf\u0131 Genel M\u00fcd\u00fcr\u00fc Bilal Top\u00e7u ve beraberindeki heyeti kabul etti. \u00d6zt\u00fcrkler, T\u00fcrkiye Cumhuriyeti\u2019nin son d\u00f6nemlerde yerli<\/p>\n","protected":false},"author":1,"featured_media":79794,"comment_status":"open","ping_status":"open","sticky":false,"template":"","format":"standard","meta":{"footnotes":""},"categories":[81,101],"tags":[],"class_list":["post-79793","post","type-post","status-publish","format-standard","has-post-thumbnail","hentry","category-kibris","category-manset"],"yoast_head":"<!-- This site is optimized with the Yoast SEO plugin v27.4 - https:\/\/yoast.com\/product\/yoast-seo-wordpress\/ -->\n<title>\u00d6zt\u00fcrkler: T\u00fcrk askeri K\u0131br\u0131s adas\u0131nda istikrar\u0131n koruyucusudur -<\/title>\n<meta name=\"robots\" content=\"index, follow, max-snippet:-1, max-image-preview:large, max-video-preview:-1\" \/>\n<link rel=\"canonical\" href=\"https:\/\/kibrisdakik.com\/?p=79793\" \/>\n<meta property=\"og:locale\" content=\"tr_TR\" \/>\n<meta property=\"og:type\" content=\"article\" \/>\n<meta property=\"og:title\" content=\"\u00d6zt\u00fcrkler: T\u00fcrk askeri K\u0131br\u0131s adas\u0131nda istikrar\u0131n koruyucusudur -\" \/>\n<meta property=\"og:description\" content=\"Cumhuriyet Meclisi Ba\u015fkan\u0131 Ziya \u00d6zt\u00fcrkler de, T\u00fcrk Silahl\u0131 Kuvvetlerini G\u00fc\u00e7lendirme Vakf\u0131 Genel M\u00fcd\u00fcr\u00fc Bilal Top\u00e7u ve beraberindeki heyeti kabul etti. \u00d6zt\u00fcrkler kabulde, T\u00fcrk askerinin K\u0131br\u0131s adas\u0131nda istikrar\u0131n koruyucusu oldu\u011funu s\u00f6yledi. Cumhuriyet Meclisi Ba\u015fkan\u0131 Ziya \u00d6zt\u00fcrkler, T\u00fcrk Silahl\u0131 Kuvvetlerini G\u00fc\u00e7lendirme Vakf\u0131 Genel M\u00fcd\u00fcr\u00fc Bilal Top\u00e7u ve beraberindeki heyeti kabul etti. \u00d6zt\u00fcrkler, T\u00fcrkiye Cumhuriyeti\u2019nin son d\u00f6nemlerde yerli\" \/>\n<meta property=\"og:url\" content=\"https:\/\/kibrisdakik.com\/?p=79793\" \/>\n<meta property=\"article:published_time\" content=\"2025-04-09T14:17:00+00:00\" \/>\n<meta property=\"og:image\" content=\"https:\/\/kibrisdakik.com\/wp-content\/uploads\/2025\/04\/1744197655910Ozturkler-TSK-vakfi-3-2-740x420.jpg\" \/>\n\t<meta property=\"og:image:width\" content=\"1600\" \/>\n\t<meta property=\"og:image:height\" content=\"1066\" \/>\n\t<meta property=\"og:image:type\" content=\"image\/jpeg\" \/>\n<meta name=\"author\" content=\"admin\" \/>\n<meta name=\"twitter:card\" content=\"summary_large_image\" \/>\n<meta name=\"twitter:label1\" content=\"Yazan:\" \/>\n\t<meta name=\"twitter:data1\" content=\"admin\" \/>\n\t<meta name=\"twitter:label2\" content=\"Tahmini okuma s\u00fcresi\" \/>\n\t<meta name=\"twitter:data2\" content=\"2 dakika\" \/>\n<script type=\"application\/ld+json\" class=\"yoast-schema-graph\">{\"@context\":\"https:\\\/\\\/schema.org\",\"@graph\":[{\"@type\":\"Article\",\"@id\":\"https:\\\/\\\/kibrisdakik.com\\\/?p=79793#article\",\"isPartOf\":{\"@id\":\"https:\\\/\\\/kibrisdakik.com\\\/?p=79793\"},\"author\":{\"name\":\"admin\",\"@id\":\"https:\\\/\\\/kibrisdakik.com\\\/#\\\/schema\\\/person\\\/9cd9d437bbb44f72b73ba127e06d8e79\"},\"headline\":\"\u00d6zt\u00fcrkler: T\u00fcrk askeri K\u0131br\u0131s adas\u0131nda istikrar\u0131n koruyucusudur\",\"datePublished\":\"2025-04-09T14:17:00+00:00\",\"mainEntityOfPage\":{\"@id\":\"https:\\\/\\\/kibrisdakik.com\\\/?p=79793\"},\"wordCount\":327,\"commentCount\":0,\"image\":{\"@id\":\"https:\\\/\\\/kibrisdakik.com\\\/?p=79793#primaryimage\"},\"thumbnailUrl\":\"https:\\\/\\\/kibrisdakik.com\\\/wp-content\\\/uploads\\\/2025\\\/04\\\/1744197655910Ozturkler-TSK-vakfi-3-2-740x420.jpg\",\"articleSection\":[\"K\u0131br\u0131s\",\"Man\u015fet\"],\"inLanguage\":\"tr\",\"potentialAction\":[{\"@type\":\"CommentAction\",\"name\":\"Comment\",\"target\":[\"https:\\\/\\\/kibrisdakik.com\\\/?p=79793#respond\"]}]},{\"@type\":\"WebPage\",\"@id\":\"https:\\\/\\\/kibrisdakik.com\\\/?p=79793\",\"url\":\"https:\\\/\\\/kibrisdakik.com\\\/?p=79793\",\"name\":\"\u00d6zt\u00fcrkler: T\u00fcrk askeri K\u0131br\u0131s adas\u0131nda istikrar\u0131n koruyucusudur -\",\"isPartOf\":{\"@id\":\"https:\\\/\\\/kibrisdakik.com\\\/#website\"},\"primaryImageOfPage\":{\"@id\":\"https:\\\/\\\/kibrisdakik.com\\\/?p=79793#primaryimage\"},\"image\":{\"@id\":\"https:\\\/\\\/kibrisdakik.com\\\/?p=79793#primaryimage\"},\"thumbnailUrl\":\"https:\\\/\\\/kibrisdakik.com\\\/wp-content\\\/uploads\\\/2025\\\/04\\\/1744197655910Ozturkler-TSK-vakfi-3-2-740x420.jpg\",\"datePublished\":\"2025-04-09T14:17:00+00:00\",\"author\":{\"@id\":\"https:\\\/\\\/kibrisdakik.com\\\/#\\\/schema\\\/person\\\/9cd9d437bbb44f72b73ba127e06d8e79\"},\"breadcrumb\":{\"@id\":\"https:\\\/\\\/kibrisdakik.com\\\/?p=79793#breadcrumb\"},\"inLanguage\":\"tr\",\"potentialAction\":[{\"@type\":\"ReadAction\",\"target\":[\"https:\\\/\\\/kibrisdakik.com\\\/?p=79793\"]}]},{\"@type\":\"ImageObject\",\"inLanguage\":\"tr\",\"@id\":\"https:\\\/\\\/kibrisdakik.com\\\/?p=79793#primaryimage\",\"url\":\"https:\\\/\\\/kibrisdakik.com\\\/wp-content\\\/uploads\\\/2025\\\/04\\\/1744197655910Ozturkler-TSK-vakfi-3-2-740x420.jpg\",\"contentUrl\":\"https:\\\/\\\/kibrisdakik.com\\\/wp-content\\\/uploads\\\/2025\\\/04\\\/1744197655910Ozturkler-TSK-vakfi-3-2-740x420.jpg\",\"width\":1600,\"height\":1066},{\"@type\":\"BreadcrumbList\",\"@id\":\"https:\\\/\\\/kibrisdakik.com\\\/?p=79793#breadcrumb\",\"itemListElement\":[{\"@type\":\"ListItem\",\"position\":1,\"name\":\"Home\",\"item\":\"https:\\\/\\\/kibrisdakik.com\\\/\"},{\"@type\":\"ListItem\",\"position\":2,\"name\":\"\u00d6zt\u00fcrkler: T\u00fcrk askeri K\u0131br\u0131s adas\u0131nda istikrar\u0131n koruyucusudur\"}]},{\"@type\":\"WebSite\",\"@id\":\"https:\\\/\\\/kibrisdakik.com\\\/#website\",\"url\":\"https:\\\/\\\/kibrisdakik.com\\\/\",\"name\":\"\",\"description\":\"Tam vaktinde haber\",\"potentialAction\":[{\"@type\":\"SearchAction\",\"target\":{\"@type\":\"EntryPoint\",\"urlTemplate\":\"https:\\\/\\\/kibrisdakik.com\\\/?s={search_term_string}\"},\"query-input\":{\"@type\":\"PropertyValueSpecification\",\"valueRequired\":true,\"valueName\":\"search_term_string\"}}],\"inLanguage\":\"tr\"},{\"@type\":\"Person\",\"@id\":\"https:\\\/\\\/kibrisdakik.com\\\/#\\\/schema\\\/person\\\/9cd9d437bbb44f72b73ba127e06d8e79\",\"name\":\"admin\",\"image\":{\"@type\":\"ImageObject\",\"inLanguage\":\"tr\",\"@id\":\"https:\\\/\\\/secure.gravatar.com\\\/avatar\\\/ccc17943b9d660506c869530f897617f7cb1c21a4bf30023f252596d83e1f007?s=96&d=mm&r=g\",\"url\":\"https:\\\/\\\/secure.gravatar.com\\\/avatar\\\/ccc17943b9d660506c869530f897617f7cb1c21a4bf30023f252596d83e1f007?s=96&d=mm&r=g\",\"contentUrl\":\"https:\\\/\\\/secure.gravatar.com\\\/avatar\\\/ccc17943b9d660506c869530f897617f7cb1c21a4bf30023f252596d83e1f007?s=96&d=mm&r=g\",\"caption\":\"admin\"},\"sameAs\":[\"https:\\\/\\\/kibrisdakik.com\"],\"url\":\"https:\\\/\\\/kibrisdakik.com\\\/?author=1\"}]}<\/script>\n<!-- \/ Yoast SEO plugin. -->","yoast_head_json":{"title":"\u00d6zt\u00fcrkler: T\u00fcrk askeri K\u0131br\u0131s adas\u0131nda istikrar\u0131n koruyucusudur -","robots":{"index":"index","follow":"follow","max-snippet":"max-snippet:-1","max-image-preview":"max-image-preview:large","max-video-preview":"max-video-preview:-1"},"canonical":"https:\/\/kibrisdakik.com\/?p=79793","og_locale":"tr_TR","og_type":"article","og_title":"\u00d6zt\u00fcrkler: T\u00fcrk askeri K\u0131br\u0131s adas\u0131nda istikrar\u0131n koruyucusudur -","og_description":"Cumhuriyet Meclisi Ba\u015fkan\u0131 Ziya \u00d6zt\u00fcrkler de, T\u00fcrk Silahl\u0131 Kuvvetlerini G\u00fc\u00e7lendirme Vakf\u0131 Genel M\u00fcd\u00fcr\u00fc Bilal Top\u00e7u ve beraberindeki heyeti kabul etti. \u00d6zt\u00fcrkler kabulde, T\u00fcrk askerinin K\u0131br\u0131s adas\u0131nda istikrar\u0131n koruyucusu oldu\u011funu s\u00f6yledi. Cumhuriyet Meclisi Ba\u015fkan\u0131 Ziya \u00d6zt\u00fcrkler, T\u00fcrk Silahl\u0131 Kuvvetlerini G\u00fc\u00e7lendirme Vakf\u0131 Genel M\u00fcd\u00fcr\u00fc Bilal Top\u00e7u ve beraberindeki heyeti kabul etti. \u00d6zt\u00fcrkler, T\u00fcrkiye Cumhuriyeti\u2019nin son d\u00f6nemlerde yerli","og_url":"https:\/\/kibrisdakik.com\/?p=79793","article_published_time":"2025-04-09T14:17:00+00:00","og_image":[{"width":1600,"height":1066,"url":"https:\/\/kibrisdakik.com\/wp-content\/uploads\/2025\/04\/1744197655910Ozturkler-TSK-vakfi-3-2-740x420.jpg","type":"image\/jpeg"}],"author":"admin","twitter_card":"summary_large_image","twitter_misc":{"Yazan:":"admin","Tahmini okuma s\u00fcresi":"2 dakika"},"schema":{"@context":"https:\/\/schema.org","@graph":[{"@type":"Article","@id":"https:\/\/kibrisdakik.com\/?p=79793#article","isPartOf":{"@id":"https:\/\/kibrisdakik.com\/?p=79793"},"author":{"name":"admin","@id":"https:\/\/kibrisdakik.com\/#\/schema\/person\/9cd9d437bbb44f72b73ba127e06d8e79"},"headline":"\u00d6zt\u00fcrkler: T\u00fcrk askeri K\u0131br\u0131s adas\u0131nda istikrar\u0131n koruyucusudur","datePublished":"2025-04-09T14:17:00+00:00","mainEntityOfPage":{"@id":"https:\/\/kibrisdakik.com\/?p=79793"},"wordCount":327,"commentCount":0,"image":{"@id":"https:\/\/kibrisdakik.com\/?p=79793#primaryimage"},"thumbnailUrl":"https:\/\/kibrisdakik.com\/wp-content\/uploads\/2025\/04\/1744197655910Ozturkler-TSK-vakfi-3-2-740x420.jpg","articleSection":["K\u0131br\u0131s","Man\u015fet"],"inLanguage":"tr","potentialAction":[{"@type":"CommentAction","name":"Comment","target":["https:\/\/kibrisdakik.com\/?p=79793#respond"]}]},{"@type":"WebPage","@id":"https:\/\/kibrisdakik.com\/?p=79793","url":"https:\/\/kibrisdakik.com\/?p=79793","name":"\u00d6zt\u00fcrkler: T\u00fcrk askeri K\u0131br\u0131s adas\u0131nda istikrar\u0131n koruyucusudur -","isPartOf":{"@id":"https:\/\/kibrisdakik.com\/#website"},"primaryImageOfPage":{"@id":"https:\/\/kibrisdakik.com\/?p=79793#primaryimage"},"image":{"@id":"https:\/\/kibrisdakik.com\/?p=79793#primaryimage"},"thumbnailUrl":"https:\/\/kibrisdakik.com\/wp-content\/uploads\/2025\/04\/1744197655910Ozturkler-TSK-vakfi-3-2-740x420.jpg","datePublished":"2025-04-09T14:17:00+00:00","author":{"@id":"https:\/\/kibrisdakik.com\/#\/schema\/person\/9cd9d437bbb44f72b73ba127e06d8e79"},"breadcrumb":{"@id":"https:\/\/kibrisdakik.com\/?p=79793#breadcrumb"},"inLanguage":"tr","potentialAction":[{"@type":"ReadAction","target":["https:\/\/kibrisdakik.com\/?p=79793"]}]},{"@type":"ImageObject","inLanguage":"tr","@id":"https:\/\/kibrisdakik.com\/?p=79793#primaryimage","url":"https:\/\/kibrisdakik.com\/wp-content\/uploads\/2025\/04\/1744197655910Ozturkler-TSK-vakfi-3-2-740x420.jpg","contentUrl":"https:\/\/kibrisdakik.com\/wp-content\/uploads\/2025\/04\/1744197655910Ozturkler-TSK-vakfi-3-2-740x420.jpg","width":1600,"height":1066},{"@type":"BreadcrumbList","@id":"https:\/\/kibrisdakik.com\/?p=79793#breadcrumb","itemListElement":[{"@type":"ListItem","position":1,"name":"Home","item":"https:\/\/kibrisdakik.com\/"},{"@type":"ListItem","position":2,"name":"\u00d6zt\u00fcrkler: T\u00fcrk askeri K\u0131br\u0131s adas\u0131nda istikrar\u0131n koruyucusudur"}]},{"@type":"WebSite","@id":"https:\/\/kibrisdakik.com\/#website","url":"https:\/\/kibrisdakik.com\/","name":"","description":"Tam vaktinde haber","potentialAction":[{"@type":"SearchAction","target":{"@type":"EntryPoint","urlTemplate":"https:\/\/kibrisdakik.com\/?s={search_term_string}"},"query-input":{"@type":"PropertyValueSpecification","valueRequired":true,"valueName":"search_term_string"}}],"inLanguage":"tr"},{"@type":"Person","@id":"https:\/\/kibrisdakik.com\/#\/schema\/person\/9cd9d437bbb44f72b73ba127e06d8e79","name":"admin","image":{"@type":"ImageObject","inLanguage":"tr","@id":"https:\/\/secure.gravatar.com\/avatar\/ccc17943b9d660506c869530f897617f7cb1c21a4bf30023f252596d83e1f007?s=96&d=mm&r=g","url":"https:\/\/secure.gravatar.com\/avatar\/ccc17943b9d660506c869530f897617f7cb1c21a4bf30023f252596d83e1f007?s=96&d=mm&r=g","contentUrl":"https:\/\/secure.gravatar.com\/avatar\/ccc17943b9d660506c869530f897617f7cb1c21a4bf30023f252596d83e1f007?s=96&d=mm&r=g","caption":"admin"},"sameAs":["https:\/\/kibrisdakik.com"],"url":"https:\/\/kibrisdakik.com\/?author=1"}]}},"_links":{"self":[{"href":"https:\/\/kibrisdakik.com\/index.php?rest_route=\/wp\/v2\/posts\/79793","targetHints":{"allow":["GET"]}}],"collection":[{"href":"https:\/\/kibrisdakik.com\/index.php?rest_route=\/wp\/v2\/posts"}],"about":[{"href":"https:\/\/kibrisdakik.com\/index.php?rest_route=\/wp\/v2\/types\/post"}],"author":[{"embeddable":true,"href":"https:\/\/kibrisdakik.com\/index.php?rest_route=\/wp\/v2\/users\/1"}],"replies":[{"embeddable":true,"href":"https:\/\/kibrisdakik.com\/index.php?rest_route=%2Fwp%2Fv2%2Fcomments&post=79793"}],"version-history":[{"count":0,"href":"https:\/\/kibrisdakik.com\/index.php?rest_route=\/wp\/v2\/posts\/79793\/revisions"}],"wp:featuredmedia":[{"embeddable":true,"href":"https:\/\/kibrisdakik.com\/index.php?rest_route=\/wp\/v2\/media\/79794"}],"wp:attachment":[{"href":"https:\/\/kibrisdakik.com\/index.php?rest_route=%2Fwp%2Fv2%2Fmedia&parent=79793"}],"wp:term":[{"taxonomy":"category","embeddable":true,"href":"https:\/\/kibrisdakik.com\/index.php?rest_route=%2Fwp%2Fv2%2Fcategories&post=79793"},{"taxonomy":"post_tag","embeddable":true,"href":"https:\/\/kibrisdakik.com\/index.php?rest_route=%2Fwp%2Fv2%2Ftags&post=79793"}],"curies":[{"name":"wp","href":"https:\/\/api.w.org\/{rel}","templated":true}]}}