{"id":79797,"date":"2025-04-09T17:29:17","date_gmt":"2025-04-09T14:29:17","guid":{"rendered":"https:\/\/kibrisdakik.com\/index.php\/2025\/04\/09\/basbakandan-aciklamainanc-ozgurlugu-ve-bireysel-haklar-isiginda-egitimde-yeni-bir-doneme-girilmistir\/"},"modified":"2025-04-09T17:29:17","modified_gmt":"2025-04-09T14:29:17","slug":"basbakandan-aciklamainanc-ozgurlugu-ve-bireysel-haklar-isiginda-egitimde-yeni-bir-doneme-girilmistir","status":"publish","type":"post","link":"https:\/\/kibrisdakik.com\/?p=79797","title":{"rendered":"Ba\u015fbakan\u2019dan a\u00e7\u0131klama:\u0130nan\u00e7 \u00f6zg\u00fcrl\u00fc\u011f\u00fc ve bireysel haklar \u0131\u015f\u0131\u011f\u0131nda e\u011fitimde yeni bir d\u00f6neme girilmi\u015ftir"},"content":{"rendered":"<div>\n<div class=\"mariselle-image-container center\">\n                                            <\/div>\n<p>Ulusal Birlik Partisi Genel Ba\u015fkan\u0131, Ba\u015fbakan\u0131 \u00dcnal \u00dcstel, Disiplin T\u00fcz\u00fc\u011f\u00fc\u2019nde yap\u0131lan de\u011fi\u015fiklik ve i\u00e7erdi\u011fi k\u0131l\u0131k k\u0131yafet d\u00fczenlemesine ili\u015fkin Independent T\u00fcrk\u00e7e\u2019ye a\u00e7\u0131klama yapt\u0131. <\/p>\n<p>Ba\u015fbakan \u00dcstel a\u00e7\u0131klamas\u0131nda, liselerde ba\u015f\u00f6rt\u00fcs\u00fcn\u00fcn serbest b\u0131rak\u0131lmas\u0131 ile birlikte inan\u00e7 \u00f6zg\u00fcrl\u00fc\u011f\u00fc ve bireysel haklar \u0131\u015f\u0131\u011f\u0131nda e\u011fitimde yeni bir d\u00f6neme girildi\u011fini vurgulad\u0131. <\/p>\n<p>D\u00fczenlemenin bireysel hak ve \u00f6zg\u00fcrl\u00fcklerin g\u00fc\u00e7lendirilmesini esas ald\u0131\u011f\u0131n\u0131 belirten \u00dcstel, \u201cT\u00fcz\u00fckte yap\u0131lan de\u011fi\u015fiklik inan\u00e7 \u00f6zg\u00fcrl\u00fc\u011f\u00fcn\u00fc, evrensel insan haklar\u0131 ilkeleri do\u011frultusunda koruma alt\u0131na almaktad\u0131r\u201d dedi. Ba\u015fbakan\u0131 \u00dcstel, a\u00e7\u0131klamas\u0131nda \u015fu ifadeleri kulland\u0131:<\/p>\n<p>\u201cK\u0131br\u0131s T\u00fcrk halk\u0131, tarihsel s\u00fcre\u00e7 i\u00e7erisinde ho\u015fg\u00f6r\u00fc k\u00fclt\u00fcr\u00fcyle \u015fekillenmi\u015f, farkl\u0131l\u0131klar\u0131 bir zenginlik olarak g\u00f6ren bir toplumdur. Bu k\u00f6kl\u00fc anlay\u0131\u015f, bug\u00fcn e\u011fitim alan\u0131nda at\u0131lan \u00f6nemli bir ad\u0131mla bir kez daha hayat bulmu\u015ftur.<\/p>\n<p>Liselerde \u00f6\u011frenim g\u00f6ren \u00f6\u011frencilerin inan\u00e7lar\u0131na uygun \u015fekilde \u00f6rt\u00fcnmelerine imk\u00e2n tan\u0131yan ve bireysel \u00f6zg\u00fcrl\u00fckleri esas alan yeni k\u0131l\u0131k k\u0131yafet d\u00fczenlemesi, Bakanlar Kurulu karar\u0131yla y\u00fcr\u00fcrl\u00fc\u011fe girmi\u015ftir. Kamuoyunda kimi \u00e7evrelerce dile getirilen, d\u00fczenlemenin sar\u0131k, pe\u00e7e ya da nikap gibi unsurlar\u0131 kapsad\u0131\u011f\u0131 y\u00f6n\u00fcndeki iddialar tamamen ger\u00e7ek d\u0131\u015f\u0131d\u0131r. T\u00fcz\u00fck de\u011fi\u015fikli\u011fi bu t\u00fcr uygulamalar\u0131 i\u00e7ermemekte, yaln\u0131zca \u00f6\u011frencilerin ki\u015fisel inan\u00e7lar\u0131na sayg\u0131 \u00e7er\u00e7evesinde, ba\u015f\u00f6rt\u00fcs\u00fc gibi \u00f6rt\u00fcnme tercihlerine imk\u00e2n tan\u0131maktad\u0131r. <\/p>\n<p>D\u00fcnyan\u0131n \u00f6zg\u00fcrl\u00fckler \u00e7a\u011f\u0131n\u0131 ya\u015fad\u0131\u011f\u0131 bu d\u00f6nemde, Kuzey K\u0131br\u0131s T\u00fcrk Cumhuriyeti\u2019nin bu geli\u015fmelerin gerisinde kalmas\u0131 d\u00fc\u015f\u00fcn\u00fclemez. Bu ad\u0131m, sadece bir d\u00fczenleme de\u011fil; toplumsal uzla\u015f\u0131n\u0131n, kar\u015f\u0131l\u0131kl\u0131 sayg\u0131n\u0131n ve \u00e7a\u011fda\u015f demokratik de\u011ferlerin bir tezah\u00fcr\u00fcd\u00fcr. K\u0131br\u0131s T\u00fcrk halk\u0131, ge\u00e7mi\u015ften ald\u0131\u011f\u0131 ilhamla gelece\u011fe daha emin ad\u0131mlarla y\u00fcr\u00fcme kararl\u0131l\u0131\u011f\u0131n\u0131 s\u00fcrd\u00fcrmektedir.\u201d<\/p>\n<\/p><\/div>\n<p><script async\n                    defer\n                    crossorigin=\"anonymous\"\n                    src=\"https:\/\/connect.facebook.net\/tr_TR\/sdk.js#xfbml=1&#038;version=v3.3\"\n            ><\/script><\/p>\n","protected":false},"excerpt":{"rendered":"<p>Ulusal Birlik Partisi Genel Ba\u015fkan\u0131, Ba\u015fbakan\u0131 \u00dcnal \u00dcstel, Disiplin T\u00fcz\u00fc\u011f\u00fc\u2019nde yap\u0131lan de\u011fi\u015fiklik ve i\u00e7erdi\u011fi k\u0131l\u0131k k\u0131yafet d\u00fczenlemesine ili\u015fkin Independent T\u00fcrk\u00e7e\u2019ye a\u00e7\u0131klama yapt\u0131. Ba\u015fbakan \u00dcstel a\u00e7\u0131klamas\u0131nda, liselerde ba\u015f\u00f6rt\u00fcs\u00fcn\u00fcn serbest b\u0131rak\u0131lmas\u0131 ile birlikte inan\u00e7 \u00f6zg\u00fcrl\u00fc\u011f\u00fc ve bireysel haklar \u0131\u015f\u0131\u011f\u0131nda e\u011fitimde yeni bir d\u00f6neme girildi\u011fini vurgulad\u0131. D\u00fczenlemenin bireysel hak ve \u00f6zg\u00fcrl\u00fcklerin g\u00fc\u00e7lendirilmesini esas ald\u0131\u011f\u0131n\u0131 belirten \u00dcstel, \u201cT\u00fcz\u00fckte yap\u0131lan<\/p>\n","protected":false},"author":1,"featured_media":79798,"comment_status":"open","ping_status":"open","sticky":false,"template":"","format":"standard","meta":{"footnotes":""},"categories":[81,101],"tags":[],"class_list":["post-79797","post","type-post","status-publish","format-standard","has-post-thumbnail","hentry","category-kibris","category-manset"],"yoast_head":"<!-- This site is optimized with the Yoast SEO plugin v27.4 - https:\/\/yoast.com\/product\/yoast-seo-wordpress\/ -->\n<title>Ba\u015fbakan\u2019dan a\u00e7\u0131klama:\u0130nan\u00e7 \u00f6zg\u00fcrl\u00fc\u011f\u00fc ve bireysel haklar \u0131\u015f\u0131\u011f\u0131nda e\u011fitimde yeni bir d\u00f6neme girilmi\u015ftir -<\/title>\n<meta name=\"robots\" content=\"index, follow, max-snippet:-1, max-image-preview:large, max-video-preview:-1\" \/>\n<link rel=\"canonical\" href=\"https:\/\/kibrisdakik.com\/?p=79797\" \/>\n<meta property=\"og:locale\" content=\"tr_TR\" \/>\n<meta property=\"og:type\" content=\"article\" \/>\n<meta property=\"og:title\" content=\"Ba\u015fbakan\u2019dan a\u00e7\u0131klama:\u0130nan\u00e7 \u00f6zg\u00fcrl\u00fc\u011f\u00fc ve bireysel haklar \u0131\u015f\u0131\u011f\u0131nda e\u011fitimde yeni bir d\u00f6neme girilmi\u015ftir -\" \/>\n<meta property=\"og:description\" content=\"Ulusal Birlik Partisi Genel Ba\u015fkan\u0131, Ba\u015fbakan\u0131 \u00dcnal \u00dcstel, Disiplin T\u00fcz\u00fc\u011f\u00fc\u2019nde yap\u0131lan de\u011fi\u015fiklik ve i\u00e7erdi\u011fi k\u0131l\u0131k k\u0131yafet d\u00fczenlemesine ili\u015fkin Independent T\u00fcrk\u00e7e\u2019ye a\u00e7\u0131klama yapt\u0131. Ba\u015fbakan \u00dcstel a\u00e7\u0131klamas\u0131nda, liselerde ba\u015f\u00f6rt\u00fcs\u00fcn\u00fcn serbest b\u0131rak\u0131lmas\u0131 ile birlikte inan\u00e7 \u00f6zg\u00fcrl\u00fc\u011f\u00fc ve bireysel haklar \u0131\u015f\u0131\u011f\u0131nda e\u011fitimde yeni bir d\u00f6neme girildi\u011fini vurgulad\u0131. D\u00fczenlemenin bireysel hak ve \u00f6zg\u00fcrl\u00fcklerin g\u00fc\u00e7lendirilmesini esas ald\u0131\u011f\u0131n\u0131 belirten \u00dcstel, \u201cT\u00fcz\u00fckte yap\u0131lan\" \/>\n<meta property=\"og:url\" content=\"https:\/\/kibrisdakik.com\/?p=79797\" \/>\n<meta property=\"article:published_time\" content=\"2025-04-09T14:29:17+00:00\" \/>\n<meta property=\"og:image\" content=\"https:\/\/kibrisdakik.com\/wp-content\/uploads\/2025\/04\/17423801886001742198928832unal-ustel-740x420.jpg\" \/>\n\t<meta property=\"og:image:width\" content=\"1024\" \/>\n\t<meta property=\"og:image:height\" content=\"683\" \/>\n\t<meta property=\"og:image:type\" content=\"image\/jpeg\" \/>\n<meta name=\"author\" content=\"admin\" \/>\n<meta name=\"twitter:card\" content=\"summary_large_image\" \/>\n<meta name=\"twitter:label1\" content=\"Yazan:\" \/>\n\t<meta name=\"twitter:data1\" content=\"admin\" \/>\n\t<meta name=\"twitter:label2\" content=\"Tahmini okuma s\u00fcresi\" \/>\n\t<meta name=\"twitter:data2\" content=\"2 dakika\" \/>\n<script type=\"application\/ld+json\" class=\"yoast-schema-graph\">{\"@context\":\"https:\\\/\\\/schema.org\",\"@graph\":[{\"@type\":\"Article\",\"@id\":\"https:\\\/\\\/kibrisdakik.com\\\/?p=79797#article\",\"isPartOf\":{\"@id\":\"https:\\\/\\\/kibrisdakik.com\\\/?p=79797\"},\"author\":{\"name\":\"admin\",\"@id\":\"https:\\\/\\\/kibrisdakik.com\\\/#\\\/schema\\\/person\\\/9cd9d437bbb44f72b73ba127e06d8e79\"},\"headline\":\"Ba\u015fbakan\u2019dan a\u00e7\u0131klama:\u0130nan\u00e7 \u00f6zg\u00fcrl\u00fc\u011f\u00fc ve bireysel haklar \u0131\u015f\u0131\u011f\u0131nda e\u011fitimde yeni bir d\u00f6neme girilmi\u015ftir\",\"datePublished\":\"2025-04-09T14:29:17+00:00\",\"mainEntityOfPage\":{\"@id\":\"https:\\\/\\\/kibrisdakik.com\\\/?p=79797\"},\"wordCount\":382,\"commentCount\":0,\"image\":{\"@id\":\"https:\\\/\\\/kibrisdakik.com\\\/?p=79797#primaryimage\"},\"thumbnailUrl\":\"https:\\\/\\\/kibrisdakik.com\\\/wp-content\\\/uploads\\\/2025\\\/04\\\/17423801886001742198928832unal-ustel-740x420.jpg\",\"articleSection\":[\"K\u0131br\u0131s\",\"Man\u015fet\"],\"inLanguage\":\"tr\",\"potentialAction\":[{\"@type\":\"CommentAction\",\"name\":\"Comment\",\"target\":[\"https:\\\/\\\/kibrisdakik.com\\\/?p=79797#respond\"]}]},{\"@type\":\"WebPage\",\"@id\":\"https:\\\/\\\/kibrisdakik.com\\\/?p=79797\",\"url\":\"https:\\\/\\\/kibrisdakik.com\\\/?p=79797\",\"name\":\"Ba\u015fbakan\u2019dan a\u00e7\u0131klama:\u0130nan\u00e7 \u00f6zg\u00fcrl\u00fc\u011f\u00fc ve bireysel haklar \u0131\u015f\u0131\u011f\u0131nda e\u011fitimde yeni bir d\u00f6neme girilmi\u015ftir -\",\"isPartOf\":{\"@id\":\"https:\\\/\\\/kibrisdakik.com\\\/#website\"},\"primaryImageOfPage\":{\"@id\":\"https:\\\/\\\/kibrisdakik.com\\\/?p=79797#primaryimage\"},\"image\":{\"@id\":\"https:\\\/\\\/kibrisdakik.com\\\/?p=79797#primaryimage\"},\"thumbnailUrl\":\"https:\\\/\\\/kibrisdakik.com\\\/wp-content\\\/uploads\\\/2025\\\/04\\\/17423801886001742198928832unal-ustel-740x420.jpg\",\"datePublished\":\"2025-04-09T14:29:17+00:00\",\"author\":{\"@id\":\"https:\\\/\\\/kibrisdakik.com\\\/#\\\/schema\\\/person\\\/9cd9d437bbb44f72b73ba127e06d8e79\"},\"breadcrumb\":{\"@id\":\"https:\\\/\\\/kibrisdakik.com\\\/?p=79797#breadcrumb\"},\"inLanguage\":\"tr\",\"potentialAction\":[{\"@type\":\"ReadAction\",\"target\":[\"https:\\\/\\\/kibrisdakik.com\\\/?p=79797\"]}]},{\"@type\":\"ImageObject\",\"inLanguage\":\"tr\",\"@id\":\"https:\\\/\\\/kibrisdakik.com\\\/?p=79797#primaryimage\",\"url\":\"https:\\\/\\\/kibrisdakik.com\\\/wp-content\\\/uploads\\\/2025\\\/04\\\/17423801886001742198928832unal-ustel-740x420.jpg\",\"contentUrl\":\"https:\\\/\\\/kibrisdakik.com\\\/wp-content\\\/uploads\\\/2025\\\/04\\\/17423801886001742198928832unal-ustel-740x420.jpg\",\"width\":1024,\"height\":683},{\"@type\":\"BreadcrumbList\",\"@id\":\"https:\\\/\\\/kibrisdakik.com\\\/?p=79797#breadcrumb\",\"itemListElement\":[{\"@type\":\"ListItem\",\"position\":1,\"name\":\"Home\",\"item\":\"https:\\\/\\\/kibrisdakik.com\\\/\"},{\"@type\":\"ListItem\",\"position\":2,\"name\":\"Ba\u015fbakan\u2019dan a\u00e7\u0131klama:\u0130nan\u00e7 \u00f6zg\u00fcrl\u00fc\u011f\u00fc ve bireysel haklar \u0131\u015f\u0131\u011f\u0131nda e\u011fitimde yeni bir d\u00f6neme girilmi\u015ftir\"}]},{\"@type\":\"WebSite\",\"@id\":\"https:\\\/\\\/kibrisdakik.com\\\/#website\",\"url\":\"https:\\\/\\\/kibrisdakik.com\\\/\",\"name\":\"\",\"description\":\"Tam vaktinde haber\",\"potentialAction\":[{\"@type\":\"SearchAction\",\"target\":{\"@type\":\"EntryPoint\",\"urlTemplate\":\"https:\\\/\\\/kibrisdakik.com\\\/?s={search_term_string}\"},\"query-input\":{\"@type\":\"PropertyValueSpecification\",\"valueRequired\":true,\"valueName\":\"search_term_string\"}}],\"inLanguage\":\"tr\"},{\"@type\":\"Person\",\"@id\":\"https:\\\/\\\/kibrisdakik.com\\\/#\\\/schema\\\/person\\\/9cd9d437bbb44f72b73ba127e06d8e79\",\"name\":\"admin\",\"image\":{\"@type\":\"ImageObject\",\"inLanguage\":\"tr\",\"@id\":\"https:\\\/\\\/secure.gravatar.com\\\/avatar\\\/ccc17943b9d660506c869530f897617f7cb1c21a4bf30023f252596d83e1f007?s=96&d=mm&r=g\",\"url\":\"https:\\\/\\\/secure.gravatar.com\\\/avatar\\\/ccc17943b9d660506c869530f897617f7cb1c21a4bf30023f252596d83e1f007?s=96&d=mm&r=g\",\"contentUrl\":\"https:\\\/\\\/secure.gravatar.com\\\/avatar\\\/ccc17943b9d660506c869530f897617f7cb1c21a4bf30023f252596d83e1f007?s=96&d=mm&r=g\",\"caption\":\"admin\"},\"sameAs\":[\"https:\\\/\\\/kibrisdakik.com\"],\"url\":\"https:\\\/\\\/kibrisdakik.com\\\/?author=1\"}]}<\/script>\n<!-- \/ Yoast SEO plugin. -->","yoast_head_json":{"title":"Ba\u015fbakan\u2019dan a\u00e7\u0131klama:\u0130nan\u00e7 \u00f6zg\u00fcrl\u00fc\u011f\u00fc ve bireysel haklar \u0131\u015f\u0131\u011f\u0131nda e\u011fitimde yeni bir d\u00f6neme girilmi\u015ftir -","robots":{"index":"index","follow":"follow","max-snippet":"max-snippet:-1","max-image-preview":"max-image-preview:large","max-video-preview":"max-video-preview:-1"},"canonical":"https:\/\/kibrisdakik.com\/?p=79797","og_locale":"tr_TR","og_type":"article","og_title":"Ba\u015fbakan\u2019dan a\u00e7\u0131klama:\u0130nan\u00e7 \u00f6zg\u00fcrl\u00fc\u011f\u00fc ve bireysel haklar \u0131\u015f\u0131\u011f\u0131nda e\u011fitimde yeni bir d\u00f6neme girilmi\u015ftir -","og_description":"Ulusal Birlik Partisi Genel Ba\u015fkan\u0131, Ba\u015fbakan\u0131 \u00dcnal \u00dcstel, Disiplin T\u00fcz\u00fc\u011f\u00fc\u2019nde yap\u0131lan de\u011fi\u015fiklik ve i\u00e7erdi\u011fi k\u0131l\u0131k k\u0131yafet d\u00fczenlemesine ili\u015fkin Independent T\u00fcrk\u00e7e\u2019ye a\u00e7\u0131klama yapt\u0131. Ba\u015fbakan \u00dcstel a\u00e7\u0131klamas\u0131nda, liselerde ba\u015f\u00f6rt\u00fcs\u00fcn\u00fcn serbest b\u0131rak\u0131lmas\u0131 ile birlikte inan\u00e7 \u00f6zg\u00fcrl\u00fc\u011f\u00fc ve bireysel haklar \u0131\u015f\u0131\u011f\u0131nda e\u011fitimde yeni bir d\u00f6neme girildi\u011fini vurgulad\u0131. D\u00fczenlemenin bireysel hak ve \u00f6zg\u00fcrl\u00fcklerin g\u00fc\u00e7lendirilmesini esas ald\u0131\u011f\u0131n\u0131 belirten \u00dcstel, \u201cT\u00fcz\u00fckte yap\u0131lan","og_url":"https:\/\/kibrisdakik.com\/?p=79797","article_published_time":"2025-04-09T14:29:17+00:00","og_image":[{"width":1024,"height":683,"url":"https:\/\/kibrisdakik.com\/wp-content\/uploads\/2025\/04\/17423801886001742198928832unal-ustel-740x420.jpg","type":"image\/jpeg"}],"author":"admin","twitter_card":"summary_large_image","twitter_misc":{"Yazan:":"admin","Tahmini okuma s\u00fcresi":"2 dakika"},"schema":{"@context":"https:\/\/schema.org","@graph":[{"@type":"Article","@id":"https:\/\/kibrisdakik.com\/?p=79797#article","isPartOf":{"@id":"https:\/\/kibrisdakik.com\/?p=79797"},"author":{"name":"admin","@id":"https:\/\/kibrisdakik.com\/#\/schema\/person\/9cd9d437bbb44f72b73ba127e06d8e79"},"headline":"Ba\u015fbakan\u2019dan a\u00e7\u0131klama:\u0130nan\u00e7 \u00f6zg\u00fcrl\u00fc\u011f\u00fc ve bireysel haklar \u0131\u015f\u0131\u011f\u0131nda e\u011fitimde yeni bir d\u00f6neme girilmi\u015ftir","datePublished":"2025-04-09T14:29:17+00:00","mainEntityOfPage":{"@id":"https:\/\/kibrisdakik.com\/?p=79797"},"wordCount":382,"commentCount":0,"image":{"@id":"https:\/\/kibrisdakik.com\/?p=79797#primaryimage"},"thumbnailUrl":"https:\/\/kibrisdakik.com\/wp-content\/uploads\/2025\/04\/17423801886001742198928832unal-ustel-740x420.jpg","articleSection":["K\u0131br\u0131s","Man\u015fet"],"inLanguage":"tr","potentialAction":[{"@type":"CommentAction","name":"Comment","target":["https:\/\/kibrisdakik.com\/?p=79797#respond"]}]},{"@type":"WebPage","@id":"https:\/\/kibrisdakik.com\/?p=79797","url":"https:\/\/kibrisdakik.com\/?p=79797","name":"Ba\u015fbakan\u2019dan a\u00e7\u0131klama:\u0130nan\u00e7 \u00f6zg\u00fcrl\u00fc\u011f\u00fc ve bireysel haklar \u0131\u015f\u0131\u011f\u0131nda e\u011fitimde yeni bir d\u00f6neme girilmi\u015ftir -","isPartOf":{"@id":"https:\/\/kibrisdakik.com\/#website"},"primaryImageOfPage":{"@id":"https:\/\/kibrisdakik.com\/?p=79797#primaryimage"},"image":{"@id":"https:\/\/kibrisdakik.com\/?p=79797#primaryimage"},"thumbnailUrl":"https:\/\/kibrisdakik.com\/wp-content\/uploads\/2025\/04\/17423801886001742198928832unal-ustel-740x420.jpg","datePublished":"2025-04-09T14:29:17+00:00","author":{"@id":"https:\/\/kibrisdakik.com\/#\/schema\/person\/9cd9d437bbb44f72b73ba127e06d8e79"},"breadcrumb":{"@id":"https:\/\/kibrisdakik.com\/?p=79797#breadcrumb"},"inLanguage":"tr","potentialAction":[{"@type":"ReadAction","target":["https:\/\/kibrisdakik.com\/?p=79797"]}]},{"@type":"ImageObject","inLanguage":"tr","@id":"https:\/\/kibrisdakik.com\/?p=79797#primaryimage","url":"https:\/\/kibrisdakik.com\/wp-content\/uploads\/2025\/04\/17423801886001742198928832unal-ustel-740x420.jpg","contentUrl":"https:\/\/kibrisdakik.com\/wp-content\/uploads\/2025\/04\/17423801886001742198928832unal-ustel-740x420.jpg","width":1024,"height":683},{"@type":"BreadcrumbList","@id":"https:\/\/kibrisdakik.com\/?p=79797#breadcrumb","itemListElement":[{"@type":"ListItem","position":1,"name":"Home","item":"https:\/\/kibrisdakik.com\/"},{"@type":"ListItem","position":2,"name":"Ba\u015fbakan\u2019dan a\u00e7\u0131klama:\u0130nan\u00e7 \u00f6zg\u00fcrl\u00fc\u011f\u00fc ve bireysel haklar \u0131\u015f\u0131\u011f\u0131nda e\u011fitimde yeni bir d\u00f6neme girilmi\u015ftir"}]},{"@type":"WebSite","@id":"https:\/\/kibrisdakik.com\/#website","url":"https:\/\/kibrisdakik.com\/","name":"","description":"Tam vaktinde haber","potentialAction":[{"@type":"SearchAction","target":{"@type":"EntryPoint","urlTemplate":"https:\/\/kibrisdakik.com\/?s={search_term_string}"},"query-input":{"@type":"PropertyValueSpecification","valueRequired":true,"valueName":"search_term_string"}}],"inLanguage":"tr"},{"@type":"Person","@id":"https:\/\/kibrisdakik.com\/#\/schema\/person\/9cd9d437bbb44f72b73ba127e06d8e79","name":"admin","image":{"@type":"ImageObject","inLanguage":"tr","@id":"https:\/\/secure.gravatar.com\/avatar\/ccc17943b9d660506c869530f897617f7cb1c21a4bf30023f252596d83e1f007?s=96&d=mm&r=g","url":"https:\/\/secure.gravatar.com\/avatar\/ccc17943b9d660506c869530f897617f7cb1c21a4bf30023f252596d83e1f007?s=96&d=mm&r=g","contentUrl":"https:\/\/secure.gravatar.com\/avatar\/ccc17943b9d660506c869530f897617f7cb1c21a4bf30023f252596d83e1f007?s=96&d=mm&r=g","caption":"admin"},"sameAs":["https:\/\/kibrisdakik.com"],"url":"https:\/\/kibrisdakik.com\/?author=1"}]}},"_links":{"self":[{"href":"https:\/\/kibrisdakik.com\/index.php?rest_route=\/wp\/v2\/posts\/79797","targetHints":{"allow":["GET"]}}],"collection":[{"href":"https:\/\/kibrisdakik.com\/index.php?rest_route=\/wp\/v2\/posts"}],"about":[{"href":"https:\/\/kibrisdakik.com\/index.php?rest_route=\/wp\/v2\/types\/post"}],"author":[{"embeddable":true,"href":"https:\/\/kibrisdakik.com\/index.php?rest_route=\/wp\/v2\/users\/1"}],"replies":[{"embeddable":true,"href":"https:\/\/kibrisdakik.com\/index.php?rest_route=%2Fwp%2Fv2%2Fcomments&post=79797"}],"version-history":[{"count":0,"href":"https:\/\/kibrisdakik.com\/index.php?rest_route=\/wp\/v2\/posts\/79797\/revisions"}],"wp:featuredmedia":[{"embeddable":true,"href":"https:\/\/kibrisdakik.com\/index.php?rest_route=\/wp\/v2\/media\/79798"}],"wp:attachment":[{"href":"https:\/\/kibrisdakik.com\/index.php?rest_route=%2Fwp%2Fv2%2Fmedia&parent=79797"}],"wp:term":[{"taxonomy":"category","embeddable":true,"href":"https:\/\/kibrisdakik.com\/index.php?rest_route=%2Fwp%2Fv2%2Fcategories&post=79797"},{"taxonomy":"post_tag","embeddable":true,"href":"https:\/\/kibrisdakik.com\/index.php?rest_route=%2Fwp%2Fv2%2Ftags&post=79797"}],"curies":[{"name":"wp","href":"https:\/\/api.w.org\/{rel}","templated":true}]}}