{"id":79808,"date":"2025-04-09T20:28:30","date_gmt":"2025-04-09T17:28:30","guid":{"rendered":"https:\/\/kibrisdakik.com\/index.php\/2025\/04\/09\/cunhurba%e1%b9%a3kani-tatarazerbaycan-cumhurbaskani-ilham-aliyevin-aciklamasi-bizleri-son-derece-mutlu-etmistir\/"},"modified":"2025-04-09T20:28:30","modified_gmt":"2025-04-09T17:28:30","slug":"cunhurba%e1%b9%a3kani-tatarazerbaycan-cumhurbaskani-ilham-aliyevin-aciklamasi-bizleri-son-derece-mutlu-etmistir","status":"publish","type":"post","link":"https:\/\/kibrisdakik.com\/?p=79808","title":{"rendered":"Cunhurba\u1e63kan\u0131 Tatar:Azerbaycan Cumhurba\u015fkan\u0131 \u0130lham Aliyev\u2019in a\u00e7\u0131klamas\u0131 bizleri son derece mutlu etmi\u015ftir"},"content":{"rendered":"<div>\n<div class=\"mariselle-image-container center\">\n                                            <\/div>\n<p>Cumhurba\u015fkan\u0131 Ersin Tatar, Azerbaycan Cumhurba\u015fkan\u0131 \u0130lham Aliyev\u2019in, Azerbaycan\u2019\u0131n ba\u015fkenti Bak\u00fc\u2019de, ADA \u00dcniversitesi\u2019nde d\u00fczenlenen, 44 \u00fclkeden 80\u2019den fazla uzman\u0131n kat\u0131ld\u0131\u011f\u0131 \u201cYeni D\u00fcnya D\u00fczenine Do\u011fru\u201d ba\u015fl\u0131kl\u0131 uluslararas\u0131 forumunda yapt\u0131\u011f\u0131 a\u00e7\u0131klamay\u0131 memnuniyetle kar\u015f\u0131lad\u0131\u011f\u0131n\u0131 a\u00e7\u0131klad\u0131.<\/p>\n<p>Cumhurba\u015fkan\u0131 Tatar, Azerbaycan Cumhurba\u015fkan\u0131 Aliyev\u2019in yapt\u0131\u011f\u0131 a\u00e7\u0131klamas\u0131nda; \u201cAnnan Plan\u0131\u2019na KKTC\u2019nin \u201cevet\u201d dedi\u011fini, G\u00fcney K\u0131br\u0131s Rum Y\u00f6netimi\u2019nin ise kar\u015f\u0131 \u00e7\u0131kt\u0131\u011f\u0131n\u0131 hat\u0131rlatarak, \u201cSonras\u0131nda ne oldu? K\u0131br\u0131s Rum Kesimi AB\u2019ye \u00fcye kabul edildi. Bu adil mi? Bu \u00e7ifte standartlara a\u00e7\u0131k \u00f6rnektir. KKTC\u2019li karde\u015flerimiz emin olsun ki, \u00fclkelerinin ba\u011f\u0131ms\u0131z bir devlet olarak uluslararas\u0131 toplum taraf\u0131ndan tan\u0131nmas\u0131 i\u00e7in her zaman yanlar\u0131nda olaca\u011f\u0131z\u201d, \u015feklindeki a\u00e7\u0131klamas\u0131na de\u011finerek \u015fu ifadeleri kulland\u0131:<\/p>\n<p>\u201cAzerbaycan Cumhurba\u015fkan\u0131 \u0130lham Aliyev\u2019in a\u00e7\u0131klamas\u0131 bizleri son derece mutlu etmi\u015ftir. Azerbaycan Cumhurba\u015fkan\u0131 \u0130lham Aliyev\u2019e Kuzey K\u0131br\u0131s T\u00fcrk Cumhuriyeti\u2019ne vermi\u015f oldu\u011fu bu g\u00fc\u00e7l\u00fc destekten dolay\u0131 te\u015fekk\u00fcr ediyorum.<\/p>\n<p>Azerbaycan ile aram\u0131zdaki g\u00f6n\u00fcl birli\u011finin, de\u011ferlerin ve ayn\u0131 milletin kopmaz bir par\u00e7as\u0131 olarak m\u00fcnasebetimizin, giderek artmas\u0131 bizleri mutlu etmektedir.<\/p>\n<p>Cumhurba\u015fkan\u0131 Aliyev\u2019e yapt\u0131\u011f\u0131 a\u00e7\u0131klamalardan dolay\u0131 tekrardan te\u015fekk\u00fcr eder, karde\u015flik ve i\u015fbirli\u011fimizin sonsuza kadar s\u00fcrmesini temenni ederim.\u201d<\/p>\n<\/p><\/div>\n<p><script async\n                    defer\n                    crossorigin=\"anonymous\"\n                    src=\"https:\/\/connect.facebook.net\/tr_TR\/sdk.js#xfbml=1&#038;version=v3.3\"\n            ><\/script><\/p>\n","protected":false},"excerpt":{"rendered":"<p>Cumhurba\u015fkan\u0131 Ersin Tatar, Azerbaycan Cumhurba\u015fkan\u0131 \u0130lham Aliyev\u2019in, Azerbaycan\u2019\u0131n ba\u015fkenti Bak\u00fc\u2019de, ADA \u00dcniversitesi\u2019nde d\u00fczenlenen, 44 \u00fclkeden 80\u2019den fazla uzman\u0131n kat\u0131ld\u0131\u011f\u0131 \u201cYeni D\u00fcnya D\u00fczenine Do\u011fru\u201d ba\u015fl\u0131kl\u0131 uluslararas\u0131 forumunda yapt\u0131\u011f\u0131 a\u00e7\u0131klamay\u0131 memnuniyetle kar\u015f\u0131lad\u0131\u011f\u0131n\u0131 a\u00e7\u0131klad\u0131. Cumhurba\u015fkan\u0131 Tatar, Azerbaycan Cumhurba\u015fkan\u0131 Aliyev\u2019in yapt\u0131\u011f\u0131 a\u00e7\u0131klamas\u0131nda; \u201cAnnan Plan\u0131\u2019na KKTC\u2019nin \u201cevet\u201d dedi\u011fini, G\u00fcney K\u0131br\u0131s Rum Y\u00f6netimi\u2019nin ise kar\u015f\u0131 \u00e7\u0131kt\u0131\u011f\u0131n\u0131 hat\u0131rlatarak, \u201cSonras\u0131nda ne oldu? K\u0131br\u0131s<\/p>\n","protected":false},"author":1,"featured_media":79809,"comment_status":"open","ping_status":"open","sticky":false,"template":"","format":"standard","meta":{"footnotes":""},"categories":[81,101],"tags":[],"class_list":["post-79808","post","type-post","status-publish","format-standard","has-post-thumbnail","hentry","category-kibris","category-manset"],"yoast_head":"<!-- This site is optimized with the Yoast SEO plugin v27.5 - https:\/\/yoast.com\/product\/yoast-seo-wordpress\/ -->\n<title>Cunhurba\u1e63kan\u0131 Tatar:Azerbaycan Cumhurba\u015fkan\u0131 \u0130lham Aliyev\u2019in a\u00e7\u0131klamas\u0131 bizleri son derece mutlu etmi\u015ftir -<\/title>\n<meta name=\"robots\" content=\"index, follow, max-snippet:-1, max-image-preview:large, max-video-preview:-1\" \/>\n<link rel=\"canonical\" href=\"https:\/\/kibrisdakik.com\/?p=79808\" \/>\n<meta property=\"og:locale\" content=\"tr_TR\" \/>\n<meta property=\"og:type\" content=\"article\" \/>\n<meta property=\"og:title\" content=\"Cunhurba\u1e63kan\u0131 Tatar:Azerbaycan Cumhurba\u015fkan\u0131 \u0130lham Aliyev\u2019in a\u00e7\u0131klamas\u0131 bizleri son derece mutlu etmi\u015ftir -\" \/>\n<meta property=\"og:description\" content=\"Cumhurba\u015fkan\u0131 Ersin Tatar, Azerbaycan Cumhurba\u015fkan\u0131 \u0130lham Aliyev\u2019in, Azerbaycan\u2019\u0131n ba\u015fkenti Bak\u00fc\u2019de, ADA \u00dcniversitesi\u2019nde d\u00fczenlenen, 44 \u00fclkeden 80\u2019den fazla uzman\u0131n kat\u0131ld\u0131\u011f\u0131 \u201cYeni D\u00fcnya D\u00fczenine Do\u011fru\u201d ba\u015fl\u0131kl\u0131 uluslararas\u0131 forumunda yapt\u0131\u011f\u0131 a\u00e7\u0131klamay\u0131 memnuniyetle kar\u015f\u0131lad\u0131\u011f\u0131n\u0131 a\u00e7\u0131klad\u0131. Cumhurba\u015fkan\u0131 Tatar, Azerbaycan Cumhurba\u015fkan\u0131 Aliyev\u2019in yapt\u0131\u011f\u0131 a\u00e7\u0131klamas\u0131nda; \u201cAnnan Plan\u0131\u2019na KKTC\u2019nin \u201cevet\u201d dedi\u011fini, G\u00fcney K\u0131br\u0131s Rum Y\u00f6netimi\u2019nin ise kar\u015f\u0131 \u00e7\u0131kt\u0131\u011f\u0131n\u0131 hat\u0131rlatarak, \u201cSonras\u0131nda ne oldu? K\u0131br\u0131s\" \/>\n<meta property=\"og:url\" content=\"https:\/\/kibrisdakik.com\/?p=79808\" \/>\n<meta property=\"article:published_time\" content=\"2025-04-09T17:28:30+00:00\" \/>\n<meta property=\"og:image\" content=\"https:\/\/kibrisdakik.com\/wp-content\/uploads\/2025\/04\/aliyev-tatar-1-740x420.jpg\" \/>\n\t<meta property=\"og:image:width\" content=\"1575\" \/>\n\t<meta property=\"og:image:height\" content=\"739\" \/>\n\t<meta property=\"og:image:type\" content=\"image\/jpeg\" \/>\n<meta name=\"author\" content=\"admin\" \/>\n<meta name=\"twitter:card\" content=\"summary_large_image\" \/>\n<meta name=\"twitter:label1\" content=\"Yazan:\" \/>\n\t<meta name=\"twitter:data1\" content=\"admin\" \/>\n\t<meta name=\"twitter:label2\" content=\"Tahmini okuma s\u00fcresi\" \/>\n\t<meta name=\"twitter:data2\" content=\"1 dakika\" \/>\n<script type=\"application\/ld+json\" class=\"yoast-schema-graph\">{\"@context\":\"https:\\\/\\\/schema.org\",\"@graph\":[{\"@type\":\"Article\",\"@id\":\"https:\\\/\\\/kibrisdakik.com\\\/?p=79808#article\",\"isPartOf\":{\"@id\":\"https:\\\/\\\/kibrisdakik.com\\\/?p=79808\"},\"author\":{\"name\":\"admin\",\"@id\":\"https:\\\/\\\/kibrisdakik.com\\\/#\\\/schema\\\/person\\\/9cd9d437bbb44f72b73ba127e06d8e79\"},\"headline\":\"Cunhurba\u1e63kan\u0131 Tatar:Azerbaycan Cumhurba\u015fkan\u0131 \u0130lham Aliyev\u2019in a\u00e7\u0131klamas\u0131 bizleri son derece mutlu etmi\u015ftir\",\"datePublished\":\"2025-04-09T17:28:30+00:00\",\"mainEntityOfPage\":{\"@id\":\"https:\\\/\\\/kibrisdakik.com\\\/?p=79808\"},\"wordCount\":252,\"commentCount\":0,\"image\":{\"@id\":\"https:\\\/\\\/kibrisdakik.com\\\/?p=79808#primaryimage\"},\"thumbnailUrl\":\"https:\\\/\\\/kibrisdakik.com\\\/wp-content\\\/uploads\\\/2025\\\/04\\\/aliyev-tatar-1-740x420.jpg\",\"articleSection\":[\"K\u0131br\u0131s\",\"Man\u015fet\"],\"inLanguage\":\"tr\",\"potentialAction\":[{\"@type\":\"CommentAction\",\"name\":\"Comment\",\"target\":[\"https:\\\/\\\/kibrisdakik.com\\\/?p=79808#respond\"]}]},{\"@type\":\"WebPage\",\"@id\":\"https:\\\/\\\/kibrisdakik.com\\\/?p=79808\",\"url\":\"https:\\\/\\\/kibrisdakik.com\\\/?p=79808\",\"name\":\"Cunhurba\u1e63kan\u0131 Tatar:Azerbaycan Cumhurba\u015fkan\u0131 \u0130lham Aliyev\u2019in a\u00e7\u0131klamas\u0131 bizleri son derece mutlu etmi\u015ftir -\",\"isPartOf\":{\"@id\":\"https:\\\/\\\/kibrisdakik.com\\\/#website\"},\"primaryImageOfPage\":{\"@id\":\"https:\\\/\\\/kibrisdakik.com\\\/?p=79808#primaryimage\"},\"image\":{\"@id\":\"https:\\\/\\\/kibrisdakik.com\\\/?p=79808#primaryimage\"},\"thumbnailUrl\":\"https:\\\/\\\/kibrisdakik.com\\\/wp-content\\\/uploads\\\/2025\\\/04\\\/aliyev-tatar-1-740x420.jpg\",\"datePublished\":\"2025-04-09T17:28:30+00:00\",\"author\":{\"@id\":\"https:\\\/\\\/kibrisdakik.com\\\/#\\\/schema\\\/person\\\/9cd9d437bbb44f72b73ba127e06d8e79\"},\"breadcrumb\":{\"@id\":\"https:\\\/\\\/kibrisdakik.com\\\/?p=79808#breadcrumb\"},\"inLanguage\":\"tr\",\"potentialAction\":[{\"@type\":\"ReadAction\",\"target\":[\"https:\\\/\\\/kibrisdakik.com\\\/?p=79808\"]}]},{\"@type\":\"ImageObject\",\"inLanguage\":\"tr\",\"@id\":\"https:\\\/\\\/kibrisdakik.com\\\/?p=79808#primaryimage\",\"url\":\"https:\\\/\\\/kibrisdakik.com\\\/wp-content\\\/uploads\\\/2025\\\/04\\\/aliyev-tatar-1-740x420.jpg\",\"contentUrl\":\"https:\\\/\\\/kibrisdakik.com\\\/wp-content\\\/uploads\\\/2025\\\/04\\\/aliyev-tatar-1-740x420.jpg\",\"width\":1575,\"height\":739},{\"@type\":\"BreadcrumbList\",\"@id\":\"https:\\\/\\\/kibrisdakik.com\\\/?p=79808#breadcrumb\",\"itemListElement\":[{\"@type\":\"ListItem\",\"position\":1,\"name\":\"Home\",\"item\":\"https:\\\/\\\/kibrisdakik.com\\\/\"},{\"@type\":\"ListItem\",\"position\":2,\"name\":\"Cunhurba\u1e63kan\u0131 Tatar:Azerbaycan Cumhurba\u015fkan\u0131 \u0130lham Aliyev\u2019in a\u00e7\u0131klamas\u0131 bizleri son derece mutlu etmi\u015ftir\"}]},{\"@type\":\"WebSite\",\"@id\":\"https:\\\/\\\/kibrisdakik.com\\\/#website\",\"url\":\"https:\\\/\\\/kibrisdakik.com\\\/\",\"name\":\"\",\"description\":\"Tam vaktinde haber\",\"potentialAction\":[{\"@type\":\"SearchAction\",\"target\":{\"@type\":\"EntryPoint\",\"urlTemplate\":\"https:\\\/\\\/kibrisdakik.com\\\/?s={search_term_string}\"},\"query-input\":{\"@type\":\"PropertyValueSpecification\",\"valueRequired\":true,\"valueName\":\"search_term_string\"}}],\"inLanguage\":\"tr\"},{\"@type\":\"Person\",\"@id\":\"https:\\\/\\\/kibrisdakik.com\\\/#\\\/schema\\\/person\\\/9cd9d437bbb44f72b73ba127e06d8e79\",\"name\":\"admin\",\"image\":{\"@type\":\"ImageObject\",\"inLanguage\":\"tr\",\"@id\":\"https:\\\/\\\/secure.gravatar.com\\\/avatar\\\/ccc17943b9d660506c869530f897617f7cb1c21a4bf30023f252596d83e1f007?s=96&d=mm&r=g\",\"url\":\"https:\\\/\\\/secure.gravatar.com\\\/avatar\\\/ccc17943b9d660506c869530f897617f7cb1c21a4bf30023f252596d83e1f007?s=96&d=mm&r=g\",\"contentUrl\":\"https:\\\/\\\/secure.gravatar.com\\\/avatar\\\/ccc17943b9d660506c869530f897617f7cb1c21a4bf30023f252596d83e1f007?s=96&d=mm&r=g\",\"caption\":\"admin\"},\"sameAs\":[\"https:\\\/\\\/kibrisdakik.com\"],\"url\":\"https:\\\/\\\/kibrisdakik.com\\\/?author=1\"}]}<\/script>\n<!-- \/ Yoast SEO plugin. -->","yoast_head_json":{"title":"Cunhurba\u1e63kan\u0131 Tatar:Azerbaycan Cumhurba\u015fkan\u0131 \u0130lham Aliyev\u2019in a\u00e7\u0131klamas\u0131 bizleri son derece mutlu etmi\u015ftir -","robots":{"index":"index","follow":"follow","max-snippet":"max-snippet:-1","max-image-preview":"max-image-preview:large","max-video-preview":"max-video-preview:-1"},"canonical":"https:\/\/kibrisdakik.com\/?p=79808","og_locale":"tr_TR","og_type":"article","og_title":"Cunhurba\u1e63kan\u0131 Tatar:Azerbaycan Cumhurba\u015fkan\u0131 \u0130lham Aliyev\u2019in a\u00e7\u0131klamas\u0131 bizleri son derece mutlu etmi\u015ftir -","og_description":"Cumhurba\u015fkan\u0131 Ersin Tatar, Azerbaycan Cumhurba\u015fkan\u0131 \u0130lham Aliyev\u2019in, Azerbaycan\u2019\u0131n ba\u015fkenti Bak\u00fc\u2019de, ADA \u00dcniversitesi\u2019nde d\u00fczenlenen, 44 \u00fclkeden 80\u2019den fazla uzman\u0131n kat\u0131ld\u0131\u011f\u0131 \u201cYeni D\u00fcnya D\u00fczenine Do\u011fru\u201d ba\u015fl\u0131kl\u0131 uluslararas\u0131 forumunda yapt\u0131\u011f\u0131 a\u00e7\u0131klamay\u0131 memnuniyetle kar\u015f\u0131lad\u0131\u011f\u0131n\u0131 a\u00e7\u0131klad\u0131. Cumhurba\u015fkan\u0131 Tatar, Azerbaycan Cumhurba\u015fkan\u0131 Aliyev\u2019in yapt\u0131\u011f\u0131 a\u00e7\u0131klamas\u0131nda; \u201cAnnan Plan\u0131\u2019na KKTC\u2019nin \u201cevet\u201d dedi\u011fini, G\u00fcney K\u0131br\u0131s Rum Y\u00f6netimi\u2019nin ise kar\u015f\u0131 \u00e7\u0131kt\u0131\u011f\u0131n\u0131 hat\u0131rlatarak, \u201cSonras\u0131nda ne oldu? K\u0131br\u0131s","og_url":"https:\/\/kibrisdakik.com\/?p=79808","article_published_time":"2025-04-09T17:28:30+00:00","og_image":[{"width":1575,"height":739,"url":"https:\/\/kibrisdakik.com\/wp-content\/uploads\/2025\/04\/aliyev-tatar-1-740x420.jpg","type":"image\/jpeg"}],"author":"admin","twitter_card":"summary_large_image","twitter_misc":{"Yazan:":"admin","Tahmini okuma s\u00fcresi":"1 dakika"},"schema":{"@context":"https:\/\/schema.org","@graph":[{"@type":"Article","@id":"https:\/\/kibrisdakik.com\/?p=79808#article","isPartOf":{"@id":"https:\/\/kibrisdakik.com\/?p=79808"},"author":{"name":"admin","@id":"https:\/\/kibrisdakik.com\/#\/schema\/person\/9cd9d437bbb44f72b73ba127e06d8e79"},"headline":"Cunhurba\u1e63kan\u0131 Tatar:Azerbaycan Cumhurba\u015fkan\u0131 \u0130lham Aliyev\u2019in a\u00e7\u0131klamas\u0131 bizleri son derece mutlu etmi\u015ftir","datePublished":"2025-04-09T17:28:30+00:00","mainEntityOfPage":{"@id":"https:\/\/kibrisdakik.com\/?p=79808"},"wordCount":252,"commentCount":0,"image":{"@id":"https:\/\/kibrisdakik.com\/?p=79808#primaryimage"},"thumbnailUrl":"https:\/\/kibrisdakik.com\/wp-content\/uploads\/2025\/04\/aliyev-tatar-1-740x420.jpg","articleSection":["K\u0131br\u0131s","Man\u015fet"],"inLanguage":"tr","potentialAction":[{"@type":"CommentAction","name":"Comment","target":["https:\/\/kibrisdakik.com\/?p=79808#respond"]}]},{"@type":"WebPage","@id":"https:\/\/kibrisdakik.com\/?p=79808","url":"https:\/\/kibrisdakik.com\/?p=79808","name":"Cunhurba\u1e63kan\u0131 Tatar:Azerbaycan Cumhurba\u015fkan\u0131 \u0130lham Aliyev\u2019in a\u00e7\u0131klamas\u0131 bizleri son derece mutlu etmi\u015ftir -","isPartOf":{"@id":"https:\/\/kibrisdakik.com\/#website"},"primaryImageOfPage":{"@id":"https:\/\/kibrisdakik.com\/?p=79808#primaryimage"},"image":{"@id":"https:\/\/kibrisdakik.com\/?p=79808#primaryimage"},"thumbnailUrl":"https:\/\/kibrisdakik.com\/wp-content\/uploads\/2025\/04\/aliyev-tatar-1-740x420.jpg","datePublished":"2025-04-09T17:28:30+00:00","author":{"@id":"https:\/\/kibrisdakik.com\/#\/schema\/person\/9cd9d437bbb44f72b73ba127e06d8e79"},"breadcrumb":{"@id":"https:\/\/kibrisdakik.com\/?p=79808#breadcrumb"},"inLanguage":"tr","potentialAction":[{"@type":"ReadAction","target":["https:\/\/kibrisdakik.com\/?p=79808"]}]},{"@type":"ImageObject","inLanguage":"tr","@id":"https:\/\/kibrisdakik.com\/?p=79808#primaryimage","url":"https:\/\/kibrisdakik.com\/wp-content\/uploads\/2025\/04\/aliyev-tatar-1-740x420.jpg","contentUrl":"https:\/\/kibrisdakik.com\/wp-content\/uploads\/2025\/04\/aliyev-tatar-1-740x420.jpg","width":1575,"height":739},{"@type":"BreadcrumbList","@id":"https:\/\/kibrisdakik.com\/?p=79808#breadcrumb","itemListElement":[{"@type":"ListItem","position":1,"name":"Home","item":"https:\/\/kibrisdakik.com\/"},{"@type":"ListItem","position":2,"name":"Cunhurba\u1e63kan\u0131 Tatar:Azerbaycan Cumhurba\u015fkan\u0131 \u0130lham Aliyev\u2019in a\u00e7\u0131klamas\u0131 bizleri son derece mutlu etmi\u015ftir"}]},{"@type":"WebSite","@id":"https:\/\/kibrisdakik.com\/#website","url":"https:\/\/kibrisdakik.com\/","name":"","description":"Tam vaktinde haber","potentialAction":[{"@type":"SearchAction","target":{"@type":"EntryPoint","urlTemplate":"https:\/\/kibrisdakik.com\/?s={search_term_string}"},"query-input":{"@type":"PropertyValueSpecification","valueRequired":true,"valueName":"search_term_string"}}],"inLanguage":"tr"},{"@type":"Person","@id":"https:\/\/kibrisdakik.com\/#\/schema\/person\/9cd9d437bbb44f72b73ba127e06d8e79","name":"admin","image":{"@type":"ImageObject","inLanguage":"tr","@id":"https:\/\/secure.gravatar.com\/avatar\/ccc17943b9d660506c869530f897617f7cb1c21a4bf30023f252596d83e1f007?s=96&d=mm&r=g","url":"https:\/\/secure.gravatar.com\/avatar\/ccc17943b9d660506c869530f897617f7cb1c21a4bf30023f252596d83e1f007?s=96&d=mm&r=g","contentUrl":"https:\/\/secure.gravatar.com\/avatar\/ccc17943b9d660506c869530f897617f7cb1c21a4bf30023f252596d83e1f007?s=96&d=mm&r=g","caption":"admin"},"sameAs":["https:\/\/kibrisdakik.com"],"url":"https:\/\/kibrisdakik.com\/?author=1"}]}},"_links":{"self":[{"href":"https:\/\/kibrisdakik.com\/index.php?rest_route=\/wp\/v2\/posts\/79808","targetHints":{"allow":["GET"]}}],"collection":[{"href":"https:\/\/kibrisdakik.com\/index.php?rest_route=\/wp\/v2\/posts"}],"about":[{"href":"https:\/\/kibrisdakik.com\/index.php?rest_route=\/wp\/v2\/types\/post"}],"author":[{"embeddable":true,"href":"https:\/\/kibrisdakik.com\/index.php?rest_route=\/wp\/v2\/users\/1"}],"replies":[{"embeddable":true,"href":"https:\/\/kibrisdakik.com\/index.php?rest_route=%2Fwp%2Fv2%2Fcomments&post=79808"}],"version-history":[{"count":0,"href":"https:\/\/kibrisdakik.com\/index.php?rest_route=\/wp\/v2\/posts\/79808\/revisions"}],"wp:featuredmedia":[{"embeddable":true,"href":"https:\/\/kibrisdakik.com\/index.php?rest_route=\/wp\/v2\/media\/79809"}],"wp:attachment":[{"href":"https:\/\/kibrisdakik.com\/index.php?rest_route=%2Fwp%2Fv2%2Fmedia&parent=79808"}],"wp:term":[{"taxonomy":"category","embeddable":true,"href":"https:\/\/kibrisdakik.com\/index.php?rest_route=%2Fwp%2Fv2%2Fcategories&post=79808"},{"taxonomy":"post_tag","embeddable":true,"href":"https:\/\/kibrisdakik.com\/index.php?rest_route=%2Fwp%2Fv2%2Ftags&post=79808"}],"curies":[{"name":"wp","href":"https:\/\/api.w.org\/{rel}","templated":true}]}}