{"id":7981,"date":"2023-06-01T01:38:50","date_gmt":"2023-06-01T01:38:50","guid":{"rendered":"https:\/\/kibrisdakik.com\/index.php\/2023\/06\/01\/bagimsizlik-yolu-milletvekili-adayi-ersoy-adaylik-basvurusunu-yapti\/"},"modified":"2023-06-01T01:38:50","modified_gmt":"2023-06-01T01:38:50","slug":"bagimsizlik-yolu-milletvekili-adayi-ersoy-adaylik-basvurusunu-yapti","status":"publish","type":"post","link":"https:\/\/kibrisdakik.com\/?p=7981","title":{"rendered":"Ba\u011f\u0131ms\u0131zl\u0131k Yolu Milletvekili aday\u0131 Ersoy, adayl\u0131k ba\u015fvurusunu yapt\u0131"},"content":{"rendered":"<p><\/p>\n<div>\n<div class=\"mariselle-image-container center\">\n                <img width=\"2048\" height=\"1365\" class=\"lazy-image\" alt=\"\" decoding=\"async\" loading=\"lazy\" sizes=\"auto, (max-width: 2048px) 100vw, 2048px\" src=\"https:\/\/brtk.net\/wp-content\/uploads\/2023\/05\/31\/ersoy-daylik-basvuru-4.jpg?ver=399551febd73ee81eb46a76f365c0bdc\" srcset=\"https:\/\/brtk.net\/wp-content\/uploads\/2023\/05\/31\/ersoy-daylik-basvuru-4.jpg?ver=399551febd73ee81eb46a76f365c0bdc 2048w, https:\/\/brtk.net\/wp-content\/uploads\/2023\/05\/31\/ersoy-daylik-basvuru-4-300x200.jpg?ver=399551febd73ee81eb46a76f365c0bdc 300w, https:\/\/brtk.net\/wp-content\/uploads\/2023\/05\/31\/ersoy-daylik-basvuru-4-1024x683.jpg?ver=210f03d29b40fc66b88d566839cb55f4 1024w, https:\/\/brtk.net\/wp-content\/uploads\/2023\/05\/31\/ersoy-daylik-basvuru-4-768x512.jpg?ver=210f03d29b40fc66b88d566839cb55f4 768w, https:\/\/brtk.net\/wp-content\/uploads\/2023\/05\/31\/ersoy-daylik-basvuru-4-1536x1024.jpg?ver=9e337f446386ca6f53da3c9a53601c5a 1536w\"\/>                            <\/div>\n<p>Ba\u011f\u0131ms\u0131zl\u0131k Yolu Milletvekili aday\u0131 Umut Ersoy, Ba\u011f\u0131ms\u0131zl\u0131k Yolu yetkilileri ile birlikte, Y\u00fcksek Se\u00e7im Kurulu\u2019na adayl\u0131k ba\u015fvurusunu yapt\u0131.<\/p>\n<p>Ba\u011f\u0131ms\u0131zl\u0131k Yolu Bas\u0131n Ofisinden yap\u0131lan a\u00e7\u0131klamaya g\u00f6re, ba\u015fvuru sonras\u0131nda Ba\u011f\u0131ms\u0131zl\u0131k Yolu Genel Sekreter Yard\u0131mc\u0131s\u0131 M\u00fcn\u00fcr Rahvanc\u0131o\u011flu ve Umut Ersoy a\u00e7\u0131klamalarda bulundu.<\/p>\n<p>-Rahvanc\u0131o\u011flu: \u201cBa\u011f\u0131ms\u0131zl\u0131k Yolu\u2019na verilecek her oy sermayeden yana rejim partileriyle uzla\u015fmad\u0131\u011f\u0131n\u0131z\u0131n g\u00f6stergesi olacak\u201d<\/p>\n<p>Ba\u011f\u0131ms\u0131zl\u0131k Yolu Genel Sekreter Yard\u0131mc\u0131s\u0131 M\u00fcn\u00fcr Rahvanc\u0131o\u011flu, ara se\u00e7imlerin toplumun s\u0131rt\u0131nda ciddi bir y\u00fck ve ciddi maliyet oldu\u011funu s\u00f6yleyerek, \u201cBu bizim karar\u0131m\u0131za ba\u011fl\u0131 olmadan geli\u015fen bir s\u00fcre\u00e7ti, ne sine-i millet \u00e7a\u011fr\u0131lar\u0131na kat\u0131ld\u0131k, ne de sine-i milletin halk\u0131n irade sahibi olmas\u0131 i\u00e7in bir s\u00fcre\u00e7 oldu\u011fu d\u00fc\u015f\u00fcncesindeyiz\u201d dedi. Ba\u011f\u0131ms\u0131zl\u0131k Yolu\u2019nun halka tepki g\u00f6sterme f\u0131rsat\u0131 sunmak i\u00e7in se\u00e7ime kat\u0131ld\u0131klar\u0131n\u0131 belirten Rahvanc\u0131o\u011flu, emekten yana duru\u015fu ve protestoyu g\u00f6stermek i\u00e7in halka f\u0131rsat verilmesi gerekti\u011fi d\u00fc\u015f\u00fcncesini ortaya koydu.<\/p>\n<p>Bu se\u00e7imde eme\u011fi ve emek\u00e7iyi temsil eden ba\u015fka bir parti olmad\u0131\u011f\u0131n\u0131 savunan Rahvanc\u0131o\u011flu, \u201cBa\u011f\u0131ms\u0131zl\u0131k Yolu\u2019na verilecek her oy, sermayeden yana rejim partileriyle uzla\u015fmad\u0131\u011f\u0131n\u0131z\u0131n g\u00f6stergesi olacakt\u0131r\u201d dedi.<\/p>\n<p>-Ersoy: \u201cBizim b\u00fct\u00fcn umudumuz emek\u00e7ilerde, \u00e7\u00f6z\u00fcm s\u0131n\u0131f m\u00fccadelesinde\u201d<\/p>\n<p>Ba\u011f\u0131ms\u0131zl\u0131k Yolu Milletvekili aday\u0131 Umut Ersoy da konu\u015fmas\u0131nda, Ba\u011f\u0131ms\u0131zl\u0131k Yolu\u2019nun emek\u00e7ilerin, i\u015fsizlerin, \u00f6zel sekt\u00f6r \u00e7al\u0131\u015fanlar\u0131n\u0131n, sosyal yard\u0131m alanlar\u0131n, gen\u00e7lerin, kad\u0131nlar\u0131n, yoksullar\u0131n ve ya\u015fl\u0131lar\u0131n partisi oldu\u011funu ifade ederek, Ba\u011f\u0131ms\u0131zl\u0131k Yolu parti program\u0131na bak\u0131ld\u0131\u011f\u0131nda, bu kesimlerle ilgili s\u00f6z s\u00f6ylendi\u011finin ve hak m\u00fccadelesinin bu kesimler \u00fczerinden kuruldu\u011funun g\u00f6r\u00fclebilece\u011fini belirtti.<\/p>\n<p>Kad\u0131nlar\u0131n \u00f6zg\u00fcrle\u015fmesinden ve ekolojik talan\u0131n sonlanmas\u0131ndan yana olduklar\u0131n\u0131 vurgulayan Ersoy, bu rejimi b\u00fct\u00fcn olarak reddettiklerini ve yerine nas\u0131l bir hayat kurmak istediklerini anlatmaya \u00e7al\u0131\u015ft\u0131klar\u0131n\u0131 belirtti. Ersoy, \u201cBizim b\u00fct\u00fcn umudumuz emek\u00e7ilerde, \u00e7\u00f6z\u00fcm s\u0131n\u0131f m\u00fccadelesinde\u201d dedi.<\/p>\n<\/p><\/div>\n<p><script async\n                    defer\n                    crossorigin=\"anonymous\"\n                    src=\"https:\/\/connect.facebook.net\/tr_TR\/sdk.js#xfbml=1&#038;version=v3.3\"\n            ><\/script><\/p>\n","protected":false},"excerpt":{"rendered":"<p>Ba\u011f\u0131ms\u0131zl\u0131k Yolu Milletvekili aday\u0131 Umut Ersoy, Ba\u011f\u0131ms\u0131zl\u0131k Yolu yetkilileri ile birlikte, Y\u00fcksek Se\u00e7im Kurulu\u2019na adayl\u0131k ba\u015fvurusunu yapt\u0131. Ba\u011f\u0131ms\u0131zl\u0131k Yolu Bas\u0131n Ofisinden yap\u0131lan a\u00e7\u0131klamaya g\u00f6re, ba\u015fvuru sonras\u0131nda Ba\u011f\u0131ms\u0131zl\u0131k Yolu Genel Sekreter Yard\u0131mc\u0131s\u0131 M\u00fcn\u00fcr Rahvanc\u0131o\u011flu ve Umut Ersoy a\u00e7\u0131klamalarda bulundu. -Rahvanc\u0131o\u011flu: \u201cBa\u011f\u0131ms\u0131zl\u0131k Yolu\u2019na verilecek her oy sermayeden yana rejim partileriyle uzla\u015fmad\u0131\u011f\u0131n\u0131z\u0131n g\u00f6stergesi olacak\u201d Ba\u011f\u0131ms\u0131zl\u0131k Yolu Genel Sekreter<\/p>\n","protected":false},"author":1,"featured_media":7982,"comment_status":"open","ping_status":"open","sticky":false,"template":"","format":"standard","meta":{"footnotes":""},"categories":[1],"tags":[],"class_list":["post-7981","post","type-post","status-publish","format-standard","has-post-thumbnail","hentry","category-gundem"],"yoast_head":"<!-- This site is optimized with the Yoast SEO plugin v27.5 - https:\/\/yoast.com\/product\/yoast-seo-wordpress\/ -->\n<title>Ba\u011f\u0131ms\u0131zl\u0131k Yolu Milletvekili aday\u0131 Ersoy, adayl\u0131k ba\u015fvurusunu yapt\u0131 -<\/title>\n<meta name=\"robots\" content=\"index, follow, max-snippet:-1, max-image-preview:large, max-video-preview:-1\" \/>\n<link rel=\"canonical\" href=\"https:\/\/kibrisdakik.com\/?p=7981\" \/>\n<meta property=\"og:locale\" content=\"tr_TR\" \/>\n<meta property=\"og:type\" content=\"article\" \/>\n<meta property=\"og:title\" content=\"Ba\u011f\u0131ms\u0131zl\u0131k Yolu Milletvekili aday\u0131 Ersoy, adayl\u0131k ba\u015fvurusunu yapt\u0131 -\" \/>\n<meta property=\"og:description\" content=\"Ba\u011f\u0131ms\u0131zl\u0131k Yolu Milletvekili aday\u0131 Umut Ersoy, Ba\u011f\u0131ms\u0131zl\u0131k Yolu yetkilileri ile birlikte, Y\u00fcksek Se\u00e7im Kurulu\u2019na adayl\u0131k ba\u015fvurusunu yapt\u0131. Ba\u011f\u0131ms\u0131zl\u0131k Yolu Bas\u0131n Ofisinden yap\u0131lan a\u00e7\u0131klamaya g\u00f6re, ba\u015fvuru sonras\u0131nda Ba\u011f\u0131ms\u0131zl\u0131k Yolu Genel Sekreter Yard\u0131mc\u0131s\u0131 M\u00fcn\u00fcr Rahvanc\u0131o\u011flu ve Umut Ersoy a\u00e7\u0131klamalarda bulundu. -Rahvanc\u0131o\u011flu: \u201cBa\u011f\u0131ms\u0131zl\u0131k Yolu\u2019na verilecek her oy sermayeden yana rejim partileriyle uzla\u015fmad\u0131\u011f\u0131n\u0131z\u0131n g\u00f6stergesi olacak\u201d Ba\u011f\u0131ms\u0131zl\u0131k Yolu Genel Sekreter\" \/>\n<meta property=\"og:url\" content=\"https:\/\/kibrisdakik.com\/?p=7981\" \/>\n<meta property=\"article:published_time\" content=\"2023-06-01T01:38:50+00:00\" \/>\n<meta property=\"og:image\" content=\"https:\/\/kibrisdakik.com\/wp-content\/uploads\/2023\/06\/ersoy-daylik-basvuru-4-740x420.jpg\" \/>\n\t<meta property=\"og:image:width\" content=\"2048\" \/>\n\t<meta property=\"og:image:height\" content=\"1365\" \/>\n\t<meta property=\"og:image:type\" content=\"image\/jpeg\" \/>\n<meta name=\"author\" content=\"admin\" \/>\n<meta name=\"twitter:card\" content=\"summary_large_image\" \/>\n<meta name=\"twitter:label1\" content=\"Yazan:\" \/>\n\t<meta name=\"twitter:data1\" content=\"admin\" \/>\n\t<meta name=\"twitter:label2\" content=\"Tahmini okuma s\u00fcresi\" \/>\n\t<meta name=\"twitter:data2\" content=\"2 dakika\" \/>\n<script type=\"application\/ld+json\" class=\"yoast-schema-graph\">{\"@context\":\"https:\\\/\\\/schema.org\",\"@graph\":[{\"@type\":\"Article\",\"@id\":\"https:\\\/\\\/kibrisdakik.com\\\/?p=7981#article\",\"isPartOf\":{\"@id\":\"https:\\\/\\\/kibrisdakik.com\\\/?p=7981\"},\"author\":{\"name\":\"admin\",\"@id\":\"https:\\\/\\\/kibrisdakik.com\\\/#\\\/schema\\\/person\\\/9cd9d437bbb44f72b73ba127e06d8e79\"},\"headline\":\"Ba\u011f\u0131ms\u0131zl\u0131k Yolu Milletvekili aday\u0131 Ersoy, adayl\u0131k ba\u015fvurusunu yapt\u0131\",\"datePublished\":\"2023-06-01T01:38:50+00:00\",\"mainEntityOfPage\":{\"@id\":\"https:\\\/\\\/kibrisdakik.com\\\/?p=7981\"},\"wordCount\":424,\"commentCount\":0,\"image\":{\"@id\":\"https:\\\/\\\/kibrisdakik.com\\\/?p=7981#primaryimage\"},\"thumbnailUrl\":\"https:\\\/\\\/kibrisdakik.com\\\/wp-content\\\/uploads\\\/2023\\\/06\\\/ersoy-daylik-basvuru-4-740x420.jpg\",\"articleSection\":[\"G\u00fcndem\"],\"inLanguage\":\"tr\",\"potentialAction\":[{\"@type\":\"CommentAction\",\"name\":\"Comment\",\"target\":[\"https:\\\/\\\/kibrisdakik.com\\\/?p=7981#respond\"]}]},{\"@type\":\"WebPage\",\"@id\":\"https:\\\/\\\/kibrisdakik.com\\\/?p=7981\",\"url\":\"https:\\\/\\\/kibrisdakik.com\\\/?p=7981\",\"name\":\"Ba\u011f\u0131ms\u0131zl\u0131k Yolu Milletvekili aday\u0131 Ersoy, adayl\u0131k ba\u015fvurusunu yapt\u0131 -\",\"isPartOf\":{\"@id\":\"https:\\\/\\\/kibrisdakik.com\\\/#website\"},\"primaryImageOfPage\":{\"@id\":\"https:\\\/\\\/kibrisdakik.com\\\/?p=7981#primaryimage\"},\"image\":{\"@id\":\"https:\\\/\\\/kibrisdakik.com\\\/?p=7981#primaryimage\"},\"thumbnailUrl\":\"https:\\\/\\\/kibrisdakik.com\\\/wp-content\\\/uploads\\\/2023\\\/06\\\/ersoy-daylik-basvuru-4-740x420.jpg\",\"datePublished\":\"2023-06-01T01:38:50+00:00\",\"author\":{\"@id\":\"https:\\\/\\\/kibrisdakik.com\\\/#\\\/schema\\\/person\\\/9cd9d437bbb44f72b73ba127e06d8e79\"},\"breadcrumb\":{\"@id\":\"https:\\\/\\\/kibrisdakik.com\\\/?p=7981#breadcrumb\"},\"inLanguage\":\"tr\",\"potentialAction\":[{\"@type\":\"ReadAction\",\"target\":[\"https:\\\/\\\/kibrisdakik.com\\\/?p=7981\"]}]},{\"@type\":\"ImageObject\",\"inLanguage\":\"tr\",\"@id\":\"https:\\\/\\\/kibrisdakik.com\\\/?p=7981#primaryimage\",\"url\":\"https:\\\/\\\/kibrisdakik.com\\\/wp-content\\\/uploads\\\/2023\\\/06\\\/ersoy-daylik-basvuru-4-740x420.jpg\",\"contentUrl\":\"https:\\\/\\\/kibrisdakik.com\\\/wp-content\\\/uploads\\\/2023\\\/06\\\/ersoy-daylik-basvuru-4-740x420.jpg\",\"width\":2048,\"height\":1365},{\"@type\":\"BreadcrumbList\",\"@id\":\"https:\\\/\\\/kibrisdakik.com\\\/?p=7981#breadcrumb\",\"itemListElement\":[{\"@type\":\"ListItem\",\"position\":1,\"name\":\"Home\",\"item\":\"https:\\\/\\\/kibrisdakik.com\\\/\"},{\"@type\":\"ListItem\",\"position\":2,\"name\":\"Ba\u011f\u0131ms\u0131zl\u0131k Yolu Milletvekili aday\u0131 Ersoy, adayl\u0131k ba\u015fvurusunu yapt\u0131\"}]},{\"@type\":\"WebSite\",\"@id\":\"https:\\\/\\\/kibrisdakik.com\\\/#website\",\"url\":\"https:\\\/\\\/kibrisdakik.com\\\/\",\"name\":\"\",\"description\":\"Tam vaktinde haber\",\"potentialAction\":[{\"@type\":\"SearchAction\",\"target\":{\"@type\":\"EntryPoint\",\"urlTemplate\":\"https:\\\/\\\/kibrisdakik.com\\\/?s={search_term_string}\"},\"query-input\":{\"@type\":\"PropertyValueSpecification\",\"valueRequired\":true,\"valueName\":\"search_term_string\"}}],\"inLanguage\":\"tr\"},{\"@type\":\"Person\",\"@id\":\"https:\\\/\\\/kibrisdakik.com\\\/#\\\/schema\\\/person\\\/9cd9d437bbb44f72b73ba127e06d8e79\",\"name\":\"admin\",\"image\":{\"@type\":\"ImageObject\",\"inLanguage\":\"tr\",\"@id\":\"https:\\\/\\\/secure.gravatar.com\\\/avatar\\\/ccc17943b9d660506c869530f897617f7cb1c21a4bf30023f252596d83e1f007?s=96&d=mm&r=g\",\"url\":\"https:\\\/\\\/secure.gravatar.com\\\/avatar\\\/ccc17943b9d660506c869530f897617f7cb1c21a4bf30023f252596d83e1f007?s=96&d=mm&r=g\",\"contentUrl\":\"https:\\\/\\\/secure.gravatar.com\\\/avatar\\\/ccc17943b9d660506c869530f897617f7cb1c21a4bf30023f252596d83e1f007?s=96&d=mm&r=g\",\"caption\":\"admin\"},\"sameAs\":[\"https:\\\/\\\/kibrisdakik.com\"],\"url\":\"https:\\\/\\\/kibrisdakik.com\\\/?author=1\"}]}<\/script>\n<!-- \/ Yoast SEO plugin. -->","yoast_head_json":{"title":"Ba\u011f\u0131ms\u0131zl\u0131k Yolu Milletvekili aday\u0131 Ersoy, adayl\u0131k ba\u015fvurusunu yapt\u0131 -","robots":{"index":"index","follow":"follow","max-snippet":"max-snippet:-1","max-image-preview":"max-image-preview:large","max-video-preview":"max-video-preview:-1"},"canonical":"https:\/\/kibrisdakik.com\/?p=7981","og_locale":"tr_TR","og_type":"article","og_title":"Ba\u011f\u0131ms\u0131zl\u0131k Yolu Milletvekili aday\u0131 Ersoy, adayl\u0131k ba\u015fvurusunu yapt\u0131 -","og_description":"Ba\u011f\u0131ms\u0131zl\u0131k Yolu Milletvekili aday\u0131 Umut Ersoy, Ba\u011f\u0131ms\u0131zl\u0131k Yolu yetkilileri ile birlikte, Y\u00fcksek Se\u00e7im Kurulu\u2019na adayl\u0131k ba\u015fvurusunu yapt\u0131. Ba\u011f\u0131ms\u0131zl\u0131k Yolu Bas\u0131n Ofisinden yap\u0131lan a\u00e7\u0131klamaya g\u00f6re, ba\u015fvuru sonras\u0131nda Ba\u011f\u0131ms\u0131zl\u0131k Yolu Genel Sekreter Yard\u0131mc\u0131s\u0131 M\u00fcn\u00fcr Rahvanc\u0131o\u011flu ve Umut Ersoy a\u00e7\u0131klamalarda bulundu. -Rahvanc\u0131o\u011flu: \u201cBa\u011f\u0131ms\u0131zl\u0131k Yolu\u2019na verilecek her oy sermayeden yana rejim partileriyle uzla\u015fmad\u0131\u011f\u0131n\u0131z\u0131n g\u00f6stergesi olacak\u201d Ba\u011f\u0131ms\u0131zl\u0131k Yolu Genel Sekreter","og_url":"https:\/\/kibrisdakik.com\/?p=7981","article_published_time":"2023-06-01T01:38:50+00:00","og_image":[{"width":2048,"height":1365,"url":"https:\/\/kibrisdakik.com\/wp-content\/uploads\/2023\/06\/ersoy-daylik-basvuru-4-740x420.jpg","type":"image\/jpeg"}],"author":"admin","twitter_card":"summary_large_image","twitter_misc":{"Yazan:":"admin","Tahmini okuma s\u00fcresi":"2 dakika"},"schema":{"@context":"https:\/\/schema.org","@graph":[{"@type":"Article","@id":"https:\/\/kibrisdakik.com\/?p=7981#article","isPartOf":{"@id":"https:\/\/kibrisdakik.com\/?p=7981"},"author":{"name":"admin","@id":"https:\/\/kibrisdakik.com\/#\/schema\/person\/9cd9d437bbb44f72b73ba127e06d8e79"},"headline":"Ba\u011f\u0131ms\u0131zl\u0131k Yolu Milletvekili aday\u0131 Ersoy, adayl\u0131k ba\u015fvurusunu yapt\u0131","datePublished":"2023-06-01T01:38:50+00:00","mainEntityOfPage":{"@id":"https:\/\/kibrisdakik.com\/?p=7981"},"wordCount":424,"commentCount":0,"image":{"@id":"https:\/\/kibrisdakik.com\/?p=7981#primaryimage"},"thumbnailUrl":"https:\/\/kibrisdakik.com\/wp-content\/uploads\/2023\/06\/ersoy-daylik-basvuru-4-740x420.jpg","articleSection":["G\u00fcndem"],"inLanguage":"tr","potentialAction":[{"@type":"CommentAction","name":"Comment","target":["https:\/\/kibrisdakik.com\/?p=7981#respond"]}]},{"@type":"WebPage","@id":"https:\/\/kibrisdakik.com\/?p=7981","url":"https:\/\/kibrisdakik.com\/?p=7981","name":"Ba\u011f\u0131ms\u0131zl\u0131k Yolu Milletvekili aday\u0131 Ersoy, adayl\u0131k ba\u015fvurusunu yapt\u0131 -","isPartOf":{"@id":"https:\/\/kibrisdakik.com\/#website"},"primaryImageOfPage":{"@id":"https:\/\/kibrisdakik.com\/?p=7981#primaryimage"},"image":{"@id":"https:\/\/kibrisdakik.com\/?p=7981#primaryimage"},"thumbnailUrl":"https:\/\/kibrisdakik.com\/wp-content\/uploads\/2023\/06\/ersoy-daylik-basvuru-4-740x420.jpg","datePublished":"2023-06-01T01:38:50+00:00","author":{"@id":"https:\/\/kibrisdakik.com\/#\/schema\/person\/9cd9d437bbb44f72b73ba127e06d8e79"},"breadcrumb":{"@id":"https:\/\/kibrisdakik.com\/?p=7981#breadcrumb"},"inLanguage":"tr","potentialAction":[{"@type":"ReadAction","target":["https:\/\/kibrisdakik.com\/?p=7981"]}]},{"@type":"ImageObject","inLanguage":"tr","@id":"https:\/\/kibrisdakik.com\/?p=7981#primaryimage","url":"https:\/\/kibrisdakik.com\/wp-content\/uploads\/2023\/06\/ersoy-daylik-basvuru-4-740x420.jpg","contentUrl":"https:\/\/kibrisdakik.com\/wp-content\/uploads\/2023\/06\/ersoy-daylik-basvuru-4-740x420.jpg","width":2048,"height":1365},{"@type":"BreadcrumbList","@id":"https:\/\/kibrisdakik.com\/?p=7981#breadcrumb","itemListElement":[{"@type":"ListItem","position":1,"name":"Home","item":"https:\/\/kibrisdakik.com\/"},{"@type":"ListItem","position":2,"name":"Ba\u011f\u0131ms\u0131zl\u0131k Yolu Milletvekili aday\u0131 Ersoy, adayl\u0131k ba\u015fvurusunu yapt\u0131"}]},{"@type":"WebSite","@id":"https:\/\/kibrisdakik.com\/#website","url":"https:\/\/kibrisdakik.com\/","name":"","description":"Tam vaktinde haber","potentialAction":[{"@type":"SearchAction","target":{"@type":"EntryPoint","urlTemplate":"https:\/\/kibrisdakik.com\/?s={search_term_string}"},"query-input":{"@type":"PropertyValueSpecification","valueRequired":true,"valueName":"search_term_string"}}],"inLanguage":"tr"},{"@type":"Person","@id":"https:\/\/kibrisdakik.com\/#\/schema\/person\/9cd9d437bbb44f72b73ba127e06d8e79","name":"admin","image":{"@type":"ImageObject","inLanguage":"tr","@id":"https:\/\/secure.gravatar.com\/avatar\/ccc17943b9d660506c869530f897617f7cb1c21a4bf30023f252596d83e1f007?s=96&d=mm&r=g","url":"https:\/\/secure.gravatar.com\/avatar\/ccc17943b9d660506c869530f897617f7cb1c21a4bf30023f252596d83e1f007?s=96&d=mm&r=g","contentUrl":"https:\/\/secure.gravatar.com\/avatar\/ccc17943b9d660506c869530f897617f7cb1c21a4bf30023f252596d83e1f007?s=96&d=mm&r=g","caption":"admin"},"sameAs":["https:\/\/kibrisdakik.com"],"url":"https:\/\/kibrisdakik.com\/?author=1"}]}},"_links":{"self":[{"href":"https:\/\/kibrisdakik.com\/index.php?rest_route=\/wp\/v2\/posts\/7981","targetHints":{"allow":["GET"]}}],"collection":[{"href":"https:\/\/kibrisdakik.com\/index.php?rest_route=\/wp\/v2\/posts"}],"about":[{"href":"https:\/\/kibrisdakik.com\/index.php?rest_route=\/wp\/v2\/types\/post"}],"author":[{"embeddable":true,"href":"https:\/\/kibrisdakik.com\/index.php?rest_route=\/wp\/v2\/users\/1"}],"replies":[{"embeddable":true,"href":"https:\/\/kibrisdakik.com\/index.php?rest_route=%2Fwp%2Fv2%2Fcomments&post=7981"}],"version-history":[{"count":0,"href":"https:\/\/kibrisdakik.com\/index.php?rest_route=\/wp\/v2\/posts\/7981\/revisions"}],"wp:featuredmedia":[{"embeddable":true,"href":"https:\/\/kibrisdakik.com\/index.php?rest_route=\/wp\/v2\/media\/7982"}],"wp:attachment":[{"href":"https:\/\/kibrisdakik.com\/index.php?rest_route=%2Fwp%2Fv2%2Fmedia&parent=7981"}],"wp:term":[{"taxonomy":"category","embeddable":true,"href":"https:\/\/kibrisdakik.com\/index.php?rest_route=%2Fwp%2Fv2%2Fcategories&post=7981"},{"taxonomy":"post_tag","embeddable":true,"href":"https:\/\/kibrisdakik.com\/index.php?rest_route=%2Fwp%2Fv2%2Ftags&post=7981"}],"curies":[{"name":"wp","href":"https:\/\/api.w.org\/{rel}","templated":true}]}}