{"id":79810,"date":"2025-04-09T20:33:13","date_gmt":"2025-04-09T17:33:13","guid":{"rendered":"https:\/\/kibrisdakik.com\/index.php\/2025\/04\/09\/ustel-aliyeve-tesekkur-etti-bizler-her-zaman-sunu-net-olarak-ifade-ediyoruz-tek-millet-uc-devletiz\/"},"modified":"2025-04-09T20:33:13","modified_gmt":"2025-04-09T17:33:13","slug":"ustel-aliyeve-tesekkur-etti-bizler-her-zaman-sunu-net-olarak-ifade-ediyoruz-tek-millet-uc-devletiz","status":"publish","type":"post","link":"https:\/\/kibrisdakik.com\/?p=79810","title":{"rendered":"\u00dcstel, Aliyev\u2019e te\u015fekk\u00fcr etti: \u201cBizler her zaman \u015funu net olarak ifade ediyoruz; tek millet \u00fc\u00e7 devletiz\u201d"},"content":{"rendered":"<div>\n<div class=\"mariselle-image-container center\">\n                                            <\/div>\n<p>\u00a0<\/p>\n<p>Ba\u015fbakan \u00dcnal \u00dcstel,  Azerbaycan Cumhurba\u015fkan\u0131 \u0130lham Aliyev\u2019e, Kuzey K\u0131br\u0131s T\u00fcrk Cumhuriyeti\u2019nin uluslararas\u0131 alanda hak etti\u011fi yeri almas\u0131 i\u00e7in verdi\u011fi destek i\u00e7in te\u015fekk\u00fcr etti.<\/p>\n<p>\u00dcstel, \u201cCan Azerbaycan Cumhurba\u015fkan\u0131 Say\u0131n \u0130lham Aliyev\u2019in, \u2018KKTC\u2019li karde\u015flerimiz emin olsun ki, \u00fclkelerinin ba\u011f\u0131ms\u0131z bir devlet olarak uluslararas\u0131 toplum taraf\u0131ndan tan\u0131nmas\u0131 i\u00e7in her zaman yanlar\u0131nda olaca\u011f\u0131z\u2019 s\u00f6zleri bizleri \u00e7ok mutlu etmi\u015ftir.\u201d dedi.<\/p>\n<p>\u00dcstel yaz\u0131l\u0131 a\u00e7\u0131klamas\u0131nda \u015funlar\u0131 kaydetti:<br \/>\u201cAnavatan T\u00fcrkiye\u2019miz ile birlikte verdi\u011fimiz m\u00fccadelede Can Azerbaycan\u2019\u0131n, Kuzey K\u0131br\u0131s T\u00fcrk Cumhuriyeti\u2019nin uluslararas\u0131 alanda hak etti\u011fi yeri almas\u0131 i\u00e7in verdi\u011fi destek ya\u015famsald\u0131r.<\/p>\n<p>Bizler her zaman \u015funu net olarak ifade ediyoruz; tek millet \u00fc\u00e7 devletiz.<\/p>\n<p>Bunun bilinci ile m\u00fccadelemizi kararl\u0131l\u0131kla s\u00fcrd\u00fcr\u00fcyoruz.<\/p>\n<p>Her alanda bizlerin yan\u0131nda olan Say\u0131n Aliyev\u2019e ve halk\u0131na \u015fahs\u0131m ve halk\u0131m ad\u0131na te\u015fekk\u00fcrlerimi sunuyorum.\u201d<\/p>\n<\/p><\/div>\n<p><script async\n                    defer\n                    crossorigin=\"anonymous\"\n                    src=\"https:\/\/connect.facebook.net\/tr_TR\/sdk.js#xfbml=1&#038;version=v3.3\"\n            ><\/script><\/p>\n","protected":false},"excerpt":{"rendered":"<p>\u00a0 Ba\u015fbakan \u00dcnal \u00dcstel, Azerbaycan Cumhurba\u015fkan\u0131 \u0130lham Aliyev\u2019e, Kuzey K\u0131br\u0131s T\u00fcrk Cumhuriyeti\u2019nin uluslararas\u0131 alanda hak etti\u011fi yeri almas\u0131 i\u00e7in verdi\u011fi destek i\u00e7in te\u015fekk\u00fcr etti. \u00dcstel, \u201cCan Azerbaycan Cumhurba\u015fkan\u0131 Say\u0131n \u0130lham Aliyev\u2019in, \u2018KKTC\u2019li karde\u015flerimiz emin olsun ki, \u00fclkelerinin ba\u011f\u0131ms\u0131z bir devlet olarak uluslararas\u0131 toplum taraf\u0131ndan tan\u0131nmas\u0131 i\u00e7in her zaman yanlar\u0131nda olaca\u011f\u0131z\u2019 s\u00f6zleri bizleri \u00e7ok mutlu etmi\u015ftir.\u201d<\/p>\n","protected":false},"author":1,"featured_media":79811,"comment_status":"open","ping_status":"open","sticky":false,"template":"","format":"standard","meta":{"footnotes":""},"categories":[81,101],"tags":[],"class_list":["post-79810","post","type-post","status-publish","format-standard","has-post-thumbnail","hentry","category-kibris","category-manset"],"yoast_head":"<!-- This site is optimized with the Yoast SEO plugin v27.5 - https:\/\/yoast.com\/product\/yoast-seo-wordpress\/ -->\n<title>\u00dcstel, Aliyev\u2019e te\u015fekk\u00fcr etti: \u201cBizler her zaman \u015funu net olarak ifade ediyoruz; tek millet \u00fc\u00e7 devletiz\u201d -<\/title>\n<meta name=\"robots\" content=\"index, follow, max-snippet:-1, max-image-preview:large, max-video-preview:-1\" \/>\n<link rel=\"canonical\" href=\"https:\/\/kibrisdakik.com\/?p=79810\" \/>\n<meta property=\"og:locale\" content=\"tr_TR\" \/>\n<meta property=\"og:type\" content=\"article\" \/>\n<meta property=\"og:title\" content=\"\u00dcstel, Aliyev\u2019e te\u015fekk\u00fcr etti: \u201cBizler her zaman \u015funu net olarak ifade ediyoruz; tek millet \u00fc\u00e7 devletiz\u201d -\" \/>\n<meta property=\"og:description\" content=\"\u00a0 Ba\u015fbakan \u00dcnal \u00dcstel, Azerbaycan Cumhurba\u015fkan\u0131 \u0130lham Aliyev\u2019e, Kuzey K\u0131br\u0131s T\u00fcrk Cumhuriyeti\u2019nin uluslararas\u0131 alanda hak etti\u011fi yeri almas\u0131 i\u00e7in verdi\u011fi destek i\u00e7in te\u015fekk\u00fcr etti. \u00dcstel, \u201cCan Azerbaycan Cumhurba\u015fkan\u0131 Say\u0131n \u0130lham Aliyev\u2019in, \u2018KKTC\u2019li karde\u015flerimiz emin olsun ki, \u00fclkelerinin ba\u011f\u0131ms\u0131z bir devlet olarak uluslararas\u0131 toplum taraf\u0131ndan tan\u0131nmas\u0131 i\u00e7in her zaman yanlar\u0131nda olaca\u011f\u0131z\u2019 s\u00f6zleri bizleri \u00e7ok mutlu etmi\u015ftir.\u201d\" \/>\n<meta property=\"og:url\" content=\"https:\/\/kibrisdakik.com\/?p=79810\" \/>\n<meta property=\"article:published_time\" content=\"2025-04-09T17:33:13+00:00\" \/>\n<meta property=\"og:image\" content=\"https:\/\/kibrisdakik.com\/wp-content\/uploads\/2025\/04\/v2uystel_1679906116-740x420.jpg\" \/>\n\t<meta property=\"og:image:width\" content=\"971\" \/>\n\t<meta property=\"og:image:height\" content=\"551\" \/>\n\t<meta property=\"og:image:type\" content=\"image\/jpeg\" \/>\n<meta name=\"author\" content=\"admin\" \/>\n<meta name=\"twitter:card\" content=\"summary_large_image\" \/>\n<meta name=\"twitter:label1\" content=\"Yazan:\" \/>\n\t<meta name=\"twitter:data1\" content=\"admin\" \/>\n\t<meta name=\"twitter:label2\" content=\"Tahmini okuma s\u00fcresi\" \/>\n\t<meta name=\"twitter:data2\" content=\"1 dakika\" \/>\n<script type=\"application\/ld+json\" class=\"yoast-schema-graph\">{\"@context\":\"https:\\\/\\\/schema.org\",\"@graph\":[{\"@type\":\"Article\",\"@id\":\"https:\\\/\\\/kibrisdakik.com\\\/?p=79810#article\",\"isPartOf\":{\"@id\":\"https:\\\/\\\/kibrisdakik.com\\\/?p=79810\"},\"author\":{\"name\":\"admin\",\"@id\":\"https:\\\/\\\/kibrisdakik.com\\\/#\\\/schema\\\/person\\\/9cd9d437bbb44f72b73ba127e06d8e79\"},\"headline\":\"\u00dcstel, Aliyev\u2019e te\u015fekk\u00fcr etti: \u201cBizler her zaman \u015funu net olarak ifade ediyoruz; tek millet \u00fc\u00e7 devletiz\u201d\",\"datePublished\":\"2025-04-09T17:33:13+00:00\",\"mainEntityOfPage\":{\"@id\":\"https:\\\/\\\/kibrisdakik.com\\\/?p=79810\"},\"wordCount\":191,\"commentCount\":0,\"image\":{\"@id\":\"https:\\\/\\\/kibrisdakik.com\\\/?p=79810#primaryimage\"},\"thumbnailUrl\":\"https:\\\/\\\/kibrisdakik.com\\\/wp-content\\\/uploads\\\/2025\\\/04\\\/v2uystel_1679906116-740x420.jpg\",\"articleSection\":[\"K\u0131br\u0131s\",\"Man\u015fet\"],\"inLanguage\":\"tr\",\"potentialAction\":[{\"@type\":\"CommentAction\",\"name\":\"Comment\",\"target\":[\"https:\\\/\\\/kibrisdakik.com\\\/?p=79810#respond\"]}]},{\"@type\":\"WebPage\",\"@id\":\"https:\\\/\\\/kibrisdakik.com\\\/?p=79810\",\"url\":\"https:\\\/\\\/kibrisdakik.com\\\/?p=79810\",\"name\":\"\u00dcstel, Aliyev\u2019e te\u015fekk\u00fcr etti: \u201cBizler her zaman \u015funu net olarak ifade ediyoruz; tek millet \u00fc\u00e7 devletiz\u201d -\",\"isPartOf\":{\"@id\":\"https:\\\/\\\/kibrisdakik.com\\\/#website\"},\"primaryImageOfPage\":{\"@id\":\"https:\\\/\\\/kibrisdakik.com\\\/?p=79810#primaryimage\"},\"image\":{\"@id\":\"https:\\\/\\\/kibrisdakik.com\\\/?p=79810#primaryimage\"},\"thumbnailUrl\":\"https:\\\/\\\/kibrisdakik.com\\\/wp-content\\\/uploads\\\/2025\\\/04\\\/v2uystel_1679906116-740x420.jpg\",\"datePublished\":\"2025-04-09T17:33:13+00:00\",\"author\":{\"@id\":\"https:\\\/\\\/kibrisdakik.com\\\/#\\\/schema\\\/person\\\/9cd9d437bbb44f72b73ba127e06d8e79\"},\"breadcrumb\":{\"@id\":\"https:\\\/\\\/kibrisdakik.com\\\/?p=79810#breadcrumb\"},\"inLanguage\":\"tr\",\"potentialAction\":[{\"@type\":\"ReadAction\",\"target\":[\"https:\\\/\\\/kibrisdakik.com\\\/?p=79810\"]}]},{\"@type\":\"ImageObject\",\"inLanguage\":\"tr\",\"@id\":\"https:\\\/\\\/kibrisdakik.com\\\/?p=79810#primaryimage\",\"url\":\"https:\\\/\\\/kibrisdakik.com\\\/wp-content\\\/uploads\\\/2025\\\/04\\\/v2uystel_1679906116-740x420.jpg\",\"contentUrl\":\"https:\\\/\\\/kibrisdakik.com\\\/wp-content\\\/uploads\\\/2025\\\/04\\\/v2uystel_1679906116-740x420.jpg\",\"width\":971,\"height\":551},{\"@type\":\"BreadcrumbList\",\"@id\":\"https:\\\/\\\/kibrisdakik.com\\\/?p=79810#breadcrumb\",\"itemListElement\":[{\"@type\":\"ListItem\",\"position\":1,\"name\":\"Home\",\"item\":\"https:\\\/\\\/kibrisdakik.com\\\/\"},{\"@type\":\"ListItem\",\"position\":2,\"name\":\"\u00dcstel, Aliyev\u2019e te\u015fekk\u00fcr etti: \u201cBizler her zaman \u015funu net olarak ifade ediyoruz; tek millet \u00fc\u00e7 devletiz\u201d\"}]},{\"@type\":\"WebSite\",\"@id\":\"https:\\\/\\\/kibrisdakik.com\\\/#website\",\"url\":\"https:\\\/\\\/kibrisdakik.com\\\/\",\"name\":\"\",\"description\":\"Tam vaktinde haber\",\"potentialAction\":[{\"@type\":\"SearchAction\",\"target\":{\"@type\":\"EntryPoint\",\"urlTemplate\":\"https:\\\/\\\/kibrisdakik.com\\\/?s={search_term_string}\"},\"query-input\":{\"@type\":\"PropertyValueSpecification\",\"valueRequired\":true,\"valueName\":\"search_term_string\"}}],\"inLanguage\":\"tr\"},{\"@type\":\"Person\",\"@id\":\"https:\\\/\\\/kibrisdakik.com\\\/#\\\/schema\\\/person\\\/9cd9d437bbb44f72b73ba127e06d8e79\",\"name\":\"admin\",\"image\":{\"@type\":\"ImageObject\",\"inLanguage\":\"tr\",\"@id\":\"https:\\\/\\\/secure.gravatar.com\\\/avatar\\\/ccc17943b9d660506c869530f897617f7cb1c21a4bf30023f252596d83e1f007?s=96&d=mm&r=g\",\"url\":\"https:\\\/\\\/secure.gravatar.com\\\/avatar\\\/ccc17943b9d660506c869530f897617f7cb1c21a4bf30023f252596d83e1f007?s=96&d=mm&r=g\",\"contentUrl\":\"https:\\\/\\\/secure.gravatar.com\\\/avatar\\\/ccc17943b9d660506c869530f897617f7cb1c21a4bf30023f252596d83e1f007?s=96&d=mm&r=g\",\"caption\":\"admin\"},\"sameAs\":[\"https:\\\/\\\/kibrisdakik.com\"],\"url\":\"https:\\\/\\\/kibrisdakik.com\\\/?author=1\"}]}<\/script>\n<!-- \/ Yoast SEO plugin. -->","yoast_head_json":{"title":"\u00dcstel, Aliyev\u2019e te\u015fekk\u00fcr etti: \u201cBizler her zaman \u015funu net olarak ifade ediyoruz; tek millet \u00fc\u00e7 devletiz\u201d -","robots":{"index":"index","follow":"follow","max-snippet":"max-snippet:-1","max-image-preview":"max-image-preview:large","max-video-preview":"max-video-preview:-1"},"canonical":"https:\/\/kibrisdakik.com\/?p=79810","og_locale":"tr_TR","og_type":"article","og_title":"\u00dcstel, Aliyev\u2019e te\u015fekk\u00fcr etti: \u201cBizler her zaman \u015funu net olarak ifade ediyoruz; tek millet \u00fc\u00e7 devletiz\u201d -","og_description":"\u00a0 Ba\u015fbakan \u00dcnal \u00dcstel, Azerbaycan Cumhurba\u015fkan\u0131 \u0130lham Aliyev\u2019e, Kuzey K\u0131br\u0131s T\u00fcrk Cumhuriyeti\u2019nin uluslararas\u0131 alanda hak etti\u011fi yeri almas\u0131 i\u00e7in verdi\u011fi destek i\u00e7in te\u015fekk\u00fcr etti. \u00dcstel, \u201cCan Azerbaycan Cumhurba\u015fkan\u0131 Say\u0131n \u0130lham Aliyev\u2019in, \u2018KKTC\u2019li karde\u015flerimiz emin olsun ki, \u00fclkelerinin ba\u011f\u0131ms\u0131z bir devlet olarak uluslararas\u0131 toplum taraf\u0131ndan tan\u0131nmas\u0131 i\u00e7in her zaman yanlar\u0131nda olaca\u011f\u0131z\u2019 s\u00f6zleri bizleri \u00e7ok mutlu etmi\u015ftir.\u201d","og_url":"https:\/\/kibrisdakik.com\/?p=79810","article_published_time":"2025-04-09T17:33:13+00:00","og_image":[{"width":971,"height":551,"url":"https:\/\/kibrisdakik.com\/wp-content\/uploads\/2025\/04\/v2uystel_1679906116-740x420.jpg","type":"image\/jpeg"}],"author":"admin","twitter_card":"summary_large_image","twitter_misc":{"Yazan:":"admin","Tahmini okuma s\u00fcresi":"1 dakika"},"schema":{"@context":"https:\/\/schema.org","@graph":[{"@type":"Article","@id":"https:\/\/kibrisdakik.com\/?p=79810#article","isPartOf":{"@id":"https:\/\/kibrisdakik.com\/?p=79810"},"author":{"name":"admin","@id":"https:\/\/kibrisdakik.com\/#\/schema\/person\/9cd9d437bbb44f72b73ba127e06d8e79"},"headline":"\u00dcstel, Aliyev\u2019e te\u015fekk\u00fcr etti: \u201cBizler her zaman \u015funu net olarak ifade ediyoruz; tek millet \u00fc\u00e7 devletiz\u201d","datePublished":"2025-04-09T17:33:13+00:00","mainEntityOfPage":{"@id":"https:\/\/kibrisdakik.com\/?p=79810"},"wordCount":191,"commentCount":0,"image":{"@id":"https:\/\/kibrisdakik.com\/?p=79810#primaryimage"},"thumbnailUrl":"https:\/\/kibrisdakik.com\/wp-content\/uploads\/2025\/04\/v2uystel_1679906116-740x420.jpg","articleSection":["K\u0131br\u0131s","Man\u015fet"],"inLanguage":"tr","potentialAction":[{"@type":"CommentAction","name":"Comment","target":["https:\/\/kibrisdakik.com\/?p=79810#respond"]}]},{"@type":"WebPage","@id":"https:\/\/kibrisdakik.com\/?p=79810","url":"https:\/\/kibrisdakik.com\/?p=79810","name":"\u00dcstel, Aliyev\u2019e te\u015fekk\u00fcr etti: \u201cBizler her zaman \u015funu net olarak ifade ediyoruz; tek millet \u00fc\u00e7 devletiz\u201d -","isPartOf":{"@id":"https:\/\/kibrisdakik.com\/#website"},"primaryImageOfPage":{"@id":"https:\/\/kibrisdakik.com\/?p=79810#primaryimage"},"image":{"@id":"https:\/\/kibrisdakik.com\/?p=79810#primaryimage"},"thumbnailUrl":"https:\/\/kibrisdakik.com\/wp-content\/uploads\/2025\/04\/v2uystel_1679906116-740x420.jpg","datePublished":"2025-04-09T17:33:13+00:00","author":{"@id":"https:\/\/kibrisdakik.com\/#\/schema\/person\/9cd9d437bbb44f72b73ba127e06d8e79"},"breadcrumb":{"@id":"https:\/\/kibrisdakik.com\/?p=79810#breadcrumb"},"inLanguage":"tr","potentialAction":[{"@type":"ReadAction","target":["https:\/\/kibrisdakik.com\/?p=79810"]}]},{"@type":"ImageObject","inLanguage":"tr","@id":"https:\/\/kibrisdakik.com\/?p=79810#primaryimage","url":"https:\/\/kibrisdakik.com\/wp-content\/uploads\/2025\/04\/v2uystel_1679906116-740x420.jpg","contentUrl":"https:\/\/kibrisdakik.com\/wp-content\/uploads\/2025\/04\/v2uystel_1679906116-740x420.jpg","width":971,"height":551},{"@type":"BreadcrumbList","@id":"https:\/\/kibrisdakik.com\/?p=79810#breadcrumb","itemListElement":[{"@type":"ListItem","position":1,"name":"Home","item":"https:\/\/kibrisdakik.com\/"},{"@type":"ListItem","position":2,"name":"\u00dcstel, Aliyev\u2019e te\u015fekk\u00fcr etti: \u201cBizler her zaman \u015funu net olarak ifade ediyoruz; tek millet \u00fc\u00e7 devletiz\u201d"}]},{"@type":"WebSite","@id":"https:\/\/kibrisdakik.com\/#website","url":"https:\/\/kibrisdakik.com\/","name":"","description":"Tam vaktinde haber","potentialAction":[{"@type":"SearchAction","target":{"@type":"EntryPoint","urlTemplate":"https:\/\/kibrisdakik.com\/?s={search_term_string}"},"query-input":{"@type":"PropertyValueSpecification","valueRequired":true,"valueName":"search_term_string"}}],"inLanguage":"tr"},{"@type":"Person","@id":"https:\/\/kibrisdakik.com\/#\/schema\/person\/9cd9d437bbb44f72b73ba127e06d8e79","name":"admin","image":{"@type":"ImageObject","inLanguage":"tr","@id":"https:\/\/secure.gravatar.com\/avatar\/ccc17943b9d660506c869530f897617f7cb1c21a4bf30023f252596d83e1f007?s=96&d=mm&r=g","url":"https:\/\/secure.gravatar.com\/avatar\/ccc17943b9d660506c869530f897617f7cb1c21a4bf30023f252596d83e1f007?s=96&d=mm&r=g","contentUrl":"https:\/\/secure.gravatar.com\/avatar\/ccc17943b9d660506c869530f897617f7cb1c21a4bf30023f252596d83e1f007?s=96&d=mm&r=g","caption":"admin"},"sameAs":["https:\/\/kibrisdakik.com"],"url":"https:\/\/kibrisdakik.com\/?author=1"}]}},"_links":{"self":[{"href":"https:\/\/kibrisdakik.com\/index.php?rest_route=\/wp\/v2\/posts\/79810","targetHints":{"allow":["GET"]}}],"collection":[{"href":"https:\/\/kibrisdakik.com\/index.php?rest_route=\/wp\/v2\/posts"}],"about":[{"href":"https:\/\/kibrisdakik.com\/index.php?rest_route=\/wp\/v2\/types\/post"}],"author":[{"embeddable":true,"href":"https:\/\/kibrisdakik.com\/index.php?rest_route=\/wp\/v2\/users\/1"}],"replies":[{"embeddable":true,"href":"https:\/\/kibrisdakik.com\/index.php?rest_route=%2Fwp%2Fv2%2Fcomments&post=79810"}],"version-history":[{"count":0,"href":"https:\/\/kibrisdakik.com\/index.php?rest_route=\/wp\/v2\/posts\/79810\/revisions"}],"wp:featuredmedia":[{"embeddable":true,"href":"https:\/\/kibrisdakik.com\/index.php?rest_route=\/wp\/v2\/media\/79811"}],"wp:attachment":[{"href":"https:\/\/kibrisdakik.com\/index.php?rest_route=%2Fwp%2Fv2%2Fmedia&parent=79810"}],"wp:term":[{"taxonomy":"category","embeddable":true,"href":"https:\/\/kibrisdakik.com\/index.php?rest_route=%2Fwp%2Fv2%2Fcategories&post=79810"},{"taxonomy":"post_tag","embeddable":true,"href":"https:\/\/kibrisdakik.com\/index.php?rest_route=%2Fwp%2Fv2%2Ftags&post=79810"}],"curies":[{"name":"wp","href":"https:\/\/api.w.org\/{rel}","templated":true}]}}