{"id":79835,"date":"2025-04-10T09:43:33","date_gmt":"2025-04-10T06:43:33","guid":{"rendered":"https:\/\/kibrisdakik.com\/index.php\/2025\/04\/10\/taksi-helikopter-seferlerinin-ilki-ercana-bafra-ile-girneye-de-sefer-duzenlenecek\/"},"modified":"2025-04-10T09:43:33","modified_gmt":"2025-04-10T06:43:33","slug":"taksi-helikopter-seferlerinin-ilki-ercana-bafra-ile-girneye-de-sefer-duzenlenecek","status":"publish","type":"post","link":"https:\/\/kibrisdakik.com\/?p=79835","title":{"rendered":"Taksi helikopter seferlerinin ilki Ercan\u2019a\u2026 Bafra ile Girne\u2019ye de sefer d\u00fczenlenecek"},"content":{"rendered":"<div>\n<div class=\"mariselle-image-container center\">\n                                            <\/div>\n<p>Fly Me Havayollar\u0131\u2019n\u0131n T\u00fcrkiye\u2019den Kuzey K\u0131br\u0131s T\u00fcrk Cumhuriyeti\u2019ne hava taksi helikopter seferlerinin ilki bug\u00fcn yap\u0131ld\u0131.<\/p>\n<p>Ba\u015fbakan Yard\u0131mc\u0131s\u0131, Turizm, K\u00fclt\u00fcr, Gen\u00e7lik ve \u00c7evre Bakan\u0131 Fikri Atao\u011flu ile Bay\u0131nd\u0131rl\u0131k ve Ula\u015ft\u0131rma Bakan\u0131 Erhan Ar\u0131kl\u0131\u2019y\u0131 ta\u015f\u0131yan ve Antalya-Gazipa\u015fa-Ercan Havaliman\u0131 aras\u0131nda ilk seferini yapan helikopter, saat 16.00 civar\u0131nda alana ini\u015f yapt\u0131 ve su tak\u0131yla kar\u015f\u0131land\u0131.<\/p>\n<p>Atao\u011flu ve Ar\u0131kl\u0131, helikopter ile Ercan Havaliman\u0131\u2019na ini\u015f yapmalar\u0131n\u0131n ard\u0131ndan Fly Me Havayollar\u0131 \u015eirket Y\u00f6neticisi G\u00f6kay Da\u015fdelen ile bir araya gelerek, bas\u0131na a\u00e7\u0131klamalarda bulundu.<\/p>\n<p>-Atao\u011flu<\/p>\n<p>Ba\u015fbakan Yard\u0131mc\u0131s\u0131, Turizm, K\u00fclt\u00fcr, Gen\u00e7lik ve \u00c7evre Bakan\u0131 Fikri Atao\u011flu, helikopterin ini\u015f yapt\u0131\u011f\u0131 alandaki konu\u015fmas\u0131nda, bir ilki ger\u00e7ekle\u015ftirdiklerini belirterek, VIP hizmeti verecek olan helikopterlerin u\u00e7u\u015fa ba\u015flad\u0131\u011f\u0131n\u0131 kaydetti.<\/p>\n<p>T\u00fcrkiye ile KKTC aras\u0131ndaki ili\u015fkilerin geli\u015fmesi i\u00e7in bir k\u00f6pr\u00fc daha olu\u015ftu\u011funu kaydeden Atao\u011flu, art\u0131k bir\u00e7ok b\u00f6lgeden VIP hizmeti al\u0131nabilece\u011fini s\u00f6yledi.<\/p>\n<p>Atao\u011flu, Girne\u2019de belirlenecek olan bir alana ve Bafra turizm b\u00f6lgesinde kurulacak bir alana ini\u015f yap\u0131labilece\u011fini, b\u00fct\u00fcn \u00e7al\u0131\u015fmalar\u0131n sadece Ercan\u2019a ini\u015f yapacak \u015fekilde olmad\u0131\u011f\u0131n\u0131 ifade etti. Bu hizmetin amac\u0131n\u0131n, Girne ya da Bafra\u2019ya gelecek olan misafirlerin, direkt o b\u00f6lgelerde g\u00fcmr\u00fck veya polis hizmetlerini de ald\u0131ktan sonra daha h\u0131zl\u0131 bir \u015fekilde otellerine gitmesi oldu\u011funu s\u00f6yleyen Atao\u011flu, yap\u0131lacak \u00e7al\u0131\u015fma ve al\u0131nacak yasal izinler sonras\u0131nda Ercan\u2019dan Bafra\u2019ya veya Ercan\u2019dan Girne\u2019ye ula\u015f\u0131m sa\u011flanabilece\u011fini belirtti.<\/p>\n<p>Atao\u011flu konu\u015fmas\u0131n\u0131, \u015firket y\u00f6neticilerine te\u015fekk\u00fcr ederek sonland\u0131rd\u0131.<\/p>\n<p>-Ar\u0131kl\u0131<\/p>\n<p>Bay\u0131nd\u0131rl\u0131k ve Ula\u015ft\u0131rma Bakan\u0131 Erhan Ar\u0131kl\u0131 da burada yapt\u0131\u011f\u0131 konu\u015fmada, T\u00fcrkiye ile KKTC aras\u0131ndaki ula\u015f\u0131m\u0131 biraz daha \u00e7e\u015fitlendirmek ve kolayla\u015ft\u0131rmak i\u00e7in helikopter taksi hizmetlerinin, bu ama\u00e7ta \u00e7al\u0131\u015facak be\u015f u\u00e7akla bug\u00fcn ba\u015flad\u0131\u011f\u0131n\u0131 belirtti.<\/p>\n<p>T\u00fcrkiye\u2019de d\u00f6rt destinasyona u\u00e7an, \u015fimdi de Ercan ile Alanya aras\u0131nda ba\u015flayan seferler i\u00e7in \u015firket y\u00f6neticilerine te\u015fekk\u00fcr eden Ar\u0131kl\u0131, daha sonra Adana veya Mersin gibi istenen farkl\u0131 noktalara, \u00e7ok rahat gidilebilece\u011fini s\u00f6yledi.<\/p>\n<p>Ar\u0131kl\u0131, KKTC\u2019ye yap\u0131lacak seferlerin Ercan Havaliman\u0131 ile s\u0131n\u0131rl\u0131 kalmayaca\u011f\u0131n\u0131 ve Bafra ile Girne\u2019ye de sefer d\u00fczenlenece\u011fini kaydetti.<\/p>\n<p>\u2013 Da\u015fdelen<\/p>\n<p>Fly Me Havayollar\u0131 \u015eirket Y\u00f6neticisi G\u00f6kay Da\u015fdelen ise, bu u\u00e7u\u015fun ilk sivil ticari sefer olmas\u0131n\u0131n ve Gazipa\u015fa, Alanya, Belek, Kemer ve Bodrum destinasyonlar\u0131nda sunduklar\u0131 hem helikopter taksi hizmeti, hem de saatlik seyir seferlerine, KKTC seferlerini de dahil etmenin mutlulu\u011funu ya\u015fad\u0131klar\u0131n\u0131 s\u00f6yledi.<\/p>\n<\/p><\/div>\n<p><script async\n                    defer\n                    crossorigin=\"anonymous\"\n                    src=\"https:\/\/connect.facebook.net\/tr_TR\/sdk.js#xfbml=1&#038;version=v3.3\"\n            ><\/script><\/p>\n","protected":false},"excerpt":{"rendered":"<p>Fly Me Havayollar\u0131\u2019n\u0131n T\u00fcrkiye\u2019den Kuzey K\u0131br\u0131s T\u00fcrk Cumhuriyeti\u2019ne hava taksi helikopter seferlerinin ilki bug\u00fcn yap\u0131ld\u0131. Ba\u015fbakan Yard\u0131mc\u0131s\u0131, Turizm, K\u00fclt\u00fcr, Gen\u00e7lik ve \u00c7evre Bakan\u0131 Fikri Atao\u011flu ile Bay\u0131nd\u0131rl\u0131k ve Ula\u015ft\u0131rma Bakan\u0131 Erhan Ar\u0131kl\u0131\u2019y\u0131 ta\u015f\u0131yan ve Antalya-Gazipa\u015fa-Ercan Havaliman\u0131 aras\u0131nda ilk seferini yapan helikopter, saat 16.00 civar\u0131nda alana ini\u015f yapt\u0131 ve su tak\u0131yla kar\u015f\u0131land\u0131. Atao\u011flu ve Ar\u0131kl\u0131, helikopter<\/p>\n","protected":false},"author":1,"featured_media":79836,"comment_status":"open","ping_status":"open","sticky":false,"template":"","format":"standard","meta":{"footnotes":""},"categories":[81,101],"tags":[],"class_list":["post-79835","post","type-post","status-publish","format-standard","has-post-thumbnail","hentry","category-kibris","category-manset"],"yoast_head":"<!-- This site is optimized with the Yoast SEO plugin v27.5 - https:\/\/yoast.com\/product\/yoast-seo-wordpress\/ -->\n<title>Taksi helikopter seferlerinin ilki Ercan\u2019a\u2026 Bafra ile Girne\u2019ye de sefer d\u00fczenlenecek -<\/title>\n<meta name=\"robots\" content=\"index, follow, max-snippet:-1, max-image-preview:large, max-video-preview:-1\" \/>\n<link rel=\"canonical\" href=\"https:\/\/kibrisdakik.com\/?p=79835\" \/>\n<meta property=\"og:locale\" content=\"tr_TR\" \/>\n<meta property=\"og:type\" content=\"article\" \/>\n<meta property=\"og:title\" content=\"Taksi helikopter seferlerinin ilki Ercan\u2019a\u2026 Bafra ile Girne\u2019ye de sefer d\u00fczenlenecek -\" \/>\n<meta property=\"og:description\" content=\"Fly Me Havayollar\u0131\u2019n\u0131n T\u00fcrkiye\u2019den Kuzey K\u0131br\u0131s T\u00fcrk Cumhuriyeti\u2019ne hava taksi helikopter seferlerinin ilki bug\u00fcn yap\u0131ld\u0131. Ba\u015fbakan Yard\u0131mc\u0131s\u0131, Turizm, K\u00fclt\u00fcr, Gen\u00e7lik ve \u00c7evre Bakan\u0131 Fikri Atao\u011flu ile Bay\u0131nd\u0131rl\u0131k ve Ula\u015ft\u0131rma Bakan\u0131 Erhan Ar\u0131kl\u0131\u2019y\u0131 ta\u015f\u0131yan ve Antalya-Gazipa\u015fa-Ercan Havaliman\u0131 aras\u0131nda ilk seferini yapan helikopter, saat 16.00 civar\u0131nda alana ini\u015f yapt\u0131 ve su tak\u0131yla kar\u015f\u0131land\u0131. Atao\u011flu ve Ar\u0131kl\u0131, helikopter\" \/>\n<meta property=\"og:url\" content=\"https:\/\/kibrisdakik.com\/?p=79835\" \/>\n<meta property=\"article:published_time\" content=\"2025-04-10T06:43:33+00:00\" \/>\n<meta property=\"og:image\" content=\"https:\/\/kibrisdakik.com\/wp-content\/uploads\/2025\/04\/ioio999-740x420.jpg\" \/>\n\t<meta property=\"og:image:width\" content=\"2048\" \/>\n\t<meta property=\"og:image:height\" content=\"1367\" \/>\n\t<meta property=\"og:image:type\" content=\"image\/jpeg\" \/>\n<meta name=\"author\" content=\"admin\" \/>\n<meta name=\"twitter:card\" content=\"summary_large_image\" \/>\n<meta name=\"twitter:label1\" content=\"Yazan:\" \/>\n\t<meta name=\"twitter:data1\" content=\"admin\" \/>\n\t<meta name=\"twitter:label2\" content=\"Tahmini okuma s\u00fcresi\" \/>\n\t<meta name=\"twitter:data2\" content=\"2 dakika\" \/>\n<script type=\"application\/ld+json\" class=\"yoast-schema-graph\">{\"@context\":\"https:\\\/\\\/schema.org\",\"@graph\":[{\"@type\":\"Article\",\"@id\":\"https:\\\/\\\/kibrisdakik.com\\\/?p=79835#article\",\"isPartOf\":{\"@id\":\"https:\\\/\\\/kibrisdakik.com\\\/?p=79835\"},\"author\":{\"name\":\"admin\",\"@id\":\"https:\\\/\\\/kibrisdakik.com\\\/#\\\/schema\\\/person\\\/9cd9d437bbb44f72b73ba127e06d8e79\"},\"headline\":\"Taksi helikopter seferlerinin ilki Ercan\u2019a\u2026 Bafra ile Girne\u2019ye de sefer d\u00fczenlenecek\",\"datePublished\":\"2025-04-10T06:43:33+00:00\",\"mainEntityOfPage\":{\"@id\":\"https:\\\/\\\/kibrisdakik.com\\\/?p=79835\"},\"wordCount\":505,\"commentCount\":0,\"image\":{\"@id\":\"https:\\\/\\\/kibrisdakik.com\\\/?p=79835#primaryimage\"},\"thumbnailUrl\":\"https:\\\/\\\/kibrisdakik.com\\\/wp-content\\\/uploads\\\/2025\\\/04\\\/ioio999-740x420.jpg\",\"articleSection\":[\"K\u0131br\u0131s\",\"Man\u015fet\"],\"inLanguage\":\"tr\",\"potentialAction\":[{\"@type\":\"CommentAction\",\"name\":\"Comment\",\"target\":[\"https:\\\/\\\/kibrisdakik.com\\\/?p=79835#respond\"]}]},{\"@type\":\"WebPage\",\"@id\":\"https:\\\/\\\/kibrisdakik.com\\\/?p=79835\",\"url\":\"https:\\\/\\\/kibrisdakik.com\\\/?p=79835\",\"name\":\"Taksi helikopter seferlerinin ilki Ercan\u2019a\u2026 Bafra ile Girne\u2019ye de sefer d\u00fczenlenecek -\",\"isPartOf\":{\"@id\":\"https:\\\/\\\/kibrisdakik.com\\\/#website\"},\"primaryImageOfPage\":{\"@id\":\"https:\\\/\\\/kibrisdakik.com\\\/?p=79835#primaryimage\"},\"image\":{\"@id\":\"https:\\\/\\\/kibrisdakik.com\\\/?p=79835#primaryimage\"},\"thumbnailUrl\":\"https:\\\/\\\/kibrisdakik.com\\\/wp-content\\\/uploads\\\/2025\\\/04\\\/ioio999-740x420.jpg\",\"datePublished\":\"2025-04-10T06:43:33+00:00\",\"author\":{\"@id\":\"https:\\\/\\\/kibrisdakik.com\\\/#\\\/schema\\\/person\\\/9cd9d437bbb44f72b73ba127e06d8e79\"},\"breadcrumb\":{\"@id\":\"https:\\\/\\\/kibrisdakik.com\\\/?p=79835#breadcrumb\"},\"inLanguage\":\"tr\",\"potentialAction\":[{\"@type\":\"ReadAction\",\"target\":[\"https:\\\/\\\/kibrisdakik.com\\\/?p=79835\"]}]},{\"@type\":\"ImageObject\",\"inLanguage\":\"tr\",\"@id\":\"https:\\\/\\\/kibrisdakik.com\\\/?p=79835#primaryimage\",\"url\":\"https:\\\/\\\/kibrisdakik.com\\\/wp-content\\\/uploads\\\/2025\\\/04\\\/ioio999-740x420.jpg\",\"contentUrl\":\"https:\\\/\\\/kibrisdakik.com\\\/wp-content\\\/uploads\\\/2025\\\/04\\\/ioio999-740x420.jpg\",\"width\":2048,\"height\":1367},{\"@type\":\"BreadcrumbList\",\"@id\":\"https:\\\/\\\/kibrisdakik.com\\\/?p=79835#breadcrumb\",\"itemListElement\":[{\"@type\":\"ListItem\",\"position\":1,\"name\":\"Home\",\"item\":\"https:\\\/\\\/kibrisdakik.com\\\/\"},{\"@type\":\"ListItem\",\"position\":2,\"name\":\"Taksi helikopter seferlerinin ilki Ercan\u2019a\u2026 Bafra ile Girne\u2019ye de sefer d\u00fczenlenecek\"}]},{\"@type\":\"WebSite\",\"@id\":\"https:\\\/\\\/kibrisdakik.com\\\/#website\",\"url\":\"https:\\\/\\\/kibrisdakik.com\\\/\",\"name\":\"\",\"description\":\"Tam vaktinde haber\",\"potentialAction\":[{\"@type\":\"SearchAction\",\"target\":{\"@type\":\"EntryPoint\",\"urlTemplate\":\"https:\\\/\\\/kibrisdakik.com\\\/?s={search_term_string}\"},\"query-input\":{\"@type\":\"PropertyValueSpecification\",\"valueRequired\":true,\"valueName\":\"search_term_string\"}}],\"inLanguage\":\"tr\"},{\"@type\":\"Person\",\"@id\":\"https:\\\/\\\/kibrisdakik.com\\\/#\\\/schema\\\/person\\\/9cd9d437bbb44f72b73ba127e06d8e79\",\"name\":\"admin\",\"image\":{\"@type\":\"ImageObject\",\"inLanguage\":\"tr\",\"@id\":\"https:\\\/\\\/secure.gravatar.com\\\/avatar\\\/ccc17943b9d660506c869530f897617f7cb1c21a4bf30023f252596d83e1f007?s=96&d=mm&r=g\",\"url\":\"https:\\\/\\\/secure.gravatar.com\\\/avatar\\\/ccc17943b9d660506c869530f897617f7cb1c21a4bf30023f252596d83e1f007?s=96&d=mm&r=g\",\"contentUrl\":\"https:\\\/\\\/secure.gravatar.com\\\/avatar\\\/ccc17943b9d660506c869530f897617f7cb1c21a4bf30023f252596d83e1f007?s=96&d=mm&r=g\",\"caption\":\"admin\"},\"sameAs\":[\"https:\\\/\\\/kibrisdakik.com\"],\"url\":\"https:\\\/\\\/kibrisdakik.com\\\/?author=1\"}]}<\/script>\n<!-- \/ Yoast SEO plugin. -->","yoast_head_json":{"title":"Taksi helikopter seferlerinin ilki Ercan\u2019a\u2026 Bafra ile Girne\u2019ye de sefer d\u00fczenlenecek -","robots":{"index":"index","follow":"follow","max-snippet":"max-snippet:-1","max-image-preview":"max-image-preview:large","max-video-preview":"max-video-preview:-1"},"canonical":"https:\/\/kibrisdakik.com\/?p=79835","og_locale":"tr_TR","og_type":"article","og_title":"Taksi helikopter seferlerinin ilki Ercan\u2019a\u2026 Bafra ile Girne\u2019ye de sefer d\u00fczenlenecek -","og_description":"Fly Me Havayollar\u0131\u2019n\u0131n T\u00fcrkiye\u2019den Kuzey K\u0131br\u0131s T\u00fcrk Cumhuriyeti\u2019ne hava taksi helikopter seferlerinin ilki bug\u00fcn yap\u0131ld\u0131. Ba\u015fbakan Yard\u0131mc\u0131s\u0131, Turizm, K\u00fclt\u00fcr, Gen\u00e7lik ve \u00c7evre Bakan\u0131 Fikri Atao\u011flu ile Bay\u0131nd\u0131rl\u0131k ve Ula\u015ft\u0131rma Bakan\u0131 Erhan Ar\u0131kl\u0131\u2019y\u0131 ta\u015f\u0131yan ve Antalya-Gazipa\u015fa-Ercan Havaliman\u0131 aras\u0131nda ilk seferini yapan helikopter, saat 16.00 civar\u0131nda alana ini\u015f yapt\u0131 ve su tak\u0131yla kar\u015f\u0131land\u0131. Atao\u011flu ve Ar\u0131kl\u0131, helikopter","og_url":"https:\/\/kibrisdakik.com\/?p=79835","article_published_time":"2025-04-10T06:43:33+00:00","og_image":[{"width":2048,"height":1367,"url":"https:\/\/kibrisdakik.com\/wp-content\/uploads\/2025\/04\/ioio999-740x420.jpg","type":"image\/jpeg"}],"author":"admin","twitter_card":"summary_large_image","twitter_misc":{"Yazan:":"admin","Tahmini okuma s\u00fcresi":"2 dakika"},"schema":{"@context":"https:\/\/schema.org","@graph":[{"@type":"Article","@id":"https:\/\/kibrisdakik.com\/?p=79835#article","isPartOf":{"@id":"https:\/\/kibrisdakik.com\/?p=79835"},"author":{"name":"admin","@id":"https:\/\/kibrisdakik.com\/#\/schema\/person\/9cd9d437bbb44f72b73ba127e06d8e79"},"headline":"Taksi helikopter seferlerinin ilki Ercan\u2019a\u2026 Bafra ile Girne\u2019ye de sefer d\u00fczenlenecek","datePublished":"2025-04-10T06:43:33+00:00","mainEntityOfPage":{"@id":"https:\/\/kibrisdakik.com\/?p=79835"},"wordCount":505,"commentCount":0,"image":{"@id":"https:\/\/kibrisdakik.com\/?p=79835#primaryimage"},"thumbnailUrl":"https:\/\/kibrisdakik.com\/wp-content\/uploads\/2025\/04\/ioio999-740x420.jpg","articleSection":["K\u0131br\u0131s","Man\u015fet"],"inLanguage":"tr","potentialAction":[{"@type":"CommentAction","name":"Comment","target":["https:\/\/kibrisdakik.com\/?p=79835#respond"]}]},{"@type":"WebPage","@id":"https:\/\/kibrisdakik.com\/?p=79835","url":"https:\/\/kibrisdakik.com\/?p=79835","name":"Taksi helikopter seferlerinin ilki Ercan\u2019a\u2026 Bafra ile Girne\u2019ye de sefer d\u00fczenlenecek -","isPartOf":{"@id":"https:\/\/kibrisdakik.com\/#website"},"primaryImageOfPage":{"@id":"https:\/\/kibrisdakik.com\/?p=79835#primaryimage"},"image":{"@id":"https:\/\/kibrisdakik.com\/?p=79835#primaryimage"},"thumbnailUrl":"https:\/\/kibrisdakik.com\/wp-content\/uploads\/2025\/04\/ioio999-740x420.jpg","datePublished":"2025-04-10T06:43:33+00:00","author":{"@id":"https:\/\/kibrisdakik.com\/#\/schema\/person\/9cd9d437bbb44f72b73ba127e06d8e79"},"breadcrumb":{"@id":"https:\/\/kibrisdakik.com\/?p=79835#breadcrumb"},"inLanguage":"tr","potentialAction":[{"@type":"ReadAction","target":["https:\/\/kibrisdakik.com\/?p=79835"]}]},{"@type":"ImageObject","inLanguage":"tr","@id":"https:\/\/kibrisdakik.com\/?p=79835#primaryimage","url":"https:\/\/kibrisdakik.com\/wp-content\/uploads\/2025\/04\/ioio999-740x420.jpg","contentUrl":"https:\/\/kibrisdakik.com\/wp-content\/uploads\/2025\/04\/ioio999-740x420.jpg","width":2048,"height":1367},{"@type":"BreadcrumbList","@id":"https:\/\/kibrisdakik.com\/?p=79835#breadcrumb","itemListElement":[{"@type":"ListItem","position":1,"name":"Home","item":"https:\/\/kibrisdakik.com\/"},{"@type":"ListItem","position":2,"name":"Taksi helikopter seferlerinin ilki Ercan\u2019a\u2026 Bafra ile Girne\u2019ye de sefer d\u00fczenlenecek"}]},{"@type":"WebSite","@id":"https:\/\/kibrisdakik.com\/#website","url":"https:\/\/kibrisdakik.com\/","name":"","description":"Tam vaktinde haber","potentialAction":[{"@type":"SearchAction","target":{"@type":"EntryPoint","urlTemplate":"https:\/\/kibrisdakik.com\/?s={search_term_string}"},"query-input":{"@type":"PropertyValueSpecification","valueRequired":true,"valueName":"search_term_string"}}],"inLanguage":"tr"},{"@type":"Person","@id":"https:\/\/kibrisdakik.com\/#\/schema\/person\/9cd9d437bbb44f72b73ba127e06d8e79","name":"admin","image":{"@type":"ImageObject","inLanguage":"tr","@id":"https:\/\/secure.gravatar.com\/avatar\/ccc17943b9d660506c869530f897617f7cb1c21a4bf30023f252596d83e1f007?s=96&d=mm&r=g","url":"https:\/\/secure.gravatar.com\/avatar\/ccc17943b9d660506c869530f897617f7cb1c21a4bf30023f252596d83e1f007?s=96&d=mm&r=g","contentUrl":"https:\/\/secure.gravatar.com\/avatar\/ccc17943b9d660506c869530f897617f7cb1c21a4bf30023f252596d83e1f007?s=96&d=mm&r=g","caption":"admin"},"sameAs":["https:\/\/kibrisdakik.com"],"url":"https:\/\/kibrisdakik.com\/?author=1"}]}},"_links":{"self":[{"href":"https:\/\/kibrisdakik.com\/index.php?rest_route=\/wp\/v2\/posts\/79835","targetHints":{"allow":["GET"]}}],"collection":[{"href":"https:\/\/kibrisdakik.com\/index.php?rest_route=\/wp\/v2\/posts"}],"about":[{"href":"https:\/\/kibrisdakik.com\/index.php?rest_route=\/wp\/v2\/types\/post"}],"author":[{"embeddable":true,"href":"https:\/\/kibrisdakik.com\/index.php?rest_route=\/wp\/v2\/users\/1"}],"replies":[{"embeddable":true,"href":"https:\/\/kibrisdakik.com\/index.php?rest_route=%2Fwp%2Fv2%2Fcomments&post=79835"}],"version-history":[{"count":0,"href":"https:\/\/kibrisdakik.com\/index.php?rest_route=\/wp\/v2\/posts\/79835\/revisions"}],"wp:featuredmedia":[{"embeddable":true,"href":"https:\/\/kibrisdakik.com\/index.php?rest_route=\/wp\/v2\/media\/79836"}],"wp:attachment":[{"href":"https:\/\/kibrisdakik.com\/index.php?rest_route=%2Fwp%2Fv2%2Fmedia&parent=79835"}],"wp:term":[{"taxonomy":"category","embeddable":true,"href":"https:\/\/kibrisdakik.com\/index.php?rest_route=%2Fwp%2Fv2%2Fcategories&post=79835"},{"taxonomy":"post_tag","embeddable":true,"href":"https:\/\/kibrisdakik.com\/index.php?rest_route=%2Fwp%2Fv2%2Ftags&post=79835"}],"curies":[{"name":"wp","href":"https:\/\/api.w.org\/{rel}","templated":true}]}}