{"id":79899,"date":"2025-04-10T17:02:05","date_gmt":"2025-04-10T14:02:05","guid":{"rendered":"https:\/\/kibrisdakik.com\/index.php\/2025\/04\/10\/cumhurbaskani-tatar-barisin-huzurun-guvenligin-istikrarla-devam-etmesinin-yegane-sebebi-tsknin-adadaki-varligidir\/"},"modified":"2025-04-10T17:02:05","modified_gmt":"2025-04-10T14:02:05","slug":"cumhurbaskani-tatar-barisin-huzurun-guvenligin-istikrarla-devam-etmesinin-yegane-sebebi-tsknin-adadaki-varligidir","status":"publish","type":"post","link":"https:\/\/kibrisdakik.com\/?p=79899","title":{"rendered":"Cumhurba\u015fkan\u0131 Tatar: Bar\u0131\u015f\u0131n, huzurun, g\u00fcvenli\u011fin istikrarla devam etmesinin yegane sebebi TSK\u2019n\u0131n adadaki varl\u0131\u011f\u0131d\u0131r"},"content":{"rendered":"<div>\n<div class=\"mariselle-image-container none\">\n                                            <\/div>\n<p>Cumhurba\u015fkan\u0131 Ersin Tatar, 1974 K\u0131br\u0131s Bar\u0131\u015f Harekat\u0131\u2019ndan sonra bar\u0131\u015f\u0131n, huzurun, g\u00fcvenli\u011fin istikrarla devam etmesinin yegane sebebinin T\u00fcrk Silahl\u0131 Kuvvetlerinin (TSK) adadaki varl\u0131\u011f\u0131 oldu\u011funu vurgulad\u0131.\u00a0<\/p>\n<p>Cumhurba\u015fkan\u0131 Tatar, T\u00fcrk Silahl\u0131 Kuvvetlerini G\u00fc\u00e7lendirme Vakf\u0131 Ba\u011f\u0131\u015f\u00e7\u0131lar Madalya ve Berat Takdim T\u00f6reni\u2019nde konu\u015ftu. Tatar konu\u015fmas\u0131na herkesi selamlayarak, ba\u015flad\u0131.<\/p>\n<p>Tatar, 1960 Anla\u015fmalar\u0131 \u00f6ncesinde d\u00f6nemin T\u00fcrkiye Ba\u015fbakan\u0131 Adnan Menderes ve D\u0131\u015fi\u015fleri Bakan\u0131 Fatin R\u00fc\u015ft\u00fc Zorlu\u2019nun, \u0130ngilizlere, \u201cBiz K\u0131br\u0131s\u2019\u0131 Osmanl\u0131 zaman\u0131nda \u0130ngiltere\u2019ye verdik, Yunanistan\u2019a de\u011fil. Dolay\u0131s\u0131yla haddinizi bilmeniz gerekmektedir\u201d diyerek, Rum-Yunan ikilisinin, K\u0131br\u0131s\u2019\u0131 Yunanistan\u2019a ba\u011flama hevesleri varsa T\u00fcrkiye\u2019nin mutlaka gere\u011fini yapaca\u011f\u0131n\u0131n s\u00f6yledi\u011fini aktard\u0131.<\/p>\n<p>1974 K\u0131br\u0131s Bar\u0131\u015f Harekat\u0131\u2019ndan sonra T\u00fcrkiye\u2019nin milli savunma sanayiindeki ba\u015far\u0131lar\u0131n\u0131n, K\u0131br\u0131s T\u00fcrk\u00fc\u2019n\u00fcn de gururu oldu\u011funu vurgulayan Tatar, ASELSAN, HAVELSAN ve ROKETSAN gibi firmalar\u0131n dijital d\u00f6n\u00fc\u015f\u00fcm, yapay zeka ve her t\u00fcrl\u00fc teknolojik geli\u015fmeyi en iyi \u015fekilde uygulayabildi\u011fini s\u00f6yledi. Tatar, milli savunma sanayisini bu a\u015famaya getirenlere te\u015fekk\u00fcr etti.<\/p>\n<p>Gazze, Suriye, L\u00fcbnan ve Ukrayna\u2019da ya\u015fananlara de\u011finen Cumhurba\u015fkan\u0131 Tatar, K\u0131br\u0131s T\u00fcrk halk\u0131n\u0131n ne kadar \u015fansl\u0131 oldu\u011funa dikkat \u00e7ekti, \u201c1974 K\u0131br\u0131s Bar\u0131\u015f Harekat\u0131\u2019ndan sonra bar\u0131\u015f\u0131n, huzurun, g\u00fcvenli\u011fin, istikrarla devam etmesinin yegane sebebi T\u00fcrk Silahl\u0131 Kuvvetlerinin adadaki varl\u0131\u011f\u0131d\u0131r\u201d dedi.<\/p>\n<p>D\u00f6nemin T\u00fcrkiye Ba\u015fbakan\u0131 B\u00fclent Ecevit\u2019in, \u201cBiz bu harekat\u0131 sadece K\u0131br\u0131sl\u0131 T\u00fcrklere de\u011fil ayn\u0131 zamanda K\u0131br\u0131sl\u0131 Rumlara da bar\u0131\u015f\u0131 getirmek i\u00e7in ger\u00e7ekle\u015ftiriyoruz\u201d dedi\u011fini i\u015faret eden Tatar, \u015f\u00f6yle konu\u015ftu:<\/p>\n<p>\u201cNitekim \u00f6yle olmu\u015ftur, tarih bunu b\u00f6yle yazm\u0131\u015ft\u0131r. Ve bug\u00fcn K\u0131br\u0131s T\u00fcrk\u00fc\u2019n\u00fcn arzusu ve iste\u011fi, huzur ve istikrar\u0131n devam\u0131 i\u00e7in T\u00fcrkiye\u2019nin garant\u00f6rl\u00fc\u011f\u00fcn\u00fcn devam\u0131 ayn\u0131 zamanda T\u00fcrk Silahl\u0131 Kuvvetlerinin adada bar\u0131\u015f\u0131n teminat\u0131 olarak varl\u0131\u011f\u0131n\u0131 devam ettirmesidir.\u201d<\/p>\n<p>\u201cK\u0131rm\u0131z\u0131\u00e7izgilerimizden vazge\u00e7meyece\u011fiz\u201d diyen Cumhurba\u015fkan\u0131 Tatar, bar\u0131\u015f, huzur ve istikrar\u0131n devam\u0131 i\u00e7in K\u0131br\u0131s T\u00fcrk\u00fc\u2019n\u00fcn bu anlay\u0131\u015f\u0131 bir b\u00fct\u00fcn olarak T\u00fcrkiye\u2019nin de deste\u011fiyle s\u00fcrd\u00fcrece\u011fini kaydetti.<\/p>\n<p>Milli savunma sanayiinin ekonomik boyutu oldu\u011funu da ifade eden Cumhurba\u015fkan\u0131 Tatar, Salih Avc\u0131 isimli vatanda\u015f\u0131n, Haspolat Sanayi B\u00f6lgesinde \u00e7ok b\u00fcy\u00fck bir \u00fcretim tesisi oldu\u011funu belirterek, Avc\u0131\u2019n\u0131n \u00fcr\u00fcnlerini, Amerika\u2019ya kadar ihra\u00e7 etti\u011fini dile getirdi. Cumhurba\u015fkan\u0131 Tatar, KKTC geli\u015ftik\u00e7e, sanayi b\u00f6lgelerine yat\u0131r\u0131mlarla T\u00fcrkiye\u2019nin yeni y\u00fczy\u0131l\u0131nda ba\u015far\u0131lar\u0131na katk\u0131 yap\u0131lmas\u0131n\u0131 temenni etti.<\/p>\n<p>Son iki y\u0131lda yeni Ercan Havaliman\u0131 Terminalinin a\u00e7\u0131lmas\u0131yla yolcu say\u0131s\u0131nda y\u00fczde 40\u2019a yak\u0131n art\u0131\u015f oldu\u011funu kaydeden Tatar, \u201cB\u00fct\u00fcn bunlar ekonomideki geli\u015fmelerin potansiyelini g\u00f6stermektedir\u201d dedi.<\/p>\n<p>\u00dclke geli\u015ftik\u00e7e ba\u011f\u0131\u015flar\u0131n niteli\u011fi ve rakamlar\u0131n\u0131n da artaca\u011f\u0131n\u0131 belirten Cumhurba\u015fkan\u0131 Tatar, \u201cBizleri koruyan, bizlerin g\u00fcvenli\u011fini sa\u011flayan, bizlerin huzurunun teminat\u0131 olan T\u00fcrk Silahl\u0131 Kuvvetlerine buradan da ba\u011f\u0131\u015flar\u0131n yap\u0131lmas\u0131 karde\u015flik ba\u011flar\u0131m\u0131z\u0131n g\u00fc\u00e7lendirilmesi anlam\u0131nda da \u00e7ok de\u011ferlidir\u201d diye konu\u015ftu.<\/p>\n<p>T\u00fcrkiye Cumhuriyeti\u2019nin deste\u011fiyle Mavi Vatan\u2019da ba\u011f\u0131ms\u0131z bir T\u00fcrk devleti olarak egemen e\u015fitlik temelinde m\u00fccadelenin devam etmesi gerekti\u011fini kaydeden Tatar, \u015fu anda K\u0131br\u0131s sorununda ortak bir zemin olmad\u0131\u011f\u0131n\u0131 belirtti. \u201cOrtak bir zemin olmamas\u0131na ra\u011fmen biz yine elimizi uzat\u0131yoruz\u201d diyen Tatar, iki devletin i\u015f birli\u011fiyle her iki halk\u0131n faydas\u0131na olabilecek projeleri \u00f6nerdiklerini s\u00f6yledi.<\/p>\n<p>Elektrik, yeni kap\u0131lar\u0131n a\u00e7\u0131lmas\u0131 gibi konularda i\u015f birliklerinin yap\u0131lmas\u0131yla hem KKTC\u2019nin hem de K\u0131br\u0131s adas\u0131n\u0131n genelinde refah\u0131n artmas\u0131na y\u00f6nelik \u00e7al\u0131\u015fmalar\u0131n \u00f6nemli ve de\u011ferli oldu\u011funu kaydeden Tatar, TC D\u0131\u015fi\u015fleri Bakan\u0131 Hakan Fidan\u2019\u0131n Cenevre\u2019de K\u0131br\u0131s T\u00fcrk taraf\u0131n\u0131n duru\u015funa tam destek verdi\u011finin alt\u0131n\u0131 \u00e7izdi.<\/p>\n<p>T\u00fcrkiye ile KKTC aras\u0131nda imzalanan Ekonomik ve Mali \u0130\u015f Birli\u011fi Protokol\u00fc \u00e7er\u00e7evesinde altyap\u0131 yat\u0131r\u0131mlar\u0131n\u0131n devam\u0131 i\u00e7in ortaya koyulan iradeyi selamlayan Tatar, TC \u00c7evre, \u015eehircilik ve \u0130klim De\u011fi\u015fikli\u011fi Bakan\u0131 Murat Kurum\u2019un da dokunu\u015fuyla projelerin ger\u00e7ekle\u015ftirilece\u011fine inan\u00e7 belirtti.<\/p>\n<\/p><\/div>\n<p><script async\n                    defer\n                    crossorigin=\"anonymous\"\n                    src=\"https:\/\/connect.facebook.net\/tr_TR\/sdk.js#xfbml=1&#038;version=v3.3\"\n            ><\/script><\/p>\n","protected":false},"excerpt":{"rendered":"<p>Cumhurba\u015fkan\u0131 Ersin Tatar, 1974 K\u0131br\u0131s Bar\u0131\u015f Harekat\u0131\u2019ndan sonra bar\u0131\u015f\u0131n, huzurun, g\u00fcvenli\u011fin istikrarla devam etmesinin yegane sebebinin T\u00fcrk Silahl\u0131 Kuvvetlerinin (TSK) adadaki varl\u0131\u011f\u0131 oldu\u011funu vurgulad\u0131.\u00a0 Cumhurba\u015fkan\u0131 Tatar, T\u00fcrk Silahl\u0131 Kuvvetlerini G\u00fc\u00e7lendirme Vakf\u0131 Ba\u011f\u0131\u015f\u00e7\u0131lar Madalya ve Berat Takdim T\u00f6reni\u2019nde konu\u015ftu. Tatar konu\u015fmas\u0131na herkesi selamlayarak, ba\u015flad\u0131. Tatar, 1960 Anla\u015fmalar\u0131 \u00f6ncesinde d\u00f6nemin T\u00fcrkiye Ba\u015fbakan\u0131 Adnan Menderes ve D\u0131\u015fi\u015fleri Bakan\u0131<\/p>\n","protected":false},"author":1,"featured_media":79900,"comment_status":"open","ping_status":"open","sticky":false,"template":"","format":"standard","meta":{"footnotes":""},"categories":[81,101],"tags":[],"class_list":["post-79899","post","type-post","status-publish","format-standard","has-post-thumbnail","hentry","category-kibris","category-manset"],"yoast_head":"<!-- This site is optimized with the Yoast SEO plugin v27.5 - https:\/\/yoast.com\/product\/yoast-seo-wordpress\/ -->\n<title>Cumhurba\u015fkan\u0131 Tatar: Bar\u0131\u015f\u0131n, huzurun, g\u00fcvenli\u011fin istikrarla devam etmesinin yegane sebebi TSK\u2019n\u0131n adadaki varl\u0131\u011f\u0131d\u0131r -<\/title>\n<meta name=\"robots\" content=\"index, follow, max-snippet:-1, max-image-preview:large, max-video-preview:-1\" \/>\n<link rel=\"canonical\" href=\"https:\/\/kibrisdakik.com\/?p=79899\" \/>\n<meta property=\"og:locale\" content=\"tr_TR\" \/>\n<meta property=\"og:type\" content=\"article\" \/>\n<meta property=\"og:title\" content=\"Cumhurba\u015fkan\u0131 Tatar: Bar\u0131\u015f\u0131n, huzurun, g\u00fcvenli\u011fin istikrarla devam etmesinin yegane sebebi TSK\u2019n\u0131n adadaki varl\u0131\u011f\u0131d\u0131r -\" \/>\n<meta property=\"og:description\" content=\"Cumhurba\u015fkan\u0131 Ersin Tatar, 1974 K\u0131br\u0131s Bar\u0131\u015f Harekat\u0131\u2019ndan sonra bar\u0131\u015f\u0131n, huzurun, g\u00fcvenli\u011fin istikrarla devam etmesinin yegane sebebinin T\u00fcrk Silahl\u0131 Kuvvetlerinin (TSK) adadaki varl\u0131\u011f\u0131 oldu\u011funu vurgulad\u0131.\u00a0 Cumhurba\u015fkan\u0131 Tatar, T\u00fcrk Silahl\u0131 Kuvvetlerini G\u00fc\u00e7lendirme Vakf\u0131 Ba\u011f\u0131\u015f\u00e7\u0131lar Madalya ve Berat Takdim T\u00f6reni\u2019nde konu\u015ftu. Tatar konu\u015fmas\u0131na herkesi selamlayarak, ba\u015flad\u0131. Tatar, 1960 Anla\u015fmalar\u0131 \u00f6ncesinde d\u00f6nemin T\u00fcrkiye Ba\u015fbakan\u0131 Adnan Menderes ve D\u0131\u015fi\u015fleri Bakan\u0131\" \/>\n<meta property=\"og:url\" content=\"https:\/\/kibrisdakik.com\/?p=79899\" \/>\n<meta property=\"article:published_time\" content=\"2025-04-10T14:02:05+00:00\" \/>\n<meta property=\"og:image\" content=\"https:\/\/kibrisdakik.com\/wp-content\/uploads\/2025\/04\/1744288916455ODUL-TORENI-TIM-7-scaled-740x420.jpg\" \/>\n\t<meta property=\"og:image:width\" content=\"2560\" \/>\n\t<meta property=\"og:image:height\" content=\"1709\" \/>\n\t<meta property=\"og:image:type\" content=\"image\/jpeg\" \/>\n<meta name=\"author\" content=\"admin\" \/>\n<meta name=\"twitter:card\" content=\"summary_large_image\" \/>\n<meta name=\"twitter:label1\" content=\"Yazan:\" \/>\n\t<meta name=\"twitter:data1\" content=\"admin\" \/>\n\t<meta name=\"twitter:label2\" content=\"Tahmini okuma s\u00fcresi\" \/>\n\t<meta name=\"twitter:data2\" content=\"4 dakika\" \/>\n<script type=\"application\/ld+json\" class=\"yoast-schema-graph\">{\"@context\":\"https:\\\/\\\/schema.org\",\"@graph\":[{\"@type\":\"Article\",\"@id\":\"https:\\\/\\\/kibrisdakik.com\\\/?p=79899#article\",\"isPartOf\":{\"@id\":\"https:\\\/\\\/kibrisdakik.com\\\/?p=79899\"},\"author\":{\"name\":\"admin\",\"@id\":\"https:\\\/\\\/kibrisdakik.com\\\/#\\\/schema\\\/person\\\/9cd9d437bbb44f72b73ba127e06d8e79\"},\"headline\":\"Cumhurba\u015fkan\u0131 Tatar: Bar\u0131\u015f\u0131n, huzurun, g\u00fcvenli\u011fin istikrarla devam etmesinin yegane sebebi TSK\u2019n\u0131n adadaki varl\u0131\u011f\u0131d\u0131r\",\"datePublished\":\"2025-04-10T14:02:05+00:00\",\"mainEntityOfPage\":{\"@id\":\"https:\\\/\\\/kibrisdakik.com\\\/?p=79899\"},\"wordCount\":785,\"commentCount\":0,\"image\":{\"@id\":\"https:\\\/\\\/kibrisdakik.com\\\/?p=79899#primaryimage\"},\"thumbnailUrl\":\"https:\\\/\\\/kibrisdakik.com\\\/wp-content\\\/uploads\\\/2025\\\/04\\\/1744288916455ODUL-TORENI-TIM-7-scaled-740x420.jpg\",\"articleSection\":[\"K\u0131br\u0131s\",\"Man\u015fet\"],\"inLanguage\":\"tr\",\"potentialAction\":[{\"@type\":\"CommentAction\",\"name\":\"Comment\",\"target\":[\"https:\\\/\\\/kibrisdakik.com\\\/?p=79899#respond\"]}]},{\"@type\":\"WebPage\",\"@id\":\"https:\\\/\\\/kibrisdakik.com\\\/?p=79899\",\"url\":\"https:\\\/\\\/kibrisdakik.com\\\/?p=79899\",\"name\":\"Cumhurba\u015fkan\u0131 Tatar: Bar\u0131\u015f\u0131n, huzurun, g\u00fcvenli\u011fin istikrarla devam etmesinin yegane sebebi TSK\u2019n\u0131n adadaki varl\u0131\u011f\u0131d\u0131r -\",\"isPartOf\":{\"@id\":\"https:\\\/\\\/kibrisdakik.com\\\/#website\"},\"primaryImageOfPage\":{\"@id\":\"https:\\\/\\\/kibrisdakik.com\\\/?p=79899#primaryimage\"},\"image\":{\"@id\":\"https:\\\/\\\/kibrisdakik.com\\\/?p=79899#primaryimage\"},\"thumbnailUrl\":\"https:\\\/\\\/kibrisdakik.com\\\/wp-content\\\/uploads\\\/2025\\\/04\\\/1744288916455ODUL-TORENI-TIM-7-scaled-740x420.jpg\",\"datePublished\":\"2025-04-10T14:02:05+00:00\",\"author\":{\"@id\":\"https:\\\/\\\/kibrisdakik.com\\\/#\\\/schema\\\/person\\\/9cd9d437bbb44f72b73ba127e06d8e79\"},\"breadcrumb\":{\"@id\":\"https:\\\/\\\/kibrisdakik.com\\\/?p=79899#breadcrumb\"},\"inLanguage\":\"tr\",\"potentialAction\":[{\"@type\":\"ReadAction\",\"target\":[\"https:\\\/\\\/kibrisdakik.com\\\/?p=79899\"]}]},{\"@type\":\"ImageObject\",\"inLanguage\":\"tr\",\"@id\":\"https:\\\/\\\/kibrisdakik.com\\\/?p=79899#primaryimage\",\"url\":\"https:\\\/\\\/kibrisdakik.com\\\/wp-content\\\/uploads\\\/2025\\\/04\\\/1744288916455ODUL-TORENI-TIM-7-scaled-740x420.jpg\",\"contentUrl\":\"https:\\\/\\\/kibrisdakik.com\\\/wp-content\\\/uploads\\\/2025\\\/04\\\/1744288916455ODUL-TORENI-TIM-7-scaled-740x420.jpg\",\"width\":2560,\"height\":1709},{\"@type\":\"BreadcrumbList\",\"@id\":\"https:\\\/\\\/kibrisdakik.com\\\/?p=79899#breadcrumb\",\"itemListElement\":[{\"@type\":\"ListItem\",\"position\":1,\"name\":\"Home\",\"item\":\"https:\\\/\\\/kibrisdakik.com\\\/\"},{\"@type\":\"ListItem\",\"position\":2,\"name\":\"Cumhurba\u015fkan\u0131 Tatar: Bar\u0131\u015f\u0131n, huzurun, g\u00fcvenli\u011fin istikrarla devam etmesinin yegane sebebi TSK\u2019n\u0131n adadaki varl\u0131\u011f\u0131d\u0131r\"}]},{\"@type\":\"WebSite\",\"@id\":\"https:\\\/\\\/kibrisdakik.com\\\/#website\",\"url\":\"https:\\\/\\\/kibrisdakik.com\\\/\",\"name\":\"\",\"description\":\"Tam vaktinde haber\",\"potentialAction\":[{\"@type\":\"SearchAction\",\"target\":{\"@type\":\"EntryPoint\",\"urlTemplate\":\"https:\\\/\\\/kibrisdakik.com\\\/?s={search_term_string}\"},\"query-input\":{\"@type\":\"PropertyValueSpecification\",\"valueRequired\":true,\"valueName\":\"search_term_string\"}}],\"inLanguage\":\"tr\"},{\"@type\":\"Person\",\"@id\":\"https:\\\/\\\/kibrisdakik.com\\\/#\\\/schema\\\/person\\\/9cd9d437bbb44f72b73ba127e06d8e79\",\"name\":\"admin\",\"image\":{\"@type\":\"ImageObject\",\"inLanguage\":\"tr\",\"@id\":\"https:\\\/\\\/secure.gravatar.com\\\/avatar\\\/ccc17943b9d660506c869530f897617f7cb1c21a4bf30023f252596d83e1f007?s=96&d=mm&r=g\",\"url\":\"https:\\\/\\\/secure.gravatar.com\\\/avatar\\\/ccc17943b9d660506c869530f897617f7cb1c21a4bf30023f252596d83e1f007?s=96&d=mm&r=g\",\"contentUrl\":\"https:\\\/\\\/secure.gravatar.com\\\/avatar\\\/ccc17943b9d660506c869530f897617f7cb1c21a4bf30023f252596d83e1f007?s=96&d=mm&r=g\",\"caption\":\"admin\"},\"sameAs\":[\"https:\\\/\\\/kibrisdakik.com\"],\"url\":\"https:\\\/\\\/kibrisdakik.com\\\/?author=1\"}]}<\/script>\n<!-- \/ Yoast SEO plugin. -->","yoast_head_json":{"title":"Cumhurba\u015fkan\u0131 Tatar: Bar\u0131\u015f\u0131n, huzurun, g\u00fcvenli\u011fin istikrarla devam etmesinin yegane sebebi TSK\u2019n\u0131n adadaki varl\u0131\u011f\u0131d\u0131r -","robots":{"index":"index","follow":"follow","max-snippet":"max-snippet:-1","max-image-preview":"max-image-preview:large","max-video-preview":"max-video-preview:-1"},"canonical":"https:\/\/kibrisdakik.com\/?p=79899","og_locale":"tr_TR","og_type":"article","og_title":"Cumhurba\u015fkan\u0131 Tatar: Bar\u0131\u015f\u0131n, huzurun, g\u00fcvenli\u011fin istikrarla devam etmesinin yegane sebebi TSK\u2019n\u0131n adadaki varl\u0131\u011f\u0131d\u0131r -","og_description":"Cumhurba\u015fkan\u0131 Ersin Tatar, 1974 K\u0131br\u0131s Bar\u0131\u015f Harekat\u0131\u2019ndan sonra bar\u0131\u015f\u0131n, huzurun, g\u00fcvenli\u011fin istikrarla devam etmesinin yegane sebebinin T\u00fcrk Silahl\u0131 Kuvvetlerinin (TSK) adadaki varl\u0131\u011f\u0131 oldu\u011funu vurgulad\u0131.\u00a0 Cumhurba\u015fkan\u0131 Tatar, T\u00fcrk Silahl\u0131 Kuvvetlerini G\u00fc\u00e7lendirme Vakf\u0131 Ba\u011f\u0131\u015f\u00e7\u0131lar Madalya ve Berat Takdim T\u00f6reni\u2019nde konu\u015ftu. Tatar konu\u015fmas\u0131na herkesi selamlayarak, ba\u015flad\u0131. Tatar, 1960 Anla\u015fmalar\u0131 \u00f6ncesinde d\u00f6nemin T\u00fcrkiye Ba\u015fbakan\u0131 Adnan Menderes ve D\u0131\u015fi\u015fleri Bakan\u0131","og_url":"https:\/\/kibrisdakik.com\/?p=79899","article_published_time":"2025-04-10T14:02:05+00:00","og_image":[{"width":2560,"height":1709,"url":"https:\/\/kibrisdakik.com\/wp-content\/uploads\/2025\/04\/1744288916455ODUL-TORENI-TIM-7-scaled-740x420.jpg","type":"image\/jpeg"}],"author":"admin","twitter_card":"summary_large_image","twitter_misc":{"Yazan:":"admin","Tahmini okuma s\u00fcresi":"4 dakika"},"schema":{"@context":"https:\/\/schema.org","@graph":[{"@type":"Article","@id":"https:\/\/kibrisdakik.com\/?p=79899#article","isPartOf":{"@id":"https:\/\/kibrisdakik.com\/?p=79899"},"author":{"name":"admin","@id":"https:\/\/kibrisdakik.com\/#\/schema\/person\/9cd9d437bbb44f72b73ba127e06d8e79"},"headline":"Cumhurba\u015fkan\u0131 Tatar: Bar\u0131\u015f\u0131n, huzurun, g\u00fcvenli\u011fin istikrarla devam etmesinin yegane sebebi TSK\u2019n\u0131n adadaki varl\u0131\u011f\u0131d\u0131r","datePublished":"2025-04-10T14:02:05+00:00","mainEntityOfPage":{"@id":"https:\/\/kibrisdakik.com\/?p=79899"},"wordCount":785,"commentCount":0,"image":{"@id":"https:\/\/kibrisdakik.com\/?p=79899#primaryimage"},"thumbnailUrl":"https:\/\/kibrisdakik.com\/wp-content\/uploads\/2025\/04\/1744288916455ODUL-TORENI-TIM-7-scaled-740x420.jpg","articleSection":["K\u0131br\u0131s","Man\u015fet"],"inLanguage":"tr","potentialAction":[{"@type":"CommentAction","name":"Comment","target":["https:\/\/kibrisdakik.com\/?p=79899#respond"]}]},{"@type":"WebPage","@id":"https:\/\/kibrisdakik.com\/?p=79899","url":"https:\/\/kibrisdakik.com\/?p=79899","name":"Cumhurba\u015fkan\u0131 Tatar: Bar\u0131\u015f\u0131n, huzurun, g\u00fcvenli\u011fin istikrarla devam etmesinin yegane sebebi TSK\u2019n\u0131n adadaki varl\u0131\u011f\u0131d\u0131r -","isPartOf":{"@id":"https:\/\/kibrisdakik.com\/#website"},"primaryImageOfPage":{"@id":"https:\/\/kibrisdakik.com\/?p=79899#primaryimage"},"image":{"@id":"https:\/\/kibrisdakik.com\/?p=79899#primaryimage"},"thumbnailUrl":"https:\/\/kibrisdakik.com\/wp-content\/uploads\/2025\/04\/1744288916455ODUL-TORENI-TIM-7-scaled-740x420.jpg","datePublished":"2025-04-10T14:02:05+00:00","author":{"@id":"https:\/\/kibrisdakik.com\/#\/schema\/person\/9cd9d437bbb44f72b73ba127e06d8e79"},"breadcrumb":{"@id":"https:\/\/kibrisdakik.com\/?p=79899#breadcrumb"},"inLanguage":"tr","potentialAction":[{"@type":"ReadAction","target":["https:\/\/kibrisdakik.com\/?p=79899"]}]},{"@type":"ImageObject","inLanguage":"tr","@id":"https:\/\/kibrisdakik.com\/?p=79899#primaryimage","url":"https:\/\/kibrisdakik.com\/wp-content\/uploads\/2025\/04\/1744288916455ODUL-TORENI-TIM-7-scaled-740x420.jpg","contentUrl":"https:\/\/kibrisdakik.com\/wp-content\/uploads\/2025\/04\/1744288916455ODUL-TORENI-TIM-7-scaled-740x420.jpg","width":2560,"height":1709},{"@type":"BreadcrumbList","@id":"https:\/\/kibrisdakik.com\/?p=79899#breadcrumb","itemListElement":[{"@type":"ListItem","position":1,"name":"Home","item":"https:\/\/kibrisdakik.com\/"},{"@type":"ListItem","position":2,"name":"Cumhurba\u015fkan\u0131 Tatar: Bar\u0131\u015f\u0131n, huzurun, g\u00fcvenli\u011fin istikrarla devam etmesinin yegane sebebi TSK\u2019n\u0131n adadaki varl\u0131\u011f\u0131d\u0131r"}]},{"@type":"WebSite","@id":"https:\/\/kibrisdakik.com\/#website","url":"https:\/\/kibrisdakik.com\/","name":"","description":"Tam vaktinde haber","potentialAction":[{"@type":"SearchAction","target":{"@type":"EntryPoint","urlTemplate":"https:\/\/kibrisdakik.com\/?s={search_term_string}"},"query-input":{"@type":"PropertyValueSpecification","valueRequired":true,"valueName":"search_term_string"}}],"inLanguage":"tr"},{"@type":"Person","@id":"https:\/\/kibrisdakik.com\/#\/schema\/person\/9cd9d437bbb44f72b73ba127e06d8e79","name":"admin","image":{"@type":"ImageObject","inLanguage":"tr","@id":"https:\/\/secure.gravatar.com\/avatar\/ccc17943b9d660506c869530f897617f7cb1c21a4bf30023f252596d83e1f007?s=96&d=mm&r=g","url":"https:\/\/secure.gravatar.com\/avatar\/ccc17943b9d660506c869530f897617f7cb1c21a4bf30023f252596d83e1f007?s=96&d=mm&r=g","contentUrl":"https:\/\/secure.gravatar.com\/avatar\/ccc17943b9d660506c869530f897617f7cb1c21a4bf30023f252596d83e1f007?s=96&d=mm&r=g","caption":"admin"},"sameAs":["https:\/\/kibrisdakik.com"],"url":"https:\/\/kibrisdakik.com\/?author=1"}]}},"_links":{"self":[{"href":"https:\/\/kibrisdakik.com\/index.php?rest_route=\/wp\/v2\/posts\/79899","targetHints":{"allow":["GET"]}}],"collection":[{"href":"https:\/\/kibrisdakik.com\/index.php?rest_route=\/wp\/v2\/posts"}],"about":[{"href":"https:\/\/kibrisdakik.com\/index.php?rest_route=\/wp\/v2\/types\/post"}],"author":[{"embeddable":true,"href":"https:\/\/kibrisdakik.com\/index.php?rest_route=\/wp\/v2\/users\/1"}],"replies":[{"embeddable":true,"href":"https:\/\/kibrisdakik.com\/index.php?rest_route=%2Fwp%2Fv2%2Fcomments&post=79899"}],"version-history":[{"count":0,"href":"https:\/\/kibrisdakik.com\/index.php?rest_route=\/wp\/v2\/posts\/79899\/revisions"}],"wp:featuredmedia":[{"embeddable":true,"href":"https:\/\/kibrisdakik.com\/index.php?rest_route=\/wp\/v2\/media\/79900"}],"wp:attachment":[{"href":"https:\/\/kibrisdakik.com\/index.php?rest_route=%2Fwp%2Fv2%2Fmedia&parent=79899"}],"wp:term":[{"taxonomy":"category","embeddable":true,"href":"https:\/\/kibrisdakik.com\/index.php?rest_route=%2Fwp%2Fv2%2Fcategories&post=79899"},{"taxonomy":"post_tag","embeddable":true,"href":"https:\/\/kibrisdakik.com\/index.php?rest_route=%2Fwp%2Fv2%2Ftags&post=79899"}],"curies":[{"name":"wp","href":"https:\/\/api.w.org\/{rel}","templated":true}]}}