{"id":79903,"date":"2025-04-10T17:11:14","date_gmt":"2025-04-10T14:11:14","guid":{"rendered":"https:\/\/kibrisdakik.com\/index.php\/2025\/04\/10\/cavusoglu-bizim-barisci-yaklasimimiza-karsin-rum-ogrencilerin-dusmanlik-duygulariyla-egitilmesi-kabul-edilemez\/"},"modified":"2025-04-10T17:11:14","modified_gmt":"2025-04-10T14:11:14","slug":"cavusoglu-bizim-barisci-yaklasimimiza-karsin-rum-ogrencilerin-dusmanlik-duygulariyla-egitilmesi-kabul-edilemez","status":"publish","type":"post","link":"https:\/\/kibrisdakik.com\/?p=79903","title":{"rendered":"\u00c7avu\u015fo\u011flu: Bizim bar\u0131\u015f\u00e7\u0131 yakla\u015f\u0131m\u0131m\u0131za kar\u015f\u0131n Rum \u00f6\u011frencilerin d\u00fc\u015fmanl\u0131k duygular\u0131yla e\u011fitilmesi kabul edilemez"},"content":{"rendered":"<div>\n<div class=\"mariselle-image-container none\">\n                                            <\/div>\n<p>Milli E\u011fitim Bakan\u0131 Naz\u0131m \u00c7avu\u015fo\u011flu, G\u00fcney K\u0131br\u0131s\u2019taki baz\u0131 okullarda kamuoyuna yans\u0131yan g\u00f6r\u00fcnt\u00fcler \u00fczerine bir a\u00e7\u0131klama yaparak, Rum \u00f6\u011frencilerin d\u00fc\u015fmanl\u0131k duygular\u0131yla e\u011fitilmesinin kabul edilemez oldu\u011funu s\u00f6yledi.<\/p>\n<p>Bas\u0131n B\u00fcrosu arac\u0131l\u0131\u011f\u0131yla a\u00e7\u0131klama yapan Bakan \u00c7avu\u015fo\u011flu, son d\u00f6nemde baz\u0131 G\u00fcney K\u0131br\u0131s okullar\u0131nda EOKA ter\u00f6r \u00f6rg\u00fct\u00fcn\u00fcn kurulu\u015f y\u0131l d\u00f6n\u00fcm\u00fcn\u00fcn kutlanmas\u0131, \u00f6\u011frencilere Grivas\u2019\u0131n foto\u011fraf\u0131n\u0131n bas\u0131l\u0131 oldu\u011fu ti\u015f\u00f6rtlerin giydirilerek etkinlikler d\u00fczenlenmesi ve bir \u00f6\u011fretmenin y\u00f6nlendirmesiyle Nazi selam\u0131 verilmesi gibi g\u00f6r\u00fcnt\u00fcleri endi\u015feyle takip ettiklerini belirtti.<\/p>\n<p>Bu t\u00fcr olaylar\u0131n, sadece K\u0131br\u0131s T\u00fcrk halk\u0131 i\u00e7in de\u011fil, evrensel e\u011fitim de\u011ferleri a\u00e7\u0131s\u0131ndan da kabul edilemez oldu\u011funu vurgulayan \u00c7avu\u015fo\u011flu, \u201cYunanistan\u2019da ter\u00f6r \u00f6rg\u00fct\u00fc EOKA\u2019n\u0131n kurulu\u015f y\u0131l d\u00f6n\u00fcm\u00fcn\u00fcn okullarda etkinlikle kutlanmas\u0131na ili\u015fkin karar al\u0131nmas\u0131 ve bu karar\u0131n Rum E\u011fitim Bakan\u0131 taraf\u0131ndan EOKA\u2019ya \u00f6vg\u00fclerle ve memnuniyetle kar\u015f\u0131lanmas\u0131, Rum \u2013 Yunan zihniyetinin K\u0131br\u0131s politikas\u0131nda ge\u00e7mi\u015ften bug\u00fcne herhangi bir de\u011fi\u015fiklik olmad\u0131\u011f\u0131n\u0131 a\u00e7\u0131k\u00e7a ortaya koymaktad\u0131r.\u201d ifadelerine yer verdi.<\/p>\n<p>EOKA\u2019n\u0131n, 1955-1959 y\u0131llar\u0131 aras\u0131nda ba\u015fta sivil K\u0131br\u0131sl\u0131 T\u00fcrkler olmak \u00fczere bir\u00e7ok masum insana sald\u0131r\u0131lar d\u00fczenleyen kanl\u0131 bir \u00f6rg\u00fct oldu\u011funu hat\u0131rlatan ve bu ger\u00e7eklerin tarihsel kay\u0131tlarla sabit oldu\u011funu da ifade eden \u00c7avu\u015fo\u011flu, b\u00f6yle bir \u00f6rg\u00fct\u00fcn gen\u00e7lere \u201ckahramanl\u0131k\u201d olarak sunulmas\u0131n\u0131n \u015fiddet ve etnik nefreti k\u00f6r\u00fckleyece\u011fini s\u00f6yledi.<\/p>\n<p>\u00c7avu\u015fo\u011flu, G\u00fcney K\u0131br\u0131s\u2019taki bir lisede \u00f6\u011frencilere Nazi selam\u0131 verdirilmesinin, okullarda \u0131rk\u00e7\u0131 eylemlerin giderek yay\u0131ld\u0131\u011f\u0131n\u0131n bir g\u00f6stergesi oldu\u011funa i\u015faret ederek, bu t\u00fcr ideolojik y\u00f6nlendirmelerin, tarihi \u00e7arp\u0131tarak yeni nesillere d\u00fc\u015fmanl\u0131k a\u015f\u0131lamaya y\u00f6nelik sistematik bir \u00e7al\u0131\u015fma oldu\u011funu ifade etti.<\/p>\n<p>E\u011fitimdeki amac\u0131n d\u00fc\u015fmanl\u0131k duygular\u0131 de\u011fil, sa\u011fduyulu, empati kurabilen ve birlikte ya\u015fama k\u00fclt\u00fcr\u00fcne sahip bireyler yeti\u015ftirmek olmas\u0131 gerekti\u011fini dile getiren \u00c7avu\u015fo\u011flu, \u201cBizim bar\u0131\u015f\u00e7\u0131 yakla\u015f\u0131m\u0131m\u0131za kar\u015f\u0131n, Rum \u00f6\u011frencilerin d\u00fc\u015fmanl\u0131k duygular\u0131yla e\u011fitilmesi kabul edilemez\u201d dedi.<\/p>\n<p>Rum liderli\u011fini bu yakla\u015f\u0131m\u0131ndan d\u00f6nmeye \u00e7a\u011f\u0131ran \u00c7avu\u015fo\u011flu, okullarda ya\u015fanan \u0131rk\u00e7\u0131 ve fa\u015fist propagandalar\u0131 \u015fiddetle k\u0131nad\u0131\u011f\u0131n\u0131 s\u00f6zlerine ekledi.<\/p>\n<\/p><\/div>\n<p><script async\n                    defer\n                    crossorigin=\"anonymous\"\n                    src=\"https:\/\/connect.facebook.net\/tr_TR\/sdk.js#xfbml=1&#038;version=v3.3\"\n            ><\/script><\/p>\n","protected":false},"excerpt":{"rendered":"<p>Milli E\u011fitim Bakan\u0131 Naz\u0131m \u00c7avu\u015fo\u011flu, G\u00fcney K\u0131br\u0131s\u2019taki baz\u0131 okullarda kamuoyuna yans\u0131yan g\u00f6r\u00fcnt\u00fcler \u00fczerine bir a\u00e7\u0131klama yaparak, Rum \u00f6\u011frencilerin d\u00fc\u015fmanl\u0131k duygular\u0131yla e\u011fitilmesinin kabul edilemez oldu\u011funu s\u00f6yledi. Bas\u0131n B\u00fcrosu arac\u0131l\u0131\u011f\u0131yla a\u00e7\u0131klama yapan Bakan \u00c7avu\u015fo\u011flu, son d\u00f6nemde baz\u0131 G\u00fcney K\u0131br\u0131s okullar\u0131nda EOKA ter\u00f6r \u00f6rg\u00fct\u00fcn\u00fcn kurulu\u015f y\u0131l d\u00f6n\u00fcm\u00fcn\u00fcn kutlanmas\u0131, \u00f6\u011frencilere Grivas\u2019\u0131n foto\u011fraf\u0131n\u0131n bas\u0131l\u0131 oldu\u011fu ti\u015f\u00f6rtlerin giydirilerek etkinlikler d\u00fczenlenmesi ve<\/p>\n","protected":false},"author":1,"featured_media":79904,"comment_status":"open","ping_status":"open","sticky":false,"template":"","format":"standard","meta":{"footnotes":""},"categories":[81,101],"tags":[],"class_list":["post-79903","post","type-post","status-publish","format-standard","has-post-thumbnail","hentry","category-kibris","category-manset"],"yoast_head":"<!-- This site is optimized with the Yoast SEO plugin v27.5 - https:\/\/yoast.com\/product\/yoast-seo-wordpress\/ -->\n<title>\u00c7avu\u015fo\u011flu: Bizim bar\u0131\u015f\u00e7\u0131 yakla\u015f\u0131m\u0131m\u0131za kar\u015f\u0131n Rum \u00f6\u011frencilerin d\u00fc\u015fmanl\u0131k duygular\u0131yla e\u011fitilmesi kabul edilemez -<\/title>\n<meta name=\"robots\" content=\"index, follow, max-snippet:-1, max-image-preview:large, max-video-preview:-1\" \/>\n<link rel=\"canonical\" href=\"https:\/\/kibrisdakik.com\/?p=79903\" \/>\n<meta property=\"og:locale\" content=\"tr_TR\" \/>\n<meta property=\"og:type\" content=\"article\" \/>\n<meta property=\"og:title\" content=\"\u00c7avu\u015fo\u011flu: Bizim bar\u0131\u015f\u00e7\u0131 yakla\u015f\u0131m\u0131m\u0131za kar\u015f\u0131n Rum \u00f6\u011frencilerin d\u00fc\u015fmanl\u0131k duygular\u0131yla e\u011fitilmesi kabul edilemez -\" \/>\n<meta property=\"og:description\" content=\"Milli E\u011fitim Bakan\u0131 Naz\u0131m \u00c7avu\u015fo\u011flu, G\u00fcney K\u0131br\u0131s\u2019taki baz\u0131 okullarda kamuoyuna yans\u0131yan g\u00f6r\u00fcnt\u00fcler \u00fczerine bir a\u00e7\u0131klama yaparak, Rum \u00f6\u011frencilerin d\u00fc\u015fmanl\u0131k duygular\u0131yla e\u011fitilmesinin kabul edilemez oldu\u011funu s\u00f6yledi. Bas\u0131n B\u00fcrosu arac\u0131l\u0131\u011f\u0131yla a\u00e7\u0131klama yapan Bakan \u00c7avu\u015fo\u011flu, son d\u00f6nemde baz\u0131 G\u00fcney K\u0131br\u0131s okullar\u0131nda EOKA ter\u00f6r \u00f6rg\u00fct\u00fcn\u00fcn kurulu\u015f y\u0131l d\u00f6n\u00fcm\u00fcn\u00fcn kutlanmas\u0131, \u00f6\u011frencilere Grivas\u2019\u0131n foto\u011fraf\u0131n\u0131n bas\u0131l\u0131 oldu\u011fu ti\u015f\u00f6rtlerin giydirilerek etkinlikler d\u00fczenlenmesi ve\" \/>\n<meta property=\"og:url\" content=\"https:\/\/kibrisdakik.com\/?p=79903\" \/>\n<meta property=\"article:published_time\" content=\"2025-04-10T14:11:14+00:00\" \/>\n<meta property=\"og:image\" content=\"https:\/\/kibrisdakik.com\/wp-content\/uploads\/2025\/04\/Nazim-Cavusoglu-740x420.jpg\" \/>\n\t<meta property=\"og:image:width\" content=\"1280\" \/>\n\t<meta property=\"og:image:height\" content=\"720\" \/>\n\t<meta property=\"og:image:type\" content=\"image\/jpeg\" \/>\n<meta name=\"author\" content=\"admin\" \/>\n<meta name=\"twitter:card\" content=\"summary_large_image\" \/>\n<meta name=\"twitter:label1\" content=\"Yazan:\" \/>\n\t<meta name=\"twitter:data1\" content=\"admin\" \/>\n\t<meta name=\"twitter:label2\" content=\"Tahmini okuma s\u00fcresi\" \/>\n\t<meta name=\"twitter:data2\" content=\"2 dakika\" \/>\n<script type=\"application\/ld+json\" class=\"yoast-schema-graph\">{\"@context\":\"https:\\\/\\\/schema.org\",\"@graph\":[{\"@type\":\"Article\",\"@id\":\"https:\\\/\\\/kibrisdakik.com\\\/?p=79903#article\",\"isPartOf\":{\"@id\":\"https:\\\/\\\/kibrisdakik.com\\\/?p=79903\"},\"author\":{\"name\":\"admin\",\"@id\":\"https:\\\/\\\/kibrisdakik.com\\\/#\\\/schema\\\/person\\\/9cd9d437bbb44f72b73ba127e06d8e79\"},\"headline\":\"\u00c7avu\u015fo\u011flu: Bizim bar\u0131\u015f\u00e7\u0131 yakla\u015f\u0131m\u0131m\u0131za kar\u015f\u0131n Rum \u00f6\u011frencilerin d\u00fc\u015fmanl\u0131k duygular\u0131yla e\u011fitilmesi kabul edilemez\",\"datePublished\":\"2025-04-10T14:11:14+00:00\",\"mainEntityOfPage\":{\"@id\":\"https:\\\/\\\/kibrisdakik.com\\\/?p=79903\"},\"wordCount\":463,\"commentCount\":0,\"image\":{\"@id\":\"https:\\\/\\\/kibrisdakik.com\\\/?p=79903#primaryimage\"},\"thumbnailUrl\":\"https:\\\/\\\/kibrisdakik.com\\\/wp-content\\\/uploads\\\/2025\\\/04\\\/Nazim-Cavusoglu-740x420.jpg\",\"articleSection\":[\"K\u0131br\u0131s\",\"Man\u015fet\"],\"inLanguage\":\"tr\",\"potentialAction\":[{\"@type\":\"CommentAction\",\"name\":\"Comment\",\"target\":[\"https:\\\/\\\/kibrisdakik.com\\\/?p=79903#respond\"]}]},{\"@type\":\"WebPage\",\"@id\":\"https:\\\/\\\/kibrisdakik.com\\\/?p=79903\",\"url\":\"https:\\\/\\\/kibrisdakik.com\\\/?p=79903\",\"name\":\"\u00c7avu\u015fo\u011flu: Bizim bar\u0131\u015f\u00e7\u0131 yakla\u015f\u0131m\u0131m\u0131za kar\u015f\u0131n Rum \u00f6\u011frencilerin d\u00fc\u015fmanl\u0131k duygular\u0131yla e\u011fitilmesi kabul edilemez -\",\"isPartOf\":{\"@id\":\"https:\\\/\\\/kibrisdakik.com\\\/#website\"},\"primaryImageOfPage\":{\"@id\":\"https:\\\/\\\/kibrisdakik.com\\\/?p=79903#primaryimage\"},\"image\":{\"@id\":\"https:\\\/\\\/kibrisdakik.com\\\/?p=79903#primaryimage\"},\"thumbnailUrl\":\"https:\\\/\\\/kibrisdakik.com\\\/wp-content\\\/uploads\\\/2025\\\/04\\\/Nazim-Cavusoglu-740x420.jpg\",\"datePublished\":\"2025-04-10T14:11:14+00:00\",\"author\":{\"@id\":\"https:\\\/\\\/kibrisdakik.com\\\/#\\\/schema\\\/person\\\/9cd9d437bbb44f72b73ba127e06d8e79\"},\"breadcrumb\":{\"@id\":\"https:\\\/\\\/kibrisdakik.com\\\/?p=79903#breadcrumb\"},\"inLanguage\":\"tr\",\"potentialAction\":[{\"@type\":\"ReadAction\",\"target\":[\"https:\\\/\\\/kibrisdakik.com\\\/?p=79903\"]}]},{\"@type\":\"ImageObject\",\"inLanguage\":\"tr\",\"@id\":\"https:\\\/\\\/kibrisdakik.com\\\/?p=79903#primaryimage\",\"url\":\"https:\\\/\\\/kibrisdakik.com\\\/wp-content\\\/uploads\\\/2025\\\/04\\\/Nazim-Cavusoglu-740x420.jpg\",\"contentUrl\":\"https:\\\/\\\/kibrisdakik.com\\\/wp-content\\\/uploads\\\/2025\\\/04\\\/Nazim-Cavusoglu-740x420.jpg\",\"width\":1280,\"height\":720},{\"@type\":\"BreadcrumbList\",\"@id\":\"https:\\\/\\\/kibrisdakik.com\\\/?p=79903#breadcrumb\",\"itemListElement\":[{\"@type\":\"ListItem\",\"position\":1,\"name\":\"Home\",\"item\":\"https:\\\/\\\/kibrisdakik.com\\\/\"},{\"@type\":\"ListItem\",\"position\":2,\"name\":\"\u00c7avu\u015fo\u011flu: Bizim bar\u0131\u015f\u00e7\u0131 yakla\u015f\u0131m\u0131m\u0131za kar\u015f\u0131n Rum \u00f6\u011frencilerin d\u00fc\u015fmanl\u0131k duygular\u0131yla e\u011fitilmesi kabul edilemez\"}]},{\"@type\":\"WebSite\",\"@id\":\"https:\\\/\\\/kibrisdakik.com\\\/#website\",\"url\":\"https:\\\/\\\/kibrisdakik.com\\\/\",\"name\":\"\",\"description\":\"Tam vaktinde haber\",\"potentialAction\":[{\"@type\":\"SearchAction\",\"target\":{\"@type\":\"EntryPoint\",\"urlTemplate\":\"https:\\\/\\\/kibrisdakik.com\\\/?s={search_term_string}\"},\"query-input\":{\"@type\":\"PropertyValueSpecification\",\"valueRequired\":true,\"valueName\":\"search_term_string\"}}],\"inLanguage\":\"tr\"},{\"@type\":\"Person\",\"@id\":\"https:\\\/\\\/kibrisdakik.com\\\/#\\\/schema\\\/person\\\/9cd9d437bbb44f72b73ba127e06d8e79\",\"name\":\"admin\",\"image\":{\"@type\":\"ImageObject\",\"inLanguage\":\"tr\",\"@id\":\"https:\\\/\\\/secure.gravatar.com\\\/avatar\\\/ccc17943b9d660506c869530f897617f7cb1c21a4bf30023f252596d83e1f007?s=96&d=mm&r=g\",\"url\":\"https:\\\/\\\/secure.gravatar.com\\\/avatar\\\/ccc17943b9d660506c869530f897617f7cb1c21a4bf30023f252596d83e1f007?s=96&d=mm&r=g\",\"contentUrl\":\"https:\\\/\\\/secure.gravatar.com\\\/avatar\\\/ccc17943b9d660506c869530f897617f7cb1c21a4bf30023f252596d83e1f007?s=96&d=mm&r=g\",\"caption\":\"admin\"},\"sameAs\":[\"https:\\\/\\\/kibrisdakik.com\"],\"url\":\"https:\\\/\\\/kibrisdakik.com\\\/?author=1\"}]}<\/script>\n<!-- \/ Yoast SEO plugin. -->","yoast_head_json":{"title":"\u00c7avu\u015fo\u011flu: Bizim bar\u0131\u015f\u00e7\u0131 yakla\u015f\u0131m\u0131m\u0131za kar\u015f\u0131n Rum \u00f6\u011frencilerin d\u00fc\u015fmanl\u0131k duygular\u0131yla e\u011fitilmesi kabul edilemez -","robots":{"index":"index","follow":"follow","max-snippet":"max-snippet:-1","max-image-preview":"max-image-preview:large","max-video-preview":"max-video-preview:-1"},"canonical":"https:\/\/kibrisdakik.com\/?p=79903","og_locale":"tr_TR","og_type":"article","og_title":"\u00c7avu\u015fo\u011flu: Bizim bar\u0131\u015f\u00e7\u0131 yakla\u015f\u0131m\u0131m\u0131za kar\u015f\u0131n Rum \u00f6\u011frencilerin d\u00fc\u015fmanl\u0131k duygular\u0131yla e\u011fitilmesi kabul edilemez -","og_description":"Milli E\u011fitim Bakan\u0131 Naz\u0131m \u00c7avu\u015fo\u011flu, G\u00fcney K\u0131br\u0131s\u2019taki baz\u0131 okullarda kamuoyuna yans\u0131yan g\u00f6r\u00fcnt\u00fcler \u00fczerine bir a\u00e7\u0131klama yaparak, Rum \u00f6\u011frencilerin d\u00fc\u015fmanl\u0131k duygular\u0131yla e\u011fitilmesinin kabul edilemez oldu\u011funu s\u00f6yledi. Bas\u0131n B\u00fcrosu arac\u0131l\u0131\u011f\u0131yla a\u00e7\u0131klama yapan Bakan \u00c7avu\u015fo\u011flu, son d\u00f6nemde baz\u0131 G\u00fcney K\u0131br\u0131s okullar\u0131nda EOKA ter\u00f6r \u00f6rg\u00fct\u00fcn\u00fcn kurulu\u015f y\u0131l d\u00f6n\u00fcm\u00fcn\u00fcn kutlanmas\u0131, \u00f6\u011frencilere Grivas\u2019\u0131n foto\u011fraf\u0131n\u0131n bas\u0131l\u0131 oldu\u011fu ti\u015f\u00f6rtlerin giydirilerek etkinlikler d\u00fczenlenmesi ve","og_url":"https:\/\/kibrisdakik.com\/?p=79903","article_published_time":"2025-04-10T14:11:14+00:00","og_image":[{"width":1280,"height":720,"url":"https:\/\/kibrisdakik.com\/wp-content\/uploads\/2025\/04\/Nazim-Cavusoglu-740x420.jpg","type":"image\/jpeg"}],"author":"admin","twitter_card":"summary_large_image","twitter_misc":{"Yazan:":"admin","Tahmini okuma s\u00fcresi":"2 dakika"},"schema":{"@context":"https:\/\/schema.org","@graph":[{"@type":"Article","@id":"https:\/\/kibrisdakik.com\/?p=79903#article","isPartOf":{"@id":"https:\/\/kibrisdakik.com\/?p=79903"},"author":{"name":"admin","@id":"https:\/\/kibrisdakik.com\/#\/schema\/person\/9cd9d437bbb44f72b73ba127e06d8e79"},"headline":"\u00c7avu\u015fo\u011flu: Bizim bar\u0131\u015f\u00e7\u0131 yakla\u015f\u0131m\u0131m\u0131za kar\u015f\u0131n Rum \u00f6\u011frencilerin d\u00fc\u015fmanl\u0131k duygular\u0131yla e\u011fitilmesi kabul edilemez","datePublished":"2025-04-10T14:11:14+00:00","mainEntityOfPage":{"@id":"https:\/\/kibrisdakik.com\/?p=79903"},"wordCount":463,"commentCount":0,"image":{"@id":"https:\/\/kibrisdakik.com\/?p=79903#primaryimage"},"thumbnailUrl":"https:\/\/kibrisdakik.com\/wp-content\/uploads\/2025\/04\/Nazim-Cavusoglu-740x420.jpg","articleSection":["K\u0131br\u0131s","Man\u015fet"],"inLanguage":"tr","potentialAction":[{"@type":"CommentAction","name":"Comment","target":["https:\/\/kibrisdakik.com\/?p=79903#respond"]}]},{"@type":"WebPage","@id":"https:\/\/kibrisdakik.com\/?p=79903","url":"https:\/\/kibrisdakik.com\/?p=79903","name":"\u00c7avu\u015fo\u011flu: Bizim bar\u0131\u015f\u00e7\u0131 yakla\u015f\u0131m\u0131m\u0131za kar\u015f\u0131n Rum \u00f6\u011frencilerin d\u00fc\u015fmanl\u0131k duygular\u0131yla e\u011fitilmesi kabul edilemez -","isPartOf":{"@id":"https:\/\/kibrisdakik.com\/#website"},"primaryImageOfPage":{"@id":"https:\/\/kibrisdakik.com\/?p=79903#primaryimage"},"image":{"@id":"https:\/\/kibrisdakik.com\/?p=79903#primaryimage"},"thumbnailUrl":"https:\/\/kibrisdakik.com\/wp-content\/uploads\/2025\/04\/Nazim-Cavusoglu-740x420.jpg","datePublished":"2025-04-10T14:11:14+00:00","author":{"@id":"https:\/\/kibrisdakik.com\/#\/schema\/person\/9cd9d437bbb44f72b73ba127e06d8e79"},"breadcrumb":{"@id":"https:\/\/kibrisdakik.com\/?p=79903#breadcrumb"},"inLanguage":"tr","potentialAction":[{"@type":"ReadAction","target":["https:\/\/kibrisdakik.com\/?p=79903"]}]},{"@type":"ImageObject","inLanguage":"tr","@id":"https:\/\/kibrisdakik.com\/?p=79903#primaryimage","url":"https:\/\/kibrisdakik.com\/wp-content\/uploads\/2025\/04\/Nazim-Cavusoglu-740x420.jpg","contentUrl":"https:\/\/kibrisdakik.com\/wp-content\/uploads\/2025\/04\/Nazim-Cavusoglu-740x420.jpg","width":1280,"height":720},{"@type":"BreadcrumbList","@id":"https:\/\/kibrisdakik.com\/?p=79903#breadcrumb","itemListElement":[{"@type":"ListItem","position":1,"name":"Home","item":"https:\/\/kibrisdakik.com\/"},{"@type":"ListItem","position":2,"name":"\u00c7avu\u015fo\u011flu: Bizim bar\u0131\u015f\u00e7\u0131 yakla\u015f\u0131m\u0131m\u0131za kar\u015f\u0131n Rum \u00f6\u011frencilerin d\u00fc\u015fmanl\u0131k duygular\u0131yla e\u011fitilmesi kabul edilemez"}]},{"@type":"WebSite","@id":"https:\/\/kibrisdakik.com\/#website","url":"https:\/\/kibrisdakik.com\/","name":"","description":"Tam vaktinde haber","potentialAction":[{"@type":"SearchAction","target":{"@type":"EntryPoint","urlTemplate":"https:\/\/kibrisdakik.com\/?s={search_term_string}"},"query-input":{"@type":"PropertyValueSpecification","valueRequired":true,"valueName":"search_term_string"}}],"inLanguage":"tr"},{"@type":"Person","@id":"https:\/\/kibrisdakik.com\/#\/schema\/person\/9cd9d437bbb44f72b73ba127e06d8e79","name":"admin","image":{"@type":"ImageObject","inLanguage":"tr","@id":"https:\/\/secure.gravatar.com\/avatar\/ccc17943b9d660506c869530f897617f7cb1c21a4bf30023f252596d83e1f007?s=96&d=mm&r=g","url":"https:\/\/secure.gravatar.com\/avatar\/ccc17943b9d660506c869530f897617f7cb1c21a4bf30023f252596d83e1f007?s=96&d=mm&r=g","contentUrl":"https:\/\/secure.gravatar.com\/avatar\/ccc17943b9d660506c869530f897617f7cb1c21a4bf30023f252596d83e1f007?s=96&d=mm&r=g","caption":"admin"},"sameAs":["https:\/\/kibrisdakik.com"],"url":"https:\/\/kibrisdakik.com\/?author=1"}]}},"_links":{"self":[{"href":"https:\/\/kibrisdakik.com\/index.php?rest_route=\/wp\/v2\/posts\/79903","targetHints":{"allow":["GET"]}}],"collection":[{"href":"https:\/\/kibrisdakik.com\/index.php?rest_route=\/wp\/v2\/posts"}],"about":[{"href":"https:\/\/kibrisdakik.com\/index.php?rest_route=\/wp\/v2\/types\/post"}],"author":[{"embeddable":true,"href":"https:\/\/kibrisdakik.com\/index.php?rest_route=\/wp\/v2\/users\/1"}],"replies":[{"embeddable":true,"href":"https:\/\/kibrisdakik.com\/index.php?rest_route=%2Fwp%2Fv2%2Fcomments&post=79903"}],"version-history":[{"count":0,"href":"https:\/\/kibrisdakik.com\/index.php?rest_route=\/wp\/v2\/posts\/79903\/revisions"}],"wp:featuredmedia":[{"embeddable":true,"href":"https:\/\/kibrisdakik.com\/index.php?rest_route=\/wp\/v2\/media\/79904"}],"wp:attachment":[{"href":"https:\/\/kibrisdakik.com\/index.php?rest_route=%2Fwp%2Fv2%2Fmedia&parent=79903"}],"wp:term":[{"taxonomy":"category","embeddable":true,"href":"https:\/\/kibrisdakik.com\/index.php?rest_route=%2Fwp%2Fv2%2Fcategories&post=79903"},{"taxonomy":"post_tag","embeddable":true,"href":"https:\/\/kibrisdakik.com\/index.php?rest_route=%2Fwp%2Fv2%2Ftags&post=79903"}],"curies":[{"name":"wp","href":"https:\/\/api.w.org\/{rel}","templated":true}]}}