{"id":79991,"date":"2025-04-11T17:07:00","date_gmt":"2025-04-11T14:07:00","guid":{"rendered":"https:\/\/kibrisdakik.com\/index.php\/2025\/04\/11\/tdt-genel-sekreteri-omuraliyev-biz-essiz-bir-teskilatiz\/"},"modified":"2025-04-11T17:07:00","modified_gmt":"2025-04-11T14:07:00","slug":"tdt-genel-sekreteri-omuraliyev-biz-essiz-bir-teskilatiz","status":"publish","type":"post","link":"https:\/\/kibrisdakik.com\/?p=79991","title":{"rendered":"TDT Genel Sekreteri \u00d6m\u00fcraliyev: \u201cBiz e\u015fsiz bir te\u015fkilat\u0131z\u201d"},"content":{"rendered":"<p><\/p>\n<div>\n<div class=\"mariselle-image-container center\">\n                <img loading=\"lazy\" decoding=\"async\" width=\"864\" height=\"486\" class=\"lazy-image\" alt=\"\" sizes=\"auto, (max-width: 864px) 100vw, 864px\" src=\"https:\/\/brtk.net\/wp-content\/uploads\/2025\/04\/11\/Omuraliyev.jpg?ver=a6b925f15fa505598eade2346c6ca3b3\" srcset=\"https:\/\/brtk.net\/wp-content\/uploads\/2025\/04\/11\/Omuraliyev.jpg?ver=a6b925f15fa505598eade2346c6ca3b3 864w, https:\/\/brtk.net\/wp-content\/uploads\/2025\/04\/11\/Omuraliyev-300x169.jpg?ver=d32d9ccdd277dab6c7f618397cfbcfee 300w, https:\/\/brtk.net\/wp-content\/uploads\/2025\/04\/11\/Omuraliyev-768x432.jpg?ver=d32d9ccdd277dab6c7f618397cfbcfee 768w\"\/>                            <\/div>\n<p>T\u00fcrk Devletleri Te\u015fkilat\u0131 (TDT) Genel Sekreteri Kuban\u0131\u00e7bek \u00d6m\u00fcraliyev, T\u00fcrk Devletleri Te\u015fkilat\u0131\u2019n\u0131n proje odakl\u0131 bir te\u015fkilat oldu\u011funu dile getirerek,  \u201cBiz e\u015fsiz bir te\u015fkilat\u0131z. Tarihimiz, geleneklerimiz, k\u00fclt\u00fcr\u00fcm\u00fcz, dilimiz ve gerekti\u011finde dinimize dayanan bir yap\u0131day\u0131z\u201d ifadelerini kulland\u0131.<\/p>\n<p>\u00d6m\u00fcraliyev, Anadolu Ajans\u0131n\u0131n (AA) \u201cGlobal \u0130leti\u015fim Orta\u011f\u0131\u201d olarak yer ald\u0131\u011f\u0131, Belek Turizm B\u00f6lgesi\u2019ndeki NEST Kongre Merkezi\u2019nde ger\u00e7ekle\u015ftirilen Antalya Diplomasi Forumu (ADF) 2025\u2019te AA muhabirinin sorular\u0131n\u0131 yan\u0131tlad\u0131.<\/p>\n<p>ADF\u2019nin \u201cT\u00fcrk diplomasisinin her ge\u00e7en y\u0131l nas\u0131l y\u00fckseldi\u011fini ve geli\u015fti\u011fini g\u00f6steren bir \u00f6rnek\u201d oldu\u011funu vurgulayan \u00d6m\u00fcraliyev, bu t\u00fcr diyaloglar, ikili ve \u00e7ok tarafl\u0131 g\u00f6r\u00fc\u015fmeler arac\u0131l\u0131\u011f\u0131yla T\u00fcrk diplomasisinin sadece b\u00f6lgesel de\u011fil, k\u00fcresel \u00f6l\u00e7ekte de bir\u00e7ok ba\u015far\u0131 elde etti\u011fini belirtti.<\/p>\n<p>\u00d6m\u00fcraliyev, \u201cSuriye\u2019deki mevcut duruma ve kom\u015fu \u00fclkelere bakarsak, Rusya, Ukrayna ve di\u011fer \u00e7at\u0131\u015fma b\u00f6lgeleri dahil bir\u00e7ok giri\u015fim ve faaliyet, T\u00fcrk diplomasisinin y\u00fckseli\u015fini a\u00e7\u0131k\u00e7a ortaya koyuyor. Bu t\u00fcr forumlar herkes i\u00e7in daha da \u00f6nemli hale geliyor.\u201d ifadelerini kulland\u0131.<\/p>\n<p>ADF\u2019de ilk kez 2024\u2019te T\u00fcrk Devletleri Te\u015fkilat\u0131 i\u00e7in \u00f6zel bir panel d\u00fczenlendi\u011fine dikkati \u00e7eken \u00d6m\u00fcraliyev, bu kapsamda 2040 Vizyonu ve d\u0131\u015f ili\u015fkiler dahil \u00e7e\u015fitli alanlardaki hedeflerin ele al\u0131nd\u0131\u011f\u0131n\u0131 kaydetti.<\/p>\n<p>\u00d6m\u00fcraliyev, \u201cD\u0131\u015fi\u015fleri bakanlar\u0131m\u0131z bir araya geldi, ben de moderat\u00f6r olarak g\u00f6rev ald\u0131m. Organizasyonumuzun mevcut durumu ve gelece\u011fi hakk\u0131nda konu\u015ftuk.\u201d dedi.<\/p>\n<p><strong>\u2013 \u201cBiz e\u015fsiz bir te\u015fkilat\u0131z\u201d<\/strong><\/p>\n<p>T\u00fcrk Devletleri Te\u015fkilat\u0131\u2019n\u0131n proje odakl\u0131 bir te\u015fkilat oldu\u011funu dile getiren \u00d6m\u00fcraliyev, y\u0131ll\u0131k d\u00fczenlenen devlet ba\u015fkanlar\u0131 zirvesi ya da bakanlar d\u00fczeyindeki toplant\u0131lar\u0131n yan\u0131 s\u0131ra halihaz\u0131rda d\u0131\u015f politika, ekonomi, ticaret, turizm, enerji, spor, uzay \u00e7al\u0131\u015fmalar\u0131 ve savunma dahil 35\u2019ten fazla alanda aktif olarak \u00e7al\u0131\u015ft\u0131klar\u0131na i\u015faret etti.<\/p>\n<p>\u00d6m\u00fcraliyev, \u201cBiz e\u015fsiz bir te\u015fkilat\u0131z. Tarihimiz, geleneklerimiz, k\u00fclt\u00fcr\u00fcm\u00fcz, dilimiz ve gerekti\u011finde dinimize dayanan bir yap\u0131day\u0131z. D\u00fcnyada \u00e7ok say\u0131da h\u00fck\u00fcmetler aras\u0131 organizasyon var, hepsi kendi \u00e7ap\u0131nda ba\u015far\u0131l\u0131 ve i\u015fliyor. Ancak bizim te\u015fkilat\u0131m\u0131z, sayd\u0131\u011f\u0131m bu temellere dayal\u0131 olmas\u0131 a\u00e7\u0131s\u0131ndan farkl\u0131.\u201d diye konu\u015ftu.<\/p>\n<\/p><\/div>\n<p><script async\n                    defer\n                    crossorigin=\"anonymous\"\n                    src=\"https:\/\/connect.facebook.net\/tr_TR\/sdk.js#xfbml=1&#038;version=v3.3\"\n            ><\/script><\/p>\n","protected":false},"excerpt":{"rendered":"<p>T\u00fcrk Devletleri Te\u015fkilat\u0131 (TDT) Genel Sekreteri Kuban\u0131\u00e7bek \u00d6m\u00fcraliyev, T\u00fcrk Devletleri Te\u015fkilat\u0131\u2019n\u0131n proje odakl\u0131 bir te\u015fkilat oldu\u011funu dile getirerek, \u201cBiz e\u015fsiz bir te\u015fkilat\u0131z. Tarihimiz, geleneklerimiz, k\u00fclt\u00fcr\u00fcm\u00fcz, dilimiz ve gerekti\u011finde dinimize dayanan bir yap\u0131day\u0131z\u201d ifadelerini kulland\u0131. \u00d6m\u00fcraliyev, Anadolu Ajans\u0131n\u0131n (AA) \u201cGlobal \u0130leti\u015fim Orta\u011f\u0131\u201d olarak yer ald\u0131\u011f\u0131, Belek Turizm B\u00f6lgesi\u2019ndeki NEST Kongre Merkezi\u2019nde ger\u00e7ekle\u015ftirilen Antalya Diplomasi Forumu (ADF)<\/p>\n","protected":false},"author":1,"featured_media":79992,"comment_status":"open","ping_status":"open","sticky":false,"template":"","format":"standard","meta":{"footnotes":""},"categories":[1],"tags":[],"class_list":["post-79991","post","type-post","status-publish","format-standard","has-post-thumbnail","hentry","category-gundem"],"yoast_head":"<!-- This site is optimized with the Yoast SEO plugin v27.5 - https:\/\/yoast.com\/product\/yoast-seo-wordpress\/ -->\n<title>TDT Genel Sekreteri \u00d6m\u00fcraliyev: \u201cBiz e\u015fsiz bir te\u015fkilat\u0131z\u201d -<\/title>\n<meta name=\"robots\" content=\"index, follow, max-snippet:-1, max-image-preview:large, max-video-preview:-1\" \/>\n<link rel=\"canonical\" href=\"https:\/\/kibrisdakik.com\/?p=79991\" \/>\n<meta property=\"og:locale\" content=\"tr_TR\" \/>\n<meta property=\"og:type\" content=\"article\" \/>\n<meta property=\"og:title\" content=\"TDT Genel Sekreteri \u00d6m\u00fcraliyev: \u201cBiz e\u015fsiz bir te\u015fkilat\u0131z\u201d -\" \/>\n<meta property=\"og:description\" content=\"T\u00fcrk Devletleri Te\u015fkilat\u0131 (TDT) Genel Sekreteri Kuban\u0131\u00e7bek \u00d6m\u00fcraliyev, T\u00fcrk Devletleri Te\u015fkilat\u0131\u2019n\u0131n proje odakl\u0131 bir te\u015fkilat oldu\u011funu dile getirerek, \u201cBiz e\u015fsiz bir te\u015fkilat\u0131z. Tarihimiz, geleneklerimiz, k\u00fclt\u00fcr\u00fcm\u00fcz, dilimiz ve gerekti\u011finde dinimize dayanan bir yap\u0131day\u0131z\u201d ifadelerini kulland\u0131. \u00d6m\u00fcraliyev, Anadolu Ajans\u0131n\u0131n (AA) \u201cGlobal \u0130leti\u015fim Orta\u011f\u0131\u201d olarak yer ald\u0131\u011f\u0131, Belek Turizm B\u00f6lgesi\u2019ndeki NEST Kongre Merkezi\u2019nde ger\u00e7ekle\u015ftirilen Antalya Diplomasi Forumu (ADF)\" \/>\n<meta property=\"og:url\" content=\"https:\/\/kibrisdakik.com\/?p=79991\" \/>\n<meta property=\"article:published_time\" content=\"2025-04-11T14:07:00+00:00\" \/>\n<meta property=\"og:image\" content=\"https:\/\/kibrisdakik.com\/wp-content\/uploads\/2025\/04\/Omuraliyev-740x420.jpg\" \/>\n\t<meta property=\"og:image:width\" content=\"864\" \/>\n\t<meta property=\"og:image:height\" content=\"486\" \/>\n\t<meta property=\"og:image:type\" content=\"image\/jpeg\" \/>\n<meta name=\"author\" content=\"admin\" \/>\n<meta name=\"twitter:card\" content=\"summary_large_image\" \/>\n<meta name=\"twitter:label1\" content=\"Yazan:\" \/>\n\t<meta name=\"twitter:data1\" content=\"admin\" \/>\n\t<meta name=\"twitter:label2\" content=\"Tahmini okuma s\u00fcresi\" \/>\n\t<meta name=\"twitter:data2\" content=\"2 dakika\" \/>\n<script type=\"application\/ld+json\" class=\"yoast-schema-graph\">{\"@context\":\"https:\\\/\\\/schema.org\",\"@graph\":[{\"@type\":\"Article\",\"@id\":\"https:\\\/\\\/kibrisdakik.com\\\/?p=79991#article\",\"isPartOf\":{\"@id\":\"https:\\\/\\\/kibrisdakik.com\\\/?p=79991\"},\"author\":{\"name\":\"admin\",\"@id\":\"https:\\\/\\\/kibrisdakik.com\\\/#\\\/schema\\\/person\\\/9cd9d437bbb44f72b73ba127e06d8e79\"},\"headline\":\"TDT Genel Sekreteri \u00d6m\u00fcraliyev: \u201cBiz e\u015fsiz bir te\u015fkilat\u0131z\u201d\",\"datePublished\":\"2025-04-11T14:07:00+00:00\",\"mainEntityOfPage\":{\"@id\":\"https:\\\/\\\/kibrisdakik.com\\\/?p=79991\"},\"wordCount\":426,\"commentCount\":0,\"image\":{\"@id\":\"https:\\\/\\\/kibrisdakik.com\\\/?p=79991#primaryimage\"},\"thumbnailUrl\":\"https:\\\/\\\/kibrisdakik.com\\\/wp-content\\\/uploads\\\/2025\\\/04\\\/Omuraliyev-740x420.jpg\",\"articleSection\":[\"G\u00fcndem\"],\"inLanguage\":\"tr\",\"potentialAction\":[{\"@type\":\"CommentAction\",\"name\":\"Comment\",\"target\":[\"https:\\\/\\\/kibrisdakik.com\\\/?p=79991#respond\"]}]},{\"@type\":\"WebPage\",\"@id\":\"https:\\\/\\\/kibrisdakik.com\\\/?p=79991\",\"url\":\"https:\\\/\\\/kibrisdakik.com\\\/?p=79991\",\"name\":\"TDT Genel Sekreteri \u00d6m\u00fcraliyev: \u201cBiz e\u015fsiz bir te\u015fkilat\u0131z\u201d -\",\"isPartOf\":{\"@id\":\"https:\\\/\\\/kibrisdakik.com\\\/#website\"},\"primaryImageOfPage\":{\"@id\":\"https:\\\/\\\/kibrisdakik.com\\\/?p=79991#primaryimage\"},\"image\":{\"@id\":\"https:\\\/\\\/kibrisdakik.com\\\/?p=79991#primaryimage\"},\"thumbnailUrl\":\"https:\\\/\\\/kibrisdakik.com\\\/wp-content\\\/uploads\\\/2025\\\/04\\\/Omuraliyev-740x420.jpg\",\"datePublished\":\"2025-04-11T14:07:00+00:00\",\"author\":{\"@id\":\"https:\\\/\\\/kibrisdakik.com\\\/#\\\/schema\\\/person\\\/9cd9d437bbb44f72b73ba127e06d8e79\"},\"breadcrumb\":{\"@id\":\"https:\\\/\\\/kibrisdakik.com\\\/?p=79991#breadcrumb\"},\"inLanguage\":\"tr\",\"potentialAction\":[{\"@type\":\"ReadAction\",\"target\":[\"https:\\\/\\\/kibrisdakik.com\\\/?p=79991\"]}]},{\"@type\":\"ImageObject\",\"inLanguage\":\"tr\",\"@id\":\"https:\\\/\\\/kibrisdakik.com\\\/?p=79991#primaryimage\",\"url\":\"https:\\\/\\\/kibrisdakik.com\\\/wp-content\\\/uploads\\\/2025\\\/04\\\/Omuraliyev-740x420.jpg\",\"contentUrl\":\"https:\\\/\\\/kibrisdakik.com\\\/wp-content\\\/uploads\\\/2025\\\/04\\\/Omuraliyev-740x420.jpg\",\"width\":864,\"height\":486},{\"@type\":\"BreadcrumbList\",\"@id\":\"https:\\\/\\\/kibrisdakik.com\\\/?p=79991#breadcrumb\",\"itemListElement\":[{\"@type\":\"ListItem\",\"position\":1,\"name\":\"Home\",\"item\":\"https:\\\/\\\/kibrisdakik.com\\\/\"},{\"@type\":\"ListItem\",\"position\":2,\"name\":\"TDT Genel Sekreteri \u00d6m\u00fcraliyev: \u201cBiz e\u015fsiz bir te\u015fkilat\u0131z\u201d\"}]},{\"@type\":\"WebSite\",\"@id\":\"https:\\\/\\\/kibrisdakik.com\\\/#website\",\"url\":\"https:\\\/\\\/kibrisdakik.com\\\/\",\"name\":\"\",\"description\":\"Tam vaktinde haber\",\"potentialAction\":[{\"@type\":\"SearchAction\",\"target\":{\"@type\":\"EntryPoint\",\"urlTemplate\":\"https:\\\/\\\/kibrisdakik.com\\\/?s={search_term_string}\"},\"query-input\":{\"@type\":\"PropertyValueSpecification\",\"valueRequired\":true,\"valueName\":\"search_term_string\"}}],\"inLanguage\":\"tr\"},{\"@type\":\"Person\",\"@id\":\"https:\\\/\\\/kibrisdakik.com\\\/#\\\/schema\\\/person\\\/9cd9d437bbb44f72b73ba127e06d8e79\",\"name\":\"admin\",\"image\":{\"@type\":\"ImageObject\",\"inLanguage\":\"tr\",\"@id\":\"https:\\\/\\\/secure.gravatar.com\\\/avatar\\\/ccc17943b9d660506c869530f897617f7cb1c21a4bf30023f252596d83e1f007?s=96&d=mm&r=g\",\"url\":\"https:\\\/\\\/secure.gravatar.com\\\/avatar\\\/ccc17943b9d660506c869530f897617f7cb1c21a4bf30023f252596d83e1f007?s=96&d=mm&r=g\",\"contentUrl\":\"https:\\\/\\\/secure.gravatar.com\\\/avatar\\\/ccc17943b9d660506c869530f897617f7cb1c21a4bf30023f252596d83e1f007?s=96&d=mm&r=g\",\"caption\":\"admin\"},\"sameAs\":[\"https:\\\/\\\/kibrisdakik.com\"],\"url\":\"https:\\\/\\\/kibrisdakik.com\\\/?author=1\"}]}<\/script>\n<!-- \/ Yoast SEO plugin. -->","yoast_head_json":{"title":"TDT Genel Sekreteri \u00d6m\u00fcraliyev: \u201cBiz e\u015fsiz bir te\u015fkilat\u0131z\u201d -","robots":{"index":"index","follow":"follow","max-snippet":"max-snippet:-1","max-image-preview":"max-image-preview:large","max-video-preview":"max-video-preview:-1"},"canonical":"https:\/\/kibrisdakik.com\/?p=79991","og_locale":"tr_TR","og_type":"article","og_title":"TDT Genel Sekreteri \u00d6m\u00fcraliyev: \u201cBiz e\u015fsiz bir te\u015fkilat\u0131z\u201d -","og_description":"T\u00fcrk Devletleri Te\u015fkilat\u0131 (TDT) Genel Sekreteri Kuban\u0131\u00e7bek \u00d6m\u00fcraliyev, T\u00fcrk Devletleri Te\u015fkilat\u0131\u2019n\u0131n proje odakl\u0131 bir te\u015fkilat oldu\u011funu dile getirerek, \u201cBiz e\u015fsiz bir te\u015fkilat\u0131z. Tarihimiz, geleneklerimiz, k\u00fclt\u00fcr\u00fcm\u00fcz, dilimiz ve gerekti\u011finde dinimize dayanan bir yap\u0131day\u0131z\u201d ifadelerini kulland\u0131. \u00d6m\u00fcraliyev, Anadolu Ajans\u0131n\u0131n (AA) \u201cGlobal \u0130leti\u015fim Orta\u011f\u0131\u201d olarak yer ald\u0131\u011f\u0131, Belek Turizm B\u00f6lgesi\u2019ndeki NEST Kongre Merkezi\u2019nde ger\u00e7ekle\u015ftirilen Antalya Diplomasi Forumu (ADF)","og_url":"https:\/\/kibrisdakik.com\/?p=79991","article_published_time":"2025-04-11T14:07:00+00:00","og_image":[{"width":864,"height":486,"url":"https:\/\/kibrisdakik.com\/wp-content\/uploads\/2025\/04\/Omuraliyev-740x420.jpg","type":"image\/jpeg"}],"author":"admin","twitter_card":"summary_large_image","twitter_misc":{"Yazan:":"admin","Tahmini okuma s\u00fcresi":"2 dakika"},"schema":{"@context":"https:\/\/schema.org","@graph":[{"@type":"Article","@id":"https:\/\/kibrisdakik.com\/?p=79991#article","isPartOf":{"@id":"https:\/\/kibrisdakik.com\/?p=79991"},"author":{"name":"admin","@id":"https:\/\/kibrisdakik.com\/#\/schema\/person\/9cd9d437bbb44f72b73ba127e06d8e79"},"headline":"TDT Genel Sekreteri \u00d6m\u00fcraliyev: \u201cBiz e\u015fsiz bir te\u015fkilat\u0131z\u201d","datePublished":"2025-04-11T14:07:00+00:00","mainEntityOfPage":{"@id":"https:\/\/kibrisdakik.com\/?p=79991"},"wordCount":426,"commentCount":0,"image":{"@id":"https:\/\/kibrisdakik.com\/?p=79991#primaryimage"},"thumbnailUrl":"https:\/\/kibrisdakik.com\/wp-content\/uploads\/2025\/04\/Omuraliyev-740x420.jpg","articleSection":["G\u00fcndem"],"inLanguage":"tr","potentialAction":[{"@type":"CommentAction","name":"Comment","target":["https:\/\/kibrisdakik.com\/?p=79991#respond"]}]},{"@type":"WebPage","@id":"https:\/\/kibrisdakik.com\/?p=79991","url":"https:\/\/kibrisdakik.com\/?p=79991","name":"TDT Genel Sekreteri \u00d6m\u00fcraliyev: \u201cBiz e\u015fsiz bir te\u015fkilat\u0131z\u201d -","isPartOf":{"@id":"https:\/\/kibrisdakik.com\/#website"},"primaryImageOfPage":{"@id":"https:\/\/kibrisdakik.com\/?p=79991#primaryimage"},"image":{"@id":"https:\/\/kibrisdakik.com\/?p=79991#primaryimage"},"thumbnailUrl":"https:\/\/kibrisdakik.com\/wp-content\/uploads\/2025\/04\/Omuraliyev-740x420.jpg","datePublished":"2025-04-11T14:07:00+00:00","author":{"@id":"https:\/\/kibrisdakik.com\/#\/schema\/person\/9cd9d437bbb44f72b73ba127e06d8e79"},"breadcrumb":{"@id":"https:\/\/kibrisdakik.com\/?p=79991#breadcrumb"},"inLanguage":"tr","potentialAction":[{"@type":"ReadAction","target":["https:\/\/kibrisdakik.com\/?p=79991"]}]},{"@type":"ImageObject","inLanguage":"tr","@id":"https:\/\/kibrisdakik.com\/?p=79991#primaryimage","url":"https:\/\/kibrisdakik.com\/wp-content\/uploads\/2025\/04\/Omuraliyev-740x420.jpg","contentUrl":"https:\/\/kibrisdakik.com\/wp-content\/uploads\/2025\/04\/Omuraliyev-740x420.jpg","width":864,"height":486},{"@type":"BreadcrumbList","@id":"https:\/\/kibrisdakik.com\/?p=79991#breadcrumb","itemListElement":[{"@type":"ListItem","position":1,"name":"Home","item":"https:\/\/kibrisdakik.com\/"},{"@type":"ListItem","position":2,"name":"TDT Genel Sekreteri \u00d6m\u00fcraliyev: \u201cBiz e\u015fsiz bir te\u015fkilat\u0131z\u201d"}]},{"@type":"WebSite","@id":"https:\/\/kibrisdakik.com\/#website","url":"https:\/\/kibrisdakik.com\/","name":"","description":"Tam vaktinde haber","potentialAction":[{"@type":"SearchAction","target":{"@type":"EntryPoint","urlTemplate":"https:\/\/kibrisdakik.com\/?s={search_term_string}"},"query-input":{"@type":"PropertyValueSpecification","valueRequired":true,"valueName":"search_term_string"}}],"inLanguage":"tr"},{"@type":"Person","@id":"https:\/\/kibrisdakik.com\/#\/schema\/person\/9cd9d437bbb44f72b73ba127e06d8e79","name":"admin","image":{"@type":"ImageObject","inLanguage":"tr","@id":"https:\/\/secure.gravatar.com\/avatar\/ccc17943b9d660506c869530f897617f7cb1c21a4bf30023f252596d83e1f007?s=96&d=mm&r=g","url":"https:\/\/secure.gravatar.com\/avatar\/ccc17943b9d660506c869530f897617f7cb1c21a4bf30023f252596d83e1f007?s=96&d=mm&r=g","contentUrl":"https:\/\/secure.gravatar.com\/avatar\/ccc17943b9d660506c869530f897617f7cb1c21a4bf30023f252596d83e1f007?s=96&d=mm&r=g","caption":"admin"},"sameAs":["https:\/\/kibrisdakik.com"],"url":"https:\/\/kibrisdakik.com\/?author=1"}]}},"_links":{"self":[{"href":"https:\/\/kibrisdakik.com\/index.php?rest_route=\/wp\/v2\/posts\/79991","targetHints":{"allow":["GET"]}}],"collection":[{"href":"https:\/\/kibrisdakik.com\/index.php?rest_route=\/wp\/v2\/posts"}],"about":[{"href":"https:\/\/kibrisdakik.com\/index.php?rest_route=\/wp\/v2\/types\/post"}],"author":[{"embeddable":true,"href":"https:\/\/kibrisdakik.com\/index.php?rest_route=\/wp\/v2\/users\/1"}],"replies":[{"embeddable":true,"href":"https:\/\/kibrisdakik.com\/index.php?rest_route=%2Fwp%2Fv2%2Fcomments&post=79991"}],"version-history":[{"count":0,"href":"https:\/\/kibrisdakik.com\/index.php?rest_route=\/wp\/v2\/posts\/79991\/revisions"}],"wp:featuredmedia":[{"embeddable":true,"href":"https:\/\/kibrisdakik.com\/index.php?rest_route=\/wp\/v2\/media\/79992"}],"wp:attachment":[{"href":"https:\/\/kibrisdakik.com\/index.php?rest_route=%2Fwp%2Fv2%2Fmedia&parent=79991"}],"wp:term":[{"taxonomy":"category","embeddable":true,"href":"https:\/\/kibrisdakik.com\/index.php?rest_route=%2Fwp%2Fv2%2Fcategories&post=79991"},{"taxonomy":"post_tag","embeddable":true,"href":"https:\/\/kibrisdakik.com\/index.php?rest_route=%2Fwp%2Fv2%2Ftags&post=79991"}],"curies":[{"name":"wp","href":"https:\/\/api.w.org\/{rel}","templated":true}]}}