{"id":80020,"date":"2025-04-12T12:13:04","date_gmt":"2025-04-12T09:13:04","guid":{"rendered":"https:\/\/kibrisdakik.com\/index.php\/2025\/04\/12\/yuksek-secim-kurulu-ilce-secim-kurullarini-belirledi\/"},"modified":"2025-04-12T12:13:04","modified_gmt":"2025-04-12T09:13:04","slug":"yuksek-secim-kurulu-ilce-secim-kurullarini-belirledi","status":"publish","type":"post","link":"https:\/\/kibrisdakik.com\/?p=80020","title":{"rendered":"Y\u00fcksek Se\u00e7im Kurulu il\u00e7e se\u00e7im kurullar\u0131n\u0131 belirledi"},"content":{"rendered":"<div>\n<div class=\"mariselle-image-container center\">\n                                            <\/div>\n<p> Y\u00fcksek Se\u00e7im Kurulu, Lefko\u015fa, Gazima\u011fusa, Girne, G\u00fczelyurt, \u0130skele ve Lefke il\u00e7e se\u00e7im kurullar\u0131n\u0131 olu\u015fturdu.<\/p>\n<p>Resmi Gazete\u2019de yay\u0131mlanan ve Y\u00fcksek Se\u00e7im Kurulu taraf\u0131ndan 5\/76 say\u0131l\u0131 Se\u00e7im ve Halkoylamas\u0131 Yasas\u0131\u2019n\u0131n 21. maddesinin verdi\u011fi yetkiye dayanarak oy \u00e7oklu\u011fuyla olu\u015fturulan il\u00e7e se\u00e7im kurullar\u0131 8 A\u011fustos\u2019tan itibaren ge\u00e7erli olacak.<\/p>\n<p>Olu\u015fturulan il\u00e7e se\u00e7im kurullar\u0131 \u015f\u00f6yle:<\/p>\n<p>\u201cLefko\u015fa \u0130l\u00e7e Se\u00e7im Kurulu:<\/p>\n<p>Ba\u015fkan D\u00fcriye Elk\u0131ran Kaza Mahkemesi Ba\u015fkan\u0131;  Asli \u00fcyeler: Cenkay \u0130nan Kaza Mahkemesi Kd.Yarg\u0131c\u0131, \u015eerife Katip Kaza Mahkemesi Kd.Yarg\u0131c\u0131;  Yedek \u00fcye: Seran Bensen Kaza Mahkemesi Yarg\u0131c\u0131.<\/p>\n<p>Ggazima\u011fusa \u0130l\u00e7e Se\u00e7im Kurulu:<\/p>\n<p>Ba\u015fkan Fad\u0131l Aksun Kaza Mahkemesi Ba\u015fkan\u0131;  Asli \u00dcyeler:  Ay\u015fen Toroslu Kaza Mahkemesi Kd.Yarg\u0131c\u0131,  Evren M\u00fcrsel Kaza Mahkemesi Yarg\u0131c\u0131; Yedek \u00dcye: Dilem Ak\u00e7aba Kaza Mahkemesi Yarg\u0131c\u0131<\/p>\n<p>Girne \u0130l\u00e7e Se\u00e7im Kurulu:<\/p>\n<p>Ba\u015fkan N\u00fcvit Gazi Hac\u0131 Kaza Mahkemesi Ba\u015fkan\u0131; Asli \u00dcyeler: Mesut Mesuto\u011flu Kaza Mahkemesi Kd.Yarg\u0131c\u0131,  Hazan Aksun Kaza Mahkemesi Kd.Yarg\u0131c\u0131; Yedek \u00fcye: Hazal Hac\u0131mulla Kaza Mahkemesi Yarg\u0131c\u0131.<\/p>\n<p>G\u00fczelyurt \u0130l\u00e7esi Se\u00e7im Kurulu:<\/p>\n<p>Ba\u015fkan Banu Soyer Kaza Mahkemesi Ba\u015fkan\u0131, Asli \u00fcyeler; Rauf K\u00fcr\u015fad Kaza Mahkemesi Kd.Yarg\u0131c\u0131, Nuray Necdet Kaza Mahkemesi Yarg\u0131c\u0131; Yedek \u00fcye: Jale Dizdarl\u0131 Kaza Mahkemesi Yarg\u0131c\u0131.<\/p>\n<p>\u0130skele \u0130l\u00e7esi Se\u00e7im Kurulu:<\/p>\n<p>Ba\u015fkan Musa Avc\u0131o\u011flu Kaza Mahkemesi Ba\u015fkan\u0131; Asli \u00fcyeler: \u00c7i\u011fdem G\u00fczeler Kaza Mahkemesi Kd.Yarg\u0131c\u0131, Semra K. G\u00fcven Kaza Mahkemesi Yarg\u0131c\u0131; Yedek \u00fcye: \u0130zzet Erkanl\u0131lar Kaza Mahkemesi Yarg\u0131c\u0131.<\/p>\n<p>Lefke \u0130l\u00e7esi Se\u00e7im Kurulu:<\/p>\n<p>Ba\u015fkan P\u0131nar Beyo\u011flu Kaza Mahkemesi Ba\u015fkan\u0131; Asli \u00fcyeler: Umut \u0130nan Kaza Mahkemesi Kd.Yarg\u0131c\u0131, Nil Elodie \u00c7eliker Kaza Mahkemesi Yarg\u0131c\u0131;  Yedek \u00fcye: \u015eevket Gazi Kaza Mahkemesi Yarg\u0131c\u0131. \u201c<\/p>\n<\/p><\/div>\n<p><script async\n                    defer\n                    crossorigin=\"anonymous\"\n                    src=\"https:\/\/connect.facebook.net\/tr_TR\/sdk.js#xfbml=1&#038;version=v3.3\"\n            ><\/script><\/p>\n","protected":false},"excerpt":{"rendered":"<p>Y\u00fcksek Se\u00e7im Kurulu, Lefko\u015fa, Gazima\u011fusa, Girne, G\u00fczelyurt, \u0130skele ve Lefke il\u00e7e se\u00e7im kurullar\u0131n\u0131 olu\u015fturdu. Resmi Gazete\u2019de yay\u0131mlanan ve Y\u00fcksek Se\u00e7im Kurulu taraf\u0131ndan 5\/76 say\u0131l\u0131 Se\u00e7im ve Halkoylamas\u0131 Yasas\u0131\u2019n\u0131n 21. maddesinin verdi\u011fi yetkiye dayanarak oy \u00e7oklu\u011fuyla olu\u015fturulan il\u00e7e se\u00e7im kurullar\u0131 8 A\u011fustos\u2019tan itibaren ge\u00e7erli olacak. Olu\u015fturulan il\u00e7e se\u00e7im kurullar\u0131 \u015f\u00f6yle: \u201cLefko\u015fa \u0130l\u00e7e Se\u00e7im Kurulu: Ba\u015fkan D\u00fcriye<\/p>\n","protected":false},"author":1,"featured_media":47872,"comment_status":"open","ping_status":"open","sticky":false,"template":"","format":"standard","meta":{"footnotes":""},"categories":[81,101],"tags":[],"class_list":["post-80020","post","type-post","status-publish","format-standard","has-post-thumbnail","hentry","category-kibris","category-manset"],"yoast_head":"<!-- This site is optimized with the Yoast SEO plugin v27.4 - https:\/\/yoast.com\/product\/yoast-seo-wordpress\/ -->\n<title>Y\u00fcksek Se\u00e7im Kurulu il\u00e7e se\u00e7im kurullar\u0131n\u0131 belirledi -<\/title>\n<meta name=\"robots\" content=\"index, follow, max-snippet:-1, max-image-preview:large, max-video-preview:-1\" \/>\n<link rel=\"canonical\" href=\"https:\/\/kibrisdakik.com\/?p=80020\" \/>\n<meta property=\"og:locale\" content=\"tr_TR\" \/>\n<meta property=\"og:type\" content=\"article\" \/>\n<meta property=\"og:title\" content=\"Y\u00fcksek Se\u00e7im Kurulu il\u00e7e se\u00e7im kurullar\u0131n\u0131 belirledi -\" \/>\n<meta property=\"og:description\" content=\"Y\u00fcksek Se\u00e7im Kurulu, Lefko\u015fa, Gazima\u011fusa, Girne, G\u00fczelyurt, \u0130skele ve Lefke il\u00e7e se\u00e7im kurullar\u0131n\u0131 olu\u015fturdu. Resmi Gazete\u2019de yay\u0131mlanan ve Y\u00fcksek Se\u00e7im Kurulu taraf\u0131ndan 5\/76 say\u0131l\u0131 Se\u00e7im ve Halkoylamas\u0131 Yasas\u0131\u2019n\u0131n 21. maddesinin verdi\u011fi yetkiye dayanarak oy \u00e7oklu\u011fuyla olu\u015fturulan il\u00e7e se\u00e7im kurullar\u0131 8 A\u011fustos\u2019tan itibaren ge\u00e7erli olacak. Olu\u015fturulan il\u00e7e se\u00e7im kurullar\u0131 \u015f\u00f6yle: \u201cLefko\u015fa \u0130l\u00e7e Se\u00e7im Kurulu: Ba\u015fkan D\u00fcriye\" \/>\n<meta property=\"og:url\" content=\"https:\/\/kibrisdakik.com\/?p=80020\" \/>\n<meta property=\"article:published_time\" content=\"2025-04-12T09:13:04+00:00\" \/>\n<meta property=\"og:image\" content=\"https:\/\/kibrisdakik.com\/wp-content\/uploads\/2024\/06\/ysk-logo-yeni-201810-740x420.jpg\" \/>\n\t<meta property=\"og:image:width\" content=\"1200\" \/>\n\t<meta property=\"og:image:height\" content=\"627\" \/>\n\t<meta property=\"og:image:type\" content=\"image\/jpeg\" \/>\n<meta name=\"author\" content=\"admin\" \/>\n<meta name=\"twitter:card\" content=\"summary_large_image\" \/>\n<meta name=\"twitter:label1\" content=\"Yazan:\" \/>\n\t<meta name=\"twitter:data1\" content=\"admin\" \/>\n\t<meta name=\"twitter:label2\" content=\"Tahmini okuma s\u00fcresi\" \/>\n\t<meta name=\"twitter:data2\" content=\"2 dakika\" \/>\n<script type=\"application\/ld+json\" class=\"yoast-schema-graph\">{\"@context\":\"https:\\\/\\\/schema.org\",\"@graph\":[{\"@type\":\"Article\",\"@id\":\"https:\\\/\\\/kibrisdakik.com\\\/?p=80020#article\",\"isPartOf\":{\"@id\":\"https:\\\/\\\/kibrisdakik.com\\\/?p=80020\"},\"author\":{\"name\":\"admin\",\"@id\":\"https:\\\/\\\/kibrisdakik.com\\\/#\\\/schema\\\/person\\\/9cd9d437bbb44f72b73ba127e06d8e79\"},\"headline\":\"Y\u00fcksek Se\u00e7im Kurulu il\u00e7e se\u00e7im kurullar\u0131n\u0131 belirledi\",\"datePublished\":\"2025-04-12T09:13:04+00:00\",\"mainEntityOfPage\":{\"@id\":\"https:\\\/\\\/kibrisdakik.com\\\/?p=80020\"},\"wordCount\":336,\"commentCount\":0,\"image\":{\"@id\":\"https:\\\/\\\/kibrisdakik.com\\\/?p=80020#primaryimage\"},\"thumbnailUrl\":\"https:\\\/\\\/kibrisdakik.com\\\/wp-content\\\/uploads\\\/2024\\\/06\\\/ysk-logo-yeni-201810-740x420.jpg\",\"articleSection\":[\"K\u0131br\u0131s\",\"Man\u015fet\"],\"inLanguage\":\"tr\",\"potentialAction\":[{\"@type\":\"CommentAction\",\"name\":\"Comment\",\"target\":[\"https:\\\/\\\/kibrisdakik.com\\\/?p=80020#respond\"]}]},{\"@type\":\"WebPage\",\"@id\":\"https:\\\/\\\/kibrisdakik.com\\\/?p=80020\",\"url\":\"https:\\\/\\\/kibrisdakik.com\\\/?p=80020\",\"name\":\"Y\u00fcksek Se\u00e7im Kurulu il\u00e7e se\u00e7im kurullar\u0131n\u0131 belirledi -\",\"isPartOf\":{\"@id\":\"https:\\\/\\\/kibrisdakik.com\\\/#website\"},\"primaryImageOfPage\":{\"@id\":\"https:\\\/\\\/kibrisdakik.com\\\/?p=80020#primaryimage\"},\"image\":{\"@id\":\"https:\\\/\\\/kibrisdakik.com\\\/?p=80020#primaryimage\"},\"thumbnailUrl\":\"https:\\\/\\\/kibrisdakik.com\\\/wp-content\\\/uploads\\\/2024\\\/06\\\/ysk-logo-yeni-201810-740x420.jpg\",\"datePublished\":\"2025-04-12T09:13:04+00:00\",\"author\":{\"@id\":\"https:\\\/\\\/kibrisdakik.com\\\/#\\\/schema\\\/person\\\/9cd9d437bbb44f72b73ba127e06d8e79\"},\"breadcrumb\":{\"@id\":\"https:\\\/\\\/kibrisdakik.com\\\/?p=80020#breadcrumb\"},\"inLanguage\":\"tr\",\"potentialAction\":[{\"@type\":\"ReadAction\",\"target\":[\"https:\\\/\\\/kibrisdakik.com\\\/?p=80020\"]}]},{\"@type\":\"ImageObject\",\"inLanguage\":\"tr\",\"@id\":\"https:\\\/\\\/kibrisdakik.com\\\/?p=80020#primaryimage\",\"url\":\"https:\\\/\\\/kibrisdakik.com\\\/wp-content\\\/uploads\\\/2024\\\/06\\\/ysk-logo-yeni-201810-740x420.jpg\",\"contentUrl\":\"https:\\\/\\\/kibrisdakik.com\\\/wp-content\\\/uploads\\\/2024\\\/06\\\/ysk-logo-yeni-201810-740x420.jpg\",\"width\":1200,\"height\":627},{\"@type\":\"BreadcrumbList\",\"@id\":\"https:\\\/\\\/kibrisdakik.com\\\/?p=80020#breadcrumb\",\"itemListElement\":[{\"@type\":\"ListItem\",\"position\":1,\"name\":\"Home\",\"item\":\"https:\\\/\\\/kibrisdakik.com\\\/\"},{\"@type\":\"ListItem\",\"position\":2,\"name\":\"Y\u00fcksek Se\u00e7im Kurulu il\u00e7e se\u00e7im kurullar\u0131n\u0131 belirledi\"}]},{\"@type\":\"WebSite\",\"@id\":\"https:\\\/\\\/kibrisdakik.com\\\/#website\",\"url\":\"https:\\\/\\\/kibrisdakik.com\\\/\",\"name\":\"\",\"description\":\"Tam vaktinde haber\",\"potentialAction\":[{\"@type\":\"SearchAction\",\"target\":{\"@type\":\"EntryPoint\",\"urlTemplate\":\"https:\\\/\\\/kibrisdakik.com\\\/?s={search_term_string}\"},\"query-input\":{\"@type\":\"PropertyValueSpecification\",\"valueRequired\":true,\"valueName\":\"search_term_string\"}}],\"inLanguage\":\"tr\"},{\"@type\":\"Person\",\"@id\":\"https:\\\/\\\/kibrisdakik.com\\\/#\\\/schema\\\/person\\\/9cd9d437bbb44f72b73ba127e06d8e79\",\"name\":\"admin\",\"image\":{\"@type\":\"ImageObject\",\"inLanguage\":\"tr\",\"@id\":\"https:\\\/\\\/secure.gravatar.com\\\/avatar\\\/ccc17943b9d660506c869530f897617f7cb1c21a4bf30023f252596d83e1f007?s=96&d=mm&r=g\",\"url\":\"https:\\\/\\\/secure.gravatar.com\\\/avatar\\\/ccc17943b9d660506c869530f897617f7cb1c21a4bf30023f252596d83e1f007?s=96&d=mm&r=g\",\"contentUrl\":\"https:\\\/\\\/secure.gravatar.com\\\/avatar\\\/ccc17943b9d660506c869530f897617f7cb1c21a4bf30023f252596d83e1f007?s=96&d=mm&r=g\",\"caption\":\"admin\"},\"sameAs\":[\"https:\\\/\\\/kibrisdakik.com\"],\"url\":\"https:\\\/\\\/kibrisdakik.com\\\/?author=1\"}]}<\/script>\n<!-- \/ Yoast SEO plugin. -->","yoast_head_json":{"title":"Y\u00fcksek Se\u00e7im Kurulu il\u00e7e se\u00e7im kurullar\u0131n\u0131 belirledi -","robots":{"index":"index","follow":"follow","max-snippet":"max-snippet:-1","max-image-preview":"max-image-preview:large","max-video-preview":"max-video-preview:-1"},"canonical":"https:\/\/kibrisdakik.com\/?p=80020","og_locale":"tr_TR","og_type":"article","og_title":"Y\u00fcksek Se\u00e7im Kurulu il\u00e7e se\u00e7im kurullar\u0131n\u0131 belirledi -","og_description":"Y\u00fcksek Se\u00e7im Kurulu, Lefko\u015fa, Gazima\u011fusa, Girne, G\u00fczelyurt, \u0130skele ve Lefke il\u00e7e se\u00e7im kurullar\u0131n\u0131 olu\u015fturdu. Resmi Gazete\u2019de yay\u0131mlanan ve Y\u00fcksek Se\u00e7im Kurulu taraf\u0131ndan 5\/76 say\u0131l\u0131 Se\u00e7im ve Halkoylamas\u0131 Yasas\u0131\u2019n\u0131n 21. maddesinin verdi\u011fi yetkiye dayanarak oy \u00e7oklu\u011fuyla olu\u015fturulan il\u00e7e se\u00e7im kurullar\u0131 8 A\u011fustos\u2019tan itibaren ge\u00e7erli olacak. Olu\u015fturulan il\u00e7e se\u00e7im kurullar\u0131 \u015f\u00f6yle: \u201cLefko\u015fa \u0130l\u00e7e Se\u00e7im Kurulu: Ba\u015fkan D\u00fcriye","og_url":"https:\/\/kibrisdakik.com\/?p=80020","article_published_time":"2025-04-12T09:13:04+00:00","og_image":[{"width":1200,"height":627,"url":"https:\/\/kibrisdakik.com\/wp-content\/uploads\/2024\/06\/ysk-logo-yeni-201810-740x420.jpg","type":"image\/jpeg"}],"author":"admin","twitter_card":"summary_large_image","twitter_misc":{"Yazan:":"admin","Tahmini okuma s\u00fcresi":"2 dakika"},"schema":{"@context":"https:\/\/schema.org","@graph":[{"@type":"Article","@id":"https:\/\/kibrisdakik.com\/?p=80020#article","isPartOf":{"@id":"https:\/\/kibrisdakik.com\/?p=80020"},"author":{"name":"admin","@id":"https:\/\/kibrisdakik.com\/#\/schema\/person\/9cd9d437bbb44f72b73ba127e06d8e79"},"headline":"Y\u00fcksek Se\u00e7im Kurulu il\u00e7e se\u00e7im kurullar\u0131n\u0131 belirledi","datePublished":"2025-04-12T09:13:04+00:00","mainEntityOfPage":{"@id":"https:\/\/kibrisdakik.com\/?p=80020"},"wordCount":336,"commentCount":0,"image":{"@id":"https:\/\/kibrisdakik.com\/?p=80020#primaryimage"},"thumbnailUrl":"https:\/\/kibrisdakik.com\/wp-content\/uploads\/2024\/06\/ysk-logo-yeni-201810-740x420.jpg","articleSection":["K\u0131br\u0131s","Man\u015fet"],"inLanguage":"tr","potentialAction":[{"@type":"CommentAction","name":"Comment","target":["https:\/\/kibrisdakik.com\/?p=80020#respond"]}]},{"@type":"WebPage","@id":"https:\/\/kibrisdakik.com\/?p=80020","url":"https:\/\/kibrisdakik.com\/?p=80020","name":"Y\u00fcksek Se\u00e7im Kurulu il\u00e7e se\u00e7im kurullar\u0131n\u0131 belirledi -","isPartOf":{"@id":"https:\/\/kibrisdakik.com\/#website"},"primaryImageOfPage":{"@id":"https:\/\/kibrisdakik.com\/?p=80020#primaryimage"},"image":{"@id":"https:\/\/kibrisdakik.com\/?p=80020#primaryimage"},"thumbnailUrl":"https:\/\/kibrisdakik.com\/wp-content\/uploads\/2024\/06\/ysk-logo-yeni-201810-740x420.jpg","datePublished":"2025-04-12T09:13:04+00:00","author":{"@id":"https:\/\/kibrisdakik.com\/#\/schema\/person\/9cd9d437bbb44f72b73ba127e06d8e79"},"breadcrumb":{"@id":"https:\/\/kibrisdakik.com\/?p=80020#breadcrumb"},"inLanguage":"tr","potentialAction":[{"@type":"ReadAction","target":["https:\/\/kibrisdakik.com\/?p=80020"]}]},{"@type":"ImageObject","inLanguage":"tr","@id":"https:\/\/kibrisdakik.com\/?p=80020#primaryimage","url":"https:\/\/kibrisdakik.com\/wp-content\/uploads\/2024\/06\/ysk-logo-yeni-201810-740x420.jpg","contentUrl":"https:\/\/kibrisdakik.com\/wp-content\/uploads\/2024\/06\/ysk-logo-yeni-201810-740x420.jpg","width":1200,"height":627},{"@type":"BreadcrumbList","@id":"https:\/\/kibrisdakik.com\/?p=80020#breadcrumb","itemListElement":[{"@type":"ListItem","position":1,"name":"Home","item":"https:\/\/kibrisdakik.com\/"},{"@type":"ListItem","position":2,"name":"Y\u00fcksek Se\u00e7im Kurulu il\u00e7e se\u00e7im kurullar\u0131n\u0131 belirledi"}]},{"@type":"WebSite","@id":"https:\/\/kibrisdakik.com\/#website","url":"https:\/\/kibrisdakik.com\/","name":"","description":"Tam vaktinde haber","potentialAction":[{"@type":"SearchAction","target":{"@type":"EntryPoint","urlTemplate":"https:\/\/kibrisdakik.com\/?s={search_term_string}"},"query-input":{"@type":"PropertyValueSpecification","valueRequired":true,"valueName":"search_term_string"}}],"inLanguage":"tr"},{"@type":"Person","@id":"https:\/\/kibrisdakik.com\/#\/schema\/person\/9cd9d437bbb44f72b73ba127e06d8e79","name":"admin","image":{"@type":"ImageObject","inLanguage":"tr","@id":"https:\/\/secure.gravatar.com\/avatar\/ccc17943b9d660506c869530f897617f7cb1c21a4bf30023f252596d83e1f007?s=96&d=mm&r=g","url":"https:\/\/secure.gravatar.com\/avatar\/ccc17943b9d660506c869530f897617f7cb1c21a4bf30023f252596d83e1f007?s=96&d=mm&r=g","contentUrl":"https:\/\/secure.gravatar.com\/avatar\/ccc17943b9d660506c869530f897617f7cb1c21a4bf30023f252596d83e1f007?s=96&d=mm&r=g","caption":"admin"},"sameAs":["https:\/\/kibrisdakik.com"],"url":"https:\/\/kibrisdakik.com\/?author=1"}]}},"_links":{"self":[{"href":"https:\/\/kibrisdakik.com\/index.php?rest_route=\/wp\/v2\/posts\/80020","targetHints":{"allow":["GET"]}}],"collection":[{"href":"https:\/\/kibrisdakik.com\/index.php?rest_route=\/wp\/v2\/posts"}],"about":[{"href":"https:\/\/kibrisdakik.com\/index.php?rest_route=\/wp\/v2\/types\/post"}],"author":[{"embeddable":true,"href":"https:\/\/kibrisdakik.com\/index.php?rest_route=\/wp\/v2\/users\/1"}],"replies":[{"embeddable":true,"href":"https:\/\/kibrisdakik.com\/index.php?rest_route=%2Fwp%2Fv2%2Fcomments&post=80020"}],"version-history":[{"count":0,"href":"https:\/\/kibrisdakik.com\/index.php?rest_route=\/wp\/v2\/posts\/80020\/revisions"}],"wp:featuredmedia":[{"embeddable":true,"href":"https:\/\/kibrisdakik.com\/index.php?rest_route=\/wp\/v2\/media\/47872"}],"wp:attachment":[{"href":"https:\/\/kibrisdakik.com\/index.php?rest_route=%2Fwp%2Fv2%2Fmedia&parent=80020"}],"wp:term":[{"taxonomy":"category","embeddable":true,"href":"https:\/\/kibrisdakik.com\/index.php?rest_route=%2Fwp%2Fv2%2Fcategories&post=80020"},{"taxonomy":"post_tag","embeddable":true,"href":"https:\/\/kibrisdakik.com\/index.php?rest_route=%2Fwp%2Fv2%2Ftags&post=80020"}],"curies":[{"name":"wp","href":"https:\/\/api.w.org\/{rel}","templated":true}]}}