{"id":80042,"date":"2025-04-12T16:23:21","date_gmt":"2025-04-12T13:23:21","guid":{"rendered":"https:\/\/kibrisdakik.com\/index.php\/2025\/04\/12\/gazimagusada-10-ortaokullar-arasi-tarih-avcilari-yarismasi-yapildi\/"},"modified":"2025-04-12T16:23:21","modified_gmt":"2025-04-12T13:23:21","slug":"gazimagusada-10-ortaokullar-arasi-tarih-avcilari-yarismasi-yapildi","status":"publish","type":"post","link":"https:\/\/kibrisdakik.com\/?p=80042","title":{"rendered":"Gazima\u011fusa\u2019da 10. Ortaokullar Aras\u0131 Tarih Avc\u0131lar\u0131 Yar\u0131\u015fmas\u0131 yap\u0131ld\u0131"},"content":{"rendered":"<div>\n<div class=\"mariselle-image-container none\">\n                                            <\/div>\n<ol start=\"33\">\n<li style=\"font-weight: 300;\"><span style=\"font-weight: 300 !important;\"> Uluslararas\u0131 Gazima\u011fusa \u00c7ocuk ve Gen\u00e7lik Festivali kapsam\u0131nda 10. Ortaokullar Aras\u0131 Tarih Avc\u0131lar\u0131 Yar\u0131\u015fmas\u0131, Desdemona Park\u0131\u2019nda ger\u00e7ekle\u015ftirildi.\u00a0<\/span><\/li>\n<\/ol>\n<p style=\"font-weight: 300;\"><span style=\"font-weight: 300 !important;\">Gazima\u011fusa Belediyesi\u2019nden verilen bilgiye g\u00f6re,\u00a0<\/span><span style=\"font-weight: 300 !important;\">Gazima\u011fusa Belediyesi ile Ma\u011fusa K\u00fclt\u00fcr Derne\u011fi i\u015f birli\u011finde ger\u00e7ekle\u015fen yar\u0131\u015fma,<\/span><span style=\"font-weight: 300 !important;\">\u00a0<\/span><span style=\"font-weight: 300 !important;\">Gazima\u011fusa ve farkl\u0131 b\u00f6lgelerdeki 11 okul aras\u0131nda yap\u0131ld\u0131.<\/span><\/p>\n<p style=\"font-weight: 300;\"><span style=\"font-weight: 300 !important;\">Yar\u0131\u015fmada, 94 puanla Gazima\u011fusa T\u00fcrk Maarif Koleji\u2019nin birinci, 89 puanla Polatpa\u015fa Ortaokulu\u2019nun ikinci ve 84 puanla Canbulat \u00d6zg\u00fcrl\u00fck Ortaokulu \u00fc\u00e7\u00fcnc\u00fcl\u00fck \u00f6d\u00fcl\u00fcn\u00fcn sahibi oldu.\u00a0 \u00a0 \u00a0<\/span><\/p>\n<p style=\"font-weight: 300;\"><span style=\"font-weight: 300 !important;\">Etkinli\u011fin a\u00e7\u0131l\u0131\u015f\u0131nda konu\u015fan Gazima\u011fusa Belediye Ba\u015fkan\u0131 S\u00fcleyman Ulu\u00e7ay, yar\u0131\u015fmay\u0131 Ma\u011fusa K\u00fclt\u00fcr Derne\u011fi\u2019nin y\u0131llard\u0131r d\u00fczenledi\u011fini belirterek, \u201c\u00dclkenin ge\u00e7mi\u015fini anlamak, siz gen\u00e7lere b\u00fcy\u00fck bir zenginlik katar. Bu deneyimi hayat\u0131n\u0131z boyunca ta\u015f\u0131yacaks\u0131n\u0131z.\u201d dedi.<\/span><\/p>\n<p style=\"font-weight: 300;\"><span style=\"font-weight: 300 !important;\">Ma\u011fusa K\u00fclt\u00fcr Derne\u011fi Ba\u015fkan\u0131 Sermin \u0130yican ise konu\u015fmas\u0131nda, tak\u0131m \u00e7al\u0131\u015fmas\u0131, disiplin ve tarihin do\u011fru \u00f6\u011frenilerek gelecek nesillere aktar\u0131lmas\u0131n\u0131n \u00f6nemine dikkat \u00e7ekerek, t\u00fcm kat\u0131l\u0131mc\u0131lara te\u015fekk\u00fcr etti.<\/span><\/p>\n<p>\u00a0<\/p>\n<p>\u00a0<\/p>\n<\/p><\/div>\n<p><script async\n                    defer\n                    crossorigin=\"anonymous\"\n                    src=\"https:\/\/connect.facebook.net\/tr_TR\/sdk.js#xfbml=1&#038;version=v3.3\"\n            ><\/script><\/p>\n","protected":false},"excerpt":{"rendered":"<p>Uluslararas\u0131 Gazima\u011fusa \u00c7ocuk ve Gen\u00e7lik Festivali kapsam\u0131nda 10. Ortaokullar Aras\u0131 Tarih Avc\u0131lar\u0131 Yar\u0131\u015fmas\u0131, Desdemona Park\u0131\u2019nda ger\u00e7ekle\u015ftirildi.\u00a0 Gazima\u011fusa Belediyesi\u2019nden verilen bilgiye g\u00f6re,\u00a0Gazima\u011fusa Belediyesi ile Ma\u011fusa K\u00fclt\u00fcr Derne\u011fi i\u015f birli\u011finde ger\u00e7ekle\u015fen yar\u0131\u015fma,\u00a0Gazima\u011fusa ve farkl\u0131 b\u00f6lgelerdeki 11 okul aras\u0131nda yap\u0131ld\u0131. Yar\u0131\u015fmada, 94 puanla Gazima\u011fusa T\u00fcrk Maarif Koleji\u2019nin birinci, 89 puanla Polatpa\u015fa Ortaokulu\u2019nun ikinci ve 84 puanla Canbulat \u00d6zg\u00fcrl\u00fck<\/p>\n","protected":false},"author":1,"featured_media":80043,"comment_status":"open","ping_status":"open","sticky":false,"template":"","format":"standard","meta":{"footnotes":""},"categories":[81,101],"tags":[],"class_list":["post-80042","post","type-post","status-publish","format-standard","has-post-thumbnail","hentry","category-kibris","category-manset"],"yoast_head":"<!-- This site is optimized with the Yoast SEO plugin v27.4 - https:\/\/yoast.com\/product\/yoast-seo-wordpress\/ -->\n<title>Gazima\u011fusa\u2019da 10. Ortaokullar Aras\u0131 Tarih Avc\u0131lar\u0131 Yar\u0131\u015fmas\u0131 yap\u0131ld\u0131 -<\/title>\n<meta name=\"robots\" content=\"index, follow, max-snippet:-1, max-image-preview:large, max-video-preview:-1\" \/>\n<link rel=\"canonical\" href=\"https:\/\/kibrisdakik.com\/?p=80042\" \/>\n<meta property=\"og:locale\" content=\"tr_TR\" \/>\n<meta property=\"og:type\" content=\"article\" \/>\n<meta property=\"og:title\" content=\"Gazima\u011fusa\u2019da 10. Ortaokullar Aras\u0131 Tarih Avc\u0131lar\u0131 Yar\u0131\u015fmas\u0131 yap\u0131ld\u0131 -\" \/>\n<meta property=\"og:description\" content=\"Uluslararas\u0131 Gazima\u011fusa \u00c7ocuk ve Gen\u00e7lik Festivali kapsam\u0131nda 10. Ortaokullar Aras\u0131 Tarih Avc\u0131lar\u0131 Yar\u0131\u015fmas\u0131, Desdemona Park\u0131\u2019nda ger\u00e7ekle\u015ftirildi.\u00a0 Gazima\u011fusa Belediyesi\u2019nden verilen bilgiye g\u00f6re,\u00a0Gazima\u011fusa Belediyesi ile Ma\u011fusa K\u00fclt\u00fcr Derne\u011fi i\u015f birli\u011finde ger\u00e7ekle\u015fen yar\u0131\u015fma,\u00a0Gazima\u011fusa ve farkl\u0131 b\u00f6lgelerdeki 11 okul aras\u0131nda yap\u0131ld\u0131. Yar\u0131\u015fmada, 94 puanla Gazima\u011fusa T\u00fcrk Maarif Koleji\u2019nin birinci, 89 puanla Polatpa\u015fa Ortaokulu\u2019nun ikinci ve 84 puanla Canbulat \u00d6zg\u00fcrl\u00fck\" \/>\n<meta property=\"og:url\" content=\"https:\/\/kibrisdakik.com\/?p=80042\" \/>\n<meta property=\"article:published_time\" content=\"2025-04-12T13:23:21+00:00\" \/>\n<meta property=\"og:image\" content=\"https:\/\/kibrisdakik.com\/wp-content\/uploads\/2025\/04\/tarih-avcilari-13-740x420.jpg\" \/>\n\t<meta property=\"og:image:width\" content=\"927\" \/>\n\t<meta property=\"og:image:height\" content=\"509\" \/>\n\t<meta property=\"og:image:type\" content=\"image\/jpeg\" \/>\n<meta name=\"author\" content=\"admin\" \/>\n<meta name=\"twitter:card\" content=\"summary_large_image\" \/>\n<meta name=\"twitter:label1\" content=\"Yazan:\" \/>\n\t<meta name=\"twitter:data1\" content=\"admin\" \/>\n\t<meta name=\"twitter:label2\" content=\"Tahmini okuma s\u00fcresi\" \/>\n\t<meta name=\"twitter:data2\" content=\"1 dakika\" \/>\n<script type=\"application\/ld+json\" class=\"yoast-schema-graph\">{\"@context\":\"https:\\\/\\\/schema.org\",\"@graph\":[{\"@type\":\"Article\",\"@id\":\"https:\\\/\\\/kibrisdakik.com\\\/?p=80042#article\",\"isPartOf\":{\"@id\":\"https:\\\/\\\/kibrisdakik.com\\\/?p=80042\"},\"author\":{\"name\":\"admin\",\"@id\":\"https:\\\/\\\/kibrisdakik.com\\\/#\\\/schema\\\/person\\\/9cd9d437bbb44f72b73ba127e06d8e79\"},\"headline\":\"Gazima\u011fusa\u2019da 10. Ortaokullar Aras\u0131 Tarih Avc\u0131lar\u0131 Yar\u0131\u015fmas\u0131 yap\u0131ld\u0131\",\"datePublished\":\"2025-04-12T13:23:21+00:00\",\"mainEntityOfPage\":{\"@id\":\"https:\\\/\\\/kibrisdakik.com\\\/?p=80042\"},\"wordCount\":208,\"commentCount\":0,\"image\":{\"@id\":\"https:\\\/\\\/kibrisdakik.com\\\/?p=80042#primaryimage\"},\"thumbnailUrl\":\"https:\\\/\\\/kibrisdakik.com\\\/wp-content\\\/uploads\\\/2025\\\/04\\\/tarih-avcilari-13-740x420.jpg\",\"articleSection\":[\"K\u0131br\u0131s\",\"Man\u015fet\"],\"inLanguage\":\"tr\",\"potentialAction\":[{\"@type\":\"CommentAction\",\"name\":\"Comment\",\"target\":[\"https:\\\/\\\/kibrisdakik.com\\\/?p=80042#respond\"]}]},{\"@type\":\"WebPage\",\"@id\":\"https:\\\/\\\/kibrisdakik.com\\\/?p=80042\",\"url\":\"https:\\\/\\\/kibrisdakik.com\\\/?p=80042\",\"name\":\"Gazima\u011fusa\u2019da 10. Ortaokullar Aras\u0131 Tarih Avc\u0131lar\u0131 Yar\u0131\u015fmas\u0131 yap\u0131ld\u0131 -\",\"isPartOf\":{\"@id\":\"https:\\\/\\\/kibrisdakik.com\\\/#website\"},\"primaryImageOfPage\":{\"@id\":\"https:\\\/\\\/kibrisdakik.com\\\/?p=80042#primaryimage\"},\"image\":{\"@id\":\"https:\\\/\\\/kibrisdakik.com\\\/?p=80042#primaryimage\"},\"thumbnailUrl\":\"https:\\\/\\\/kibrisdakik.com\\\/wp-content\\\/uploads\\\/2025\\\/04\\\/tarih-avcilari-13-740x420.jpg\",\"datePublished\":\"2025-04-12T13:23:21+00:00\",\"author\":{\"@id\":\"https:\\\/\\\/kibrisdakik.com\\\/#\\\/schema\\\/person\\\/9cd9d437bbb44f72b73ba127e06d8e79\"},\"breadcrumb\":{\"@id\":\"https:\\\/\\\/kibrisdakik.com\\\/?p=80042#breadcrumb\"},\"inLanguage\":\"tr\",\"potentialAction\":[{\"@type\":\"ReadAction\",\"target\":[\"https:\\\/\\\/kibrisdakik.com\\\/?p=80042\"]}]},{\"@type\":\"ImageObject\",\"inLanguage\":\"tr\",\"@id\":\"https:\\\/\\\/kibrisdakik.com\\\/?p=80042#primaryimage\",\"url\":\"https:\\\/\\\/kibrisdakik.com\\\/wp-content\\\/uploads\\\/2025\\\/04\\\/tarih-avcilari-13-740x420.jpg\",\"contentUrl\":\"https:\\\/\\\/kibrisdakik.com\\\/wp-content\\\/uploads\\\/2025\\\/04\\\/tarih-avcilari-13-740x420.jpg\",\"width\":927,\"height\":509},{\"@type\":\"BreadcrumbList\",\"@id\":\"https:\\\/\\\/kibrisdakik.com\\\/?p=80042#breadcrumb\",\"itemListElement\":[{\"@type\":\"ListItem\",\"position\":1,\"name\":\"Home\",\"item\":\"https:\\\/\\\/kibrisdakik.com\\\/\"},{\"@type\":\"ListItem\",\"position\":2,\"name\":\"Gazima\u011fusa\u2019da 10. Ortaokullar Aras\u0131 Tarih Avc\u0131lar\u0131 Yar\u0131\u015fmas\u0131 yap\u0131ld\u0131\"}]},{\"@type\":\"WebSite\",\"@id\":\"https:\\\/\\\/kibrisdakik.com\\\/#website\",\"url\":\"https:\\\/\\\/kibrisdakik.com\\\/\",\"name\":\"\",\"description\":\"Tam vaktinde haber\",\"potentialAction\":[{\"@type\":\"SearchAction\",\"target\":{\"@type\":\"EntryPoint\",\"urlTemplate\":\"https:\\\/\\\/kibrisdakik.com\\\/?s={search_term_string}\"},\"query-input\":{\"@type\":\"PropertyValueSpecification\",\"valueRequired\":true,\"valueName\":\"search_term_string\"}}],\"inLanguage\":\"tr\"},{\"@type\":\"Person\",\"@id\":\"https:\\\/\\\/kibrisdakik.com\\\/#\\\/schema\\\/person\\\/9cd9d437bbb44f72b73ba127e06d8e79\",\"name\":\"admin\",\"image\":{\"@type\":\"ImageObject\",\"inLanguage\":\"tr\",\"@id\":\"https:\\\/\\\/secure.gravatar.com\\\/avatar\\\/ccc17943b9d660506c869530f897617f7cb1c21a4bf30023f252596d83e1f007?s=96&d=mm&r=g\",\"url\":\"https:\\\/\\\/secure.gravatar.com\\\/avatar\\\/ccc17943b9d660506c869530f897617f7cb1c21a4bf30023f252596d83e1f007?s=96&d=mm&r=g\",\"contentUrl\":\"https:\\\/\\\/secure.gravatar.com\\\/avatar\\\/ccc17943b9d660506c869530f897617f7cb1c21a4bf30023f252596d83e1f007?s=96&d=mm&r=g\",\"caption\":\"admin\"},\"sameAs\":[\"https:\\\/\\\/kibrisdakik.com\"],\"url\":\"https:\\\/\\\/kibrisdakik.com\\\/?author=1\"}]}<\/script>\n<!-- \/ Yoast SEO plugin. -->","yoast_head_json":{"title":"Gazima\u011fusa\u2019da 10. Ortaokullar Aras\u0131 Tarih Avc\u0131lar\u0131 Yar\u0131\u015fmas\u0131 yap\u0131ld\u0131 -","robots":{"index":"index","follow":"follow","max-snippet":"max-snippet:-1","max-image-preview":"max-image-preview:large","max-video-preview":"max-video-preview:-1"},"canonical":"https:\/\/kibrisdakik.com\/?p=80042","og_locale":"tr_TR","og_type":"article","og_title":"Gazima\u011fusa\u2019da 10. Ortaokullar Aras\u0131 Tarih Avc\u0131lar\u0131 Yar\u0131\u015fmas\u0131 yap\u0131ld\u0131 -","og_description":"Uluslararas\u0131 Gazima\u011fusa \u00c7ocuk ve Gen\u00e7lik Festivali kapsam\u0131nda 10. Ortaokullar Aras\u0131 Tarih Avc\u0131lar\u0131 Yar\u0131\u015fmas\u0131, Desdemona Park\u0131\u2019nda ger\u00e7ekle\u015ftirildi.\u00a0 Gazima\u011fusa Belediyesi\u2019nden verilen bilgiye g\u00f6re,\u00a0Gazima\u011fusa Belediyesi ile Ma\u011fusa K\u00fclt\u00fcr Derne\u011fi i\u015f birli\u011finde ger\u00e7ekle\u015fen yar\u0131\u015fma,\u00a0Gazima\u011fusa ve farkl\u0131 b\u00f6lgelerdeki 11 okul aras\u0131nda yap\u0131ld\u0131. Yar\u0131\u015fmada, 94 puanla Gazima\u011fusa T\u00fcrk Maarif Koleji\u2019nin birinci, 89 puanla Polatpa\u015fa Ortaokulu\u2019nun ikinci ve 84 puanla Canbulat \u00d6zg\u00fcrl\u00fck","og_url":"https:\/\/kibrisdakik.com\/?p=80042","article_published_time":"2025-04-12T13:23:21+00:00","og_image":[{"width":927,"height":509,"url":"https:\/\/kibrisdakik.com\/wp-content\/uploads\/2025\/04\/tarih-avcilari-13-740x420.jpg","type":"image\/jpeg"}],"author":"admin","twitter_card":"summary_large_image","twitter_misc":{"Yazan:":"admin","Tahmini okuma s\u00fcresi":"1 dakika"},"schema":{"@context":"https:\/\/schema.org","@graph":[{"@type":"Article","@id":"https:\/\/kibrisdakik.com\/?p=80042#article","isPartOf":{"@id":"https:\/\/kibrisdakik.com\/?p=80042"},"author":{"name":"admin","@id":"https:\/\/kibrisdakik.com\/#\/schema\/person\/9cd9d437bbb44f72b73ba127e06d8e79"},"headline":"Gazima\u011fusa\u2019da 10. Ortaokullar Aras\u0131 Tarih Avc\u0131lar\u0131 Yar\u0131\u015fmas\u0131 yap\u0131ld\u0131","datePublished":"2025-04-12T13:23:21+00:00","mainEntityOfPage":{"@id":"https:\/\/kibrisdakik.com\/?p=80042"},"wordCount":208,"commentCount":0,"image":{"@id":"https:\/\/kibrisdakik.com\/?p=80042#primaryimage"},"thumbnailUrl":"https:\/\/kibrisdakik.com\/wp-content\/uploads\/2025\/04\/tarih-avcilari-13-740x420.jpg","articleSection":["K\u0131br\u0131s","Man\u015fet"],"inLanguage":"tr","potentialAction":[{"@type":"CommentAction","name":"Comment","target":["https:\/\/kibrisdakik.com\/?p=80042#respond"]}]},{"@type":"WebPage","@id":"https:\/\/kibrisdakik.com\/?p=80042","url":"https:\/\/kibrisdakik.com\/?p=80042","name":"Gazima\u011fusa\u2019da 10. Ortaokullar Aras\u0131 Tarih Avc\u0131lar\u0131 Yar\u0131\u015fmas\u0131 yap\u0131ld\u0131 -","isPartOf":{"@id":"https:\/\/kibrisdakik.com\/#website"},"primaryImageOfPage":{"@id":"https:\/\/kibrisdakik.com\/?p=80042#primaryimage"},"image":{"@id":"https:\/\/kibrisdakik.com\/?p=80042#primaryimage"},"thumbnailUrl":"https:\/\/kibrisdakik.com\/wp-content\/uploads\/2025\/04\/tarih-avcilari-13-740x420.jpg","datePublished":"2025-04-12T13:23:21+00:00","author":{"@id":"https:\/\/kibrisdakik.com\/#\/schema\/person\/9cd9d437bbb44f72b73ba127e06d8e79"},"breadcrumb":{"@id":"https:\/\/kibrisdakik.com\/?p=80042#breadcrumb"},"inLanguage":"tr","potentialAction":[{"@type":"ReadAction","target":["https:\/\/kibrisdakik.com\/?p=80042"]}]},{"@type":"ImageObject","inLanguage":"tr","@id":"https:\/\/kibrisdakik.com\/?p=80042#primaryimage","url":"https:\/\/kibrisdakik.com\/wp-content\/uploads\/2025\/04\/tarih-avcilari-13-740x420.jpg","contentUrl":"https:\/\/kibrisdakik.com\/wp-content\/uploads\/2025\/04\/tarih-avcilari-13-740x420.jpg","width":927,"height":509},{"@type":"BreadcrumbList","@id":"https:\/\/kibrisdakik.com\/?p=80042#breadcrumb","itemListElement":[{"@type":"ListItem","position":1,"name":"Home","item":"https:\/\/kibrisdakik.com\/"},{"@type":"ListItem","position":2,"name":"Gazima\u011fusa\u2019da 10. Ortaokullar Aras\u0131 Tarih Avc\u0131lar\u0131 Yar\u0131\u015fmas\u0131 yap\u0131ld\u0131"}]},{"@type":"WebSite","@id":"https:\/\/kibrisdakik.com\/#website","url":"https:\/\/kibrisdakik.com\/","name":"","description":"Tam vaktinde haber","potentialAction":[{"@type":"SearchAction","target":{"@type":"EntryPoint","urlTemplate":"https:\/\/kibrisdakik.com\/?s={search_term_string}"},"query-input":{"@type":"PropertyValueSpecification","valueRequired":true,"valueName":"search_term_string"}}],"inLanguage":"tr"},{"@type":"Person","@id":"https:\/\/kibrisdakik.com\/#\/schema\/person\/9cd9d437bbb44f72b73ba127e06d8e79","name":"admin","image":{"@type":"ImageObject","inLanguage":"tr","@id":"https:\/\/secure.gravatar.com\/avatar\/ccc17943b9d660506c869530f897617f7cb1c21a4bf30023f252596d83e1f007?s=96&d=mm&r=g","url":"https:\/\/secure.gravatar.com\/avatar\/ccc17943b9d660506c869530f897617f7cb1c21a4bf30023f252596d83e1f007?s=96&d=mm&r=g","contentUrl":"https:\/\/secure.gravatar.com\/avatar\/ccc17943b9d660506c869530f897617f7cb1c21a4bf30023f252596d83e1f007?s=96&d=mm&r=g","caption":"admin"},"sameAs":["https:\/\/kibrisdakik.com"],"url":"https:\/\/kibrisdakik.com\/?author=1"}]}},"_links":{"self":[{"href":"https:\/\/kibrisdakik.com\/index.php?rest_route=\/wp\/v2\/posts\/80042","targetHints":{"allow":["GET"]}}],"collection":[{"href":"https:\/\/kibrisdakik.com\/index.php?rest_route=\/wp\/v2\/posts"}],"about":[{"href":"https:\/\/kibrisdakik.com\/index.php?rest_route=\/wp\/v2\/types\/post"}],"author":[{"embeddable":true,"href":"https:\/\/kibrisdakik.com\/index.php?rest_route=\/wp\/v2\/users\/1"}],"replies":[{"embeddable":true,"href":"https:\/\/kibrisdakik.com\/index.php?rest_route=%2Fwp%2Fv2%2Fcomments&post=80042"}],"version-history":[{"count":0,"href":"https:\/\/kibrisdakik.com\/index.php?rest_route=\/wp\/v2\/posts\/80042\/revisions"}],"wp:featuredmedia":[{"embeddable":true,"href":"https:\/\/kibrisdakik.com\/index.php?rest_route=\/wp\/v2\/media\/80043"}],"wp:attachment":[{"href":"https:\/\/kibrisdakik.com\/index.php?rest_route=%2Fwp%2Fv2%2Fmedia&parent=80042"}],"wp:term":[{"taxonomy":"category","embeddable":true,"href":"https:\/\/kibrisdakik.com\/index.php?rest_route=%2Fwp%2Fv2%2Fcategories&post=80042"},{"taxonomy":"post_tag","embeddable":true,"href":"https:\/\/kibrisdakik.com\/index.php?rest_route=%2Fwp%2Fv2%2Ftags&post=80042"}],"curies":[{"name":"wp","href":"https:\/\/api.w.org\/{rel}","templated":true}]}}