{"id":80048,"date":"2025-04-12T17:59:34","date_gmt":"2025-04-12T14:59:34","guid":{"rendered":"https:\/\/kibrisdakik.com\/index.php\/2025\/04\/12\/cumhurbaskani-tatar-tursoy-genel-sekreteri-sultan-raev-ile-gorustu\/"},"modified":"2025-04-12T17:59:34","modified_gmt":"2025-04-12T14:59:34","slug":"cumhurbaskani-tatar-tursoy-genel-sekreteri-sultan-raev-ile-gorustu","status":"publish","type":"post","link":"https:\/\/kibrisdakik.com\/?p=80048","title":{"rendered":"Cumhurba\u015fkan\u0131 Tatar, T\u00dcRSOY Genel Sekreteri Sultan Raev ile g\u00f6r\u00fc\u015ft\u00fc"},"content":{"rendered":"<div>\n<div class=\"mariselle-image-container none\">\n                                            <\/div>\n<p>Cumhurba\u015fkan\u0131 Ersin Tatar, 4. Antalya Diplomasi Forumu kapsam\u0131nda, Uluslararas\u0131 T\u00fcrk K\u00fclt\u00fcr Te\u015fkilat\u0131 (T\u00dcRKSOY) Genel Sekreteri Sultan Raev ile g\u00f6r\u00fc\u015ft\u00fc.<\/p>\n<p>Cumhurba\u015fkanl\u0131\u011f\u0131\u2019ndan verilen bilgiye g\u00f6re, Cumhurba\u015fkan\u0131 Ersin Tatar, g\u00f6r\u00fc\u015fmede yapt\u0131\u011f\u0131 konu\u015fmada, Kuzey K\u0131br\u0131s T\u00fcrk Cumhuriyeti\u2019nin, T\u00fcrk D\u00fcnyas\u0131ndaki \u00f6nemine dikkat \u00e7ekti.<\/p>\n<p>Cumhurba\u015fkan\u0131 Tatar, konu\u015fmas\u0131nda ayr\u0131ca Kuzey K\u0131br\u0131s T\u00fcrk Cumhuriyeti\u2019nin T\u00fcrk D\u00fcnyas\u0131\u2019nda k\u00fclt\u00fcr, sanat, akademi ve hayat\u0131n her alan\u0131nda yapt\u0131\u011f\u0131 katk\u0131lara vurgu yapt\u0131.<\/p>\n<p>T\u00dcRKSOY\u2019un yapt\u0131\u011f\u0131 t\u00fcm etkinliklerde Kuzey K\u0131br\u0131s T\u00fcrk Cumhuriyeti\u2019nin daha etkin ve g\u00f6r\u00fcn\u00fcr olmas\u0131 i\u00e7in verdi\u011fi destekten dolay\u0131 T\u00dcRKSOY Genel Sekreteri Sultan Raev\u2019e te\u015fekk\u00fcr eden Cumhurba\u015fkan\u0131 Tatar, kendisini 3 May\u0131s D\u00fcnya T\u00fcrk\u00e7\u00fcl\u00fck G\u00fcn\u00fcnde a\u00e7\u0131lacak, Yeni Cumhurba\u015fkanl\u0131\u011f\u0131 Yerle\u015fkesinin a\u00e7\u0131l\u0131\u015f t\u00f6renine davet etti.<\/p>\n<p>T\u00dcRKSOY Genel Sekreteri Sultan Raev de konu\u015fmas\u0131nda, 2006 y\u0131l\u0131nda K\u0131rg\u0131zsiztan K\u00fclt\u00fcr Bakan\u0131 oldu\u011fu d\u00f6nemde, Kuzey K\u0131br\u0131s T\u00fcrk Cumhuriyeti\u2019ne ilk resmi ziyareti kendisinin yapt\u0131\u011f\u0131na dikkat \u00e7ekerek, ziyarette kendisine \u015fimdiki K\u0131rg\u0131zistan Cumhurba\u015fkan\u0131 Sad\u0131r Caparov\u2019un e\u015flik etti\u011fini s\u00f6yledi.<\/p>\n<p>T\u00dcRKSOY Genel Sekreteri Raev, ge\u00e7en y\u0131l ger\u00e7ekle\u015fen 15 Kas\u0131m Cumhuriyet Bayram\u0131 kutlamalar\u0131nda da KKTC\u2019ye geldi\u011fini an\u0131msatarak, k\u00fclt\u00fcr\u00fcn ve ya\u015fam\u0131n her alan\u0131nda \u00f6nemli \u00e7al\u0131\u015fmalar yapan T\u00dcRKSOY\u2019da Kuzey K\u0131br\u0131s T\u00fcrk Cumhuriyeti sanat\u00e7\u0131lar\u0131n\u0131 g\u00f6rmekten duydu\u011fu memnuniyet ifade etti.<\/p>\n<p>T\u00dcRKSOY Genel Sekreteri Raev, KKTC\u2019ye her t\u00fcrl\u00fc deste\u011fi vermeye devam edeceklerini s\u00f6zlerine ekledi.<\/p>\n<p>Cumhurba\u015fkan\u0131 Ersin Tatar\u2019a g\u00f6r\u00fc\u015fmede; Cumhurba\u015fkan\u0131 Uluslararas\u0131 \u0130li\u015fkiler ve Diplomasi \u00d6zel Dan\u0131\u015fman\u0131 Prof. Dr. H\u00fcseyin I\u015f\u0131ksal, Cumhurba\u015fkan\u0131 \u00d6zel Dan\u0131\u015fman\u0131 G\u00f6khan G\u00fcler ve Cumhurba\u015fkan\u0131 Gen\u00e7lik Dan\u0131\u015fman\u0131 Mustafa F\u0131rat e\u015flik etti.<\/p>\n<\/p><\/div>\n<p><script async\n                    defer\n                    crossorigin=\"anonymous\"\n                    src=\"https:\/\/connect.facebook.net\/tr_TR\/sdk.js#xfbml=1&#038;version=v3.3\"\n            ><\/script><\/p>\n","protected":false},"excerpt":{"rendered":"<p>Cumhurba\u015fkan\u0131 Ersin Tatar, 4. Antalya Diplomasi Forumu kapsam\u0131nda, Uluslararas\u0131 T\u00fcrk K\u00fclt\u00fcr Te\u015fkilat\u0131 (T\u00dcRKSOY) Genel Sekreteri Sultan Raev ile g\u00f6r\u00fc\u015ft\u00fc. Cumhurba\u015fkanl\u0131\u011f\u0131\u2019ndan verilen bilgiye g\u00f6re, Cumhurba\u015fkan\u0131 Ersin Tatar, g\u00f6r\u00fc\u015fmede yapt\u0131\u011f\u0131 konu\u015fmada, Kuzey K\u0131br\u0131s T\u00fcrk Cumhuriyeti\u2019nin, T\u00fcrk D\u00fcnyas\u0131ndaki \u00f6nemine dikkat \u00e7ekti. Cumhurba\u015fkan\u0131 Tatar, konu\u015fmas\u0131nda ayr\u0131ca Kuzey K\u0131br\u0131s T\u00fcrk Cumhuriyeti\u2019nin T\u00fcrk D\u00fcnyas\u0131\u2019nda k\u00fclt\u00fcr, sanat, akademi ve hayat\u0131n her alan\u0131nda<\/p>\n","protected":false},"author":1,"featured_media":80049,"comment_status":"open","ping_status":"open","sticky":false,"template":"","format":"standard","meta":{"footnotes":""},"categories":[81,101],"tags":[],"class_list":["post-80048","post","type-post","status-publish","format-standard","has-post-thumbnail","hentry","category-kibris","category-manset"],"yoast_head":"<!-- This site is optimized with the Yoast SEO plugin v27.5 - https:\/\/yoast.com\/product\/yoast-seo-wordpress\/ -->\n<title>Cumhurba\u015fkan\u0131 Tatar, T\u00dcRSOY Genel Sekreteri Sultan Raev ile g\u00f6r\u00fc\u015ft\u00fc -<\/title>\n<meta name=\"robots\" content=\"index, follow, max-snippet:-1, max-image-preview:large, max-video-preview:-1\" \/>\n<link rel=\"canonical\" href=\"https:\/\/kibrisdakik.com\/?p=80048\" \/>\n<meta property=\"og:locale\" content=\"tr_TR\" \/>\n<meta property=\"og:type\" content=\"article\" \/>\n<meta property=\"og:title\" content=\"Cumhurba\u015fkan\u0131 Tatar, T\u00dcRSOY Genel Sekreteri Sultan Raev ile g\u00f6r\u00fc\u015ft\u00fc -\" \/>\n<meta property=\"og:description\" content=\"Cumhurba\u015fkan\u0131 Ersin Tatar, 4. Antalya Diplomasi Forumu kapsam\u0131nda, Uluslararas\u0131 T\u00fcrk K\u00fclt\u00fcr Te\u015fkilat\u0131 (T\u00dcRKSOY) Genel Sekreteri Sultan Raev ile g\u00f6r\u00fc\u015ft\u00fc. Cumhurba\u015fkanl\u0131\u011f\u0131\u2019ndan verilen bilgiye g\u00f6re, Cumhurba\u015fkan\u0131 Ersin Tatar, g\u00f6r\u00fc\u015fmede yapt\u0131\u011f\u0131 konu\u015fmada, Kuzey K\u0131br\u0131s T\u00fcrk Cumhuriyeti\u2019nin, T\u00fcrk D\u00fcnyas\u0131ndaki \u00f6nemine dikkat \u00e7ekti. Cumhurba\u015fkan\u0131 Tatar, konu\u015fmas\u0131nda ayr\u0131ca Kuzey K\u0131br\u0131s T\u00fcrk Cumhuriyeti\u2019nin T\u00fcrk D\u00fcnyas\u0131\u2019nda k\u00fclt\u00fcr, sanat, akademi ve hayat\u0131n her alan\u0131nda\" \/>\n<meta property=\"og:url\" content=\"https:\/\/kibrisdakik.com\/?p=80048\" \/>\n<meta property=\"article:published_time\" content=\"2025-04-12T14:59:34+00:00\" \/>\n<meta property=\"og:image\" content=\"https:\/\/kibrisdakik.com\/wp-content\/uploads\/2025\/04\/1744461738113Tatar-Turksoy-740x420.jpg\" \/>\n\t<meta property=\"og:image:width\" content=\"1600\" \/>\n\t<meta property=\"og:image:height\" content=\"1066\" \/>\n\t<meta property=\"og:image:type\" content=\"image\/jpeg\" \/>\n<meta name=\"author\" content=\"admin\" \/>\n<meta name=\"twitter:card\" content=\"summary_large_image\" \/>\n<meta name=\"twitter:label1\" content=\"Yazan:\" \/>\n\t<meta name=\"twitter:data1\" content=\"admin\" \/>\n\t<meta name=\"twitter:label2\" content=\"Tahmini okuma s\u00fcresi\" \/>\n\t<meta name=\"twitter:data2\" content=\"2 dakika\" \/>\n<script type=\"application\/ld+json\" class=\"yoast-schema-graph\">{\"@context\":\"https:\\\/\\\/schema.org\",\"@graph\":[{\"@type\":\"Article\",\"@id\":\"https:\\\/\\\/kibrisdakik.com\\\/?p=80048#article\",\"isPartOf\":{\"@id\":\"https:\\\/\\\/kibrisdakik.com\\\/?p=80048\"},\"author\":{\"name\":\"admin\",\"@id\":\"https:\\\/\\\/kibrisdakik.com\\\/#\\\/schema\\\/person\\\/9cd9d437bbb44f72b73ba127e06d8e79\"},\"headline\":\"Cumhurba\u015fkan\u0131 Tatar, T\u00dcRSOY Genel Sekreteri Sultan Raev ile g\u00f6r\u00fc\u015ft\u00fc\",\"datePublished\":\"2025-04-12T14:59:34+00:00\",\"mainEntityOfPage\":{\"@id\":\"https:\\\/\\\/kibrisdakik.com\\\/?p=80048\"},\"wordCount\":360,\"commentCount\":0,\"image\":{\"@id\":\"https:\\\/\\\/kibrisdakik.com\\\/?p=80048#primaryimage\"},\"thumbnailUrl\":\"https:\\\/\\\/kibrisdakik.com\\\/wp-content\\\/uploads\\\/2025\\\/04\\\/1744461738113Tatar-Turksoy-740x420.jpg\",\"articleSection\":[\"K\u0131br\u0131s\",\"Man\u015fet\"],\"inLanguage\":\"tr\",\"potentialAction\":[{\"@type\":\"CommentAction\",\"name\":\"Comment\",\"target\":[\"https:\\\/\\\/kibrisdakik.com\\\/?p=80048#respond\"]}]},{\"@type\":\"WebPage\",\"@id\":\"https:\\\/\\\/kibrisdakik.com\\\/?p=80048\",\"url\":\"https:\\\/\\\/kibrisdakik.com\\\/?p=80048\",\"name\":\"Cumhurba\u015fkan\u0131 Tatar, T\u00dcRSOY Genel Sekreteri Sultan Raev ile g\u00f6r\u00fc\u015ft\u00fc -\",\"isPartOf\":{\"@id\":\"https:\\\/\\\/kibrisdakik.com\\\/#website\"},\"primaryImageOfPage\":{\"@id\":\"https:\\\/\\\/kibrisdakik.com\\\/?p=80048#primaryimage\"},\"image\":{\"@id\":\"https:\\\/\\\/kibrisdakik.com\\\/?p=80048#primaryimage\"},\"thumbnailUrl\":\"https:\\\/\\\/kibrisdakik.com\\\/wp-content\\\/uploads\\\/2025\\\/04\\\/1744461738113Tatar-Turksoy-740x420.jpg\",\"datePublished\":\"2025-04-12T14:59:34+00:00\",\"author\":{\"@id\":\"https:\\\/\\\/kibrisdakik.com\\\/#\\\/schema\\\/person\\\/9cd9d437bbb44f72b73ba127e06d8e79\"},\"breadcrumb\":{\"@id\":\"https:\\\/\\\/kibrisdakik.com\\\/?p=80048#breadcrumb\"},\"inLanguage\":\"tr\",\"potentialAction\":[{\"@type\":\"ReadAction\",\"target\":[\"https:\\\/\\\/kibrisdakik.com\\\/?p=80048\"]}]},{\"@type\":\"ImageObject\",\"inLanguage\":\"tr\",\"@id\":\"https:\\\/\\\/kibrisdakik.com\\\/?p=80048#primaryimage\",\"url\":\"https:\\\/\\\/kibrisdakik.com\\\/wp-content\\\/uploads\\\/2025\\\/04\\\/1744461738113Tatar-Turksoy-740x420.jpg\",\"contentUrl\":\"https:\\\/\\\/kibrisdakik.com\\\/wp-content\\\/uploads\\\/2025\\\/04\\\/1744461738113Tatar-Turksoy-740x420.jpg\",\"width\":1600,\"height\":1066},{\"@type\":\"BreadcrumbList\",\"@id\":\"https:\\\/\\\/kibrisdakik.com\\\/?p=80048#breadcrumb\",\"itemListElement\":[{\"@type\":\"ListItem\",\"position\":1,\"name\":\"Home\",\"item\":\"https:\\\/\\\/kibrisdakik.com\\\/\"},{\"@type\":\"ListItem\",\"position\":2,\"name\":\"Cumhurba\u015fkan\u0131 Tatar, T\u00dcRSOY Genel Sekreteri Sultan Raev ile g\u00f6r\u00fc\u015ft\u00fc\"}]},{\"@type\":\"WebSite\",\"@id\":\"https:\\\/\\\/kibrisdakik.com\\\/#website\",\"url\":\"https:\\\/\\\/kibrisdakik.com\\\/\",\"name\":\"\",\"description\":\"Tam vaktinde haber\",\"potentialAction\":[{\"@type\":\"SearchAction\",\"target\":{\"@type\":\"EntryPoint\",\"urlTemplate\":\"https:\\\/\\\/kibrisdakik.com\\\/?s={search_term_string}\"},\"query-input\":{\"@type\":\"PropertyValueSpecification\",\"valueRequired\":true,\"valueName\":\"search_term_string\"}}],\"inLanguage\":\"tr\"},{\"@type\":\"Person\",\"@id\":\"https:\\\/\\\/kibrisdakik.com\\\/#\\\/schema\\\/person\\\/9cd9d437bbb44f72b73ba127e06d8e79\",\"name\":\"admin\",\"image\":{\"@type\":\"ImageObject\",\"inLanguage\":\"tr\",\"@id\":\"https:\\\/\\\/secure.gravatar.com\\\/avatar\\\/ccc17943b9d660506c869530f897617f7cb1c21a4bf30023f252596d83e1f007?s=96&d=mm&r=g\",\"url\":\"https:\\\/\\\/secure.gravatar.com\\\/avatar\\\/ccc17943b9d660506c869530f897617f7cb1c21a4bf30023f252596d83e1f007?s=96&d=mm&r=g\",\"contentUrl\":\"https:\\\/\\\/secure.gravatar.com\\\/avatar\\\/ccc17943b9d660506c869530f897617f7cb1c21a4bf30023f252596d83e1f007?s=96&d=mm&r=g\",\"caption\":\"admin\"},\"sameAs\":[\"https:\\\/\\\/kibrisdakik.com\"],\"url\":\"https:\\\/\\\/kibrisdakik.com\\\/?author=1\"}]}<\/script>\n<!-- \/ Yoast SEO plugin. -->","yoast_head_json":{"title":"Cumhurba\u015fkan\u0131 Tatar, T\u00dcRSOY Genel Sekreteri Sultan Raev ile g\u00f6r\u00fc\u015ft\u00fc -","robots":{"index":"index","follow":"follow","max-snippet":"max-snippet:-1","max-image-preview":"max-image-preview:large","max-video-preview":"max-video-preview:-1"},"canonical":"https:\/\/kibrisdakik.com\/?p=80048","og_locale":"tr_TR","og_type":"article","og_title":"Cumhurba\u015fkan\u0131 Tatar, T\u00dcRSOY Genel Sekreteri Sultan Raev ile g\u00f6r\u00fc\u015ft\u00fc -","og_description":"Cumhurba\u015fkan\u0131 Ersin Tatar, 4. Antalya Diplomasi Forumu kapsam\u0131nda, Uluslararas\u0131 T\u00fcrk K\u00fclt\u00fcr Te\u015fkilat\u0131 (T\u00dcRKSOY) Genel Sekreteri Sultan Raev ile g\u00f6r\u00fc\u015ft\u00fc. Cumhurba\u015fkanl\u0131\u011f\u0131\u2019ndan verilen bilgiye g\u00f6re, Cumhurba\u015fkan\u0131 Ersin Tatar, g\u00f6r\u00fc\u015fmede yapt\u0131\u011f\u0131 konu\u015fmada, Kuzey K\u0131br\u0131s T\u00fcrk Cumhuriyeti\u2019nin, T\u00fcrk D\u00fcnyas\u0131ndaki \u00f6nemine dikkat \u00e7ekti. Cumhurba\u015fkan\u0131 Tatar, konu\u015fmas\u0131nda ayr\u0131ca Kuzey K\u0131br\u0131s T\u00fcrk Cumhuriyeti\u2019nin T\u00fcrk D\u00fcnyas\u0131\u2019nda k\u00fclt\u00fcr, sanat, akademi ve hayat\u0131n her alan\u0131nda","og_url":"https:\/\/kibrisdakik.com\/?p=80048","article_published_time":"2025-04-12T14:59:34+00:00","og_image":[{"width":1600,"height":1066,"url":"https:\/\/kibrisdakik.com\/wp-content\/uploads\/2025\/04\/1744461738113Tatar-Turksoy-740x420.jpg","type":"image\/jpeg"}],"author":"admin","twitter_card":"summary_large_image","twitter_misc":{"Yazan:":"admin","Tahmini okuma s\u00fcresi":"2 dakika"},"schema":{"@context":"https:\/\/schema.org","@graph":[{"@type":"Article","@id":"https:\/\/kibrisdakik.com\/?p=80048#article","isPartOf":{"@id":"https:\/\/kibrisdakik.com\/?p=80048"},"author":{"name":"admin","@id":"https:\/\/kibrisdakik.com\/#\/schema\/person\/9cd9d437bbb44f72b73ba127e06d8e79"},"headline":"Cumhurba\u015fkan\u0131 Tatar, T\u00dcRSOY Genel Sekreteri Sultan Raev ile g\u00f6r\u00fc\u015ft\u00fc","datePublished":"2025-04-12T14:59:34+00:00","mainEntityOfPage":{"@id":"https:\/\/kibrisdakik.com\/?p=80048"},"wordCount":360,"commentCount":0,"image":{"@id":"https:\/\/kibrisdakik.com\/?p=80048#primaryimage"},"thumbnailUrl":"https:\/\/kibrisdakik.com\/wp-content\/uploads\/2025\/04\/1744461738113Tatar-Turksoy-740x420.jpg","articleSection":["K\u0131br\u0131s","Man\u015fet"],"inLanguage":"tr","potentialAction":[{"@type":"CommentAction","name":"Comment","target":["https:\/\/kibrisdakik.com\/?p=80048#respond"]}]},{"@type":"WebPage","@id":"https:\/\/kibrisdakik.com\/?p=80048","url":"https:\/\/kibrisdakik.com\/?p=80048","name":"Cumhurba\u015fkan\u0131 Tatar, T\u00dcRSOY Genel Sekreteri Sultan Raev ile g\u00f6r\u00fc\u015ft\u00fc -","isPartOf":{"@id":"https:\/\/kibrisdakik.com\/#website"},"primaryImageOfPage":{"@id":"https:\/\/kibrisdakik.com\/?p=80048#primaryimage"},"image":{"@id":"https:\/\/kibrisdakik.com\/?p=80048#primaryimage"},"thumbnailUrl":"https:\/\/kibrisdakik.com\/wp-content\/uploads\/2025\/04\/1744461738113Tatar-Turksoy-740x420.jpg","datePublished":"2025-04-12T14:59:34+00:00","author":{"@id":"https:\/\/kibrisdakik.com\/#\/schema\/person\/9cd9d437bbb44f72b73ba127e06d8e79"},"breadcrumb":{"@id":"https:\/\/kibrisdakik.com\/?p=80048#breadcrumb"},"inLanguage":"tr","potentialAction":[{"@type":"ReadAction","target":["https:\/\/kibrisdakik.com\/?p=80048"]}]},{"@type":"ImageObject","inLanguage":"tr","@id":"https:\/\/kibrisdakik.com\/?p=80048#primaryimage","url":"https:\/\/kibrisdakik.com\/wp-content\/uploads\/2025\/04\/1744461738113Tatar-Turksoy-740x420.jpg","contentUrl":"https:\/\/kibrisdakik.com\/wp-content\/uploads\/2025\/04\/1744461738113Tatar-Turksoy-740x420.jpg","width":1600,"height":1066},{"@type":"BreadcrumbList","@id":"https:\/\/kibrisdakik.com\/?p=80048#breadcrumb","itemListElement":[{"@type":"ListItem","position":1,"name":"Home","item":"https:\/\/kibrisdakik.com\/"},{"@type":"ListItem","position":2,"name":"Cumhurba\u015fkan\u0131 Tatar, T\u00dcRSOY Genel Sekreteri Sultan Raev ile g\u00f6r\u00fc\u015ft\u00fc"}]},{"@type":"WebSite","@id":"https:\/\/kibrisdakik.com\/#website","url":"https:\/\/kibrisdakik.com\/","name":"","description":"Tam vaktinde haber","potentialAction":[{"@type":"SearchAction","target":{"@type":"EntryPoint","urlTemplate":"https:\/\/kibrisdakik.com\/?s={search_term_string}"},"query-input":{"@type":"PropertyValueSpecification","valueRequired":true,"valueName":"search_term_string"}}],"inLanguage":"tr"},{"@type":"Person","@id":"https:\/\/kibrisdakik.com\/#\/schema\/person\/9cd9d437bbb44f72b73ba127e06d8e79","name":"admin","image":{"@type":"ImageObject","inLanguage":"tr","@id":"https:\/\/secure.gravatar.com\/avatar\/ccc17943b9d660506c869530f897617f7cb1c21a4bf30023f252596d83e1f007?s=96&d=mm&r=g","url":"https:\/\/secure.gravatar.com\/avatar\/ccc17943b9d660506c869530f897617f7cb1c21a4bf30023f252596d83e1f007?s=96&d=mm&r=g","contentUrl":"https:\/\/secure.gravatar.com\/avatar\/ccc17943b9d660506c869530f897617f7cb1c21a4bf30023f252596d83e1f007?s=96&d=mm&r=g","caption":"admin"},"sameAs":["https:\/\/kibrisdakik.com"],"url":"https:\/\/kibrisdakik.com\/?author=1"}]}},"_links":{"self":[{"href":"https:\/\/kibrisdakik.com\/index.php?rest_route=\/wp\/v2\/posts\/80048","targetHints":{"allow":["GET"]}}],"collection":[{"href":"https:\/\/kibrisdakik.com\/index.php?rest_route=\/wp\/v2\/posts"}],"about":[{"href":"https:\/\/kibrisdakik.com\/index.php?rest_route=\/wp\/v2\/types\/post"}],"author":[{"embeddable":true,"href":"https:\/\/kibrisdakik.com\/index.php?rest_route=\/wp\/v2\/users\/1"}],"replies":[{"embeddable":true,"href":"https:\/\/kibrisdakik.com\/index.php?rest_route=%2Fwp%2Fv2%2Fcomments&post=80048"}],"version-history":[{"count":0,"href":"https:\/\/kibrisdakik.com\/index.php?rest_route=\/wp\/v2\/posts\/80048\/revisions"}],"wp:featuredmedia":[{"embeddable":true,"href":"https:\/\/kibrisdakik.com\/index.php?rest_route=\/wp\/v2\/media\/80049"}],"wp:attachment":[{"href":"https:\/\/kibrisdakik.com\/index.php?rest_route=%2Fwp%2Fv2%2Fmedia&parent=80048"}],"wp:term":[{"taxonomy":"category","embeddable":true,"href":"https:\/\/kibrisdakik.com\/index.php?rest_route=%2Fwp%2Fv2%2Fcategories&post=80048"},{"taxonomy":"post_tag","embeddable":true,"href":"https:\/\/kibrisdakik.com\/index.php?rest_route=%2Fwp%2Fv2%2Ftags&post=80048"}],"curies":[{"name":"wp","href":"https:\/\/api.w.org\/{rel}","templated":true}]}}