{"id":80062,"date":"2025-04-13T08:17:36","date_gmt":"2025-04-13T05:17:36","guid":{"rendered":"https:\/\/kibrisdakik.com\/index.php\/2025\/04\/13\/meteoroloji-bugun-icin-kuvvetli-yagis-uyarisinda-bulundu\/"},"modified":"2025-04-13T08:17:36","modified_gmt":"2025-04-13T05:17:36","slug":"meteoroloji-bugun-icin-kuvvetli-yagis-uyarisinda-bulundu","status":"publish","type":"post","link":"https:\/\/kibrisdakik.com\/?p=80062","title":{"rendered":"Meteoroloji bug\u00fcn i\u00e7in kuvvetli ya\u011f\u0131\u015f uyar\u0131s\u0131nda bulundu"},"content":{"rendered":"<div>\n<div class=\"mariselle-image-container center\">\n                                            <\/div>\n<p>Meteoroloji Dairesi, bug\u00fcn olu\u015fabilecek sa\u011fanak ya\u011f\u0131\u015flara kar\u015f\u0131 halk\u0131 ve yetkilileri uyard\u0131.<\/p>\n<p>Ya\u011f\u0131\u015fl\u0131 havan\u0131n yar\u0131n da devam etmesi, \u00f6n\u00fcm\u00fczdeki g\u00fcnlerde ise hava s\u0131cakl\u0131klar\u0131n\u0131n 4-5 derece y\u00fckselmesi bekleniyor.<\/p>\n<p>Meteoroloji Dairesi\u2019nin 18 Nisan Cuma\u2019ya kadar olan tahminlerine g\u00f6re, bug\u00fcn ve yar\u0131n yer yer veya g\u00f6k g\u00fcr\u00fclt\u00fcl\u00fc sa\u011fanak bekleniyor.<\/p>\n<p>Meteoroloji Dairesi bug\u00fcn ile ilgili bir de uyar\u0131 yay\u0131mlad\u0131.<\/p>\n<p>A\u00e7\u0131klamada, 06.00-18.00 saatleri aras\u0131 olu\u015fabilecek sa\u011fanak ve g\u00f6k g\u00fcr\u00fclt\u00fcl\u00fc sa\u011fanaklara kar\u015f\u0131 uyar\u0131da bulundu. <\/p>\n<p>Daireden yap\u0131lan a\u00e7\u0131klamada, ya\u011f\u0131\u015flar\u0131n metrekareye 21 ile 50 kilogram aras\u0131 olabilece\u011fine i\u015faret edilerek, yurtta\u015flar\u0131n gerekli \u00f6nlemleri almas\u0131 tavsiye edildi.<\/p>\n<\/p><\/div>\n<p><script async\n                    defer\n                    crossorigin=\"anonymous\"\n                    src=\"https:\/\/connect.facebook.net\/tr_TR\/sdk.js#xfbml=1&#038;version=v3.3\"\n            ><\/script><\/p>\n","protected":false},"excerpt":{"rendered":"<p>Meteoroloji Dairesi, bug\u00fcn olu\u015fabilecek sa\u011fanak ya\u011f\u0131\u015flara kar\u015f\u0131 halk\u0131 ve yetkilileri uyard\u0131. Ya\u011f\u0131\u015fl\u0131 havan\u0131n yar\u0131n da devam etmesi, \u00f6n\u00fcm\u00fczdeki g\u00fcnlerde ise hava s\u0131cakl\u0131klar\u0131n\u0131n 4-5 derece y\u00fckselmesi bekleniyor. Meteoroloji Dairesi\u2019nin 18 Nisan Cuma\u2019ya kadar olan tahminlerine g\u00f6re, bug\u00fcn ve yar\u0131n yer yer veya g\u00f6k g\u00fcr\u00fclt\u00fcl\u00fc sa\u011fanak bekleniyor. Meteoroloji Dairesi bug\u00fcn ile ilgili bir de uyar\u0131 yay\u0131mlad\u0131. A\u00e7\u0131klamada,<\/p>\n","protected":false},"author":1,"featured_media":80063,"comment_status":"open","ping_status":"open","sticky":false,"template":"","format":"standard","meta":{"footnotes":""},"categories":[81,101],"tags":[],"class_list":["post-80062","post","type-post","status-publish","format-standard","has-post-thumbnail","hentry","category-kibris","category-manset"],"yoast_head":"<!-- This site is optimized with the Yoast SEO plugin v27.4 - https:\/\/yoast.com\/product\/yoast-seo-wordpress\/ -->\n<title>Meteoroloji bug\u00fcn i\u00e7in kuvvetli ya\u011f\u0131\u015f uyar\u0131s\u0131nda bulundu -<\/title>\n<meta name=\"robots\" content=\"index, follow, max-snippet:-1, max-image-preview:large, max-video-preview:-1\" \/>\n<link rel=\"canonical\" href=\"https:\/\/kibrisdakik.com\/?p=80062\" \/>\n<meta property=\"og:locale\" content=\"tr_TR\" \/>\n<meta property=\"og:type\" content=\"article\" \/>\n<meta property=\"og:title\" content=\"Meteoroloji bug\u00fcn i\u00e7in kuvvetli ya\u011f\u0131\u015f uyar\u0131s\u0131nda bulundu -\" \/>\n<meta property=\"og:description\" content=\"Meteoroloji Dairesi, bug\u00fcn olu\u015fabilecek sa\u011fanak ya\u011f\u0131\u015flara kar\u015f\u0131 halk\u0131 ve yetkilileri uyard\u0131. Ya\u011f\u0131\u015fl\u0131 havan\u0131n yar\u0131n da devam etmesi, \u00f6n\u00fcm\u00fczdeki g\u00fcnlerde ise hava s\u0131cakl\u0131klar\u0131n\u0131n 4-5 derece y\u00fckselmesi bekleniyor. Meteoroloji Dairesi\u2019nin 18 Nisan Cuma\u2019ya kadar olan tahminlerine g\u00f6re, bug\u00fcn ve yar\u0131n yer yer veya g\u00f6k g\u00fcr\u00fclt\u00fcl\u00fc sa\u011fanak bekleniyor. Meteoroloji Dairesi bug\u00fcn ile ilgili bir de uyar\u0131 yay\u0131mlad\u0131. A\u00e7\u0131klamada,\" \/>\n<meta property=\"og:url\" content=\"https:\/\/kibrisdakik.com\/?p=80062\" \/>\n<meta property=\"article:published_time\" content=\"2025-04-13T05:17:36+00:00\" \/>\n<meta property=\"og:image\" content=\"https:\/\/kibrisdakik.com\/wp-content\/uploads\/2025\/04\/1735637428675yagis-740x420.jpg\" \/>\n\t<meta property=\"og:image:width\" content=\"1140\" \/>\n\t<meta property=\"og:image:height\" content=\"815\" \/>\n\t<meta property=\"og:image:type\" content=\"image\/jpeg\" \/>\n<meta name=\"author\" content=\"admin\" \/>\n<meta name=\"twitter:card\" content=\"summary_large_image\" \/>\n<meta name=\"twitter:label1\" content=\"Yazan:\" \/>\n\t<meta name=\"twitter:data1\" content=\"admin\" \/>\n\t<meta name=\"twitter:label2\" content=\"Tahmini okuma s\u00fcresi\" \/>\n\t<meta name=\"twitter:data2\" content=\"1 dakika\" \/>\n<script type=\"application\/ld+json\" class=\"yoast-schema-graph\">{\"@context\":\"https:\\\/\\\/schema.org\",\"@graph\":[{\"@type\":\"Article\",\"@id\":\"https:\\\/\\\/kibrisdakik.com\\\/?p=80062#article\",\"isPartOf\":{\"@id\":\"https:\\\/\\\/kibrisdakik.com\\\/?p=80062\"},\"author\":{\"name\":\"admin\",\"@id\":\"https:\\\/\\\/kibrisdakik.com\\\/#\\\/schema\\\/person\\\/9cd9d437bbb44f72b73ba127e06d8e79\"},\"headline\":\"Meteoroloji bug\u00fcn i\u00e7in kuvvetli ya\u011f\u0131\u015f uyar\u0131s\u0131nda bulundu\",\"datePublished\":\"2025-04-13T05:17:36+00:00\",\"mainEntityOfPage\":{\"@id\":\"https:\\\/\\\/kibrisdakik.com\\\/?p=80062\"},\"wordCount\":138,\"commentCount\":0,\"image\":{\"@id\":\"https:\\\/\\\/kibrisdakik.com\\\/?p=80062#primaryimage\"},\"thumbnailUrl\":\"https:\\\/\\\/kibrisdakik.com\\\/wp-content\\\/uploads\\\/2025\\\/04\\\/1735637428675yagis-740x420.jpg\",\"articleSection\":[\"K\u0131br\u0131s\",\"Man\u015fet\"],\"inLanguage\":\"tr\",\"potentialAction\":[{\"@type\":\"CommentAction\",\"name\":\"Comment\",\"target\":[\"https:\\\/\\\/kibrisdakik.com\\\/?p=80062#respond\"]}]},{\"@type\":\"WebPage\",\"@id\":\"https:\\\/\\\/kibrisdakik.com\\\/?p=80062\",\"url\":\"https:\\\/\\\/kibrisdakik.com\\\/?p=80062\",\"name\":\"Meteoroloji bug\u00fcn i\u00e7in kuvvetli ya\u011f\u0131\u015f uyar\u0131s\u0131nda bulundu -\",\"isPartOf\":{\"@id\":\"https:\\\/\\\/kibrisdakik.com\\\/#website\"},\"primaryImageOfPage\":{\"@id\":\"https:\\\/\\\/kibrisdakik.com\\\/?p=80062#primaryimage\"},\"image\":{\"@id\":\"https:\\\/\\\/kibrisdakik.com\\\/?p=80062#primaryimage\"},\"thumbnailUrl\":\"https:\\\/\\\/kibrisdakik.com\\\/wp-content\\\/uploads\\\/2025\\\/04\\\/1735637428675yagis-740x420.jpg\",\"datePublished\":\"2025-04-13T05:17:36+00:00\",\"author\":{\"@id\":\"https:\\\/\\\/kibrisdakik.com\\\/#\\\/schema\\\/person\\\/9cd9d437bbb44f72b73ba127e06d8e79\"},\"breadcrumb\":{\"@id\":\"https:\\\/\\\/kibrisdakik.com\\\/?p=80062#breadcrumb\"},\"inLanguage\":\"tr\",\"potentialAction\":[{\"@type\":\"ReadAction\",\"target\":[\"https:\\\/\\\/kibrisdakik.com\\\/?p=80062\"]}]},{\"@type\":\"ImageObject\",\"inLanguage\":\"tr\",\"@id\":\"https:\\\/\\\/kibrisdakik.com\\\/?p=80062#primaryimage\",\"url\":\"https:\\\/\\\/kibrisdakik.com\\\/wp-content\\\/uploads\\\/2025\\\/04\\\/1735637428675yagis-740x420.jpg\",\"contentUrl\":\"https:\\\/\\\/kibrisdakik.com\\\/wp-content\\\/uploads\\\/2025\\\/04\\\/1735637428675yagis-740x420.jpg\",\"width\":1140,\"height\":815},{\"@type\":\"BreadcrumbList\",\"@id\":\"https:\\\/\\\/kibrisdakik.com\\\/?p=80062#breadcrumb\",\"itemListElement\":[{\"@type\":\"ListItem\",\"position\":1,\"name\":\"Home\",\"item\":\"https:\\\/\\\/kibrisdakik.com\\\/\"},{\"@type\":\"ListItem\",\"position\":2,\"name\":\"Meteoroloji bug\u00fcn i\u00e7in kuvvetli ya\u011f\u0131\u015f uyar\u0131s\u0131nda bulundu\"}]},{\"@type\":\"WebSite\",\"@id\":\"https:\\\/\\\/kibrisdakik.com\\\/#website\",\"url\":\"https:\\\/\\\/kibrisdakik.com\\\/\",\"name\":\"\",\"description\":\"Tam vaktinde haber\",\"potentialAction\":[{\"@type\":\"SearchAction\",\"target\":{\"@type\":\"EntryPoint\",\"urlTemplate\":\"https:\\\/\\\/kibrisdakik.com\\\/?s={search_term_string}\"},\"query-input\":{\"@type\":\"PropertyValueSpecification\",\"valueRequired\":true,\"valueName\":\"search_term_string\"}}],\"inLanguage\":\"tr\"},{\"@type\":\"Person\",\"@id\":\"https:\\\/\\\/kibrisdakik.com\\\/#\\\/schema\\\/person\\\/9cd9d437bbb44f72b73ba127e06d8e79\",\"name\":\"admin\",\"image\":{\"@type\":\"ImageObject\",\"inLanguage\":\"tr\",\"@id\":\"https:\\\/\\\/secure.gravatar.com\\\/avatar\\\/ccc17943b9d660506c869530f897617f7cb1c21a4bf30023f252596d83e1f007?s=96&d=mm&r=g\",\"url\":\"https:\\\/\\\/secure.gravatar.com\\\/avatar\\\/ccc17943b9d660506c869530f897617f7cb1c21a4bf30023f252596d83e1f007?s=96&d=mm&r=g\",\"contentUrl\":\"https:\\\/\\\/secure.gravatar.com\\\/avatar\\\/ccc17943b9d660506c869530f897617f7cb1c21a4bf30023f252596d83e1f007?s=96&d=mm&r=g\",\"caption\":\"admin\"},\"sameAs\":[\"https:\\\/\\\/kibrisdakik.com\"],\"url\":\"https:\\\/\\\/kibrisdakik.com\\\/?author=1\"}]}<\/script>\n<!-- \/ Yoast SEO plugin. -->","yoast_head_json":{"title":"Meteoroloji bug\u00fcn i\u00e7in kuvvetli ya\u011f\u0131\u015f uyar\u0131s\u0131nda bulundu -","robots":{"index":"index","follow":"follow","max-snippet":"max-snippet:-1","max-image-preview":"max-image-preview:large","max-video-preview":"max-video-preview:-1"},"canonical":"https:\/\/kibrisdakik.com\/?p=80062","og_locale":"tr_TR","og_type":"article","og_title":"Meteoroloji bug\u00fcn i\u00e7in kuvvetli ya\u011f\u0131\u015f uyar\u0131s\u0131nda bulundu -","og_description":"Meteoroloji Dairesi, bug\u00fcn olu\u015fabilecek sa\u011fanak ya\u011f\u0131\u015flara kar\u015f\u0131 halk\u0131 ve yetkilileri uyard\u0131. Ya\u011f\u0131\u015fl\u0131 havan\u0131n yar\u0131n da devam etmesi, \u00f6n\u00fcm\u00fczdeki g\u00fcnlerde ise hava s\u0131cakl\u0131klar\u0131n\u0131n 4-5 derece y\u00fckselmesi bekleniyor. Meteoroloji Dairesi\u2019nin 18 Nisan Cuma\u2019ya kadar olan tahminlerine g\u00f6re, bug\u00fcn ve yar\u0131n yer yer veya g\u00f6k g\u00fcr\u00fclt\u00fcl\u00fc sa\u011fanak bekleniyor. Meteoroloji Dairesi bug\u00fcn ile ilgili bir de uyar\u0131 yay\u0131mlad\u0131. A\u00e7\u0131klamada,","og_url":"https:\/\/kibrisdakik.com\/?p=80062","article_published_time":"2025-04-13T05:17:36+00:00","og_image":[{"width":1140,"height":815,"url":"https:\/\/kibrisdakik.com\/wp-content\/uploads\/2025\/04\/1735637428675yagis-740x420.jpg","type":"image\/jpeg"}],"author":"admin","twitter_card":"summary_large_image","twitter_misc":{"Yazan:":"admin","Tahmini okuma s\u00fcresi":"1 dakika"},"schema":{"@context":"https:\/\/schema.org","@graph":[{"@type":"Article","@id":"https:\/\/kibrisdakik.com\/?p=80062#article","isPartOf":{"@id":"https:\/\/kibrisdakik.com\/?p=80062"},"author":{"name":"admin","@id":"https:\/\/kibrisdakik.com\/#\/schema\/person\/9cd9d437bbb44f72b73ba127e06d8e79"},"headline":"Meteoroloji bug\u00fcn i\u00e7in kuvvetli ya\u011f\u0131\u015f uyar\u0131s\u0131nda bulundu","datePublished":"2025-04-13T05:17:36+00:00","mainEntityOfPage":{"@id":"https:\/\/kibrisdakik.com\/?p=80062"},"wordCount":138,"commentCount":0,"image":{"@id":"https:\/\/kibrisdakik.com\/?p=80062#primaryimage"},"thumbnailUrl":"https:\/\/kibrisdakik.com\/wp-content\/uploads\/2025\/04\/1735637428675yagis-740x420.jpg","articleSection":["K\u0131br\u0131s","Man\u015fet"],"inLanguage":"tr","potentialAction":[{"@type":"CommentAction","name":"Comment","target":["https:\/\/kibrisdakik.com\/?p=80062#respond"]}]},{"@type":"WebPage","@id":"https:\/\/kibrisdakik.com\/?p=80062","url":"https:\/\/kibrisdakik.com\/?p=80062","name":"Meteoroloji bug\u00fcn i\u00e7in kuvvetli ya\u011f\u0131\u015f uyar\u0131s\u0131nda bulundu -","isPartOf":{"@id":"https:\/\/kibrisdakik.com\/#website"},"primaryImageOfPage":{"@id":"https:\/\/kibrisdakik.com\/?p=80062#primaryimage"},"image":{"@id":"https:\/\/kibrisdakik.com\/?p=80062#primaryimage"},"thumbnailUrl":"https:\/\/kibrisdakik.com\/wp-content\/uploads\/2025\/04\/1735637428675yagis-740x420.jpg","datePublished":"2025-04-13T05:17:36+00:00","author":{"@id":"https:\/\/kibrisdakik.com\/#\/schema\/person\/9cd9d437bbb44f72b73ba127e06d8e79"},"breadcrumb":{"@id":"https:\/\/kibrisdakik.com\/?p=80062#breadcrumb"},"inLanguage":"tr","potentialAction":[{"@type":"ReadAction","target":["https:\/\/kibrisdakik.com\/?p=80062"]}]},{"@type":"ImageObject","inLanguage":"tr","@id":"https:\/\/kibrisdakik.com\/?p=80062#primaryimage","url":"https:\/\/kibrisdakik.com\/wp-content\/uploads\/2025\/04\/1735637428675yagis-740x420.jpg","contentUrl":"https:\/\/kibrisdakik.com\/wp-content\/uploads\/2025\/04\/1735637428675yagis-740x420.jpg","width":1140,"height":815},{"@type":"BreadcrumbList","@id":"https:\/\/kibrisdakik.com\/?p=80062#breadcrumb","itemListElement":[{"@type":"ListItem","position":1,"name":"Home","item":"https:\/\/kibrisdakik.com\/"},{"@type":"ListItem","position":2,"name":"Meteoroloji bug\u00fcn i\u00e7in kuvvetli ya\u011f\u0131\u015f uyar\u0131s\u0131nda bulundu"}]},{"@type":"WebSite","@id":"https:\/\/kibrisdakik.com\/#website","url":"https:\/\/kibrisdakik.com\/","name":"","description":"Tam vaktinde haber","potentialAction":[{"@type":"SearchAction","target":{"@type":"EntryPoint","urlTemplate":"https:\/\/kibrisdakik.com\/?s={search_term_string}"},"query-input":{"@type":"PropertyValueSpecification","valueRequired":true,"valueName":"search_term_string"}}],"inLanguage":"tr"},{"@type":"Person","@id":"https:\/\/kibrisdakik.com\/#\/schema\/person\/9cd9d437bbb44f72b73ba127e06d8e79","name":"admin","image":{"@type":"ImageObject","inLanguage":"tr","@id":"https:\/\/secure.gravatar.com\/avatar\/ccc17943b9d660506c869530f897617f7cb1c21a4bf30023f252596d83e1f007?s=96&d=mm&r=g","url":"https:\/\/secure.gravatar.com\/avatar\/ccc17943b9d660506c869530f897617f7cb1c21a4bf30023f252596d83e1f007?s=96&d=mm&r=g","contentUrl":"https:\/\/secure.gravatar.com\/avatar\/ccc17943b9d660506c869530f897617f7cb1c21a4bf30023f252596d83e1f007?s=96&d=mm&r=g","caption":"admin"},"sameAs":["https:\/\/kibrisdakik.com"],"url":"https:\/\/kibrisdakik.com\/?author=1"}]}},"_links":{"self":[{"href":"https:\/\/kibrisdakik.com\/index.php?rest_route=\/wp\/v2\/posts\/80062","targetHints":{"allow":["GET"]}}],"collection":[{"href":"https:\/\/kibrisdakik.com\/index.php?rest_route=\/wp\/v2\/posts"}],"about":[{"href":"https:\/\/kibrisdakik.com\/index.php?rest_route=\/wp\/v2\/types\/post"}],"author":[{"embeddable":true,"href":"https:\/\/kibrisdakik.com\/index.php?rest_route=\/wp\/v2\/users\/1"}],"replies":[{"embeddable":true,"href":"https:\/\/kibrisdakik.com\/index.php?rest_route=%2Fwp%2Fv2%2Fcomments&post=80062"}],"version-history":[{"count":0,"href":"https:\/\/kibrisdakik.com\/index.php?rest_route=\/wp\/v2\/posts\/80062\/revisions"}],"wp:featuredmedia":[{"embeddable":true,"href":"https:\/\/kibrisdakik.com\/index.php?rest_route=\/wp\/v2\/media\/80063"}],"wp:attachment":[{"href":"https:\/\/kibrisdakik.com\/index.php?rest_route=%2Fwp%2Fv2%2Fmedia&parent=80062"}],"wp:term":[{"taxonomy":"category","embeddable":true,"href":"https:\/\/kibrisdakik.com\/index.php?rest_route=%2Fwp%2Fv2%2Fcategories&post=80062"},{"taxonomy":"post_tag","embeddable":true,"href":"https:\/\/kibrisdakik.com\/index.php?rest_route=%2Fwp%2Fv2%2Ftags&post=80062"}],"curies":[{"name":"wp","href":"https:\/\/api.w.org\/{rel}","templated":true}]}}