{"id":80082,"date":"2025-04-13T11:13:12","date_gmt":"2025-04-13T08:13:12","guid":{"rendered":"https:\/\/kibrisdakik.com\/index.php\/2025\/04\/13\/9-eylul-ilkokulundan-coskulu-muzik-gecesi\/"},"modified":"2025-04-13T11:13:12","modified_gmt":"2025-04-13T08:13:12","slug":"9-eylul-ilkokulundan-coskulu-muzik-gecesi","status":"publish","type":"post","link":"https:\/\/kibrisdakik.com\/?p=80082","title":{"rendered":"9 Eyl\u00fcl \u0130lkokulu\u2019ndan co\u015fkulu \u201cM\u00fczik Gecesi\u201d"},"content":{"rendered":"<div>\n<div class=\"mariselle-image-container center\">\n                                            <\/div>\n<p> 9 Eyl\u00fcl \u0130lkokulu\u2019nun geleneksel hale gelen \u201cM\u00fczik Gecesi\u201d, Alayk\u00f6y-SAM Salonu\u2019nda b\u00fcy\u00fck bir co\u015fkuyla ger\u00e7ekle\u015ftirildi. M\u00fczik \u00f6\u011fretmenlerinin \u00f6zverili \u00e7al\u0131\u015fmalar\u0131yla haz\u0131rlanan ve yakla\u015f\u0131k 90 \u00f6\u011frencinin sahne ald\u0131\u011f\u0131 gece, izleyicilerden tam not ald\u0131.<\/p>\n<div class=\"mariselle-image-container center\">\n                <img loading=\"lazy\" decoding=\"async\" width=\"810\" height=\"490\" class=\"lazy-image\" alt=\"\" sizes=\"auto, (max-width: 810px) 100vw, 810px\" src=\"https:\/\/brtk.net\/wp-content\/uploads\/2025\/04\/13\/490656186_1012047551058703_6326423340844953606_n.jpg?ver=cd2ec9646c723e80a289455025f636ec\" srcset=\"https:\/\/brtk.net\/wp-content\/uploads\/2025\/04\/13\/490656186_1012047551058703_6326423340844953606_n.jpg?ver=cd2ec9646c723e80a289455025f636ec 810w, https:\/\/brtk.net\/wp-content\/uploads\/2025\/04\/13\/490656186_1012047551058703_6326423340844953606_n-300x181.jpg?ver=cd2ec9646c723e80a289455025f636ec 300w, https:\/\/brtk.net\/wp-content\/uploads\/2025\/04\/13\/490656186_1012047551058703_6326423340844953606_n-768x465.jpg?ver=cd2ec9646c723e80a289455025f636ec 768w\"\/>                            <\/div>\n<p>Gecenin a\u00e7\u0131l\u0131\u015f\u0131, t\u00fcm \u00f6\u011frencilerin birlikte seslendirdi\u011fi 9 Eyl\u00fcl Mar\u015f\u0131 ile yap\u0131ld\u0131.<\/p>\n<p> Ard\u0131ndan \u00f6\u011frenciler, repertuvarlar\u0131nda yer alan evrensel \u015fark\u0131lar\u0131n yan\u0131 s\u0131ra K\u0131br\u0131s k\u00fclt\u00fcr\u00fcn\u00fcn \u00f6nemli eserleri olan \u201cCan\u0131m K\u0131br\u0131s\u2019\u0131m\u201d, \u201cLeymosun T\u00fcrk\u00fcs\u00fc\u201d ve \u201cCennettir K\u0131br\u0131s\u2019\u0131m\u201d \u015fark\u0131lar\u0131n\u0131 da ba\u015far\u0131yla seslendirdiler.<\/p>\n<div class=\"mariselle-image-container center\">\n                <img loading=\"lazy\" decoding=\"async\" width=\"1105\" height=\"507\" class=\"lazy-image\" alt=\"\" sizes=\"auto, (max-width: 1105px) 100vw, 1105px\" src=\"https:\/\/brtk.net\/wp-content\/uploads\/2025\/04\/13\/R1.jpg?ver=e070969d56c5a7261461d1bf0ced1a4a\" srcset=\"https:\/\/brtk.net\/wp-content\/uploads\/2025\/04\/13\/R1.jpg?ver=e070969d56c5a7261461d1bf0ced1a4a 1105w, https:\/\/brtk.net\/wp-content\/uploads\/2025\/04\/13\/R1-300x138.jpg?ver=4411e0f0a898c132b63517aa352e0d7f 300w, https:\/\/brtk.net\/wp-content\/uploads\/2025\/04\/13\/R1-1024x470.jpg?ver=4411e0f0a898c132b63517aa352e0d7f 1024w, https:\/\/brtk.net\/wp-content\/uploads\/2025\/04\/13\/R1-768x352.jpg?ver=4411e0f0a898c132b63517aa352e0d7f 768w\"\/>                            <\/div>\n<p>Koro ve orkestran\u0131n etkileyici performanslar\u0131n\u0131n yan\u0131 s\u0131ra, ritim grubunun sahne almas\u0131 geceye ayr\u0131 bir renk katt\u0131. \u00d6\u011frenciler, Vivaldi\u2019nin \u0130lkbahar ve Mozart\u2019\u0131n T\u00fcrk Mar\u015f\u0131 gibi klasik eserleri beden perk\u00fcsyonu ile \u00f6zg\u00fcn bir \u015fekilde yorumlayarak izleyicilerden b\u00fcy\u00fck alk\u0131\u015f toplad\u0131lar.<\/p>\n<div class=\"mariselle-image-container center\">\n                <img loading=\"lazy\" decoding=\"async\" width=\"900\" height=\"560\" class=\"lazy-image\" alt=\"\" sizes=\"auto, (max-width: 900px) 100vw, 900px\" src=\"https:\/\/brtk.net\/wp-content\/uploads\/2025\/04\/13\/SADAA.jpg?ver=bb9c1002122ad3e18218c68db85ec5d5\" srcset=\"https:\/\/brtk.net\/wp-content\/uploads\/2025\/04\/13\/SADAA.jpg?ver=bb9c1002122ad3e18218c68db85ec5d5 900w, https:\/\/brtk.net\/wp-content\/uploads\/2025\/04\/13\/SADAA-300x187.jpg?ver=00771ab3fb337b03c3f0ccca5c7524cb 300w, https:\/\/brtk.net\/wp-content\/uploads\/2025\/04\/13\/SADAA-768x478.jpg?ver=00771ab3fb337b03c3f0ccca5c7524cb 768w\"\/>                            <\/div>\n<p>Etkinlik hakk\u0131nda de\u011ferlendirme yapan 9 Eyl\u00fcl \u0130lkokulu M\u00fcd\u00fcr\u00fc Dr. El\u00e7in Altan, sanat\u0131n ve sosyal etkinliklerin \u00f6\u011frencilerin toplumdaki duru\u015flar\u0131na ve geli\u015fimlerine olan \u00f6nemli katk\u0131s\u0131na dikkat \u00e7ekti.<\/p>\n<div class=\"mariselle-image-container center\">\n                <img loading=\"lazy\" decoding=\"async\" width=\"1457\" height=\"510\" class=\"lazy-image\" alt=\"\" sizes=\"auto, (max-width: 1457px) 100vw, 1457px\" src=\"https:\/\/brtk.net\/wp-content\/uploads\/2025\/04\/13\/ASDSAA.jpg?ver=f64c1a27025d83971f1707982bc821b3\" srcset=\"https:\/\/brtk.net\/wp-content\/uploads\/2025\/04\/13\/ASDSAA.jpg?ver=f64c1a27025d83971f1707982bc821b3 1457w, https:\/\/brtk.net\/wp-content\/uploads\/2025\/04\/13\/ASDSAA-300x105.jpg?ver=b22268086a374983b2ddca3515595a6f 300w, https:\/\/brtk.net\/wp-content\/uploads\/2025\/04\/13\/ASDSAA-1024x358.jpg?ver=b22268086a374983b2ddca3515595a6f 1024w, https:\/\/brtk.net\/wp-content\/uploads\/2025\/04\/13\/ASDSAA-768x269.jpg?ver=b22268086a374983b2ddca3515595a6f 768w\"\/>                            <\/div>\n<p> Bu t\u00fcr organizasyonlar\u0131n okul \u00e7at\u0131s\u0131 alt\u0131nda s\u00fcrece\u011fini belirten Altan, m\u00fczik \u00f6\u011fretmenlerine ve \u00f6\u011frencilere emekleri ve ba\u015far\u0131l\u0131 sunumlar\u0131 i\u00e7in te\u015fekk\u00fcrlerini iletti.<\/p>\n<p>Gecenin sonunda ise duygusal anlar ya\u015fand\u0131. T\u00fcm \u00f6\u011fretmenlerin de kat\u0131l\u0131m\u0131yla seslendirilen \u201cG\u00fczel G\u00fcnler G\u00f6rece\u011fiz \u00c7ocuklar\u201d \u015fark\u0131s\u0131, salonda birlik ve beraberlik duygusu olu\u015fturdu. \u00d6\u011frencilerin performans\u0131, etkinli\u011fe yo\u011fun ilgi g\u00f6steren veliler taraf\u0131ndan ayakta alk\u0131\u015fland\u0131.<\/p>\n<div class=\"mariselle-image-container center\">\n                <img loading=\"lazy\" decoding=\"async\" width=\"1440\" height=\"498\" class=\"lazy-image\" alt=\"\" sizes=\"auto, (max-width: 1440px) 100vw, 1440px\" src=\"https:\/\/brtk.net\/wp-content\/uploads\/2025\/04\/13\/490735912_1012047491058709_7142495195990465388_n.jpg?ver=b17dd3d11551706f9d953c9ea3de6b27\" srcset=\"https:\/\/brtk.net\/wp-content\/uploads\/2025\/04\/13\/490735912_1012047491058709_7142495195990465388_n.jpg?ver=b17dd3d11551706f9d953c9ea3de6b27 1440w, https:\/\/brtk.net\/wp-content\/uploads\/2025\/04\/13\/490735912_1012047491058709_7142495195990465388_n-300x104.jpg?ver=e4b5a8b964336d79729fe2e5cfc77173 300w, https:\/\/brtk.net\/wp-content\/uploads\/2025\/04\/13\/490735912_1012047491058709_7142495195990465388_n-1024x354.jpg?ver=e4b5a8b964336d79729fe2e5cfc77173 1024w, https:\/\/brtk.net\/wp-content\/uploads\/2025\/04\/13\/490735912_1012047491058709_7142495195990465388_n-768x266.jpg?ver=e4b5a8b964336d79729fe2e5cfc77173 768w\"\/>                            <\/div>\n<p>\n9 Eyl\u00fcl \u0130lkokulu\u2019nun \u201cM\u00fczik Gecesi\u201d, \u00f6\u011frencilerin yeteneklerini sergilemelerinin yan\u0131 s\u0131ra, okul-veli i\u015fbirli\u011finin de g\u00fczel bir \u00f6rne\u011fi olarak haf\u0131zalara kaz\u0131nd\u0131.<\/p><\/div>\n<p><script async\n                    defer\n                    crossorigin=\"anonymous\"\n                    src=\"https:\/\/connect.facebook.net\/tr_TR\/sdk.js#xfbml=1&#038;version=v3.3\"\n            ><\/script><\/p>\n","protected":false},"excerpt":{"rendered":"<p>9 Eyl\u00fcl \u0130lkokulu\u2019nun geleneksel hale gelen \u201cM\u00fczik Gecesi\u201d, Alayk\u00f6y-SAM Salonu\u2019nda b\u00fcy\u00fck bir co\u015fkuyla ger\u00e7ekle\u015ftirildi. M\u00fczik \u00f6\u011fretmenlerinin \u00f6zverili \u00e7al\u0131\u015fmalar\u0131yla haz\u0131rlanan ve yakla\u015f\u0131k 90 \u00f6\u011frencinin sahne ald\u0131\u011f\u0131 gece, izleyicilerden tam not ald\u0131. Gecenin a\u00e7\u0131l\u0131\u015f\u0131, t\u00fcm \u00f6\u011frencilerin birlikte seslendirdi\u011fi 9 Eyl\u00fcl Mar\u015f\u0131 ile yap\u0131ld\u0131. Ard\u0131ndan \u00f6\u011frenciler, repertuvarlar\u0131nda yer alan evrensel \u015fark\u0131lar\u0131n yan\u0131 s\u0131ra K\u0131br\u0131s k\u00fclt\u00fcr\u00fcn\u00fcn \u00f6nemli eserleri olan<\/p>\n","protected":false},"author":1,"featured_media":80083,"comment_status":"open","ping_status":"open","sticky":false,"template":"","format":"standard","meta":{"footnotes":""},"categories":[81,101],"tags":[],"class_list":["post-80082","post","type-post","status-publish","format-standard","has-post-thumbnail","hentry","category-kibris","category-manset"],"yoast_head":"<!-- This site is optimized with the Yoast SEO plugin v27.4 - https:\/\/yoast.com\/product\/yoast-seo-wordpress\/ -->\n<title>9 Eyl\u00fcl \u0130lkokulu\u2019ndan co\u015fkulu \u201cM\u00fczik Gecesi\u201d -<\/title>\n<meta name=\"robots\" content=\"index, follow, max-snippet:-1, max-image-preview:large, max-video-preview:-1\" \/>\n<link rel=\"canonical\" href=\"https:\/\/kibrisdakik.com\/?p=80082\" \/>\n<meta property=\"og:locale\" content=\"tr_TR\" \/>\n<meta property=\"og:type\" content=\"article\" \/>\n<meta property=\"og:title\" content=\"9 Eyl\u00fcl \u0130lkokulu\u2019ndan co\u015fkulu \u201cM\u00fczik Gecesi\u201d -\" \/>\n<meta property=\"og:description\" content=\"9 Eyl\u00fcl \u0130lkokulu\u2019nun geleneksel hale gelen \u201cM\u00fczik Gecesi\u201d, Alayk\u00f6y-SAM Salonu\u2019nda b\u00fcy\u00fck bir co\u015fkuyla ger\u00e7ekle\u015ftirildi. M\u00fczik \u00f6\u011fretmenlerinin \u00f6zverili \u00e7al\u0131\u015fmalar\u0131yla haz\u0131rlanan ve yakla\u015f\u0131k 90 \u00f6\u011frencinin sahne ald\u0131\u011f\u0131 gece, izleyicilerden tam not ald\u0131. Gecenin a\u00e7\u0131l\u0131\u015f\u0131, t\u00fcm \u00f6\u011frencilerin birlikte seslendirdi\u011fi 9 Eyl\u00fcl Mar\u015f\u0131 ile yap\u0131ld\u0131. Ard\u0131ndan \u00f6\u011frenciler, repertuvarlar\u0131nda yer alan evrensel \u015fark\u0131lar\u0131n yan\u0131 s\u0131ra K\u0131br\u0131s k\u00fclt\u00fcr\u00fcn\u00fcn \u00f6nemli eserleri olan\" \/>\n<meta property=\"og:url\" content=\"https:\/\/kibrisdakik.com\/?p=80082\" \/>\n<meta property=\"article:published_time\" content=\"2025-04-13T08:13:12+00:00\" \/>\n<meta property=\"og:image\" content=\"https:\/\/kibrisdakik.com\/wp-content\/uploads\/2025\/04\/490716036_1012047607725364_8092712072195444272_n-740x316.jpg\" \/>\n\t<meta property=\"og:image:width\" content=\"768\" \/>\n\t<meta property=\"og:image:height\" content=\"316\" \/>\n\t<meta property=\"og:image:type\" content=\"image\/jpeg\" \/>\n<meta name=\"author\" content=\"admin\" \/>\n<meta name=\"twitter:card\" content=\"summary_large_image\" \/>\n<meta name=\"twitter:label1\" content=\"Yazan:\" \/>\n\t<meta name=\"twitter:data1\" content=\"admin\" \/>\n\t<meta name=\"twitter:label2\" content=\"Tahmini okuma s\u00fcresi\" \/>\n\t<meta name=\"twitter:data2\" content=\"2 dakika\" \/>\n<script type=\"application\/ld+json\" class=\"yoast-schema-graph\">{\"@context\":\"https:\\\/\\\/schema.org\",\"@graph\":[{\"@type\":\"Article\",\"@id\":\"https:\\\/\\\/kibrisdakik.com\\\/?p=80082#article\",\"isPartOf\":{\"@id\":\"https:\\\/\\\/kibrisdakik.com\\\/?p=80082\"},\"author\":{\"name\":\"admin\",\"@id\":\"https:\\\/\\\/kibrisdakik.com\\\/#\\\/schema\\\/person\\\/9cd9d437bbb44f72b73ba127e06d8e79\"},\"headline\":\"9 Eyl\u00fcl \u0130lkokulu\u2019ndan co\u015fkulu \u201cM\u00fczik Gecesi\u201d\",\"datePublished\":\"2025-04-13T08:13:12+00:00\",\"mainEntityOfPage\":{\"@id\":\"https:\\\/\\\/kibrisdakik.com\\\/?p=80082\"},\"wordCount\":309,\"commentCount\":0,\"image\":{\"@id\":\"https:\\\/\\\/kibrisdakik.com\\\/?p=80082#primaryimage\"},\"thumbnailUrl\":\"https:\\\/\\\/kibrisdakik.com\\\/wp-content\\\/uploads\\\/2025\\\/04\\\/490716036_1012047607725364_8092712072195444272_n-740x316.jpg\",\"articleSection\":[\"K\u0131br\u0131s\",\"Man\u015fet\"],\"inLanguage\":\"tr\",\"potentialAction\":[{\"@type\":\"CommentAction\",\"name\":\"Comment\",\"target\":[\"https:\\\/\\\/kibrisdakik.com\\\/?p=80082#respond\"]}]},{\"@type\":\"WebPage\",\"@id\":\"https:\\\/\\\/kibrisdakik.com\\\/?p=80082\",\"url\":\"https:\\\/\\\/kibrisdakik.com\\\/?p=80082\",\"name\":\"9 Eyl\u00fcl \u0130lkokulu\u2019ndan co\u015fkulu \u201cM\u00fczik Gecesi\u201d -\",\"isPartOf\":{\"@id\":\"https:\\\/\\\/kibrisdakik.com\\\/#website\"},\"primaryImageOfPage\":{\"@id\":\"https:\\\/\\\/kibrisdakik.com\\\/?p=80082#primaryimage\"},\"image\":{\"@id\":\"https:\\\/\\\/kibrisdakik.com\\\/?p=80082#primaryimage\"},\"thumbnailUrl\":\"https:\\\/\\\/kibrisdakik.com\\\/wp-content\\\/uploads\\\/2025\\\/04\\\/490716036_1012047607725364_8092712072195444272_n-740x316.jpg\",\"datePublished\":\"2025-04-13T08:13:12+00:00\",\"author\":{\"@id\":\"https:\\\/\\\/kibrisdakik.com\\\/#\\\/schema\\\/person\\\/9cd9d437bbb44f72b73ba127e06d8e79\"},\"breadcrumb\":{\"@id\":\"https:\\\/\\\/kibrisdakik.com\\\/?p=80082#breadcrumb\"},\"inLanguage\":\"tr\",\"potentialAction\":[{\"@type\":\"ReadAction\",\"target\":[\"https:\\\/\\\/kibrisdakik.com\\\/?p=80082\"]}]},{\"@type\":\"ImageObject\",\"inLanguage\":\"tr\",\"@id\":\"https:\\\/\\\/kibrisdakik.com\\\/?p=80082#primaryimage\",\"url\":\"https:\\\/\\\/kibrisdakik.com\\\/wp-content\\\/uploads\\\/2025\\\/04\\\/490716036_1012047607725364_8092712072195444272_n-740x316.jpg\",\"contentUrl\":\"https:\\\/\\\/kibrisdakik.com\\\/wp-content\\\/uploads\\\/2025\\\/04\\\/490716036_1012047607725364_8092712072195444272_n-740x316.jpg\",\"width\":768,\"height\":316},{\"@type\":\"BreadcrumbList\",\"@id\":\"https:\\\/\\\/kibrisdakik.com\\\/?p=80082#breadcrumb\",\"itemListElement\":[{\"@type\":\"ListItem\",\"position\":1,\"name\":\"Home\",\"item\":\"https:\\\/\\\/kibrisdakik.com\\\/\"},{\"@type\":\"ListItem\",\"position\":2,\"name\":\"9 Eyl\u00fcl \u0130lkokulu\u2019ndan co\u015fkulu \u201cM\u00fczik Gecesi\u201d\"}]},{\"@type\":\"WebSite\",\"@id\":\"https:\\\/\\\/kibrisdakik.com\\\/#website\",\"url\":\"https:\\\/\\\/kibrisdakik.com\\\/\",\"name\":\"\",\"description\":\"Tam vaktinde haber\",\"potentialAction\":[{\"@type\":\"SearchAction\",\"target\":{\"@type\":\"EntryPoint\",\"urlTemplate\":\"https:\\\/\\\/kibrisdakik.com\\\/?s={search_term_string}\"},\"query-input\":{\"@type\":\"PropertyValueSpecification\",\"valueRequired\":true,\"valueName\":\"search_term_string\"}}],\"inLanguage\":\"tr\"},{\"@type\":\"Person\",\"@id\":\"https:\\\/\\\/kibrisdakik.com\\\/#\\\/schema\\\/person\\\/9cd9d437bbb44f72b73ba127e06d8e79\",\"name\":\"admin\",\"image\":{\"@type\":\"ImageObject\",\"inLanguage\":\"tr\",\"@id\":\"https:\\\/\\\/secure.gravatar.com\\\/avatar\\\/ccc17943b9d660506c869530f897617f7cb1c21a4bf30023f252596d83e1f007?s=96&d=mm&r=g\",\"url\":\"https:\\\/\\\/secure.gravatar.com\\\/avatar\\\/ccc17943b9d660506c869530f897617f7cb1c21a4bf30023f252596d83e1f007?s=96&d=mm&r=g\",\"contentUrl\":\"https:\\\/\\\/secure.gravatar.com\\\/avatar\\\/ccc17943b9d660506c869530f897617f7cb1c21a4bf30023f252596d83e1f007?s=96&d=mm&r=g\",\"caption\":\"admin\"},\"sameAs\":[\"https:\\\/\\\/kibrisdakik.com\"],\"url\":\"https:\\\/\\\/kibrisdakik.com\\\/?author=1\"}]}<\/script>\n<!-- \/ Yoast SEO plugin. -->","yoast_head_json":{"title":"9 Eyl\u00fcl \u0130lkokulu\u2019ndan co\u015fkulu \u201cM\u00fczik Gecesi\u201d -","robots":{"index":"index","follow":"follow","max-snippet":"max-snippet:-1","max-image-preview":"max-image-preview:large","max-video-preview":"max-video-preview:-1"},"canonical":"https:\/\/kibrisdakik.com\/?p=80082","og_locale":"tr_TR","og_type":"article","og_title":"9 Eyl\u00fcl \u0130lkokulu\u2019ndan co\u015fkulu \u201cM\u00fczik Gecesi\u201d -","og_description":"9 Eyl\u00fcl \u0130lkokulu\u2019nun geleneksel hale gelen \u201cM\u00fczik Gecesi\u201d, Alayk\u00f6y-SAM Salonu\u2019nda b\u00fcy\u00fck bir co\u015fkuyla ger\u00e7ekle\u015ftirildi. M\u00fczik \u00f6\u011fretmenlerinin \u00f6zverili \u00e7al\u0131\u015fmalar\u0131yla haz\u0131rlanan ve yakla\u015f\u0131k 90 \u00f6\u011frencinin sahne ald\u0131\u011f\u0131 gece, izleyicilerden tam not ald\u0131. Gecenin a\u00e7\u0131l\u0131\u015f\u0131, t\u00fcm \u00f6\u011frencilerin birlikte seslendirdi\u011fi 9 Eyl\u00fcl Mar\u015f\u0131 ile yap\u0131ld\u0131. Ard\u0131ndan \u00f6\u011frenciler, repertuvarlar\u0131nda yer alan evrensel \u015fark\u0131lar\u0131n yan\u0131 s\u0131ra K\u0131br\u0131s k\u00fclt\u00fcr\u00fcn\u00fcn \u00f6nemli eserleri olan","og_url":"https:\/\/kibrisdakik.com\/?p=80082","article_published_time":"2025-04-13T08:13:12+00:00","og_image":[{"width":768,"height":316,"url":"https:\/\/kibrisdakik.com\/wp-content\/uploads\/2025\/04\/490716036_1012047607725364_8092712072195444272_n-740x316.jpg","type":"image\/jpeg"}],"author":"admin","twitter_card":"summary_large_image","twitter_misc":{"Yazan:":"admin","Tahmini okuma s\u00fcresi":"2 dakika"},"schema":{"@context":"https:\/\/schema.org","@graph":[{"@type":"Article","@id":"https:\/\/kibrisdakik.com\/?p=80082#article","isPartOf":{"@id":"https:\/\/kibrisdakik.com\/?p=80082"},"author":{"name":"admin","@id":"https:\/\/kibrisdakik.com\/#\/schema\/person\/9cd9d437bbb44f72b73ba127e06d8e79"},"headline":"9 Eyl\u00fcl \u0130lkokulu\u2019ndan co\u015fkulu \u201cM\u00fczik Gecesi\u201d","datePublished":"2025-04-13T08:13:12+00:00","mainEntityOfPage":{"@id":"https:\/\/kibrisdakik.com\/?p=80082"},"wordCount":309,"commentCount":0,"image":{"@id":"https:\/\/kibrisdakik.com\/?p=80082#primaryimage"},"thumbnailUrl":"https:\/\/kibrisdakik.com\/wp-content\/uploads\/2025\/04\/490716036_1012047607725364_8092712072195444272_n-740x316.jpg","articleSection":["K\u0131br\u0131s","Man\u015fet"],"inLanguage":"tr","potentialAction":[{"@type":"CommentAction","name":"Comment","target":["https:\/\/kibrisdakik.com\/?p=80082#respond"]}]},{"@type":"WebPage","@id":"https:\/\/kibrisdakik.com\/?p=80082","url":"https:\/\/kibrisdakik.com\/?p=80082","name":"9 Eyl\u00fcl \u0130lkokulu\u2019ndan co\u015fkulu \u201cM\u00fczik Gecesi\u201d -","isPartOf":{"@id":"https:\/\/kibrisdakik.com\/#website"},"primaryImageOfPage":{"@id":"https:\/\/kibrisdakik.com\/?p=80082#primaryimage"},"image":{"@id":"https:\/\/kibrisdakik.com\/?p=80082#primaryimage"},"thumbnailUrl":"https:\/\/kibrisdakik.com\/wp-content\/uploads\/2025\/04\/490716036_1012047607725364_8092712072195444272_n-740x316.jpg","datePublished":"2025-04-13T08:13:12+00:00","author":{"@id":"https:\/\/kibrisdakik.com\/#\/schema\/person\/9cd9d437bbb44f72b73ba127e06d8e79"},"breadcrumb":{"@id":"https:\/\/kibrisdakik.com\/?p=80082#breadcrumb"},"inLanguage":"tr","potentialAction":[{"@type":"ReadAction","target":["https:\/\/kibrisdakik.com\/?p=80082"]}]},{"@type":"ImageObject","inLanguage":"tr","@id":"https:\/\/kibrisdakik.com\/?p=80082#primaryimage","url":"https:\/\/kibrisdakik.com\/wp-content\/uploads\/2025\/04\/490716036_1012047607725364_8092712072195444272_n-740x316.jpg","contentUrl":"https:\/\/kibrisdakik.com\/wp-content\/uploads\/2025\/04\/490716036_1012047607725364_8092712072195444272_n-740x316.jpg","width":768,"height":316},{"@type":"BreadcrumbList","@id":"https:\/\/kibrisdakik.com\/?p=80082#breadcrumb","itemListElement":[{"@type":"ListItem","position":1,"name":"Home","item":"https:\/\/kibrisdakik.com\/"},{"@type":"ListItem","position":2,"name":"9 Eyl\u00fcl \u0130lkokulu\u2019ndan co\u015fkulu \u201cM\u00fczik Gecesi\u201d"}]},{"@type":"WebSite","@id":"https:\/\/kibrisdakik.com\/#website","url":"https:\/\/kibrisdakik.com\/","name":"","description":"Tam vaktinde haber","potentialAction":[{"@type":"SearchAction","target":{"@type":"EntryPoint","urlTemplate":"https:\/\/kibrisdakik.com\/?s={search_term_string}"},"query-input":{"@type":"PropertyValueSpecification","valueRequired":true,"valueName":"search_term_string"}}],"inLanguage":"tr"},{"@type":"Person","@id":"https:\/\/kibrisdakik.com\/#\/schema\/person\/9cd9d437bbb44f72b73ba127e06d8e79","name":"admin","image":{"@type":"ImageObject","inLanguage":"tr","@id":"https:\/\/secure.gravatar.com\/avatar\/ccc17943b9d660506c869530f897617f7cb1c21a4bf30023f252596d83e1f007?s=96&d=mm&r=g","url":"https:\/\/secure.gravatar.com\/avatar\/ccc17943b9d660506c869530f897617f7cb1c21a4bf30023f252596d83e1f007?s=96&d=mm&r=g","contentUrl":"https:\/\/secure.gravatar.com\/avatar\/ccc17943b9d660506c869530f897617f7cb1c21a4bf30023f252596d83e1f007?s=96&d=mm&r=g","caption":"admin"},"sameAs":["https:\/\/kibrisdakik.com"],"url":"https:\/\/kibrisdakik.com\/?author=1"}]}},"_links":{"self":[{"href":"https:\/\/kibrisdakik.com\/index.php?rest_route=\/wp\/v2\/posts\/80082","targetHints":{"allow":["GET"]}}],"collection":[{"href":"https:\/\/kibrisdakik.com\/index.php?rest_route=\/wp\/v2\/posts"}],"about":[{"href":"https:\/\/kibrisdakik.com\/index.php?rest_route=\/wp\/v2\/types\/post"}],"author":[{"embeddable":true,"href":"https:\/\/kibrisdakik.com\/index.php?rest_route=\/wp\/v2\/users\/1"}],"replies":[{"embeddable":true,"href":"https:\/\/kibrisdakik.com\/index.php?rest_route=%2Fwp%2Fv2%2Fcomments&post=80082"}],"version-history":[{"count":0,"href":"https:\/\/kibrisdakik.com\/index.php?rest_route=\/wp\/v2\/posts\/80082\/revisions"}],"wp:featuredmedia":[{"embeddable":true,"href":"https:\/\/kibrisdakik.com\/index.php?rest_route=\/wp\/v2\/media\/80083"}],"wp:attachment":[{"href":"https:\/\/kibrisdakik.com\/index.php?rest_route=%2Fwp%2Fv2%2Fmedia&parent=80082"}],"wp:term":[{"taxonomy":"category","embeddable":true,"href":"https:\/\/kibrisdakik.com\/index.php?rest_route=%2Fwp%2Fv2%2Fcategories&post=80082"},{"taxonomy":"post_tag","embeddable":true,"href":"https:\/\/kibrisdakik.com\/index.php?rest_route=%2Fwp%2Fv2%2Ftags&post=80082"}],"curies":[{"name":"wp","href":"https:\/\/api.w.org\/{rel}","templated":true}]}}