{"id":80116,"date":"2025-04-13T16:37:07","date_gmt":"2025-04-13T13:37:07","guid":{"rendered":"https:\/\/kibrisdakik.com\/index.php\/2025\/04\/13\/amcaogludijital-karekod-sistemi-icin-gerekli-tuzuk-degisiklikleri-onaylandi-genelge-hafta-icinde-yayimlanacak\/"},"modified":"2025-04-13T16:37:07","modified_gmt":"2025-04-13T13:37:07","slug":"amcaogludijital-karekod-sistemi-icin-gerekli-tuzuk-degisiklikleri-onaylandi-genelge-hafta-icinde-yayimlanacak","status":"publish","type":"post","link":"https:\/\/kibrisdakik.com\/?p=80116","title":{"rendered":"Amcao\u011flu:Dijital Karekod Sistemi i\u00e7in gerekli t\u00fcz\u00fck de\u011fi\u015fiklikleri onayland\u0131. Genelge hafta i\u00e7inde yay\u0131mlanacak"},"content":{"rendered":"<div>\n<div class=\"mariselle-image-container center\">\n                                            <\/div>\n<p>Ekonomi ve Enerji Bakan\u0131 Olgun Amcao\u011flu, serbest piyasada belirlenen \u00fcr\u00fcnlerin al\u0131\u015f ve sat\u0131\u015f fiyatlar\u0131n\u0131n g\u00fcnl\u00fck takibi ile denetim, kontrol ve raporlamas\u0131n\u0131 yapacak Dijital Karekod Sistemi\u2019nin \u00e7al\u0131\u015fmas\u0131 i\u00e7in marketlerin uymakla y\u00fck\u00fcml\u00fc olaca\u011f\u0131 kurallar\u0131 i\u00e7eren genelgeyi  hafta i\u00e7erisinde yay\u0131mlayacaklar\u0131n\u0131 duyurdu.<\/p>\n<p>Ekonomi ve Enerji Bakanl\u0131\u011f\u0131ndan yap\u0131lan a\u00e7\u0131klamaya g\u00f6re, Dijital karekod sisteminin \u00e7al\u0131\u015fmas\u0131 i\u00e7in gerekli t\u00fcz\u00fck de\u011fi\u015fikli\u011finin Bakanlar Kurulu taraf\u0131ndan onaylan\u0131p, Resmi Gazete\u2019de yay\u0131mland\u0131\u011f\u0131n\u0131  an\u0131msatan  Amcao\u011flu, serbest piyasada belirlenen \u00fcr\u00fcnlerin al\u0131\u015f ve sat\u0131\u015f fiyatlar\u0131n\u0131n g\u00fcnl\u00fck takibi ile denetim, kontrol ve raporlamas\u0131n\u0131 yapacak Dijital Karekod Sistemi\u2019nin \u00e7al\u0131\u015fmas\u0131 i\u00e7in marketlerin uymakla y\u00fck\u00fcml\u00fc olaca\u011f\u0131 kurallar\u0131 i\u00e7eren genelgeyi de hafta i\u00e7erisinde yay\u0131mlayacaklar\u0131n\u0131 belirtti.<\/p>\n<p>Amcao\u011flu, 2 May\u0131s\u2019a kadar sistem ve veri merkezinin altyap\u0131 \u00e7al\u0131\u015fmalar\u0131n\u0131n tamamlanmas\u0131n\u0131n, gerekli donan\u0131mlar\u0131n, i\u015fletim sistemlerinin ve yaz\u0131l\u0131mlar\u0131n kurulumunun, yerli \u00fcr\u00fcnler ve barkodu olmayan \u00fcr\u00fcnler i\u00e7in Barkod Merkezi Sistemi\u2019nin kurulumunun ve internet ba\u011flant\u0131 altyap\u0131s\u0131n\u0131n tamamlanarak sistemin a\u00e7\u0131laca\u011f\u0131n\u0131 duyurdu.<\/p>\n<p>Bakan Amcao\u011flu, 3 \u2013 31 May\u0131s tarihleri aras\u0131ndaki d\u00f6nemde ise, takibi yap\u0131lacak \u00fcr\u00fcnlerin sisteme giri\u015finin, marketlerin sisteme tan\u0131mlanmas\u0131 ve kullan\u0131c\u0131 yetkilerinin verilmesinin, veri aktaracak marketlerin sistemde \u00e7al\u0131\u015fmalar\u0131n\u0131n ba\u015flat\u0131lmas\u0131n\u0131n, sistemin marketlere a\u00e7\u0131lmas\u0131 ve e\u011fitimlerin verilmesinin, gelen verilerin Bakanl\u0131k taraf\u0131ndan g\u00f6r\u00fclmesi, incelenmesi ve raporlanmas\u0131n\u0131n hedeflendi\u011fini ifade etti.<\/p>\n<p>2 Haziran\u2019dan itibaren marketlerde sistemin tam olarak kullan\u0131ma ba\u015flanmas\u0131n\u0131n hedeflendi\u011fine dikkat \u00e7eken Amcao\u011flu, t\u00fcm \u00e7al\u0131\u015fmalar\u0131n 3 \u2013 30 Haziran tarihleri aras\u0131nda sonu\u00e7lanaca\u011f\u0131n\u0131 s\u00f6yledi.<\/p>\n<\/p><\/div>\n<p><script async\n                    defer\n                    crossorigin=\"anonymous\"\n                    src=\"https:\/\/connect.facebook.net\/tr_TR\/sdk.js#xfbml=1&#038;version=v3.3\"\n            ><\/script><\/p>\n","protected":false},"excerpt":{"rendered":"<p>Ekonomi ve Enerji Bakan\u0131 Olgun Amcao\u011flu, serbest piyasada belirlenen \u00fcr\u00fcnlerin al\u0131\u015f ve sat\u0131\u015f fiyatlar\u0131n\u0131n g\u00fcnl\u00fck takibi ile denetim, kontrol ve raporlamas\u0131n\u0131 yapacak Dijital Karekod Sistemi\u2019nin \u00e7al\u0131\u015fmas\u0131 i\u00e7in marketlerin uymakla y\u00fck\u00fcml\u00fc olaca\u011f\u0131 kurallar\u0131 i\u00e7eren genelgeyi hafta i\u00e7erisinde yay\u0131mlayacaklar\u0131n\u0131 duyurdu. Ekonomi ve Enerji Bakanl\u0131\u011f\u0131ndan yap\u0131lan a\u00e7\u0131klamaya g\u00f6re, Dijital karekod sisteminin \u00e7al\u0131\u015fmas\u0131 i\u00e7in gerekli t\u00fcz\u00fck de\u011fi\u015fikli\u011finin Bakanlar Kurulu<\/p>\n","protected":false},"author":1,"featured_media":80117,"comment_status":"open","ping_status":"open","sticky":false,"template":"","format":"standard","meta":{"footnotes":""},"categories":[81,101],"tags":[],"class_list":["post-80116","post","type-post","status-publish","format-standard","has-post-thumbnail","hentry","category-kibris","category-manset"],"yoast_head":"<!-- This site is optimized with the Yoast SEO plugin v27.4 - https:\/\/yoast.com\/product\/yoast-seo-wordpress\/ -->\n<title>Amcao\u011flu:Dijital Karekod Sistemi i\u00e7in gerekli t\u00fcz\u00fck de\u011fi\u015fiklikleri onayland\u0131. Genelge hafta i\u00e7inde yay\u0131mlanacak -<\/title>\n<meta name=\"robots\" content=\"index, follow, max-snippet:-1, max-image-preview:large, max-video-preview:-1\" \/>\n<link rel=\"canonical\" href=\"https:\/\/kibrisdakik.com\/?p=80116\" \/>\n<meta property=\"og:locale\" content=\"tr_TR\" \/>\n<meta property=\"og:type\" content=\"article\" \/>\n<meta property=\"og:title\" content=\"Amcao\u011flu:Dijital Karekod Sistemi i\u00e7in gerekli t\u00fcz\u00fck de\u011fi\u015fiklikleri onayland\u0131. Genelge hafta i\u00e7inde yay\u0131mlanacak -\" \/>\n<meta property=\"og:description\" content=\"Ekonomi ve Enerji Bakan\u0131 Olgun Amcao\u011flu, serbest piyasada belirlenen \u00fcr\u00fcnlerin al\u0131\u015f ve sat\u0131\u015f fiyatlar\u0131n\u0131n g\u00fcnl\u00fck takibi ile denetim, kontrol ve raporlamas\u0131n\u0131 yapacak Dijital Karekod Sistemi\u2019nin \u00e7al\u0131\u015fmas\u0131 i\u00e7in marketlerin uymakla y\u00fck\u00fcml\u00fc olaca\u011f\u0131 kurallar\u0131 i\u00e7eren genelgeyi hafta i\u00e7erisinde yay\u0131mlayacaklar\u0131n\u0131 duyurdu. Ekonomi ve Enerji Bakanl\u0131\u011f\u0131ndan yap\u0131lan a\u00e7\u0131klamaya g\u00f6re, Dijital karekod sisteminin \u00e7al\u0131\u015fmas\u0131 i\u00e7in gerekli t\u00fcz\u00fck de\u011fi\u015fikli\u011finin Bakanlar Kurulu\" \/>\n<meta property=\"og:url\" content=\"https:\/\/kibrisdakik.com\/?p=80116\" \/>\n<meta property=\"article:published_time\" content=\"2025-04-13T13:37:07+00:00\" \/>\n<meta property=\"og:image\" content=\"https:\/\/kibrisdakik.com\/wp-content\/uploads\/2025\/04\/17445498398891736694679175olgun-amcaoglu-2.jpg\" \/>\n\t<meta property=\"og:image:width\" content=\"720\" \/>\n\t<meta property=\"og:image:height\" content=\"405\" \/>\n\t<meta property=\"og:image:type\" content=\"image\/jpeg\" \/>\n<meta name=\"author\" content=\"admin\" \/>\n<meta name=\"twitter:card\" content=\"summary_large_image\" \/>\n<meta name=\"twitter:label1\" content=\"Yazan:\" \/>\n\t<meta name=\"twitter:data1\" content=\"admin\" \/>\n\t<meta name=\"twitter:label2\" content=\"Tahmini okuma s\u00fcresi\" \/>\n\t<meta name=\"twitter:data2\" content=\"2 dakika\" \/>\n<script type=\"application\/ld+json\" class=\"yoast-schema-graph\">{\"@context\":\"https:\\\/\\\/schema.org\",\"@graph\":[{\"@type\":\"Article\",\"@id\":\"https:\\\/\\\/kibrisdakik.com\\\/?p=80116#article\",\"isPartOf\":{\"@id\":\"https:\\\/\\\/kibrisdakik.com\\\/?p=80116\"},\"author\":{\"name\":\"admin\",\"@id\":\"https:\\\/\\\/kibrisdakik.com\\\/#\\\/schema\\\/person\\\/9cd9d437bbb44f72b73ba127e06d8e79\"},\"headline\":\"Amcao\u011flu:Dijital Karekod Sistemi i\u00e7in gerekli t\u00fcz\u00fck de\u011fi\u015fiklikleri onayland\u0131. Genelge hafta i\u00e7inde yay\u0131mlanacak\",\"datePublished\":\"2025-04-13T13:37:07+00:00\",\"mainEntityOfPage\":{\"@id\":\"https:\\\/\\\/kibrisdakik.com\\\/?p=80116\"},\"wordCount\":325,\"commentCount\":0,\"image\":{\"@id\":\"https:\\\/\\\/kibrisdakik.com\\\/?p=80116#primaryimage\"},\"thumbnailUrl\":\"https:\\\/\\\/kibrisdakik.com\\\/wp-content\\\/uploads\\\/2025\\\/04\\\/17445498398891736694679175olgun-amcaoglu-2.jpg\",\"articleSection\":[\"K\u0131br\u0131s\",\"Man\u015fet\"],\"inLanguage\":\"tr\",\"potentialAction\":[{\"@type\":\"CommentAction\",\"name\":\"Comment\",\"target\":[\"https:\\\/\\\/kibrisdakik.com\\\/?p=80116#respond\"]}]},{\"@type\":\"WebPage\",\"@id\":\"https:\\\/\\\/kibrisdakik.com\\\/?p=80116\",\"url\":\"https:\\\/\\\/kibrisdakik.com\\\/?p=80116\",\"name\":\"Amcao\u011flu:Dijital Karekod Sistemi i\u00e7in gerekli t\u00fcz\u00fck de\u011fi\u015fiklikleri onayland\u0131. Genelge hafta i\u00e7inde yay\u0131mlanacak -\",\"isPartOf\":{\"@id\":\"https:\\\/\\\/kibrisdakik.com\\\/#website\"},\"primaryImageOfPage\":{\"@id\":\"https:\\\/\\\/kibrisdakik.com\\\/?p=80116#primaryimage\"},\"image\":{\"@id\":\"https:\\\/\\\/kibrisdakik.com\\\/?p=80116#primaryimage\"},\"thumbnailUrl\":\"https:\\\/\\\/kibrisdakik.com\\\/wp-content\\\/uploads\\\/2025\\\/04\\\/17445498398891736694679175olgun-amcaoglu-2.jpg\",\"datePublished\":\"2025-04-13T13:37:07+00:00\",\"author\":{\"@id\":\"https:\\\/\\\/kibrisdakik.com\\\/#\\\/schema\\\/person\\\/9cd9d437bbb44f72b73ba127e06d8e79\"},\"breadcrumb\":{\"@id\":\"https:\\\/\\\/kibrisdakik.com\\\/?p=80116#breadcrumb\"},\"inLanguage\":\"tr\",\"potentialAction\":[{\"@type\":\"ReadAction\",\"target\":[\"https:\\\/\\\/kibrisdakik.com\\\/?p=80116\"]}]},{\"@type\":\"ImageObject\",\"inLanguage\":\"tr\",\"@id\":\"https:\\\/\\\/kibrisdakik.com\\\/?p=80116#primaryimage\",\"url\":\"https:\\\/\\\/kibrisdakik.com\\\/wp-content\\\/uploads\\\/2025\\\/04\\\/17445498398891736694679175olgun-amcaoglu-2.jpg\",\"contentUrl\":\"https:\\\/\\\/kibrisdakik.com\\\/wp-content\\\/uploads\\\/2025\\\/04\\\/17445498398891736694679175olgun-amcaoglu-2.jpg\",\"width\":720,\"height\":405},{\"@type\":\"BreadcrumbList\",\"@id\":\"https:\\\/\\\/kibrisdakik.com\\\/?p=80116#breadcrumb\",\"itemListElement\":[{\"@type\":\"ListItem\",\"position\":1,\"name\":\"Home\",\"item\":\"https:\\\/\\\/kibrisdakik.com\\\/\"},{\"@type\":\"ListItem\",\"position\":2,\"name\":\"Amcao\u011flu:Dijital Karekod Sistemi i\u00e7in gerekli t\u00fcz\u00fck de\u011fi\u015fiklikleri onayland\u0131. Genelge hafta i\u00e7inde yay\u0131mlanacak\"}]},{\"@type\":\"WebSite\",\"@id\":\"https:\\\/\\\/kibrisdakik.com\\\/#website\",\"url\":\"https:\\\/\\\/kibrisdakik.com\\\/\",\"name\":\"\",\"description\":\"Tam vaktinde haber\",\"potentialAction\":[{\"@type\":\"SearchAction\",\"target\":{\"@type\":\"EntryPoint\",\"urlTemplate\":\"https:\\\/\\\/kibrisdakik.com\\\/?s={search_term_string}\"},\"query-input\":{\"@type\":\"PropertyValueSpecification\",\"valueRequired\":true,\"valueName\":\"search_term_string\"}}],\"inLanguage\":\"tr\"},{\"@type\":\"Person\",\"@id\":\"https:\\\/\\\/kibrisdakik.com\\\/#\\\/schema\\\/person\\\/9cd9d437bbb44f72b73ba127e06d8e79\",\"name\":\"admin\",\"image\":{\"@type\":\"ImageObject\",\"inLanguage\":\"tr\",\"@id\":\"https:\\\/\\\/secure.gravatar.com\\\/avatar\\\/ccc17943b9d660506c869530f897617f7cb1c21a4bf30023f252596d83e1f007?s=96&d=mm&r=g\",\"url\":\"https:\\\/\\\/secure.gravatar.com\\\/avatar\\\/ccc17943b9d660506c869530f897617f7cb1c21a4bf30023f252596d83e1f007?s=96&d=mm&r=g\",\"contentUrl\":\"https:\\\/\\\/secure.gravatar.com\\\/avatar\\\/ccc17943b9d660506c869530f897617f7cb1c21a4bf30023f252596d83e1f007?s=96&d=mm&r=g\",\"caption\":\"admin\"},\"sameAs\":[\"https:\\\/\\\/kibrisdakik.com\"],\"url\":\"https:\\\/\\\/kibrisdakik.com\\\/?author=1\"}]}<\/script>\n<!-- \/ Yoast SEO plugin. -->","yoast_head_json":{"title":"Amcao\u011flu:Dijital Karekod Sistemi i\u00e7in gerekli t\u00fcz\u00fck de\u011fi\u015fiklikleri onayland\u0131. Genelge hafta i\u00e7inde yay\u0131mlanacak -","robots":{"index":"index","follow":"follow","max-snippet":"max-snippet:-1","max-image-preview":"max-image-preview:large","max-video-preview":"max-video-preview:-1"},"canonical":"https:\/\/kibrisdakik.com\/?p=80116","og_locale":"tr_TR","og_type":"article","og_title":"Amcao\u011flu:Dijital Karekod Sistemi i\u00e7in gerekli t\u00fcz\u00fck de\u011fi\u015fiklikleri onayland\u0131. Genelge hafta i\u00e7inde yay\u0131mlanacak -","og_description":"Ekonomi ve Enerji Bakan\u0131 Olgun Amcao\u011flu, serbest piyasada belirlenen \u00fcr\u00fcnlerin al\u0131\u015f ve sat\u0131\u015f fiyatlar\u0131n\u0131n g\u00fcnl\u00fck takibi ile denetim, kontrol ve raporlamas\u0131n\u0131 yapacak Dijital Karekod Sistemi\u2019nin \u00e7al\u0131\u015fmas\u0131 i\u00e7in marketlerin uymakla y\u00fck\u00fcml\u00fc olaca\u011f\u0131 kurallar\u0131 i\u00e7eren genelgeyi hafta i\u00e7erisinde yay\u0131mlayacaklar\u0131n\u0131 duyurdu. Ekonomi ve Enerji Bakanl\u0131\u011f\u0131ndan yap\u0131lan a\u00e7\u0131klamaya g\u00f6re, Dijital karekod sisteminin \u00e7al\u0131\u015fmas\u0131 i\u00e7in gerekli t\u00fcz\u00fck de\u011fi\u015fikli\u011finin Bakanlar Kurulu","og_url":"https:\/\/kibrisdakik.com\/?p=80116","article_published_time":"2025-04-13T13:37:07+00:00","og_image":[{"width":720,"height":405,"url":"https:\/\/kibrisdakik.com\/wp-content\/uploads\/2025\/04\/17445498398891736694679175olgun-amcaoglu-2.jpg","type":"image\/jpeg"}],"author":"admin","twitter_card":"summary_large_image","twitter_misc":{"Yazan:":"admin","Tahmini okuma s\u00fcresi":"2 dakika"},"schema":{"@context":"https:\/\/schema.org","@graph":[{"@type":"Article","@id":"https:\/\/kibrisdakik.com\/?p=80116#article","isPartOf":{"@id":"https:\/\/kibrisdakik.com\/?p=80116"},"author":{"name":"admin","@id":"https:\/\/kibrisdakik.com\/#\/schema\/person\/9cd9d437bbb44f72b73ba127e06d8e79"},"headline":"Amcao\u011flu:Dijital Karekod Sistemi i\u00e7in gerekli t\u00fcz\u00fck de\u011fi\u015fiklikleri onayland\u0131. Genelge hafta i\u00e7inde yay\u0131mlanacak","datePublished":"2025-04-13T13:37:07+00:00","mainEntityOfPage":{"@id":"https:\/\/kibrisdakik.com\/?p=80116"},"wordCount":325,"commentCount":0,"image":{"@id":"https:\/\/kibrisdakik.com\/?p=80116#primaryimage"},"thumbnailUrl":"https:\/\/kibrisdakik.com\/wp-content\/uploads\/2025\/04\/17445498398891736694679175olgun-amcaoglu-2.jpg","articleSection":["K\u0131br\u0131s","Man\u015fet"],"inLanguage":"tr","potentialAction":[{"@type":"CommentAction","name":"Comment","target":["https:\/\/kibrisdakik.com\/?p=80116#respond"]}]},{"@type":"WebPage","@id":"https:\/\/kibrisdakik.com\/?p=80116","url":"https:\/\/kibrisdakik.com\/?p=80116","name":"Amcao\u011flu:Dijital Karekod Sistemi i\u00e7in gerekli t\u00fcz\u00fck de\u011fi\u015fiklikleri onayland\u0131. Genelge hafta i\u00e7inde yay\u0131mlanacak -","isPartOf":{"@id":"https:\/\/kibrisdakik.com\/#website"},"primaryImageOfPage":{"@id":"https:\/\/kibrisdakik.com\/?p=80116#primaryimage"},"image":{"@id":"https:\/\/kibrisdakik.com\/?p=80116#primaryimage"},"thumbnailUrl":"https:\/\/kibrisdakik.com\/wp-content\/uploads\/2025\/04\/17445498398891736694679175olgun-amcaoglu-2.jpg","datePublished":"2025-04-13T13:37:07+00:00","author":{"@id":"https:\/\/kibrisdakik.com\/#\/schema\/person\/9cd9d437bbb44f72b73ba127e06d8e79"},"breadcrumb":{"@id":"https:\/\/kibrisdakik.com\/?p=80116#breadcrumb"},"inLanguage":"tr","potentialAction":[{"@type":"ReadAction","target":["https:\/\/kibrisdakik.com\/?p=80116"]}]},{"@type":"ImageObject","inLanguage":"tr","@id":"https:\/\/kibrisdakik.com\/?p=80116#primaryimage","url":"https:\/\/kibrisdakik.com\/wp-content\/uploads\/2025\/04\/17445498398891736694679175olgun-amcaoglu-2.jpg","contentUrl":"https:\/\/kibrisdakik.com\/wp-content\/uploads\/2025\/04\/17445498398891736694679175olgun-amcaoglu-2.jpg","width":720,"height":405},{"@type":"BreadcrumbList","@id":"https:\/\/kibrisdakik.com\/?p=80116#breadcrumb","itemListElement":[{"@type":"ListItem","position":1,"name":"Home","item":"https:\/\/kibrisdakik.com\/"},{"@type":"ListItem","position":2,"name":"Amcao\u011flu:Dijital Karekod Sistemi i\u00e7in gerekli t\u00fcz\u00fck de\u011fi\u015fiklikleri onayland\u0131. Genelge hafta i\u00e7inde yay\u0131mlanacak"}]},{"@type":"WebSite","@id":"https:\/\/kibrisdakik.com\/#website","url":"https:\/\/kibrisdakik.com\/","name":"","description":"Tam vaktinde haber","potentialAction":[{"@type":"SearchAction","target":{"@type":"EntryPoint","urlTemplate":"https:\/\/kibrisdakik.com\/?s={search_term_string}"},"query-input":{"@type":"PropertyValueSpecification","valueRequired":true,"valueName":"search_term_string"}}],"inLanguage":"tr"},{"@type":"Person","@id":"https:\/\/kibrisdakik.com\/#\/schema\/person\/9cd9d437bbb44f72b73ba127e06d8e79","name":"admin","image":{"@type":"ImageObject","inLanguage":"tr","@id":"https:\/\/secure.gravatar.com\/avatar\/ccc17943b9d660506c869530f897617f7cb1c21a4bf30023f252596d83e1f007?s=96&d=mm&r=g","url":"https:\/\/secure.gravatar.com\/avatar\/ccc17943b9d660506c869530f897617f7cb1c21a4bf30023f252596d83e1f007?s=96&d=mm&r=g","contentUrl":"https:\/\/secure.gravatar.com\/avatar\/ccc17943b9d660506c869530f897617f7cb1c21a4bf30023f252596d83e1f007?s=96&d=mm&r=g","caption":"admin"},"sameAs":["https:\/\/kibrisdakik.com"],"url":"https:\/\/kibrisdakik.com\/?author=1"}]}},"_links":{"self":[{"href":"https:\/\/kibrisdakik.com\/index.php?rest_route=\/wp\/v2\/posts\/80116","targetHints":{"allow":["GET"]}}],"collection":[{"href":"https:\/\/kibrisdakik.com\/index.php?rest_route=\/wp\/v2\/posts"}],"about":[{"href":"https:\/\/kibrisdakik.com\/index.php?rest_route=\/wp\/v2\/types\/post"}],"author":[{"embeddable":true,"href":"https:\/\/kibrisdakik.com\/index.php?rest_route=\/wp\/v2\/users\/1"}],"replies":[{"embeddable":true,"href":"https:\/\/kibrisdakik.com\/index.php?rest_route=%2Fwp%2Fv2%2Fcomments&post=80116"}],"version-history":[{"count":0,"href":"https:\/\/kibrisdakik.com\/index.php?rest_route=\/wp\/v2\/posts\/80116\/revisions"}],"wp:featuredmedia":[{"embeddable":true,"href":"https:\/\/kibrisdakik.com\/index.php?rest_route=\/wp\/v2\/media\/80117"}],"wp:attachment":[{"href":"https:\/\/kibrisdakik.com\/index.php?rest_route=%2Fwp%2Fv2%2Fmedia&parent=80116"}],"wp:term":[{"taxonomy":"category","embeddable":true,"href":"https:\/\/kibrisdakik.com\/index.php?rest_route=%2Fwp%2Fv2%2Fcategories&post=80116"},{"taxonomy":"post_tag","embeddable":true,"href":"https:\/\/kibrisdakik.com\/index.php?rest_route=%2Fwp%2Fv2%2Ftags&post=80116"}],"curies":[{"name":"wp","href":"https:\/\/api.w.org\/{rel}","templated":true}]}}