{"id":80118,"date":"2025-04-13T16:43:10","date_gmt":"2025-04-13T13:43:10","guid":{"rendered":"https:\/\/kibrisdakik.com\/index.php\/2025\/04\/13\/halkin-partisi-4-olagan-kongresi-yapildi-baskan-yeniden-ozersay\/"},"modified":"2025-04-13T16:43:10","modified_gmt":"2025-04-13T13:43:10","slug":"halkin-partisi-4-olagan-kongresi-yapildi-baskan-yeniden-ozersay","status":"publish","type":"post","link":"https:\/\/kibrisdakik.com\/?p=80118","title":{"rendered":"Halk\u0131n Partisi 4. Ola\u011fan Kongresi yap\u0131ld\u0131\u2026 Ba\u015fkan yeniden \u00d6zersay"},"content":{"rendered":"<div>\n<div class=\"mariselle-image-container center\">\n                                            <\/div>\n<p>Halk\u0131n Partisi (HP) 4\u2019\u00fcnc\u00fc Ola\u011fan Kongresi yap\u0131ld\u0131. Genel ba\u015fkanl\u0131k i\u00e7in tek aday olan Kudret \u00d6zersay, yeniden genel ba\u015fkan se\u00e7ildi.<\/p>\n<p>Partiden yap\u0131lan a\u00e7\u0131klamaya g\u00f6re, Yak\u0131n Do\u011fu \u00dcniversitesi (YD\u00dc) Konferans Salonu\u2019nda ger\u00e7ekle\u015fen kongrede, genel ba\u015fkan ve yeni parti meclisinin se\u00e7imi yap\u0131ld\u0131, parti t\u00fcz\u00fc\u011f\u00fcnde bir tak\u0131m de\u011fi\u015fikliklere gidildi.<\/p>\n<p>Halk\u0131n Partisi Genel Ba\u015fkan\u0131 Kudret \u00d6zersay, 4. Ola\u011fan Kongre\u2019de yapt\u0131\u011f\u0131 konu\u015fmada, ge\u00e7mi\u015f iki y\u0131l\u0131 de\u011ferlendirdi, gelecek vizyonlar\u0131n\u0131 ortaya koydu.<\/p>\n<p>\u00d6zersay, Halk\u0131n Partisi\u2019nin etkili bir muhalefet y\u00fcr\u00fctt\u00fc\u011f\u00fcn\u00fc vurgulayarak, \u201cBug\u00fcn vekillikte istifa etmi\u015f olabiliriz ama halk\u0131n vekili olmaya devam ettik.\u201d dedi. \u00d6zersay konu\u015fmas\u0131nda, sosyal sigortal\u0131lar\u0131n ya\u015fad\u0131\u011f\u0131 ila\u00e7 sorunlar\u0131ndan yasa d\u0131\u015f\u0131 seyr\u00fcsefer cezalar\u0131na, partizanca ta\u015f\u0131mac\u0131l\u0131k izinlerinden sahte diplomalara kadar bir\u00e7ok konuda kamuoyu bask\u0131s\u0131 yaratarak, somut kazan\u0131mlar elde ettiklerini ifade etti.<\/p>\n<p>\u00d6zellikle sahte diploma skandal\u0131na dikkat \u00e7eken \u00d6zersay, bir\u00e7ok \u00fcst d\u00fczey kamu g\u00f6revlisinin g\u00f6revden al\u0131nd\u0131\u011f\u0131n\u0131 belirtti; \u201cBiz bunlar\u0131 ki\u015fisel husumetle de\u011fil, halk\u0131n g\u00fcvenli\u011fi ve adalet duygusu i\u00e7in yapt\u0131k.\u201d dedi.<\/p>\n<p>Konu\u015fmas\u0131nda Halk\u0131n Partisi\u2019nin sadece muhalefet yapmak i\u00e7in de\u011fil, \u00fclkeyi y\u00f6netmek i\u00e7in yola \u00e7\u0131kt\u0131\u011f\u0131n\u0131 s\u00f6yleyen \u00d6zersay, \u201cMe\u015fru bir h\u00fck\u00fcmetin par\u00e7as\u0131 olmak istiyoruz. Atama ya da \u00e7akma h\u00fck\u00fcmetlerin de\u011fil.\u201d ifadelerini kulland\u0131.<\/p>\n<p>\u2013 \u201c\u00dc\u00e7\u00fcnc\u00fc yol m\u00fcmk\u00fcn\u201d<\/p>\n<p>K\u0131br\u0131s sorunu konusunda ise iki ayr\u0131 devlet veya federal \u00e7\u00f6z\u00fcm aras\u0131nda s\u0131k\u0131\u015fman\u0131n anlams\u0131z oldu\u011funu s\u00f6yleyen \u00d6zersay, \u201c\u00dc\u00e7\u00fcnc\u00fc bir yol m\u00fcmk\u00fcnd\u00fcr. Evrimsel bir modelle, i\u015f birli\u011fine dayal\u0131, kendi devletiyle bar\u0131\u015f\u0131k bir \u00e7\u00f6z\u00fcm m\u00fcmk\u00fcnd\u00fcr.\u201d diyerek, partisinin vizyoner yakla\u015f\u0131m\u0131n\u0131 vurgulad\u0131.<\/p>\n<p>Kongrede parti t\u00fcz\u00fc\u011f\u00fcnde yap\u0131lacak de\u011fi\u015fiklikleri de duyuran \u00d6zersay, genel ba\u015fkan yard\u0131mc\u0131lar\u0131 ve parti s\u00f6zc\u00fcl\u00fc\u011f\u00fcn\u00fcn t\u00fcz\u00fc\u011fe eklenece\u011fini, MYK\u2019n\u0131n geni\u015fletilece\u011fini s\u00f6yledi. \u00d6zersay, ayr\u0131ca, \u00fc\u00e7\u00fc kad\u0131n olmak \u00fczere alt\u0131 yeni il\u00e7e ba\u015fkan\u0131n\u0131n se\u00e7ildi\u011fini belirterek, kad\u0131n ve gen\u00e7 temsilinin artmas\u0131ndan duydu\u011fu memnuniyeti dile getirdi.<\/p>\n<p>\u00d6zersay konu\u015fmas\u0131n\u0131, \u201cBiz bu iki y\u0131lda \u00e7ok \u00e7al\u0131\u015ft\u0131k ama hi\u00e7 yorulmad\u0131k. \u00c7\u00fcnk\u00fc \u00fclke sevgisiyle \u00e7al\u0131\u015f\u0131yoruz.\u201d s\u00f6zleriyle tamamlad\u0131. Bir sonraki kongrede Halk\u0131n Partisi\u2019nin h\u00fck\u00fcmette olaca\u011f\u0131 inanc\u0131n\u0131 ifade eden \u00d6zersay, \u201cO g\u00fcne kadar g\u00fc\u00e7lenerek yola devam. Birileri de bizi izlemeye devam.\u201d dedi.<\/p>\n<p><em>\u2013 Alas: \u201cBu \u00fclkenin gelece\u011fi Halk\u0131n Partisi\u2019dir\u201d<\/em><\/p>\n<p>\u00d6zersay\u2019\u0131n konu\u015fmas\u0131n\u0131n ard\u0131ndan k\u00fcrs\u00fcye Halk\u0131n Partisi Genel Sekreteri Turgut Alas \u00e7\u0131kt\u0131.<\/p>\n<p>Alas, partisinin 4. Ola\u011fan Kurultay\u0131\u2019nda yapt\u0131\u011f\u0131 konu\u015fmada, Halk\u0131n Partisi\u2019nin t\u00fcm zorluklara ra\u011fmen ayakta kald\u0131\u011f\u0131n\u0131 ve ilk g\u00fcnk\u00fc de\u011ferlerinden sapmadan yoluna devam etti\u011fini vurgulad\u0131.<\/p>\n<p>Kurultayda, partinin yeniden yap\u0131lanma s\u00fcrecine ve son iki y\u0131lda verilen m\u00fccadelelere de\u011finen Alas, \u201cHalk\u0131n Partisi kapand\u0131, bitti denildi ama biz buna kulaklar\u0131m\u0131z\u0131 kapatt\u0131k ve yeniden yap\u0131land\u0131k. \u00c7\u00fcnk\u00fc bu parti yaln\u0131zca dokuz y\u0131ll\u0131k bir ge\u00e7mi\u015fe de\u011fil, doksan y\u0131ll\u0131k bir m\u00fccadele yorgunlu\u011funu ta\u015f\u0131yan ama asla y\u0131lmayan bir ruha sahip.\u201d dedi.<\/p>\n<p>Konu\u015fmas\u0131nda, halk\u0131n sesi olmay\u0131 s\u00fcrd\u00fcrd\u00fcklerini belirten Alas, \u201cBu \u00fclkenin gelece\u011fi Halk\u0131n Partisi\u2019dir. Korkmadan, \u00e7ekinmeden do\u011frular\u0131 dile getiren bir siyasi partiyiz. Fikri h\u00fcr, vicdan\u0131 h\u00fcr insanlar\u0131n partisiyiz ve onlar\u0131 temsil ediyoruz.\u201d ifadelerini kulland\u0131.<\/p>\n<p>Alas, HP\u2019nin muhalefette etkin bir rol oynad\u0131\u011f\u0131n\u0131 belirterek, bir vatanda\u015f\u0131n \u2018Bu \u00fclkede bir ana muhalefet var ama muhalefetin babas\u0131n\u0131 Halk\u0131n Partisi yap\u0131yor.\u201d ifadelerini payla\u015ft\u0131; bunun do\u011fru yolda olduklar\u0131n\u0131n g\u00f6stergesi oldu\u011funu belirtti.<\/p>\n<p>Faaliyet raporuna da de\u011finen Turgut Alas, son iki y\u0131lda partinin 250\u2019ye yak\u0131n televizyon program\u0131na kat\u0131ld\u0131\u011f\u0131n\u0131, 101 farkl\u0131 ziyaret ger\u00e7ekle\u015ftirdi\u011fini ve 307 bas\u0131n a\u00e7\u0131klamas\u0131yla kamuoyunu bilgilendirdiklerini s\u00f6yledi. Alas, \u201c\u00dclkeyi y\u00f6netenlerin b\u0131rakt\u0131\u011f\u0131 bo\u015flu\u011fu doldurmak zorunda kald\u0131k. Kokmu\u015f tuza bile g\u00f6z koyanlar taraf\u0131ndan y\u00f6netiliyoruz, bununla m\u00fccadele edip kar\u015f\u0131 kar\u015f\u0131ya oldu\u011fumuz \u00f6rg\u00fctl\u00fc k\u00f6t\u00fcl\u00fc\u011f\u00fc yenmek zorunday\u0131z.\u201d diyerek, iktidar\u0131 ele\u015ftirdi.<\/p>\n<p>Yeni d\u00f6nemde ula\u015famad\u0131klar\u0131 b\u00f6lgelere daha fazla temas edeceklerini ifade eden Alas, \u201cHalktan gelen \u2018bizi de ziyaret edin\u2019 \u00e7a\u011fr\u0131lar\u0131n\u0131 dikkate alaca\u011f\u0131z. Bu m\u00fccadeleyi b\u00fcy\u00fctmek i\u00e7in hep birlikte \u00e7al\u0131\u015fmaya devam edece\u011fiz.\u201d dedi. Konu\u015fmas\u0131n\u0131, ge\u00e7mi\u015f d\u00f6nemde partide g\u00f6rev alanlara te\u015fekk\u00fcr ederek tamamlayan Alas, yeni d\u00f6nemde g\u00f6rev alacak t\u00fcm adaylara ba\u015far\u0131lar diledi.<\/p>\n<p><strong>\u2013 Parti Meclisi \u00fcyeleri belirlendi<\/strong><\/p>\n<p>Konu\u015fmalar\u0131n ard\u0131ndan Parti Meclisi \u00fcyeleri belirlendi. <strong>Yeni PM \u00fcyeleri \u015f\u00f6yle:<\/strong><\/p>\n<p>\u201cLefko\u015fa:  Mustafa Kendir (\u0130l\u00e7e Ba\u015fkan\u0131), Aral Moral, Ali \u00c7\u0131rako\u011flu, Bu\u011fra Dervi\u015fo\u011flu, Aliye \u00d6zelsoylu, Teksen K\u00f6ro\u011flu, Ramadan Durmazer, U\u011fur \u00c7ulhao\u011flu, Yenal Senin, Mehmet \u00d6zbilgehan, Burcu \u00c7avu\u015fo\u011flu, Fikret Alas, Serhat Kotak, \u00dcmit Anibal, Hasan Serdenge\u00e7ti, Arif Kanl\u0131ada, Can S\u00f6zer<\/p>\n<p>Gazima\u011fusa: Duygu Uzun (\u0130l\u00e7e Ba\u015fkan\u0131), \u00d6zlem Akbora, \u00d6zg\u00fcr Vehit, Cenan Eskimuhtaro\u011flu, G\u00fcls\u00fcn Korun, Celal Sesli, H\u00fclya Karaali, H\u00fcseyin Tabur, Cihan Abi, \u00d6zbir Akba\u015fak, Erol Kaymak, Ercan \u015eadan El\u00e7in, Zeki \u00d6zg\u00fcrkanl\u0131lar, Hasan \u0130zkan<\/p>\n<p>Girne: Ne\u015fe Anibal (\u0130l\u00e7e Ba\u015fkan\u0131), \u00c7a\u011f\u0131n \u00c7a\u011fatay Karata\u015f, Ahmet Tokatl\u0131o\u011flu, Arda Kalfao\u011flu, Raif \u0130lkman, Erhan Onuralp, Yusuf Avc\u0131o\u011flu, Muhammet Ercan, Bahar Akp\u0131nar, \u0130hsan Tuncal\u0131, Kerim G\u00fcne\u015f, U\u011fur K\u0131ro\u011flu<\/p>\n<p>\u0130skele: Havva Elkovan (\u0130l\u00e7e Ba\u015fkan\u0131), Hasan Hasanbulli, Berivan Y\u0131ld\u0131z, Suat H\u00fcseyino\u011fullar\u0131, Ersin \u015eemi, Sinan Erhan Gece<\/p>\n<p>G\u00fczelyurt: \u0130mam G\u00fc\u00e7l\u00fc (\u0130l\u00e7e Ba\u015fkan\u0131), Turgut Alas, Tevfik Diren\u00e7, Adem Topak<\/p>\n<p>Lefke: Murat Helvac\u0131 (\u0130l\u00e7e Ba\u015fkan\u0131), Hasan Karl\u0131ta\u015f, Enver \u00d6ztoprak<\/p>\n<p>\u00d6rg\u00fctlenme Sorumlusu: Cengiz Karata\u015f<\/p>\n<p>Gen\u00e7lik \u00d6rg\u00fct\u00fc Ba\u015fkan\u0131: Onur G\u00fcler\u201d<\/p>\n<\/p><\/div>\n<p><script async\n                    defer\n                    crossorigin=\"anonymous\"\n                    src=\"https:\/\/connect.facebook.net\/tr_TR\/sdk.js#xfbml=1&#038;version=v3.3\"\n            ><\/script><\/p>\n","protected":false},"excerpt":{"rendered":"<p>Halk\u0131n Partisi (HP) 4\u2019\u00fcnc\u00fc Ola\u011fan Kongresi yap\u0131ld\u0131. Genel ba\u015fkanl\u0131k i\u00e7in tek aday olan Kudret \u00d6zersay, yeniden genel ba\u015fkan se\u00e7ildi. Partiden yap\u0131lan a\u00e7\u0131klamaya g\u00f6re, Yak\u0131n Do\u011fu \u00dcniversitesi (YD\u00dc) Konferans Salonu\u2019nda ger\u00e7ekle\u015fen kongrede, genel ba\u015fkan ve yeni parti meclisinin se\u00e7imi yap\u0131ld\u0131, parti t\u00fcz\u00fc\u011f\u00fcnde bir tak\u0131m de\u011fi\u015fikliklere gidildi. Halk\u0131n Partisi Genel Ba\u015fkan\u0131 Kudret \u00d6zersay, 4. Ola\u011fan Kongre\u2019de yapt\u0131\u011f\u0131<\/p>\n","protected":false},"author":1,"featured_media":80119,"comment_status":"open","ping_status":"open","sticky":false,"template":"","format":"standard","meta":{"footnotes":""},"categories":[81,101],"tags":[],"class_list":["post-80118","post","type-post","status-publish","format-standard","has-post-thumbnail","hentry","category-kibris","category-manset"],"yoast_head":"<!-- This site is optimized with the Yoast SEO plugin v27.5 - https:\/\/yoast.com\/product\/yoast-seo-wordpress\/ -->\n<title>Halk\u0131n Partisi 4. Ola\u011fan Kongresi yap\u0131ld\u0131\u2026 Ba\u015fkan yeniden \u00d6zersay -<\/title>\n<meta name=\"robots\" content=\"index, follow, max-snippet:-1, max-image-preview:large, max-video-preview:-1\" \/>\n<link rel=\"canonical\" href=\"https:\/\/kibrisdakik.com\/?p=80118\" \/>\n<meta property=\"og:locale\" content=\"tr_TR\" \/>\n<meta property=\"og:type\" content=\"article\" \/>\n<meta property=\"og:title\" content=\"Halk\u0131n Partisi 4. Ola\u011fan Kongresi yap\u0131ld\u0131\u2026 Ba\u015fkan yeniden \u00d6zersay -\" \/>\n<meta property=\"og:description\" content=\"Halk\u0131n Partisi (HP) 4\u2019\u00fcnc\u00fc Ola\u011fan Kongresi yap\u0131ld\u0131. Genel ba\u015fkanl\u0131k i\u00e7in tek aday olan Kudret \u00d6zersay, yeniden genel ba\u015fkan se\u00e7ildi. Partiden yap\u0131lan a\u00e7\u0131klamaya g\u00f6re, Yak\u0131n Do\u011fu \u00dcniversitesi (YD\u00dc) Konferans Salonu\u2019nda ger\u00e7ekle\u015fen kongrede, genel ba\u015fkan ve yeni parti meclisinin se\u00e7imi yap\u0131ld\u0131, parti t\u00fcz\u00fc\u011f\u00fcnde bir tak\u0131m de\u011fi\u015fikliklere gidildi. Halk\u0131n Partisi Genel Ba\u015fkan\u0131 Kudret \u00d6zersay, 4. Ola\u011fan Kongre\u2019de yapt\u0131\u011f\u0131\" \/>\n<meta property=\"og:url\" content=\"https:\/\/kibrisdakik.com\/?p=80118\" \/>\n<meta property=\"article:published_time\" content=\"2025-04-13T13:43:10+00:00\" \/>\n<meta property=\"og:image\" content=\"https:\/\/kibrisdakik.com\/wp-content\/uploads\/2025\/04\/1744548269984HP-GENEL-KONGRE-3-740x420.jpg\" \/>\n\t<meta property=\"og:image:width\" content=\"2048\" \/>\n\t<meta property=\"og:image:height\" content=\"1365\" \/>\n\t<meta property=\"og:image:type\" content=\"image\/jpeg\" \/>\n<meta name=\"author\" content=\"admin\" \/>\n<meta name=\"twitter:card\" content=\"summary_large_image\" \/>\n<meta name=\"twitter:label1\" content=\"Yazan:\" \/>\n\t<meta name=\"twitter:data1\" content=\"admin\" \/>\n\t<meta name=\"twitter:label2\" content=\"Tahmini okuma s\u00fcresi\" \/>\n\t<meta name=\"twitter:data2\" content=\"5 dakika\" \/>\n<script type=\"application\/ld+json\" class=\"yoast-schema-graph\">{\"@context\":\"https:\\\/\\\/schema.org\",\"@graph\":[{\"@type\":\"Article\",\"@id\":\"https:\\\/\\\/kibrisdakik.com\\\/?p=80118#article\",\"isPartOf\":{\"@id\":\"https:\\\/\\\/kibrisdakik.com\\\/?p=80118\"},\"author\":{\"name\":\"admin\",\"@id\":\"https:\\\/\\\/kibrisdakik.com\\\/#\\\/schema\\\/person\\\/9cd9d437bbb44f72b73ba127e06d8e79\"},\"headline\":\"Halk\u0131n Partisi 4. Ola\u011fan Kongresi yap\u0131ld\u0131\u2026 Ba\u015fkan yeniden \u00d6zersay\",\"datePublished\":\"2025-04-13T13:43:10+00:00\",\"mainEntityOfPage\":{\"@id\":\"https:\\\/\\\/kibrisdakik.com\\\/?p=80118\"},\"wordCount\":1049,\"commentCount\":0,\"image\":{\"@id\":\"https:\\\/\\\/kibrisdakik.com\\\/?p=80118#primaryimage\"},\"thumbnailUrl\":\"https:\\\/\\\/kibrisdakik.com\\\/wp-content\\\/uploads\\\/2025\\\/04\\\/1744548269984HP-GENEL-KONGRE-3-740x420.jpg\",\"articleSection\":[\"K\u0131br\u0131s\",\"Man\u015fet\"],\"inLanguage\":\"tr\",\"potentialAction\":[{\"@type\":\"CommentAction\",\"name\":\"Comment\",\"target\":[\"https:\\\/\\\/kibrisdakik.com\\\/?p=80118#respond\"]}]},{\"@type\":\"WebPage\",\"@id\":\"https:\\\/\\\/kibrisdakik.com\\\/?p=80118\",\"url\":\"https:\\\/\\\/kibrisdakik.com\\\/?p=80118\",\"name\":\"Halk\u0131n Partisi 4. Ola\u011fan Kongresi yap\u0131ld\u0131\u2026 Ba\u015fkan yeniden \u00d6zersay -\",\"isPartOf\":{\"@id\":\"https:\\\/\\\/kibrisdakik.com\\\/#website\"},\"primaryImageOfPage\":{\"@id\":\"https:\\\/\\\/kibrisdakik.com\\\/?p=80118#primaryimage\"},\"image\":{\"@id\":\"https:\\\/\\\/kibrisdakik.com\\\/?p=80118#primaryimage\"},\"thumbnailUrl\":\"https:\\\/\\\/kibrisdakik.com\\\/wp-content\\\/uploads\\\/2025\\\/04\\\/1744548269984HP-GENEL-KONGRE-3-740x420.jpg\",\"datePublished\":\"2025-04-13T13:43:10+00:00\",\"author\":{\"@id\":\"https:\\\/\\\/kibrisdakik.com\\\/#\\\/schema\\\/person\\\/9cd9d437bbb44f72b73ba127e06d8e79\"},\"breadcrumb\":{\"@id\":\"https:\\\/\\\/kibrisdakik.com\\\/?p=80118#breadcrumb\"},\"inLanguage\":\"tr\",\"potentialAction\":[{\"@type\":\"ReadAction\",\"target\":[\"https:\\\/\\\/kibrisdakik.com\\\/?p=80118\"]}]},{\"@type\":\"ImageObject\",\"inLanguage\":\"tr\",\"@id\":\"https:\\\/\\\/kibrisdakik.com\\\/?p=80118#primaryimage\",\"url\":\"https:\\\/\\\/kibrisdakik.com\\\/wp-content\\\/uploads\\\/2025\\\/04\\\/1744548269984HP-GENEL-KONGRE-3-740x420.jpg\",\"contentUrl\":\"https:\\\/\\\/kibrisdakik.com\\\/wp-content\\\/uploads\\\/2025\\\/04\\\/1744548269984HP-GENEL-KONGRE-3-740x420.jpg\",\"width\":2048,\"height\":1365},{\"@type\":\"BreadcrumbList\",\"@id\":\"https:\\\/\\\/kibrisdakik.com\\\/?p=80118#breadcrumb\",\"itemListElement\":[{\"@type\":\"ListItem\",\"position\":1,\"name\":\"Home\",\"item\":\"https:\\\/\\\/kibrisdakik.com\\\/\"},{\"@type\":\"ListItem\",\"position\":2,\"name\":\"Halk\u0131n Partisi 4. Ola\u011fan Kongresi yap\u0131ld\u0131\u2026 Ba\u015fkan yeniden \u00d6zersay\"}]},{\"@type\":\"WebSite\",\"@id\":\"https:\\\/\\\/kibrisdakik.com\\\/#website\",\"url\":\"https:\\\/\\\/kibrisdakik.com\\\/\",\"name\":\"\",\"description\":\"Tam vaktinde haber\",\"potentialAction\":[{\"@type\":\"SearchAction\",\"target\":{\"@type\":\"EntryPoint\",\"urlTemplate\":\"https:\\\/\\\/kibrisdakik.com\\\/?s={search_term_string}\"},\"query-input\":{\"@type\":\"PropertyValueSpecification\",\"valueRequired\":true,\"valueName\":\"search_term_string\"}}],\"inLanguage\":\"tr\"},{\"@type\":\"Person\",\"@id\":\"https:\\\/\\\/kibrisdakik.com\\\/#\\\/schema\\\/person\\\/9cd9d437bbb44f72b73ba127e06d8e79\",\"name\":\"admin\",\"image\":{\"@type\":\"ImageObject\",\"inLanguage\":\"tr\",\"@id\":\"https:\\\/\\\/secure.gravatar.com\\\/avatar\\\/ccc17943b9d660506c869530f897617f7cb1c21a4bf30023f252596d83e1f007?s=96&d=mm&r=g\",\"url\":\"https:\\\/\\\/secure.gravatar.com\\\/avatar\\\/ccc17943b9d660506c869530f897617f7cb1c21a4bf30023f252596d83e1f007?s=96&d=mm&r=g\",\"contentUrl\":\"https:\\\/\\\/secure.gravatar.com\\\/avatar\\\/ccc17943b9d660506c869530f897617f7cb1c21a4bf30023f252596d83e1f007?s=96&d=mm&r=g\",\"caption\":\"admin\"},\"sameAs\":[\"https:\\\/\\\/kibrisdakik.com\"],\"url\":\"https:\\\/\\\/kibrisdakik.com\\\/?author=1\"}]}<\/script>\n<!-- \/ Yoast SEO plugin. -->","yoast_head_json":{"title":"Halk\u0131n Partisi 4. Ola\u011fan Kongresi yap\u0131ld\u0131\u2026 Ba\u015fkan yeniden \u00d6zersay -","robots":{"index":"index","follow":"follow","max-snippet":"max-snippet:-1","max-image-preview":"max-image-preview:large","max-video-preview":"max-video-preview:-1"},"canonical":"https:\/\/kibrisdakik.com\/?p=80118","og_locale":"tr_TR","og_type":"article","og_title":"Halk\u0131n Partisi 4. Ola\u011fan Kongresi yap\u0131ld\u0131\u2026 Ba\u015fkan yeniden \u00d6zersay -","og_description":"Halk\u0131n Partisi (HP) 4\u2019\u00fcnc\u00fc Ola\u011fan Kongresi yap\u0131ld\u0131. Genel ba\u015fkanl\u0131k i\u00e7in tek aday olan Kudret \u00d6zersay, yeniden genel ba\u015fkan se\u00e7ildi. Partiden yap\u0131lan a\u00e7\u0131klamaya g\u00f6re, Yak\u0131n Do\u011fu \u00dcniversitesi (YD\u00dc) Konferans Salonu\u2019nda ger\u00e7ekle\u015fen kongrede, genel ba\u015fkan ve yeni parti meclisinin se\u00e7imi yap\u0131ld\u0131, parti t\u00fcz\u00fc\u011f\u00fcnde bir tak\u0131m de\u011fi\u015fikliklere gidildi. Halk\u0131n Partisi Genel Ba\u015fkan\u0131 Kudret \u00d6zersay, 4. Ola\u011fan Kongre\u2019de yapt\u0131\u011f\u0131","og_url":"https:\/\/kibrisdakik.com\/?p=80118","article_published_time":"2025-04-13T13:43:10+00:00","og_image":[{"width":2048,"height":1365,"url":"https:\/\/kibrisdakik.com\/wp-content\/uploads\/2025\/04\/1744548269984HP-GENEL-KONGRE-3-740x420.jpg","type":"image\/jpeg"}],"author":"admin","twitter_card":"summary_large_image","twitter_misc":{"Yazan:":"admin","Tahmini okuma s\u00fcresi":"5 dakika"},"schema":{"@context":"https:\/\/schema.org","@graph":[{"@type":"Article","@id":"https:\/\/kibrisdakik.com\/?p=80118#article","isPartOf":{"@id":"https:\/\/kibrisdakik.com\/?p=80118"},"author":{"name":"admin","@id":"https:\/\/kibrisdakik.com\/#\/schema\/person\/9cd9d437bbb44f72b73ba127e06d8e79"},"headline":"Halk\u0131n Partisi 4. Ola\u011fan Kongresi yap\u0131ld\u0131\u2026 Ba\u015fkan yeniden \u00d6zersay","datePublished":"2025-04-13T13:43:10+00:00","mainEntityOfPage":{"@id":"https:\/\/kibrisdakik.com\/?p=80118"},"wordCount":1049,"commentCount":0,"image":{"@id":"https:\/\/kibrisdakik.com\/?p=80118#primaryimage"},"thumbnailUrl":"https:\/\/kibrisdakik.com\/wp-content\/uploads\/2025\/04\/1744548269984HP-GENEL-KONGRE-3-740x420.jpg","articleSection":["K\u0131br\u0131s","Man\u015fet"],"inLanguage":"tr","potentialAction":[{"@type":"CommentAction","name":"Comment","target":["https:\/\/kibrisdakik.com\/?p=80118#respond"]}]},{"@type":"WebPage","@id":"https:\/\/kibrisdakik.com\/?p=80118","url":"https:\/\/kibrisdakik.com\/?p=80118","name":"Halk\u0131n Partisi 4. Ola\u011fan Kongresi yap\u0131ld\u0131\u2026 Ba\u015fkan yeniden \u00d6zersay -","isPartOf":{"@id":"https:\/\/kibrisdakik.com\/#website"},"primaryImageOfPage":{"@id":"https:\/\/kibrisdakik.com\/?p=80118#primaryimage"},"image":{"@id":"https:\/\/kibrisdakik.com\/?p=80118#primaryimage"},"thumbnailUrl":"https:\/\/kibrisdakik.com\/wp-content\/uploads\/2025\/04\/1744548269984HP-GENEL-KONGRE-3-740x420.jpg","datePublished":"2025-04-13T13:43:10+00:00","author":{"@id":"https:\/\/kibrisdakik.com\/#\/schema\/person\/9cd9d437bbb44f72b73ba127e06d8e79"},"breadcrumb":{"@id":"https:\/\/kibrisdakik.com\/?p=80118#breadcrumb"},"inLanguage":"tr","potentialAction":[{"@type":"ReadAction","target":["https:\/\/kibrisdakik.com\/?p=80118"]}]},{"@type":"ImageObject","inLanguage":"tr","@id":"https:\/\/kibrisdakik.com\/?p=80118#primaryimage","url":"https:\/\/kibrisdakik.com\/wp-content\/uploads\/2025\/04\/1744548269984HP-GENEL-KONGRE-3-740x420.jpg","contentUrl":"https:\/\/kibrisdakik.com\/wp-content\/uploads\/2025\/04\/1744548269984HP-GENEL-KONGRE-3-740x420.jpg","width":2048,"height":1365},{"@type":"BreadcrumbList","@id":"https:\/\/kibrisdakik.com\/?p=80118#breadcrumb","itemListElement":[{"@type":"ListItem","position":1,"name":"Home","item":"https:\/\/kibrisdakik.com\/"},{"@type":"ListItem","position":2,"name":"Halk\u0131n Partisi 4. Ola\u011fan Kongresi yap\u0131ld\u0131\u2026 Ba\u015fkan yeniden \u00d6zersay"}]},{"@type":"WebSite","@id":"https:\/\/kibrisdakik.com\/#website","url":"https:\/\/kibrisdakik.com\/","name":"","description":"Tam vaktinde haber","potentialAction":[{"@type":"SearchAction","target":{"@type":"EntryPoint","urlTemplate":"https:\/\/kibrisdakik.com\/?s={search_term_string}"},"query-input":{"@type":"PropertyValueSpecification","valueRequired":true,"valueName":"search_term_string"}}],"inLanguage":"tr"},{"@type":"Person","@id":"https:\/\/kibrisdakik.com\/#\/schema\/person\/9cd9d437bbb44f72b73ba127e06d8e79","name":"admin","image":{"@type":"ImageObject","inLanguage":"tr","@id":"https:\/\/secure.gravatar.com\/avatar\/ccc17943b9d660506c869530f897617f7cb1c21a4bf30023f252596d83e1f007?s=96&d=mm&r=g","url":"https:\/\/secure.gravatar.com\/avatar\/ccc17943b9d660506c869530f897617f7cb1c21a4bf30023f252596d83e1f007?s=96&d=mm&r=g","contentUrl":"https:\/\/secure.gravatar.com\/avatar\/ccc17943b9d660506c869530f897617f7cb1c21a4bf30023f252596d83e1f007?s=96&d=mm&r=g","caption":"admin"},"sameAs":["https:\/\/kibrisdakik.com"],"url":"https:\/\/kibrisdakik.com\/?author=1"}]}},"_links":{"self":[{"href":"https:\/\/kibrisdakik.com\/index.php?rest_route=\/wp\/v2\/posts\/80118","targetHints":{"allow":["GET"]}}],"collection":[{"href":"https:\/\/kibrisdakik.com\/index.php?rest_route=\/wp\/v2\/posts"}],"about":[{"href":"https:\/\/kibrisdakik.com\/index.php?rest_route=\/wp\/v2\/types\/post"}],"author":[{"embeddable":true,"href":"https:\/\/kibrisdakik.com\/index.php?rest_route=\/wp\/v2\/users\/1"}],"replies":[{"embeddable":true,"href":"https:\/\/kibrisdakik.com\/index.php?rest_route=%2Fwp%2Fv2%2Fcomments&post=80118"}],"version-history":[{"count":0,"href":"https:\/\/kibrisdakik.com\/index.php?rest_route=\/wp\/v2\/posts\/80118\/revisions"}],"wp:featuredmedia":[{"embeddable":true,"href":"https:\/\/kibrisdakik.com\/index.php?rest_route=\/wp\/v2\/media\/80119"}],"wp:attachment":[{"href":"https:\/\/kibrisdakik.com\/index.php?rest_route=%2Fwp%2Fv2%2Fmedia&parent=80118"}],"wp:term":[{"taxonomy":"category","embeddable":true,"href":"https:\/\/kibrisdakik.com\/index.php?rest_route=%2Fwp%2Fv2%2Fcategories&post=80118"},{"taxonomy":"post_tag","embeddable":true,"href":"https:\/\/kibrisdakik.com\/index.php?rest_route=%2Fwp%2Fv2%2Ftags&post=80118"}],"curies":[{"name":"wp","href":"https:\/\/api.w.org\/{rel}","templated":true}]}}