{"id":80126,"date":"2025-04-13T18:41:20","date_gmt":"2025-04-13T15:41:20","guid":{"rendered":"https:\/\/kibrisdakik.com\/index.php\/2025\/04\/13\/tacoy-teknofest-kktc-icin-onemli-bir-firsat-ve-anlamli-bir-mesajdir\/"},"modified":"2025-04-13T18:41:20","modified_gmt":"2025-04-13T15:41:20","slug":"tacoy-teknofest-kktc-icin-onemli-bir-firsat-ve-anlamli-bir-mesajdir","status":"publish","type":"post","link":"https:\/\/kibrisdakik.com\/?p=80126","title":{"rendered":"Ta\u00e7oy: \u201cTEKNOFEST, KKTC i\u00e7in \u00f6nemli bir f\u0131rsat ve anlaml\u0131 bir mesajd\u0131r\u201d"},"content":{"rendered":"<div>\n<div class=\"mariselle-image-container center\">\n                                            <\/div>\n<p>Ulusal Birlik Partisi (UBP) Milletvekili Hasan Ta\u00e7oy, TEKNOFEST\u2019in KKTC\u2019de d\u00fczenlenecek olmas\u0131n\u0131n son derece \u00f6nemli bir olay oldu\u011funu vurgulad\u0131 ve bu y\u00f6nde eme\u011fi bulunanlara te\u015fekk\u00fcr etti.<\/p>\n<p>Ta\u00e7oy, yaz\u0131l\u0131 a\u00e7\u0131klamas\u0131nda, 1-4 May\u0131s tarihlerinde yap\u0131lacak TEKNOFEST etkinli\u011fin sadece KKTC a\u00e7\u0131s\u0131ndan de\u011fil, b\u00f6lge ad\u0131na da do\u011fru de\u011ferlendirilmesi gereken g\u00fczel bir f\u0131rsat oldu\u011funu belirtti.<\/p>\n<p>Anavatan T\u00fcrkiye\u2019de y\u0131llard\u0131r b\u00fcy\u00fck bir co\u015fku ve y\u00fcksek bir kat\u0131l\u0131mla yap\u0131lan etkinli\u011fin \u00f6nce karde\u015f \u00fclke Azerbaycan, ard\u0131ndan da KKTC\u2019de yer alacak olmas\u0131n\u0131n \u201cayr\u0131 bir mesaj\u201d oldu\u011funu s\u00f6yleyen Ta\u00e7oy, s\u00f6z konusu etkinli\u011fin KKTC\u2019nin bili\u015fim adas\u0131 hedefini de destekledi\u011fini kaydetti. <\/p>\n<p>\u201cB\u00fcy\u00fck bir rahmet ve sayg\u0131yla and\u0131\u011f\u0131m\u0131z muhterem \u00d6zdemir Bayraktar\u2019\u0131n uzun y\u0131llar \u00f6nce ortaya koydu\u011fu vizyonun ne kadar do\u011fru oldu\u011funu bug\u00fcn d\u00fcnyada ya\u015fad\u0131\u011f\u0131m\u0131z geli\u015fmeler t\u00fcm netli\u011fiyle g\u00f6stermektedir. \u201c diyen Ta\u00e7oy, a\u00e7\u0131klamas\u0131na \u015f\u00f6yle devam etti:<\/p>\n<p>\u201cArd\u0131ndan Say\u0131n Sel\u00e7uk Bayraktar\u2019\u0131n \u00fclkesine olan g\u00fcvenini \u00f6ne \u00e7\u0131kard\u0131\u011f\u0131 e\u015fsiz vizyonu e\u015fli\u011finde att\u0131\u011f\u0131 ad\u0131mlar bug\u00fcn t\u00fcm d\u00fcnya taraf\u0131ndan k\u0131skan\u0131lan sonu\u00e7lar ortaya \u00e7\u0131karm\u0131\u015ft\u0131r. Art\u0131k biliyoruz ki, inan\u0131rsak ve \u00e7al\u0131\u015f\u0131rsak mutlaka ba\u015faraca\u011f\u0131z. <\/p>\n<p>\u00dcniversitelerimiz, liselerimiz ve ortaokullar\u0131m\u0131zdaki \u00e7ocuklar\u0131m\u0131z ve gen\u00e7lerimizin bu etkinli\u011fe kat\u0131larak geli\u015fen teknolojiyi yak\u0131ndan tan\u0131malar\u0131 ve bundan keyif almalar\u0131 en b\u00fcy\u00fck dile\u011fimdir.\u201d<\/p>\n<p>Ta\u00e7oy, TEKNOFEST KKTC\u2019ye 15 binden fazla tak\u0131m ve 45 binden fazla kat\u0131l\u0131mc\u0131n\u0131n ba\u015fvurmu\u015f olmas\u0131n\u0131n bir \u201cgurur kayna\u011f\u0131\u201d oldu\u011funu ifade ederek, \u201cSab\u0131rs\u0131zl\u0131kla o g\u00fcnleri beklerken, eme\u011fi bulunanlara ve t\u00fcm kat\u0131l\u0131mc\u0131lara te\u015fekk\u00fcrlerimi yinelerim.\u201d dedi.<\/p>\n<\/p><\/div>\n<p><script async\n                    defer\n                    crossorigin=\"anonymous\"\n                    src=\"https:\/\/connect.facebook.net\/tr_TR\/sdk.js#xfbml=1&#038;version=v3.3\"\n            ><\/script><\/p>\n","protected":false},"excerpt":{"rendered":"<p>Ulusal Birlik Partisi (UBP) Milletvekili Hasan Ta\u00e7oy, TEKNOFEST\u2019in KKTC\u2019de d\u00fczenlenecek olmas\u0131n\u0131n son derece \u00f6nemli bir olay oldu\u011funu vurgulad\u0131 ve bu y\u00f6nde eme\u011fi bulunanlara te\u015fekk\u00fcr etti. Ta\u00e7oy, yaz\u0131l\u0131 a\u00e7\u0131klamas\u0131nda, 1-4 May\u0131s tarihlerinde yap\u0131lacak TEKNOFEST etkinli\u011fin sadece KKTC a\u00e7\u0131s\u0131ndan de\u011fil, b\u00f6lge ad\u0131na da do\u011fru de\u011ferlendirilmesi gereken g\u00fczel bir f\u0131rsat oldu\u011funu belirtti. Anavatan T\u00fcrkiye\u2019de y\u0131llard\u0131r b\u00fcy\u00fck bir co\u015fku<\/p>\n","protected":false},"author":1,"featured_media":80127,"comment_status":"open","ping_status":"open","sticky":false,"template":"","format":"standard","meta":{"footnotes":""},"categories":[81,101],"tags":[],"class_list":["post-80126","post","type-post","status-publish","format-standard","has-post-thumbnail","hentry","category-kibris","category-manset"],"yoast_head":"<!-- This site is optimized with the Yoast SEO plugin v27.4 - https:\/\/yoast.com\/product\/yoast-seo-wordpress\/ -->\n<title>Ta\u00e7oy: \u201cTEKNOFEST, KKTC i\u00e7in \u00f6nemli bir f\u0131rsat ve anlaml\u0131 bir mesajd\u0131r\u201d -<\/title>\n<meta name=\"robots\" content=\"index, follow, max-snippet:-1, max-image-preview:large, max-video-preview:-1\" \/>\n<link rel=\"canonical\" href=\"https:\/\/kibrisdakik.com\/?p=80126\" \/>\n<meta property=\"og:locale\" content=\"tr_TR\" \/>\n<meta property=\"og:type\" content=\"article\" \/>\n<meta property=\"og:title\" content=\"Ta\u00e7oy: \u201cTEKNOFEST, KKTC i\u00e7in \u00f6nemli bir f\u0131rsat ve anlaml\u0131 bir mesajd\u0131r\u201d -\" \/>\n<meta property=\"og:description\" content=\"Ulusal Birlik Partisi (UBP) Milletvekili Hasan Ta\u00e7oy, TEKNOFEST\u2019in KKTC\u2019de d\u00fczenlenecek olmas\u0131n\u0131n son derece \u00f6nemli bir olay oldu\u011funu vurgulad\u0131 ve bu y\u00f6nde eme\u011fi bulunanlara te\u015fekk\u00fcr etti. Ta\u00e7oy, yaz\u0131l\u0131 a\u00e7\u0131klamas\u0131nda, 1-4 May\u0131s tarihlerinde yap\u0131lacak TEKNOFEST etkinli\u011fin sadece KKTC a\u00e7\u0131s\u0131ndan de\u011fil, b\u00f6lge ad\u0131na da do\u011fru de\u011ferlendirilmesi gereken g\u00fczel bir f\u0131rsat oldu\u011funu belirtti. Anavatan T\u00fcrkiye\u2019de y\u0131llard\u0131r b\u00fcy\u00fck bir co\u015fku\" \/>\n<meta property=\"og:url\" content=\"https:\/\/kibrisdakik.com\/?p=80126\" \/>\n<meta property=\"article:published_time\" content=\"2025-04-13T15:41:20+00:00\" \/>\n<meta property=\"og:image\" content=\"https:\/\/kibrisdakik.com\/wp-content\/uploads\/2025\/04\/17445509312651739193611851hasan-tacoy_1-707x420.jpg\" \/>\n\t<meta property=\"og:image:width\" content=\"707\" \/>\n\t<meta property=\"og:image:height\" content=\"431\" \/>\n\t<meta property=\"og:image:type\" content=\"image\/jpeg\" \/>\n<meta name=\"author\" content=\"admin\" \/>\n<meta name=\"twitter:card\" content=\"summary_large_image\" \/>\n<meta name=\"twitter:label1\" content=\"Yazan:\" \/>\n\t<meta name=\"twitter:data1\" content=\"admin\" \/>\n\t<meta name=\"twitter:label2\" content=\"Tahmini okuma s\u00fcresi\" \/>\n\t<meta name=\"twitter:data2\" content=\"2 dakika\" \/>\n<script type=\"application\/ld+json\" class=\"yoast-schema-graph\">{\"@context\":\"https:\\\/\\\/schema.org\",\"@graph\":[{\"@type\":\"Article\",\"@id\":\"https:\\\/\\\/kibrisdakik.com\\\/?p=80126#article\",\"isPartOf\":{\"@id\":\"https:\\\/\\\/kibrisdakik.com\\\/?p=80126\"},\"author\":{\"name\":\"admin\",\"@id\":\"https:\\\/\\\/kibrisdakik.com\\\/#\\\/schema\\\/person\\\/9cd9d437bbb44f72b73ba127e06d8e79\"},\"headline\":\"Ta\u00e7oy: \u201cTEKNOFEST, KKTC i\u00e7in \u00f6nemli bir f\u0131rsat ve anlaml\u0131 bir mesajd\u0131r\u201d\",\"datePublished\":\"2025-04-13T15:41:20+00:00\",\"mainEntityOfPage\":{\"@id\":\"https:\\\/\\\/kibrisdakik.com\\\/?p=80126\"},\"wordCount\":347,\"commentCount\":0,\"image\":{\"@id\":\"https:\\\/\\\/kibrisdakik.com\\\/?p=80126#primaryimage\"},\"thumbnailUrl\":\"https:\\\/\\\/kibrisdakik.com\\\/wp-content\\\/uploads\\\/2025\\\/04\\\/17445509312651739193611851hasan-tacoy_1-707x420.jpg\",\"articleSection\":[\"K\u0131br\u0131s\",\"Man\u015fet\"],\"inLanguage\":\"tr\",\"potentialAction\":[{\"@type\":\"CommentAction\",\"name\":\"Comment\",\"target\":[\"https:\\\/\\\/kibrisdakik.com\\\/?p=80126#respond\"]}]},{\"@type\":\"WebPage\",\"@id\":\"https:\\\/\\\/kibrisdakik.com\\\/?p=80126\",\"url\":\"https:\\\/\\\/kibrisdakik.com\\\/?p=80126\",\"name\":\"Ta\u00e7oy: \u201cTEKNOFEST, KKTC i\u00e7in \u00f6nemli bir f\u0131rsat ve anlaml\u0131 bir mesajd\u0131r\u201d -\",\"isPartOf\":{\"@id\":\"https:\\\/\\\/kibrisdakik.com\\\/#website\"},\"primaryImageOfPage\":{\"@id\":\"https:\\\/\\\/kibrisdakik.com\\\/?p=80126#primaryimage\"},\"image\":{\"@id\":\"https:\\\/\\\/kibrisdakik.com\\\/?p=80126#primaryimage\"},\"thumbnailUrl\":\"https:\\\/\\\/kibrisdakik.com\\\/wp-content\\\/uploads\\\/2025\\\/04\\\/17445509312651739193611851hasan-tacoy_1-707x420.jpg\",\"datePublished\":\"2025-04-13T15:41:20+00:00\",\"author\":{\"@id\":\"https:\\\/\\\/kibrisdakik.com\\\/#\\\/schema\\\/person\\\/9cd9d437bbb44f72b73ba127e06d8e79\"},\"breadcrumb\":{\"@id\":\"https:\\\/\\\/kibrisdakik.com\\\/?p=80126#breadcrumb\"},\"inLanguage\":\"tr\",\"potentialAction\":[{\"@type\":\"ReadAction\",\"target\":[\"https:\\\/\\\/kibrisdakik.com\\\/?p=80126\"]}]},{\"@type\":\"ImageObject\",\"inLanguage\":\"tr\",\"@id\":\"https:\\\/\\\/kibrisdakik.com\\\/?p=80126#primaryimage\",\"url\":\"https:\\\/\\\/kibrisdakik.com\\\/wp-content\\\/uploads\\\/2025\\\/04\\\/17445509312651739193611851hasan-tacoy_1-707x420.jpg\",\"contentUrl\":\"https:\\\/\\\/kibrisdakik.com\\\/wp-content\\\/uploads\\\/2025\\\/04\\\/17445509312651739193611851hasan-tacoy_1-707x420.jpg\",\"width\":707,\"height\":431},{\"@type\":\"BreadcrumbList\",\"@id\":\"https:\\\/\\\/kibrisdakik.com\\\/?p=80126#breadcrumb\",\"itemListElement\":[{\"@type\":\"ListItem\",\"position\":1,\"name\":\"Home\",\"item\":\"https:\\\/\\\/kibrisdakik.com\\\/\"},{\"@type\":\"ListItem\",\"position\":2,\"name\":\"Ta\u00e7oy: \u201cTEKNOFEST, KKTC i\u00e7in \u00f6nemli bir f\u0131rsat ve anlaml\u0131 bir mesajd\u0131r\u201d\"}]},{\"@type\":\"WebSite\",\"@id\":\"https:\\\/\\\/kibrisdakik.com\\\/#website\",\"url\":\"https:\\\/\\\/kibrisdakik.com\\\/\",\"name\":\"\",\"description\":\"Tam vaktinde haber\",\"potentialAction\":[{\"@type\":\"SearchAction\",\"target\":{\"@type\":\"EntryPoint\",\"urlTemplate\":\"https:\\\/\\\/kibrisdakik.com\\\/?s={search_term_string}\"},\"query-input\":{\"@type\":\"PropertyValueSpecification\",\"valueRequired\":true,\"valueName\":\"search_term_string\"}}],\"inLanguage\":\"tr\"},{\"@type\":\"Person\",\"@id\":\"https:\\\/\\\/kibrisdakik.com\\\/#\\\/schema\\\/person\\\/9cd9d437bbb44f72b73ba127e06d8e79\",\"name\":\"admin\",\"image\":{\"@type\":\"ImageObject\",\"inLanguage\":\"tr\",\"@id\":\"https:\\\/\\\/secure.gravatar.com\\\/avatar\\\/ccc17943b9d660506c869530f897617f7cb1c21a4bf30023f252596d83e1f007?s=96&d=mm&r=g\",\"url\":\"https:\\\/\\\/secure.gravatar.com\\\/avatar\\\/ccc17943b9d660506c869530f897617f7cb1c21a4bf30023f252596d83e1f007?s=96&d=mm&r=g\",\"contentUrl\":\"https:\\\/\\\/secure.gravatar.com\\\/avatar\\\/ccc17943b9d660506c869530f897617f7cb1c21a4bf30023f252596d83e1f007?s=96&d=mm&r=g\",\"caption\":\"admin\"},\"sameAs\":[\"https:\\\/\\\/kibrisdakik.com\"],\"url\":\"https:\\\/\\\/kibrisdakik.com\\\/?author=1\"}]}<\/script>\n<!-- \/ Yoast SEO plugin. -->","yoast_head_json":{"title":"Ta\u00e7oy: \u201cTEKNOFEST, KKTC i\u00e7in \u00f6nemli bir f\u0131rsat ve anlaml\u0131 bir mesajd\u0131r\u201d -","robots":{"index":"index","follow":"follow","max-snippet":"max-snippet:-1","max-image-preview":"max-image-preview:large","max-video-preview":"max-video-preview:-1"},"canonical":"https:\/\/kibrisdakik.com\/?p=80126","og_locale":"tr_TR","og_type":"article","og_title":"Ta\u00e7oy: \u201cTEKNOFEST, KKTC i\u00e7in \u00f6nemli bir f\u0131rsat ve anlaml\u0131 bir mesajd\u0131r\u201d -","og_description":"Ulusal Birlik Partisi (UBP) Milletvekili Hasan Ta\u00e7oy, TEKNOFEST\u2019in KKTC\u2019de d\u00fczenlenecek olmas\u0131n\u0131n son derece \u00f6nemli bir olay oldu\u011funu vurgulad\u0131 ve bu y\u00f6nde eme\u011fi bulunanlara te\u015fekk\u00fcr etti. Ta\u00e7oy, yaz\u0131l\u0131 a\u00e7\u0131klamas\u0131nda, 1-4 May\u0131s tarihlerinde yap\u0131lacak TEKNOFEST etkinli\u011fin sadece KKTC a\u00e7\u0131s\u0131ndan de\u011fil, b\u00f6lge ad\u0131na da do\u011fru de\u011ferlendirilmesi gereken g\u00fczel bir f\u0131rsat oldu\u011funu belirtti. Anavatan T\u00fcrkiye\u2019de y\u0131llard\u0131r b\u00fcy\u00fck bir co\u015fku","og_url":"https:\/\/kibrisdakik.com\/?p=80126","article_published_time":"2025-04-13T15:41:20+00:00","og_image":[{"width":707,"height":431,"url":"https:\/\/kibrisdakik.com\/wp-content\/uploads\/2025\/04\/17445509312651739193611851hasan-tacoy_1-707x420.jpg","type":"image\/jpeg"}],"author":"admin","twitter_card":"summary_large_image","twitter_misc":{"Yazan:":"admin","Tahmini okuma s\u00fcresi":"2 dakika"},"schema":{"@context":"https:\/\/schema.org","@graph":[{"@type":"Article","@id":"https:\/\/kibrisdakik.com\/?p=80126#article","isPartOf":{"@id":"https:\/\/kibrisdakik.com\/?p=80126"},"author":{"name":"admin","@id":"https:\/\/kibrisdakik.com\/#\/schema\/person\/9cd9d437bbb44f72b73ba127e06d8e79"},"headline":"Ta\u00e7oy: \u201cTEKNOFEST, KKTC i\u00e7in \u00f6nemli bir f\u0131rsat ve anlaml\u0131 bir mesajd\u0131r\u201d","datePublished":"2025-04-13T15:41:20+00:00","mainEntityOfPage":{"@id":"https:\/\/kibrisdakik.com\/?p=80126"},"wordCount":347,"commentCount":0,"image":{"@id":"https:\/\/kibrisdakik.com\/?p=80126#primaryimage"},"thumbnailUrl":"https:\/\/kibrisdakik.com\/wp-content\/uploads\/2025\/04\/17445509312651739193611851hasan-tacoy_1-707x420.jpg","articleSection":["K\u0131br\u0131s","Man\u015fet"],"inLanguage":"tr","potentialAction":[{"@type":"CommentAction","name":"Comment","target":["https:\/\/kibrisdakik.com\/?p=80126#respond"]}]},{"@type":"WebPage","@id":"https:\/\/kibrisdakik.com\/?p=80126","url":"https:\/\/kibrisdakik.com\/?p=80126","name":"Ta\u00e7oy: \u201cTEKNOFEST, KKTC i\u00e7in \u00f6nemli bir f\u0131rsat ve anlaml\u0131 bir mesajd\u0131r\u201d -","isPartOf":{"@id":"https:\/\/kibrisdakik.com\/#website"},"primaryImageOfPage":{"@id":"https:\/\/kibrisdakik.com\/?p=80126#primaryimage"},"image":{"@id":"https:\/\/kibrisdakik.com\/?p=80126#primaryimage"},"thumbnailUrl":"https:\/\/kibrisdakik.com\/wp-content\/uploads\/2025\/04\/17445509312651739193611851hasan-tacoy_1-707x420.jpg","datePublished":"2025-04-13T15:41:20+00:00","author":{"@id":"https:\/\/kibrisdakik.com\/#\/schema\/person\/9cd9d437bbb44f72b73ba127e06d8e79"},"breadcrumb":{"@id":"https:\/\/kibrisdakik.com\/?p=80126#breadcrumb"},"inLanguage":"tr","potentialAction":[{"@type":"ReadAction","target":["https:\/\/kibrisdakik.com\/?p=80126"]}]},{"@type":"ImageObject","inLanguage":"tr","@id":"https:\/\/kibrisdakik.com\/?p=80126#primaryimage","url":"https:\/\/kibrisdakik.com\/wp-content\/uploads\/2025\/04\/17445509312651739193611851hasan-tacoy_1-707x420.jpg","contentUrl":"https:\/\/kibrisdakik.com\/wp-content\/uploads\/2025\/04\/17445509312651739193611851hasan-tacoy_1-707x420.jpg","width":707,"height":431},{"@type":"BreadcrumbList","@id":"https:\/\/kibrisdakik.com\/?p=80126#breadcrumb","itemListElement":[{"@type":"ListItem","position":1,"name":"Home","item":"https:\/\/kibrisdakik.com\/"},{"@type":"ListItem","position":2,"name":"Ta\u00e7oy: \u201cTEKNOFEST, KKTC i\u00e7in \u00f6nemli bir f\u0131rsat ve anlaml\u0131 bir mesajd\u0131r\u201d"}]},{"@type":"WebSite","@id":"https:\/\/kibrisdakik.com\/#website","url":"https:\/\/kibrisdakik.com\/","name":"","description":"Tam vaktinde haber","potentialAction":[{"@type":"SearchAction","target":{"@type":"EntryPoint","urlTemplate":"https:\/\/kibrisdakik.com\/?s={search_term_string}"},"query-input":{"@type":"PropertyValueSpecification","valueRequired":true,"valueName":"search_term_string"}}],"inLanguage":"tr"},{"@type":"Person","@id":"https:\/\/kibrisdakik.com\/#\/schema\/person\/9cd9d437bbb44f72b73ba127e06d8e79","name":"admin","image":{"@type":"ImageObject","inLanguage":"tr","@id":"https:\/\/secure.gravatar.com\/avatar\/ccc17943b9d660506c869530f897617f7cb1c21a4bf30023f252596d83e1f007?s=96&d=mm&r=g","url":"https:\/\/secure.gravatar.com\/avatar\/ccc17943b9d660506c869530f897617f7cb1c21a4bf30023f252596d83e1f007?s=96&d=mm&r=g","contentUrl":"https:\/\/secure.gravatar.com\/avatar\/ccc17943b9d660506c869530f897617f7cb1c21a4bf30023f252596d83e1f007?s=96&d=mm&r=g","caption":"admin"},"sameAs":["https:\/\/kibrisdakik.com"],"url":"https:\/\/kibrisdakik.com\/?author=1"}]}},"_links":{"self":[{"href":"https:\/\/kibrisdakik.com\/index.php?rest_route=\/wp\/v2\/posts\/80126","targetHints":{"allow":["GET"]}}],"collection":[{"href":"https:\/\/kibrisdakik.com\/index.php?rest_route=\/wp\/v2\/posts"}],"about":[{"href":"https:\/\/kibrisdakik.com\/index.php?rest_route=\/wp\/v2\/types\/post"}],"author":[{"embeddable":true,"href":"https:\/\/kibrisdakik.com\/index.php?rest_route=\/wp\/v2\/users\/1"}],"replies":[{"embeddable":true,"href":"https:\/\/kibrisdakik.com\/index.php?rest_route=%2Fwp%2Fv2%2Fcomments&post=80126"}],"version-history":[{"count":0,"href":"https:\/\/kibrisdakik.com\/index.php?rest_route=\/wp\/v2\/posts\/80126\/revisions"}],"wp:featuredmedia":[{"embeddable":true,"href":"https:\/\/kibrisdakik.com\/index.php?rest_route=\/wp\/v2\/media\/80127"}],"wp:attachment":[{"href":"https:\/\/kibrisdakik.com\/index.php?rest_route=%2Fwp%2Fv2%2Fmedia&parent=80126"}],"wp:term":[{"taxonomy":"category","embeddable":true,"href":"https:\/\/kibrisdakik.com\/index.php?rest_route=%2Fwp%2Fv2%2Fcategories&post=80126"},{"taxonomy":"post_tag","embeddable":true,"href":"https:\/\/kibrisdakik.com\/index.php?rest_route=%2Fwp%2Fv2%2Ftags&post=80126"}],"curies":[{"name":"wp","href":"https:\/\/api.w.org\/{rel}","templated":true}]}}