{"id":80144,"date":"2025-04-13T18:52:00","date_gmt":"2025-04-13T15:52:00","guid":{"rendered":"https:\/\/kibrisdakik.com\/index.php\/2025\/04\/13\/kudus-piskoposlugu-el-ehli-baptist-hastanesinin-bombalanmasi-karsisinda-dehsete-dustuk\/"},"modified":"2025-04-13T18:52:00","modified_gmt":"2025-04-13T15:52:00","slug":"kudus-piskoposlugu-el-ehli-baptist-hastanesinin-bombalanmasi-karsisinda-dehsete-dustuk","status":"publish","type":"post","link":"https:\/\/kibrisdakik.com\/?p=80144","title":{"rendered":"Kud\u00fcs Piskoposlu\u011fu: El-Ehli Baptist Hastanesi\u2019nin bombalanmas\u0131 kar\u015f\u0131s\u0131nda deh\u015fete d\u00fc\u015ft\u00fck"},"content":{"rendered":"<p><\/p>\n<div>\n<div class=\"mariselle-image-container center\">\n                <img loading=\"lazy\" decoding=\"async\" width=\"800\" height=\"450\" class=\"lazy-image\" alt=\"\" sizes=\"auto, (max-width: 800px) 100vw, 800px\" src=\"https:\/\/brtk.net\/wp-content\/uploads\/2025\/04\/13\/048018401.jpg?ver=5f23cea96d95ec7fd7ded386d8657b18\" srcset=\"https:\/\/brtk.net\/wp-content\/uploads\/2025\/04\/13\/048018401.jpg?ver=5f23cea96d95ec7fd7ded386d8657b18 800w, https:\/\/brtk.net\/wp-content\/uploads\/2025\/04\/13\/048018401-300x169.jpg?ver=5f23cea96d95ec7fd7ded386d8657b18 300w, https:\/\/brtk.net\/wp-content\/uploads\/2025\/04\/13\/048018401-768x432.jpg?ver=5f23cea96d95ec7fd7ded386d8657b18 768w\"\/>                            <\/div>\n<p>Kud\u00fcs Piskoposlu\u011fu, Hristiyan aleminin en \u00f6nemli bayramlar\u0131ndan Palmiye Pazar\u0131\u2019nda \u0130srail\u2019in Gazze kentindeki El-Ehli Baptist Hastanesi\u2019ne d\u00fczenledi\u011fi sald\u0131r\u0131 kar\u015f\u0131s\u0131nda deh\u015fete d\u00fc\u015ft\u00fcklerini belirtti.<\/p>\n<p>Kud\u00fcs ve Orta Do\u011fu\u2019daki Episkopal Kilisesi\u2019ne ba\u011fl\u0131 Kud\u00fcs Piskoposlu\u011fundan yap\u0131lan yaz\u0131l\u0131 a\u00e7\u0131klamada, Kud\u00fcs\u2019teki Anglikan Kilisesi\u2019ne ba\u011fl\u0131 El-Ehli Baptist Hastanesi\u2019ne d\u00fczenlenen sald\u0131r\u0131n\u0131n en sert \u015fekilde k\u0131nand\u0131\u011f\u0131 aktar\u0131ld\u0131.<\/p>\n<p>El-Ehli Baptist Hastanesi\u2019ni hedef alan iki sald\u0131r\u0131da iki katl\u0131 genetik laboratuvar\u0131n\u0131n y\u0131k\u0131ld\u0131\u011f\u0131, acil ve eczane binalar\u0131n\u0131n hasar ald\u0131\u011f\u0131 ayr\u0131ca \u00e7evredeki binalarda \u00f6zellikle de St. Philip Kilisesi\u2019nde hasar olu\u015ftu\u011fu kaydedildi.<\/p>\n<p><strong>Sald\u0131r\u0131dan \u201csadece 20 dakika\u201d \u00f6nce t\u00fcm hastanenin tahliyesi istendi<\/strong><br \/>Kud\u00fcs Piskoposlu\u011funun a\u00e7\u0131klamas\u0131nda, \u0130srail ordusunun bombard\u0131mandan \u201csadece 20 dakika \u00f6nce\u201d t\u00fcm hastalar\u0131n, personelin ve zorla yerinden edilen Filistinlilerin hastaneyi bo\u015faltmas\u0131 talimat\u0131 verdi\u011fine dikkati \u00e7ekildi.<\/p>\n<p>\u0130srail\u2019in 7 Ekim 2023\u2019ten bu yana hastaneyi 5 kez bombalamas\u0131 kar\u015f\u0131s\u0131nda deh\u015fete d\u00fc\u015f\u00fcld\u00fc\u011f\u00fc, bu seferki sald\u0131r\u0131n\u0131n Paskalya \u00f6ncesi son pazar g\u00fcn\u00fc kutlanan \u201cPalmiye Pazar\u0131 Bayram\u0131\u201d, \u201cDallar Bayram\u0131\u201d ya da \u201cHz. \u0130sa\u2019n\u0131n Kud\u00fcs\u2019e Giri\u015f Bayram\u0131\u201d olarak adland\u0131r\u0131lan g\u00fcn ile Kutsal Haftan\u0131n ba\u015flang\u0131c\u0131na denk geldi\u011fi vurguland\u0131.<\/p>\n<p>A\u00e7\u0131klamada, t\u00fcm h\u00fck\u00fcmetlere ve iyi niyetli halklara \u201csa\u011fl\u0131k ve insani yard\u0131m kurulu\u015flar\u0131n\u0131 hedef alan sald\u0131r\u0131lar\u0131n durdurulmas\u0131 ve pek \u00e7ok insan\u0131n \u00e7ekti\u011fi s\u0131k\u0131nt\u0131lara son verilmesi i\u00e7in m\u00fcdahale\u201d \u00e7a\u011fr\u0131s\u0131nda bulundu.<\/p>\n<p>Kud\u00fcs\u2019teki Anglikan Episkopal Kilisesi\u2019ne ba\u011fl\u0131 El-Ehli Baptist Hastanesi, kilise taraf\u0131ndan i\u015fletiliyor. Hastanenin \u00e7evresinde \u0130srail bombard\u0131man\u0131nda hasar g\u00f6ren kilise bulunuyor.<\/p>\n<p>\u0130srail ordusu, Gazze kentindeki El-Ehli Baptist Hastanesi\u2019ne hava sald\u0131r\u0131s\u0131 d\u00fczenlemi\u015fti.<\/p>\n<p>Hava sald\u0131r\u0131s\u0131nda El-Ehli Baptist Hastanesi\u2019ndeki cerrahi operasyon binas\u0131 ve yo\u011fun bak\u0131m hastalar\u0131 i\u00e7in kurulan t\u0131bbi oksijen \u00fcretim istasyonu da vurulmu\u015ftu.<\/p>\n<p>Tahliye s\u0131ras\u0131nda yaral\u0131 bir Filistinli \u00e7ocuk hayat\u0131n\u0131 kaybetmi\u015fti.<\/p>\n<p>Sald\u0131r\u0131lar nedeniyle \u00e7ok say\u0131da hasta ve yaral\u0131, hastanenin d\u0131\u015f\u0131nda sokaklarda yat\u0131yor.<\/p>\n<p>Zor \u015fartlarda d\u0131\u015far\u0131ya ta\u015f\u0131nan hasta ve yaral\u0131lar aras\u0131nda durumu kritik olan onlarca ki\u015fi bulunuyor.<\/p>\n<\/p><\/div>\n<p><script async\n                    defer\n                    crossorigin=\"anonymous\"\n                    src=\"https:\/\/connect.facebook.net\/tr_TR\/sdk.js#xfbml=1&#038;version=v3.3\"\n            ><\/script><\/p>\n","protected":false},"excerpt":{"rendered":"<p>Kud\u00fcs Piskoposlu\u011fu, Hristiyan aleminin en \u00f6nemli bayramlar\u0131ndan Palmiye Pazar\u0131\u2019nda \u0130srail\u2019in Gazze kentindeki El-Ehli Baptist Hastanesi\u2019ne d\u00fczenledi\u011fi sald\u0131r\u0131 kar\u015f\u0131s\u0131nda deh\u015fete d\u00fc\u015ft\u00fcklerini belirtti. Kud\u00fcs ve Orta Do\u011fu\u2019daki Episkopal Kilisesi\u2019ne ba\u011fl\u0131 Kud\u00fcs Piskoposlu\u011fundan yap\u0131lan yaz\u0131l\u0131 a\u00e7\u0131klamada, Kud\u00fcs\u2019teki Anglikan Kilisesi\u2019ne ba\u011fl\u0131 El-Ehli Baptist Hastanesi\u2019ne d\u00fczenlenen sald\u0131r\u0131n\u0131n en sert \u015fekilde k\u0131nand\u0131\u011f\u0131 aktar\u0131ld\u0131. El-Ehli Baptist Hastanesi\u2019ni hedef alan iki sald\u0131r\u0131da iki<\/p>\n","protected":false},"author":1,"featured_media":80145,"comment_status":"open","ping_status":"open","sticky":false,"template":"","format":"standard","meta":{"footnotes":""},"categories":[1],"tags":[],"class_list":["post-80144","post","type-post","status-publish","format-standard","has-post-thumbnail","hentry","category-gundem"],"yoast_head":"<!-- This site is optimized with the Yoast SEO plugin v27.5 - https:\/\/yoast.com\/product\/yoast-seo-wordpress\/ -->\n<title>Kud\u00fcs Piskoposlu\u011fu: El-Ehli Baptist Hastanesi\u2019nin bombalanmas\u0131 kar\u015f\u0131s\u0131nda deh\u015fete d\u00fc\u015ft\u00fck -<\/title>\n<meta name=\"robots\" content=\"index, follow, max-snippet:-1, max-image-preview:large, max-video-preview:-1\" \/>\n<link rel=\"canonical\" href=\"https:\/\/kibrisdakik.com\/?p=80144\" \/>\n<meta property=\"og:locale\" content=\"tr_TR\" \/>\n<meta property=\"og:type\" content=\"article\" \/>\n<meta property=\"og:title\" content=\"Kud\u00fcs Piskoposlu\u011fu: El-Ehli Baptist Hastanesi\u2019nin bombalanmas\u0131 kar\u015f\u0131s\u0131nda deh\u015fete d\u00fc\u015ft\u00fck -\" \/>\n<meta property=\"og:description\" content=\"Kud\u00fcs Piskoposlu\u011fu, Hristiyan aleminin en \u00f6nemli bayramlar\u0131ndan Palmiye Pazar\u0131\u2019nda \u0130srail\u2019in Gazze kentindeki El-Ehli Baptist Hastanesi\u2019ne d\u00fczenledi\u011fi sald\u0131r\u0131 kar\u015f\u0131s\u0131nda deh\u015fete d\u00fc\u015ft\u00fcklerini belirtti. Kud\u00fcs ve Orta Do\u011fu\u2019daki Episkopal Kilisesi\u2019ne ba\u011fl\u0131 Kud\u00fcs Piskoposlu\u011fundan yap\u0131lan yaz\u0131l\u0131 a\u00e7\u0131klamada, Kud\u00fcs\u2019teki Anglikan Kilisesi\u2019ne ba\u011fl\u0131 El-Ehli Baptist Hastanesi\u2019ne d\u00fczenlenen sald\u0131r\u0131n\u0131n en sert \u015fekilde k\u0131nand\u0131\u011f\u0131 aktar\u0131ld\u0131. El-Ehli Baptist Hastanesi\u2019ni hedef alan iki sald\u0131r\u0131da iki\" \/>\n<meta property=\"og:url\" content=\"https:\/\/kibrisdakik.com\/?p=80144\" \/>\n<meta property=\"article:published_time\" content=\"2025-04-13T15:52:00+00:00\" \/>\n<meta property=\"og:image\" content=\"https:\/\/kibrisdakik.com\/wp-content\/uploads\/2025\/04\/048018401-740x420.jpg\" \/>\n\t<meta property=\"og:image:width\" content=\"800\" \/>\n\t<meta property=\"og:image:height\" content=\"450\" \/>\n\t<meta property=\"og:image:type\" content=\"image\/jpeg\" \/>\n<meta name=\"author\" content=\"admin\" \/>\n<meta name=\"twitter:card\" content=\"summary_large_image\" \/>\n<meta name=\"twitter:label1\" content=\"Yazan:\" \/>\n\t<meta name=\"twitter:data1\" content=\"admin\" \/>\n\t<meta name=\"twitter:label2\" content=\"Tahmini okuma s\u00fcresi\" \/>\n\t<meta name=\"twitter:data2\" content=\"2 dakika\" \/>\n<script type=\"application\/ld+json\" class=\"yoast-schema-graph\">{\"@context\":\"https:\\\/\\\/schema.org\",\"@graph\":[{\"@type\":\"Article\",\"@id\":\"https:\\\/\\\/kibrisdakik.com\\\/?p=80144#article\",\"isPartOf\":{\"@id\":\"https:\\\/\\\/kibrisdakik.com\\\/?p=80144\"},\"author\":{\"name\":\"admin\",\"@id\":\"https:\\\/\\\/kibrisdakik.com\\\/#\\\/schema\\\/person\\\/9cd9d437bbb44f72b73ba127e06d8e79\"},\"headline\":\"Kud\u00fcs Piskoposlu\u011fu: El-Ehli Baptist Hastanesi\u2019nin bombalanmas\u0131 kar\u015f\u0131s\u0131nda deh\u015fete d\u00fc\u015ft\u00fck\",\"datePublished\":\"2025-04-13T15:52:00+00:00\",\"mainEntityOfPage\":{\"@id\":\"https:\\\/\\\/kibrisdakik.com\\\/?p=80144\"},\"wordCount\":417,\"commentCount\":0,\"image\":{\"@id\":\"https:\\\/\\\/kibrisdakik.com\\\/?p=80144#primaryimage\"},\"thumbnailUrl\":\"https:\\\/\\\/kibrisdakik.com\\\/wp-content\\\/uploads\\\/2025\\\/04\\\/048018401-740x420.jpg\",\"articleSection\":[\"G\u00fcndem\"],\"inLanguage\":\"tr\",\"potentialAction\":[{\"@type\":\"CommentAction\",\"name\":\"Comment\",\"target\":[\"https:\\\/\\\/kibrisdakik.com\\\/?p=80144#respond\"]}]},{\"@type\":\"WebPage\",\"@id\":\"https:\\\/\\\/kibrisdakik.com\\\/?p=80144\",\"url\":\"https:\\\/\\\/kibrisdakik.com\\\/?p=80144\",\"name\":\"Kud\u00fcs Piskoposlu\u011fu: El-Ehli Baptist Hastanesi\u2019nin bombalanmas\u0131 kar\u015f\u0131s\u0131nda deh\u015fete d\u00fc\u015ft\u00fck -\",\"isPartOf\":{\"@id\":\"https:\\\/\\\/kibrisdakik.com\\\/#website\"},\"primaryImageOfPage\":{\"@id\":\"https:\\\/\\\/kibrisdakik.com\\\/?p=80144#primaryimage\"},\"image\":{\"@id\":\"https:\\\/\\\/kibrisdakik.com\\\/?p=80144#primaryimage\"},\"thumbnailUrl\":\"https:\\\/\\\/kibrisdakik.com\\\/wp-content\\\/uploads\\\/2025\\\/04\\\/048018401-740x420.jpg\",\"datePublished\":\"2025-04-13T15:52:00+00:00\",\"author\":{\"@id\":\"https:\\\/\\\/kibrisdakik.com\\\/#\\\/schema\\\/person\\\/9cd9d437bbb44f72b73ba127e06d8e79\"},\"breadcrumb\":{\"@id\":\"https:\\\/\\\/kibrisdakik.com\\\/?p=80144#breadcrumb\"},\"inLanguage\":\"tr\",\"potentialAction\":[{\"@type\":\"ReadAction\",\"target\":[\"https:\\\/\\\/kibrisdakik.com\\\/?p=80144\"]}]},{\"@type\":\"ImageObject\",\"inLanguage\":\"tr\",\"@id\":\"https:\\\/\\\/kibrisdakik.com\\\/?p=80144#primaryimage\",\"url\":\"https:\\\/\\\/kibrisdakik.com\\\/wp-content\\\/uploads\\\/2025\\\/04\\\/048018401-740x420.jpg\",\"contentUrl\":\"https:\\\/\\\/kibrisdakik.com\\\/wp-content\\\/uploads\\\/2025\\\/04\\\/048018401-740x420.jpg\",\"width\":800,\"height\":450},{\"@type\":\"BreadcrumbList\",\"@id\":\"https:\\\/\\\/kibrisdakik.com\\\/?p=80144#breadcrumb\",\"itemListElement\":[{\"@type\":\"ListItem\",\"position\":1,\"name\":\"Home\",\"item\":\"https:\\\/\\\/kibrisdakik.com\\\/\"},{\"@type\":\"ListItem\",\"position\":2,\"name\":\"Kud\u00fcs Piskoposlu\u011fu: El-Ehli Baptist Hastanesi\u2019nin bombalanmas\u0131 kar\u015f\u0131s\u0131nda deh\u015fete d\u00fc\u015ft\u00fck\"}]},{\"@type\":\"WebSite\",\"@id\":\"https:\\\/\\\/kibrisdakik.com\\\/#website\",\"url\":\"https:\\\/\\\/kibrisdakik.com\\\/\",\"name\":\"\",\"description\":\"Tam vaktinde haber\",\"potentialAction\":[{\"@type\":\"SearchAction\",\"target\":{\"@type\":\"EntryPoint\",\"urlTemplate\":\"https:\\\/\\\/kibrisdakik.com\\\/?s={search_term_string}\"},\"query-input\":{\"@type\":\"PropertyValueSpecification\",\"valueRequired\":true,\"valueName\":\"search_term_string\"}}],\"inLanguage\":\"tr\"},{\"@type\":\"Person\",\"@id\":\"https:\\\/\\\/kibrisdakik.com\\\/#\\\/schema\\\/person\\\/9cd9d437bbb44f72b73ba127e06d8e79\",\"name\":\"admin\",\"image\":{\"@type\":\"ImageObject\",\"inLanguage\":\"tr\",\"@id\":\"https:\\\/\\\/secure.gravatar.com\\\/avatar\\\/ccc17943b9d660506c869530f897617f7cb1c21a4bf30023f252596d83e1f007?s=96&d=mm&r=g\",\"url\":\"https:\\\/\\\/secure.gravatar.com\\\/avatar\\\/ccc17943b9d660506c869530f897617f7cb1c21a4bf30023f252596d83e1f007?s=96&d=mm&r=g\",\"contentUrl\":\"https:\\\/\\\/secure.gravatar.com\\\/avatar\\\/ccc17943b9d660506c869530f897617f7cb1c21a4bf30023f252596d83e1f007?s=96&d=mm&r=g\",\"caption\":\"admin\"},\"sameAs\":[\"https:\\\/\\\/kibrisdakik.com\"],\"url\":\"https:\\\/\\\/kibrisdakik.com\\\/?author=1\"}]}<\/script>\n<!-- \/ Yoast SEO plugin. -->","yoast_head_json":{"title":"Kud\u00fcs Piskoposlu\u011fu: El-Ehli Baptist Hastanesi\u2019nin bombalanmas\u0131 kar\u015f\u0131s\u0131nda deh\u015fete d\u00fc\u015ft\u00fck -","robots":{"index":"index","follow":"follow","max-snippet":"max-snippet:-1","max-image-preview":"max-image-preview:large","max-video-preview":"max-video-preview:-1"},"canonical":"https:\/\/kibrisdakik.com\/?p=80144","og_locale":"tr_TR","og_type":"article","og_title":"Kud\u00fcs Piskoposlu\u011fu: El-Ehli Baptist Hastanesi\u2019nin bombalanmas\u0131 kar\u015f\u0131s\u0131nda deh\u015fete d\u00fc\u015ft\u00fck -","og_description":"Kud\u00fcs Piskoposlu\u011fu, Hristiyan aleminin en \u00f6nemli bayramlar\u0131ndan Palmiye Pazar\u0131\u2019nda \u0130srail\u2019in Gazze kentindeki El-Ehli Baptist Hastanesi\u2019ne d\u00fczenledi\u011fi sald\u0131r\u0131 kar\u015f\u0131s\u0131nda deh\u015fete d\u00fc\u015ft\u00fcklerini belirtti. Kud\u00fcs ve Orta Do\u011fu\u2019daki Episkopal Kilisesi\u2019ne ba\u011fl\u0131 Kud\u00fcs Piskoposlu\u011fundan yap\u0131lan yaz\u0131l\u0131 a\u00e7\u0131klamada, Kud\u00fcs\u2019teki Anglikan Kilisesi\u2019ne ba\u011fl\u0131 El-Ehli Baptist Hastanesi\u2019ne d\u00fczenlenen sald\u0131r\u0131n\u0131n en sert \u015fekilde k\u0131nand\u0131\u011f\u0131 aktar\u0131ld\u0131. El-Ehli Baptist Hastanesi\u2019ni hedef alan iki sald\u0131r\u0131da iki","og_url":"https:\/\/kibrisdakik.com\/?p=80144","article_published_time":"2025-04-13T15:52:00+00:00","og_image":[{"width":800,"height":450,"url":"https:\/\/kibrisdakik.com\/wp-content\/uploads\/2025\/04\/048018401-740x420.jpg","type":"image\/jpeg"}],"author":"admin","twitter_card":"summary_large_image","twitter_misc":{"Yazan:":"admin","Tahmini okuma s\u00fcresi":"2 dakika"},"schema":{"@context":"https:\/\/schema.org","@graph":[{"@type":"Article","@id":"https:\/\/kibrisdakik.com\/?p=80144#article","isPartOf":{"@id":"https:\/\/kibrisdakik.com\/?p=80144"},"author":{"name":"admin","@id":"https:\/\/kibrisdakik.com\/#\/schema\/person\/9cd9d437bbb44f72b73ba127e06d8e79"},"headline":"Kud\u00fcs Piskoposlu\u011fu: El-Ehli Baptist Hastanesi\u2019nin bombalanmas\u0131 kar\u015f\u0131s\u0131nda deh\u015fete d\u00fc\u015ft\u00fck","datePublished":"2025-04-13T15:52:00+00:00","mainEntityOfPage":{"@id":"https:\/\/kibrisdakik.com\/?p=80144"},"wordCount":417,"commentCount":0,"image":{"@id":"https:\/\/kibrisdakik.com\/?p=80144#primaryimage"},"thumbnailUrl":"https:\/\/kibrisdakik.com\/wp-content\/uploads\/2025\/04\/048018401-740x420.jpg","articleSection":["G\u00fcndem"],"inLanguage":"tr","potentialAction":[{"@type":"CommentAction","name":"Comment","target":["https:\/\/kibrisdakik.com\/?p=80144#respond"]}]},{"@type":"WebPage","@id":"https:\/\/kibrisdakik.com\/?p=80144","url":"https:\/\/kibrisdakik.com\/?p=80144","name":"Kud\u00fcs Piskoposlu\u011fu: El-Ehli Baptist Hastanesi\u2019nin bombalanmas\u0131 kar\u015f\u0131s\u0131nda deh\u015fete d\u00fc\u015ft\u00fck -","isPartOf":{"@id":"https:\/\/kibrisdakik.com\/#website"},"primaryImageOfPage":{"@id":"https:\/\/kibrisdakik.com\/?p=80144#primaryimage"},"image":{"@id":"https:\/\/kibrisdakik.com\/?p=80144#primaryimage"},"thumbnailUrl":"https:\/\/kibrisdakik.com\/wp-content\/uploads\/2025\/04\/048018401-740x420.jpg","datePublished":"2025-04-13T15:52:00+00:00","author":{"@id":"https:\/\/kibrisdakik.com\/#\/schema\/person\/9cd9d437bbb44f72b73ba127e06d8e79"},"breadcrumb":{"@id":"https:\/\/kibrisdakik.com\/?p=80144#breadcrumb"},"inLanguage":"tr","potentialAction":[{"@type":"ReadAction","target":["https:\/\/kibrisdakik.com\/?p=80144"]}]},{"@type":"ImageObject","inLanguage":"tr","@id":"https:\/\/kibrisdakik.com\/?p=80144#primaryimage","url":"https:\/\/kibrisdakik.com\/wp-content\/uploads\/2025\/04\/048018401-740x420.jpg","contentUrl":"https:\/\/kibrisdakik.com\/wp-content\/uploads\/2025\/04\/048018401-740x420.jpg","width":800,"height":450},{"@type":"BreadcrumbList","@id":"https:\/\/kibrisdakik.com\/?p=80144#breadcrumb","itemListElement":[{"@type":"ListItem","position":1,"name":"Home","item":"https:\/\/kibrisdakik.com\/"},{"@type":"ListItem","position":2,"name":"Kud\u00fcs Piskoposlu\u011fu: El-Ehli Baptist Hastanesi\u2019nin bombalanmas\u0131 kar\u015f\u0131s\u0131nda deh\u015fete d\u00fc\u015ft\u00fck"}]},{"@type":"WebSite","@id":"https:\/\/kibrisdakik.com\/#website","url":"https:\/\/kibrisdakik.com\/","name":"","description":"Tam vaktinde haber","potentialAction":[{"@type":"SearchAction","target":{"@type":"EntryPoint","urlTemplate":"https:\/\/kibrisdakik.com\/?s={search_term_string}"},"query-input":{"@type":"PropertyValueSpecification","valueRequired":true,"valueName":"search_term_string"}}],"inLanguage":"tr"},{"@type":"Person","@id":"https:\/\/kibrisdakik.com\/#\/schema\/person\/9cd9d437bbb44f72b73ba127e06d8e79","name":"admin","image":{"@type":"ImageObject","inLanguage":"tr","@id":"https:\/\/secure.gravatar.com\/avatar\/ccc17943b9d660506c869530f897617f7cb1c21a4bf30023f252596d83e1f007?s=96&d=mm&r=g","url":"https:\/\/secure.gravatar.com\/avatar\/ccc17943b9d660506c869530f897617f7cb1c21a4bf30023f252596d83e1f007?s=96&d=mm&r=g","contentUrl":"https:\/\/secure.gravatar.com\/avatar\/ccc17943b9d660506c869530f897617f7cb1c21a4bf30023f252596d83e1f007?s=96&d=mm&r=g","caption":"admin"},"sameAs":["https:\/\/kibrisdakik.com"],"url":"https:\/\/kibrisdakik.com\/?author=1"}]}},"_links":{"self":[{"href":"https:\/\/kibrisdakik.com\/index.php?rest_route=\/wp\/v2\/posts\/80144","targetHints":{"allow":["GET"]}}],"collection":[{"href":"https:\/\/kibrisdakik.com\/index.php?rest_route=\/wp\/v2\/posts"}],"about":[{"href":"https:\/\/kibrisdakik.com\/index.php?rest_route=\/wp\/v2\/types\/post"}],"author":[{"embeddable":true,"href":"https:\/\/kibrisdakik.com\/index.php?rest_route=\/wp\/v2\/users\/1"}],"replies":[{"embeddable":true,"href":"https:\/\/kibrisdakik.com\/index.php?rest_route=%2Fwp%2Fv2%2Fcomments&post=80144"}],"version-history":[{"count":0,"href":"https:\/\/kibrisdakik.com\/index.php?rest_route=\/wp\/v2\/posts\/80144\/revisions"}],"wp:featuredmedia":[{"embeddable":true,"href":"https:\/\/kibrisdakik.com\/index.php?rest_route=\/wp\/v2\/media\/80145"}],"wp:attachment":[{"href":"https:\/\/kibrisdakik.com\/index.php?rest_route=%2Fwp%2Fv2%2Fmedia&parent=80144"}],"wp:term":[{"taxonomy":"category","embeddable":true,"href":"https:\/\/kibrisdakik.com\/index.php?rest_route=%2Fwp%2Fv2%2Fcategories&post=80144"},{"taxonomy":"post_tag","embeddable":true,"href":"https:\/\/kibrisdakik.com\/index.php?rest_route=%2Fwp%2Fv2%2Ftags&post=80144"}],"curies":[{"name":"wp","href":"https:\/\/api.w.org\/{rel}","templated":true}]}}