{"id":80157,"date":"2025-04-14T13:12:08","date_gmt":"2025-04-14T10:12:08","guid":{"rendered":"https:\/\/kibrisdakik.com\/index.php\/2025\/04\/14\/ubp-milletvekili-kucuk-bu-ulkeyi-birlikte-insa-edebiliriz\/"},"modified":"2025-04-14T13:12:08","modified_gmt":"2025-04-14T10:12:08","slug":"ubp-milletvekili-kucuk-bu-ulkeyi-birlikte-insa-edebiliriz","status":"publish","type":"post","link":"https:\/\/kibrisdakik.com\/?p=80157","title":{"rendered":"UBP Milletvekili K\u00fc\u00e7\u00fck: Bu \u00fclkeyi birlikte in\u015fa edebiliriz"},"content":{"rendered":"<div>\n<div class=\"mariselle-image-container none\">\n                                            <\/div>\n<p>\u00a0Ulusal Birlik Partisi Milletvekili Hasan K\u00fc\u00e7\u00fck, inan\u00e7 farkl\u0131l\u0131klar\u0131n\u0131 ayr\u0131\u015ft\u0131r\u0131c\u0131 de\u011fil, birle\u015ftirici bir zenginlik olarak g\u00f6ren bir siyasetin, toplumsal bar\u0131\u015f\u0131 g\u00fc\u00e7lendirece\u011fini ifade etti.<\/p>\n<p>K\u00fc\u00e7\u00fck, \u201cFarkl\u0131 d\u00fc\u015f\u00fcnebiliriz, farkl\u0131 inanabiliriz ama bu \u00fclkeyi birlikte in\u015fa edebiliriz\u201d diyerek, toplumsal uzla\u015f\u0131ya olan ihtiyac\u0131n alt\u0131n\u0131 \u00e7izdi.<\/p>\n<p>K\u00fc\u00e7\u00fck yapt\u0131\u011f\u0131 yaz\u0131l\u0131 a\u00e7\u0131klamada, \u00f6zellikle son d\u00f6nemde Ortado\u011fu ve Do\u011fu Akdeniz\u2019de ya\u015fananlardan sonra Anavatan T\u00fcrkiye ile daha s\u0131k\u0131 ba\u011flar kurulmas\u0131 gerekti\u011fini belirterek, resmin b\u00fct\u00fcn\u00fcne bak\u0131lmas\u0131 gerekti\u011fini dile getirdi.<\/p>\n<p>K\u00fc\u00e7\u00fck, Yunanistan, G\u00fcney K\u0131br\u0131s ve \u0130srail\u2019den gelen a\u00e7\u0131klamalara dikkat \u00e7ekerek, bu s\u00fcre\u00e7te birli\u011fin \u00f6nemine i\u015faret etti.\u00a0\u00a0K\u00fc\u00e7\u00fck, \u201cBirli\u011fe her zamankinden daha fazla ihtiya\u00e7 duyuyoruz.\u201d ifadelerini kulland\u0131.\u00a0<\/p>\n<p>\u0130yi insan olman\u0131n evrensel bir de\u011fer oldu\u011funu vurgulayan K\u00fc\u00e7\u00fck, \u201cKim oldu\u011fumuz de\u011fil, nas\u0131l ya\u015fad\u0131\u011f\u0131m\u0131z \u00f6nemlidir. Vicdan ve adalet duygusunu siyasetin \u00f6n\u00fcne koymal\u0131y\u0131z.\u201d dedi.\u00a0<\/p>\n<p>Toplumsal bar\u0131\u015f\u0131n herkes i\u00e7in bir ihtiya\u00e7 oldu\u011funu ifade eden K\u00fc\u00e7\u00fck a\u00e7\u0131klamas\u0131nda, \u201c\u0130yi insan olmak; parti rozeti, inan\u00e7 kart\u0131 ya da kimlik k\u0131l\u0131\u011f\u0131 de\u011fil, vicdan ve sorumlulukla ilgilidir.\u201d ifadelerine yer verdi.\u00a0<\/p>\n<p>Siyasette birle\u015ftirici bir duru\u015fun \u00f6nemine dikkat \u00e7eken K\u00fc\u00e7\u00fck, inan\u00e7 farkl\u0131l\u0131klar\u0131n\u0131n tehdit de\u011fil, zenginlik oldu\u011funu belirterek, modern siyasetin \u00e7o\u011fulculu\u011fu esas almas\u0131 gerekti\u011fini kaydetti.\u00a0<\/p>\n<p>K\u00fc\u00e7\u00fck, a\u00e7\u0131klamas\u0131n\u0131 \u015fu s\u00f6zlerle tamamlad\u0131: \u201cHayat boyu, farkl\u0131 g\u00f6r\u00fc\u015f ve d\u00fc\u015f\u00fcnceleri demokrasinin bir getirisi olarak kabul ettim. \u00d6z\u00fcm\u00fcze ba\u011fl\u0131 kalarak farkl\u0131l\u0131klar\u0131 bir zenginlik olarak g\u00f6rmek ortak de\u011ferlerimiz olmal\u0131d\u0131r. \u0130nan\u0131n k\u00f6pr\u00fc kuranlar, duvar \u00f6renlerden \u00e7ok daha g\u00fc\u00e7l\u00fcd\u00fcr. Hepimizin ortak vatan\u0131, ortak gelece\u011fi KKTC\u2019dir.\u201d<\/p>\n<\/p><\/div>\n<p><script async\n                    defer\n                    crossorigin=\"anonymous\"\n                    src=\"https:\/\/connect.facebook.net\/tr_TR\/sdk.js#xfbml=1&#038;version=v3.3\"\n            ><\/script><\/p>\n","protected":false},"excerpt":{"rendered":"<p>\u00a0Ulusal Birlik Partisi Milletvekili Hasan K\u00fc\u00e7\u00fck, inan\u00e7 farkl\u0131l\u0131klar\u0131n\u0131 ayr\u0131\u015ft\u0131r\u0131c\u0131 de\u011fil, birle\u015ftirici bir zenginlik olarak g\u00f6ren bir siyasetin, toplumsal bar\u0131\u015f\u0131 g\u00fc\u00e7lendirece\u011fini ifade etti. K\u00fc\u00e7\u00fck, \u201cFarkl\u0131 d\u00fc\u015f\u00fcnebiliriz, farkl\u0131 inanabiliriz ama bu \u00fclkeyi birlikte in\u015fa edebiliriz\u201d diyerek, toplumsal uzla\u015f\u0131ya olan ihtiyac\u0131n alt\u0131n\u0131 \u00e7izdi. K\u00fc\u00e7\u00fck yapt\u0131\u011f\u0131 yaz\u0131l\u0131 a\u00e7\u0131klamada, \u00f6zellikle son d\u00f6nemde Ortado\u011fu ve Do\u011fu Akdeniz\u2019de ya\u015fananlardan sonra Anavatan T\u00fcrkiye<\/p>\n","protected":false},"author":1,"featured_media":80158,"comment_status":"open","ping_status":"open","sticky":false,"template":"","format":"standard","meta":{"footnotes":""},"categories":[81,101],"tags":[],"class_list":["post-80157","post","type-post","status-publish","format-standard","has-post-thumbnail","hentry","category-kibris","category-manset"],"yoast_head":"<!-- This site is optimized with the Yoast SEO plugin v27.5 - https:\/\/yoast.com\/product\/yoast-seo-wordpress\/ -->\n<title>UBP Milletvekili K\u00fc\u00e7\u00fck: Bu \u00fclkeyi birlikte in\u015fa edebiliriz -<\/title>\n<meta name=\"robots\" content=\"index, follow, max-snippet:-1, max-image-preview:large, max-video-preview:-1\" \/>\n<link rel=\"canonical\" href=\"https:\/\/kibrisdakik.com\/?p=80157\" \/>\n<meta property=\"og:locale\" content=\"tr_TR\" \/>\n<meta property=\"og:type\" content=\"article\" \/>\n<meta property=\"og:title\" content=\"UBP Milletvekili K\u00fc\u00e7\u00fck: Bu \u00fclkeyi birlikte in\u015fa edebiliriz -\" \/>\n<meta property=\"og:description\" content=\"\u00a0Ulusal Birlik Partisi Milletvekili Hasan K\u00fc\u00e7\u00fck, inan\u00e7 farkl\u0131l\u0131klar\u0131n\u0131 ayr\u0131\u015ft\u0131r\u0131c\u0131 de\u011fil, birle\u015ftirici bir zenginlik olarak g\u00f6ren bir siyasetin, toplumsal bar\u0131\u015f\u0131 g\u00fc\u00e7lendirece\u011fini ifade etti. K\u00fc\u00e7\u00fck, \u201cFarkl\u0131 d\u00fc\u015f\u00fcnebiliriz, farkl\u0131 inanabiliriz ama bu \u00fclkeyi birlikte in\u015fa edebiliriz\u201d diyerek, toplumsal uzla\u015f\u0131ya olan ihtiyac\u0131n alt\u0131n\u0131 \u00e7izdi. K\u00fc\u00e7\u00fck yapt\u0131\u011f\u0131 yaz\u0131l\u0131 a\u00e7\u0131klamada, \u00f6zellikle son d\u00f6nemde Ortado\u011fu ve Do\u011fu Akdeniz\u2019de ya\u015fananlardan sonra Anavatan T\u00fcrkiye\" \/>\n<meta property=\"og:url\" content=\"https:\/\/kibrisdakik.com\/?p=80157\" \/>\n<meta property=\"article:published_time\" content=\"2025-04-14T10:12:08+00:00\" \/>\n<meta property=\"og:image\" content=\"https:\/\/kibrisdakik.com\/wp-content\/uploads\/2025\/04\/1744621327654HASAN-KUCUK-FOTO-740x420.jpeg\" \/>\n\t<meta property=\"og:image:width\" content=\"1600\" \/>\n\t<meta property=\"og:image:height\" content=\"1066\" \/>\n\t<meta property=\"og:image:type\" content=\"image\/jpeg\" \/>\n<meta name=\"author\" content=\"admin\" \/>\n<meta name=\"twitter:card\" content=\"summary_large_image\" \/>\n<meta name=\"twitter:label1\" content=\"Yazan:\" \/>\n\t<meta name=\"twitter:data1\" content=\"admin\" \/>\n\t<meta name=\"twitter:label2\" content=\"Tahmini okuma s\u00fcresi\" \/>\n\t<meta name=\"twitter:data2\" content=\"2 dakika\" \/>\n<script type=\"application\/ld+json\" class=\"yoast-schema-graph\">{\"@context\":\"https:\\\/\\\/schema.org\",\"@graph\":[{\"@type\":\"Article\",\"@id\":\"https:\\\/\\\/kibrisdakik.com\\\/?p=80157#article\",\"isPartOf\":{\"@id\":\"https:\\\/\\\/kibrisdakik.com\\\/?p=80157\"},\"author\":{\"name\":\"admin\",\"@id\":\"https:\\\/\\\/kibrisdakik.com\\\/#\\\/schema\\\/person\\\/9cd9d437bbb44f72b73ba127e06d8e79\"},\"headline\":\"UBP Milletvekili K\u00fc\u00e7\u00fck: Bu \u00fclkeyi birlikte in\u015fa edebiliriz\",\"datePublished\":\"2025-04-14T10:12:08+00:00\",\"mainEntityOfPage\":{\"@id\":\"https:\\\/\\\/kibrisdakik.com\\\/?p=80157\"},\"wordCount\":323,\"commentCount\":0,\"image\":{\"@id\":\"https:\\\/\\\/kibrisdakik.com\\\/?p=80157#primaryimage\"},\"thumbnailUrl\":\"https:\\\/\\\/kibrisdakik.com\\\/wp-content\\\/uploads\\\/2025\\\/04\\\/1744621327654HASAN-KUCUK-FOTO-740x420.jpeg\",\"articleSection\":[\"K\u0131br\u0131s\",\"Man\u015fet\"],\"inLanguage\":\"tr\",\"potentialAction\":[{\"@type\":\"CommentAction\",\"name\":\"Comment\",\"target\":[\"https:\\\/\\\/kibrisdakik.com\\\/?p=80157#respond\"]}]},{\"@type\":\"WebPage\",\"@id\":\"https:\\\/\\\/kibrisdakik.com\\\/?p=80157\",\"url\":\"https:\\\/\\\/kibrisdakik.com\\\/?p=80157\",\"name\":\"UBP Milletvekili K\u00fc\u00e7\u00fck: Bu \u00fclkeyi birlikte in\u015fa edebiliriz -\",\"isPartOf\":{\"@id\":\"https:\\\/\\\/kibrisdakik.com\\\/#website\"},\"primaryImageOfPage\":{\"@id\":\"https:\\\/\\\/kibrisdakik.com\\\/?p=80157#primaryimage\"},\"image\":{\"@id\":\"https:\\\/\\\/kibrisdakik.com\\\/?p=80157#primaryimage\"},\"thumbnailUrl\":\"https:\\\/\\\/kibrisdakik.com\\\/wp-content\\\/uploads\\\/2025\\\/04\\\/1744621327654HASAN-KUCUK-FOTO-740x420.jpeg\",\"datePublished\":\"2025-04-14T10:12:08+00:00\",\"author\":{\"@id\":\"https:\\\/\\\/kibrisdakik.com\\\/#\\\/schema\\\/person\\\/9cd9d437bbb44f72b73ba127e06d8e79\"},\"breadcrumb\":{\"@id\":\"https:\\\/\\\/kibrisdakik.com\\\/?p=80157#breadcrumb\"},\"inLanguage\":\"tr\",\"potentialAction\":[{\"@type\":\"ReadAction\",\"target\":[\"https:\\\/\\\/kibrisdakik.com\\\/?p=80157\"]}]},{\"@type\":\"ImageObject\",\"inLanguage\":\"tr\",\"@id\":\"https:\\\/\\\/kibrisdakik.com\\\/?p=80157#primaryimage\",\"url\":\"https:\\\/\\\/kibrisdakik.com\\\/wp-content\\\/uploads\\\/2025\\\/04\\\/1744621327654HASAN-KUCUK-FOTO-740x420.jpeg\",\"contentUrl\":\"https:\\\/\\\/kibrisdakik.com\\\/wp-content\\\/uploads\\\/2025\\\/04\\\/1744621327654HASAN-KUCUK-FOTO-740x420.jpeg\",\"width\":1600,\"height\":1066},{\"@type\":\"BreadcrumbList\",\"@id\":\"https:\\\/\\\/kibrisdakik.com\\\/?p=80157#breadcrumb\",\"itemListElement\":[{\"@type\":\"ListItem\",\"position\":1,\"name\":\"Home\",\"item\":\"https:\\\/\\\/kibrisdakik.com\\\/\"},{\"@type\":\"ListItem\",\"position\":2,\"name\":\"UBP Milletvekili K\u00fc\u00e7\u00fck: Bu \u00fclkeyi birlikte in\u015fa edebiliriz\"}]},{\"@type\":\"WebSite\",\"@id\":\"https:\\\/\\\/kibrisdakik.com\\\/#website\",\"url\":\"https:\\\/\\\/kibrisdakik.com\\\/\",\"name\":\"\",\"description\":\"Tam vaktinde haber\",\"potentialAction\":[{\"@type\":\"SearchAction\",\"target\":{\"@type\":\"EntryPoint\",\"urlTemplate\":\"https:\\\/\\\/kibrisdakik.com\\\/?s={search_term_string}\"},\"query-input\":{\"@type\":\"PropertyValueSpecification\",\"valueRequired\":true,\"valueName\":\"search_term_string\"}}],\"inLanguage\":\"tr\"},{\"@type\":\"Person\",\"@id\":\"https:\\\/\\\/kibrisdakik.com\\\/#\\\/schema\\\/person\\\/9cd9d437bbb44f72b73ba127e06d8e79\",\"name\":\"admin\",\"image\":{\"@type\":\"ImageObject\",\"inLanguage\":\"tr\",\"@id\":\"https:\\\/\\\/secure.gravatar.com\\\/avatar\\\/ccc17943b9d660506c869530f897617f7cb1c21a4bf30023f252596d83e1f007?s=96&d=mm&r=g\",\"url\":\"https:\\\/\\\/secure.gravatar.com\\\/avatar\\\/ccc17943b9d660506c869530f897617f7cb1c21a4bf30023f252596d83e1f007?s=96&d=mm&r=g\",\"contentUrl\":\"https:\\\/\\\/secure.gravatar.com\\\/avatar\\\/ccc17943b9d660506c869530f897617f7cb1c21a4bf30023f252596d83e1f007?s=96&d=mm&r=g\",\"caption\":\"admin\"},\"sameAs\":[\"https:\\\/\\\/kibrisdakik.com\"],\"url\":\"https:\\\/\\\/kibrisdakik.com\\\/?author=1\"}]}<\/script>\n<!-- \/ Yoast SEO plugin. -->","yoast_head_json":{"title":"UBP Milletvekili K\u00fc\u00e7\u00fck: Bu \u00fclkeyi birlikte in\u015fa edebiliriz -","robots":{"index":"index","follow":"follow","max-snippet":"max-snippet:-1","max-image-preview":"max-image-preview:large","max-video-preview":"max-video-preview:-1"},"canonical":"https:\/\/kibrisdakik.com\/?p=80157","og_locale":"tr_TR","og_type":"article","og_title":"UBP Milletvekili K\u00fc\u00e7\u00fck: Bu \u00fclkeyi birlikte in\u015fa edebiliriz -","og_description":"\u00a0Ulusal Birlik Partisi Milletvekili Hasan K\u00fc\u00e7\u00fck, inan\u00e7 farkl\u0131l\u0131klar\u0131n\u0131 ayr\u0131\u015ft\u0131r\u0131c\u0131 de\u011fil, birle\u015ftirici bir zenginlik olarak g\u00f6ren bir siyasetin, toplumsal bar\u0131\u015f\u0131 g\u00fc\u00e7lendirece\u011fini ifade etti. K\u00fc\u00e7\u00fck, \u201cFarkl\u0131 d\u00fc\u015f\u00fcnebiliriz, farkl\u0131 inanabiliriz ama bu \u00fclkeyi birlikte in\u015fa edebiliriz\u201d diyerek, toplumsal uzla\u015f\u0131ya olan ihtiyac\u0131n alt\u0131n\u0131 \u00e7izdi. K\u00fc\u00e7\u00fck yapt\u0131\u011f\u0131 yaz\u0131l\u0131 a\u00e7\u0131klamada, \u00f6zellikle son d\u00f6nemde Ortado\u011fu ve Do\u011fu Akdeniz\u2019de ya\u015fananlardan sonra Anavatan T\u00fcrkiye","og_url":"https:\/\/kibrisdakik.com\/?p=80157","article_published_time":"2025-04-14T10:12:08+00:00","og_image":[{"width":1600,"height":1066,"url":"https:\/\/kibrisdakik.com\/wp-content\/uploads\/2025\/04\/1744621327654HASAN-KUCUK-FOTO-740x420.jpeg","type":"image\/jpeg"}],"author":"admin","twitter_card":"summary_large_image","twitter_misc":{"Yazan:":"admin","Tahmini okuma s\u00fcresi":"2 dakika"},"schema":{"@context":"https:\/\/schema.org","@graph":[{"@type":"Article","@id":"https:\/\/kibrisdakik.com\/?p=80157#article","isPartOf":{"@id":"https:\/\/kibrisdakik.com\/?p=80157"},"author":{"name":"admin","@id":"https:\/\/kibrisdakik.com\/#\/schema\/person\/9cd9d437bbb44f72b73ba127e06d8e79"},"headline":"UBP Milletvekili K\u00fc\u00e7\u00fck: Bu \u00fclkeyi birlikte in\u015fa edebiliriz","datePublished":"2025-04-14T10:12:08+00:00","mainEntityOfPage":{"@id":"https:\/\/kibrisdakik.com\/?p=80157"},"wordCount":323,"commentCount":0,"image":{"@id":"https:\/\/kibrisdakik.com\/?p=80157#primaryimage"},"thumbnailUrl":"https:\/\/kibrisdakik.com\/wp-content\/uploads\/2025\/04\/1744621327654HASAN-KUCUK-FOTO-740x420.jpeg","articleSection":["K\u0131br\u0131s","Man\u015fet"],"inLanguage":"tr","potentialAction":[{"@type":"CommentAction","name":"Comment","target":["https:\/\/kibrisdakik.com\/?p=80157#respond"]}]},{"@type":"WebPage","@id":"https:\/\/kibrisdakik.com\/?p=80157","url":"https:\/\/kibrisdakik.com\/?p=80157","name":"UBP Milletvekili K\u00fc\u00e7\u00fck: Bu \u00fclkeyi birlikte in\u015fa edebiliriz -","isPartOf":{"@id":"https:\/\/kibrisdakik.com\/#website"},"primaryImageOfPage":{"@id":"https:\/\/kibrisdakik.com\/?p=80157#primaryimage"},"image":{"@id":"https:\/\/kibrisdakik.com\/?p=80157#primaryimage"},"thumbnailUrl":"https:\/\/kibrisdakik.com\/wp-content\/uploads\/2025\/04\/1744621327654HASAN-KUCUK-FOTO-740x420.jpeg","datePublished":"2025-04-14T10:12:08+00:00","author":{"@id":"https:\/\/kibrisdakik.com\/#\/schema\/person\/9cd9d437bbb44f72b73ba127e06d8e79"},"breadcrumb":{"@id":"https:\/\/kibrisdakik.com\/?p=80157#breadcrumb"},"inLanguage":"tr","potentialAction":[{"@type":"ReadAction","target":["https:\/\/kibrisdakik.com\/?p=80157"]}]},{"@type":"ImageObject","inLanguage":"tr","@id":"https:\/\/kibrisdakik.com\/?p=80157#primaryimage","url":"https:\/\/kibrisdakik.com\/wp-content\/uploads\/2025\/04\/1744621327654HASAN-KUCUK-FOTO-740x420.jpeg","contentUrl":"https:\/\/kibrisdakik.com\/wp-content\/uploads\/2025\/04\/1744621327654HASAN-KUCUK-FOTO-740x420.jpeg","width":1600,"height":1066},{"@type":"BreadcrumbList","@id":"https:\/\/kibrisdakik.com\/?p=80157#breadcrumb","itemListElement":[{"@type":"ListItem","position":1,"name":"Home","item":"https:\/\/kibrisdakik.com\/"},{"@type":"ListItem","position":2,"name":"UBP Milletvekili K\u00fc\u00e7\u00fck: Bu \u00fclkeyi birlikte in\u015fa edebiliriz"}]},{"@type":"WebSite","@id":"https:\/\/kibrisdakik.com\/#website","url":"https:\/\/kibrisdakik.com\/","name":"","description":"Tam vaktinde haber","potentialAction":[{"@type":"SearchAction","target":{"@type":"EntryPoint","urlTemplate":"https:\/\/kibrisdakik.com\/?s={search_term_string}"},"query-input":{"@type":"PropertyValueSpecification","valueRequired":true,"valueName":"search_term_string"}}],"inLanguage":"tr"},{"@type":"Person","@id":"https:\/\/kibrisdakik.com\/#\/schema\/person\/9cd9d437bbb44f72b73ba127e06d8e79","name":"admin","image":{"@type":"ImageObject","inLanguage":"tr","@id":"https:\/\/secure.gravatar.com\/avatar\/ccc17943b9d660506c869530f897617f7cb1c21a4bf30023f252596d83e1f007?s=96&d=mm&r=g","url":"https:\/\/secure.gravatar.com\/avatar\/ccc17943b9d660506c869530f897617f7cb1c21a4bf30023f252596d83e1f007?s=96&d=mm&r=g","contentUrl":"https:\/\/secure.gravatar.com\/avatar\/ccc17943b9d660506c869530f897617f7cb1c21a4bf30023f252596d83e1f007?s=96&d=mm&r=g","caption":"admin"},"sameAs":["https:\/\/kibrisdakik.com"],"url":"https:\/\/kibrisdakik.com\/?author=1"}]}},"_links":{"self":[{"href":"https:\/\/kibrisdakik.com\/index.php?rest_route=\/wp\/v2\/posts\/80157","targetHints":{"allow":["GET"]}}],"collection":[{"href":"https:\/\/kibrisdakik.com\/index.php?rest_route=\/wp\/v2\/posts"}],"about":[{"href":"https:\/\/kibrisdakik.com\/index.php?rest_route=\/wp\/v2\/types\/post"}],"author":[{"embeddable":true,"href":"https:\/\/kibrisdakik.com\/index.php?rest_route=\/wp\/v2\/users\/1"}],"replies":[{"embeddable":true,"href":"https:\/\/kibrisdakik.com\/index.php?rest_route=%2Fwp%2Fv2%2Fcomments&post=80157"}],"version-history":[{"count":0,"href":"https:\/\/kibrisdakik.com\/index.php?rest_route=\/wp\/v2\/posts\/80157\/revisions"}],"wp:featuredmedia":[{"embeddable":true,"href":"https:\/\/kibrisdakik.com\/index.php?rest_route=\/wp\/v2\/media\/80158"}],"wp:attachment":[{"href":"https:\/\/kibrisdakik.com\/index.php?rest_route=%2Fwp%2Fv2%2Fmedia&parent=80157"}],"wp:term":[{"taxonomy":"category","embeddable":true,"href":"https:\/\/kibrisdakik.com\/index.php?rest_route=%2Fwp%2Fv2%2Fcategories&post=80157"},{"taxonomy":"post_tag","embeddable":true,"href":"https:\/\/kibrisdakik.com\/index.php?rest_route=%2Fwp%2Fv2%2Ftags&post=80157"}],"curies":[{"name":"wp","href":"https:\/\/api.w.org\/{rel}","templated":true}]}}