{"id":80185,"date":"2025-04-14T18:18:05","date_gmt":"2025-04-14T15:18:05","guid":{"rendered":"https:\/\/kibrisdakik.com\/index.php\/2025\/04\/14\/serdar-denktas-aktif-siyasete-donme-karari-aldigini-acikladi\/"},"modified":"2025-04-14T18:18:05","modified_gmt":"2025-04-14T15:18:05","slug":"serdar-denktas-aktif-siyasete-donme-karari-aldigini-acikladi","status":"publish","type":"post","link":"https:\/\/kibrisdakik.com\/?p=80185","title":{"rendered":"Serdar Denkta\u015f, aktif siyasete d\u00f6nme karar\u0131 ald\u0131\u011f\u0131n\u0131 a\u00e7\u0131klad\u0131"},"content":{"rendered":"<div>\n<div class=\"mariselle-image-container none\">\n                                            <\/div>\n<p style=\"font-weight: 300;\"><span style=\"font-weight: 300 !important;\">Eski Ba\u015fbakan Yard\u0131mc\u0131s\u0131, bakan ve milletvekili Serdar Denkta\u015f, aktif siyasete d\u00f6nme karar\u0131 ald\u0131\u011f\u0131n\u0131 a\u00e7\u0131klad\u0131.<\/span><\/p>\n<p style=\"font-weight: 300;\"><span style=\"font-weight: 300 !important;\">Denkta\u015f\u2019\u0131n ileti\u015fim ofisinden yap\u0131lan a\u00e7\u0131klamaya g\u00f6re, kat\u0131ld\u0131\u011f\u0131 programda konu\u015fan Serdar Denkta\u015f, \u201cAktif siyasete d\u00f6nme karar\u0131 ald\u0131m. \u00c7e\u015fitli opsiyonlar var. Ekibimle de\u011ferlendiriyoruz, ne yapaca\u011f\u0131m\u0131z\u0131 ve hangi opsiyonu kullanaca\u011f\u0131m\u0131z\u0131 a\u00e7\u0131klayaca\u011f\u0131z\u201d dedi. Denkta\u015f, may\u0131s ay\u0131n\u0131n ilk haftas\u0131 resmi a\u00e7\u0131klamay\u0131 kamuoyu ile payla\u015faca\u011f\u0131n\u0131 belirtti.<\/span><\/p>\n<p style=\"font-weight: 300;\"><span style=\"font-weight: 300 !important;\">G\u00fcndeme dair sorular\u0131 yan\u0131tlayan Denkta\u015f, \u00fclkenin i\u00e7inde bulundu\u011fu s\u00fcrecin ve yarat\u0131lmak istenen kutupla\u015fman\u0131n endi\u015fe verici oldu\u011funu s\u00f6yleyerek, bunun KKTC\u2019ye yap\u0131lm\u0131\u015f en b\u00fcy\u00fck k\u00f6t\u00fcl\u00fck oldu\u011funu kaydetti.<\/span><\/p>\n<p style=\"font-weight: 300;\"><span style=\"font-weight: 300 !important;\">-\u201cBa\u015f\u00f6rt\u00fcs\u00fc meselesi se\u00e7ime y\u00f6neliktir\u201d<\/span><\/p>\n<p style=\"font-weight: 300;\"><span style=\"font-weight: 300 !important;\">Ba\u015f\u00f6rt\u00fcs\u00fcyle ilgili t\u00fcz\u00fc\u011fe kar\u015f\u0131 \u00e7\u0131kan insanlar\u0131n ba\u015f\u00f6rt\u00fcs\u00fcne kar\u015f\u0131 \u00e7\u0131kt\u0131\u011f\u0131 alg\u0131s\u0131 yarat\u0131ld\u0131\u011f\u0131n\u0131 belirten Denkta\u015f, \u015fu ifadeleri kulland\u0131:<\/span><\/p>\n<p style=\"font-weight: 300;\"><span style=\"font-weight: 300 !important;\">\u201cBu \u00fclke hi\u00e7bir zaman ba\u015f\u00f6rt\u00fcs\u00fcne kar\u015f\u0131 olmad\u0131. Hi\u00e7bir ba\u015f\u00f6rt\u00fcl\u00fc kad\u0131n bug\u00fcne kadar bir sayg\u0131s\u0131zl\u0131kla ya da bir ima ile kar\u015f\u0131la\u015fmad\u0131. Buradaki mesele tart\u0131\u015fman\u0131n bir \u00e7ocuk \u00fczerinden ve dayatma ile ger\u00e7ekle\u015fmesi ve dinin siyasi emeller i\u00e7in kullan\u0131lmas\u0131 ile ilgili. Bu memleket \u0130ngiliz bask\u0131s\u0131na ra\u011fmen Atat\u00fcrk ilke ve ink\u0131laplar\u0131na, T\u00fcrkl\u00fc\u011f\u00fcne ve dinine sahip \u00e7\u0131km\u0131\u015f bir memlekettir.\u201d<\/span><\/p>\n<p style=\"font-weight: 300;\"><span style=\"font-weight: 300 !important;\">\u00c7\u0131kar\u0131lan tart\u0131\u015fmalar\u0131n yakla\u015fan cumhurba\u015fkanl\u0131\u011f\u0131 se\u00e7iminde kutupla\u015fma yaratarak oy rant\u0131 sa\u011flamak i\u00e7in ba\u015flat\u0131ld\u0131\u011f\u0131n\u0131 savunan Denkta\u015f, \u201cBu \u00e7ok tehlikeli bir oyundur. Bu kutupla\u015fmay\u0131 yaratmak bu \u00fclkeye yap\u0131lm\u0131\u015f en b\u00fcy\u00fck su\u00e7tur\u201d dedi.<\/span><\/p>\n<p style=\"font-weight: 300;\"><span style=\"font-weight: 300 !important;\">-\u201c\u0130mam g\u00f6revden de\u011fil, \u00fclkeden uzakla\u015ft\u0131r\u0131lmal\u0131\u201d<\/span><\/p>\n<p style=\"font-weight: 300;\"><span style=\"font-weight: 300 !important;\">\u201cBa\u015f\u00f6rt\u00fcs\u00fcne kar\u015f\u0131 \u00e7\u0131kan kafirdir, cenaze namazlar\u0131n\u0131 k\u0131lmam, selalar\u0131n\u0131 okumam\u201d s\u00f6zleriyle tepki \u00e7eken Hamitk\u00f6y Camii imam\u0131n\u0131n g\u00f6revden uzakla\u015ft\u0131r\u0131lmas\u0131yla ilgili de konu\u015fan Denkta\u015f, \u015funlar\u0131 kaydetti:<\/span><\/p>\n<p style=\"font-weight: 300;\"><span style=\"font-weight: 300 !important;\">\u201cG\u00f6revden uzakla\u015ft\u0131r\u0131lmas\u0131 yetmez, \u00fclkeden de uzakla\u015ft\u0131r\u0131lmas\u0131 gerekir. \u00c7\u00fcnk\u00fc kendisi bir din g\u00f6revlisine yak\u0131\u015fmayacak \u015fekilde toplum aras\u0131na nifak tohumlar\u0131 ekmi\u015ftir. Bir imam oldu\u011fu i\u00e7in onu dinleyen ve inanan bir s\u00fcr\u00fc insan\u0131 yanl\u0131\u015f y\u00f6nlendirmi\u015ftir.\u201d<\/span><\/p>\n<p style=\"font-weight: 300;\"><span style=\"font-weight: 300 !important;\">Serdar Denkta\u015f, dini istismar edenlerin kar\u015f\u0131s\u0131nda hep birlikte durmak gerekti\u011fini s\u00f6yledi.<\/span><\/p>\n<p style=\"font-weight: 300;\"><span style=\"font-weight: 300 !important;\">-\u201cHakan Fidan ile g\u00f6r\u00fc\u015fece\u011fim\u201d<\/span><\/p>\n<p style=\"font-weight: 300;\"><span style=\"font-weight: 300 !important;\">K\u0131br\u0131s sorunu ile ilgili d\u0131\u015far\u0131da pi\u015firilen, K\u0131br\u0131s T\u00fcrk halk\u0131n\u0131n da Rum taraf\u0131n\u0131n da bilgisi ve kabul\u00fc d\u0131\u015f\u0131nda bir \u00e7\u00f6z\u00fcm\u00fcn dayat\u0131laca\u011f\u0131n\u0131 savunan Denkta\u015f, \u015f\u00f6yle devam etti:<\/span><\/p>\n<p style=\"font-weight: 300;\"><span style=\"font-weight: 300 !important;\">\u201cOysa ki bizim \u00fczerinde \u00e7al\u0131\u015ft\u0131\u011f\u0131m\u0131z \u2018ad\u0131m ad\u0131m sonu\u00e7\u2019 dedi\u011fimiz ve ilk olarak normalle\u015fme s\u00fcrecini i\u00e7eren alternatif bir y\u00f6ntem mevcut. Bunun aksine her iki topluma da dayat\u0131lacak bir model ge\u00e7mi\u015fte oldu\u011fu gibi gelecekte de bir \u00e7at\u0131\u015fmaya zemin haz\u0131rlayacakt\u0131r. Bu ada \u00fczerinde en son istedi\u011fim \u015fey b\u00f6yle bir durumun ortaya \u00e7\u0131kmas\u0131d\u0131r.\u201d<\/span><\/p>\n<p style=\"font-weight: 300;\"><span style=\"font-weight: 300 !important;\">T\u00fcrkiye Cumhuriyeti D\u0131\u015fi\u015fleri Bakan\u0131 Hakan Fidan\u2019dan randevu talep etti\u011fini ve bu talebe olumlu d\u00f6n\u00fc\u015f ald\u0131\u011f\u0131n\u0131 belirten Denkta\u015f, \u015f\u00f6yle konu\u015ftu:<\/span><\/p>\n<p style=\"font-weight: 300;\"><span style=\"font-weight: 300 !important;\">\u201cK\u0131br\u0131s sorunu T\u00fcrkiye olmadan \u00e7\u00f6z\u00fclemez. Bu konular\u0131 isti\u015fare halinde, bilgi al\u0131\u015fveri\u015fi yaparak s\u00fcrekli konu\u015fmal\u0131y\u0131z. K\u0131br\u0131s T\u00fcrk\u00fc\u2019n\u00fcn ve T\u00fcrkiye\u2019nin \u00e7\u0131karlar\u0131n\u0131 korumak \u00fczere hareket etmeliyiz. Bu nedenle Say\u0131n Fidan\u2019dan randevu talebim oldu. Kendisi buraya geldi\u011finde ben yurtd\u0131\u015f\u0131ndayd\u0131m. Program\u0131 en yo\u011fun olan bakan ve T\u00fcrkiye\u2019de de \u00e7ok az bulunabiliyor ama yak\u0131n zamanda g\u00f6r\u00fc\u015fme ger\u00e7ekle\u015fecektir.\u201d<\/span><\/p>\n<p>\u00a0<\/p>\n<p>TAK\/BRT<\/p>\n<\/p><\/div>\n<p><script async\n                    defer\n                    crossorigin=\"anonymous\"\n                    src=\"https:\/\/connect.facebook.net\/tr_TR\/sdk.js#xfbml=1&#038;version=v3.3\"\n            ><\/script><\/p>\n","protected":false},"excerpt":{"rendered":"<p>Eski Ba\u015fbakan Yard\u0131mc\u0131s\u0131, bakan ve milletvekili Serdar Denkta\u015f, aktif siyasete d\u00f6nme karar\u0131 ald\u0131\u011f\u0131n\u0131 a\u00e7\u0131klad\u0131. Denkta\u015f\u2019\u0131n ileti\u015fim ofisinden yap\u0131lan a\u00e7\u0131klamaya g\u00f6re, kat\u0131ld\u0131\u011f\u0131 programda konu\u015fan Serdar Denkta\u015f, \u201cAktif siyasete d\u00f6nme karar\u0131 ald\u0131m. \u00c7e\u015fitli opsiyonlar var. Ekibimle de\u011ferlendiriyoruz, ne yapaca\u011f\u0131m\u0131z\u0131 ve hangi opsiyonu kullanaca\u011f\u0131m\u0131z\u0131 a\u00e7\u0131klayaca\u011f\u0131z\u201d dedi. Denkta\u015f, may\u0131s ay\u0131n\u0131n ilk haftas\u0131 resmi a\u00e7\u0131klamay\u0131 kamuoyu ile payla\u015faca\u011f\u0131n\u0131 belirtti. G\u00fcndeme<\/p>\n","protected":false},"author":1,"featured_media":80186,"comment_status":"open","ping_status":"open","sticky":false,"template":"","format":"standard","meta":{"footnotes":""},"categories":[81,101],"tags":[],"class_list":["post-80185","post","type-post","status-publish","format-standard","has-post-thumbnail","hentry","category-kibris","category-manset"],"yoast_head":"<!-- This site is optimized with the Yoast SEO plugin v27.4 - https:\/\/yoast.com\/product\/yoast-seo-wordpress\/ -->\n<title>Serdar Denkta\u015f, aktif siyasete d\u00f6nme karar\u0131 ald\u0131\u011f\u0131n\u0131 a\u00e7\u0131klad\u0131 -<\/title>\n<meta name=\"robots\" content=\"index, follow, max-snippet:-1, max-image-preview:large, max-video-preview:-1\" \/>\n<link rel=\"canonical\" href=\"https:\/\/kibrisdakik.com\/?p=80185\" \/>\n<meta property=\"og:locale\" content=\"tr_TR\" \/>\n<meta property=\"og:type\" content=\"article\" \/>\n<meta property=\"og:title\" content=\"Serdar Denkta\u015f, aktif siyasete d\u00f6nme karar\u0131 ald\u0131\u011f\u0131n\u0131 a\u00e7\u0131klad\u0131 -\" \/>\n<meta property=\"og:description\" content=\"Eski Ba\u015fbakan Yard\u0131mc\u0131s\u0131, bakan ve milletvekili Serdar Denkta\u015f, aktif siyasete d\u00f6nme karar\u0131 ald\u0131\u011f\u0131n\u0131 a\u00e7\u0131klad\u0131. Denkta\u015f\u2019\u0131n ileti\u015fim ofisinden yap\u0131lan a\u00e7\u0131klamaya g\u00f6re, kat\u0131ld\u0131\u011f\u0131 programda konu\u015fan Serdar Denkta\u015f, \u201cAktif siyasete d\u00f6nme karar\u0131 ald\u0131m. \u00c7e\u015fitli opsiyonlar var. Ekibimle de\u011ferlendiriyoruz, ne yapaca\u011f\u0131m\u0131z\u0131 ve hangi opsiyonu kullanaca\u011f\u0131m\u0131z\u0131 a\u00e7\u0131klayaca\u011f\u0131z\u201d dedi. Denkta\u015f, may\u0131s ay\u0131n\u0131n ilk haftas\u0131 resmi a\u00e7\u0131klamay\u0131 kamuoyu ile payla\u015faca\u011f\u0131n\u0131 belirtti. G\u00fcndeme\" \/>\n<meta property=\"og:url\" content=\"https:\/\/kibrisdakik.com\/?p=80185\" \/>\n<meta property=\"article:published_time\" content=\"2025-04-14T15:18:05+00:00\" \/>\n<meta property=\"og:image\" content=\"https:\/\/kibrisdakik.com\/wp-content\/uploads\/2025\/04\/serdar-denktas-2-740x420.jpg\" \/>\n\t<meta property=\"og:image:width\" content=\"971\" \/>\n\t<meta property=\"og:image:height\" content=\"551\" \/>\n\t<meta property=\"og:image:type\" content=\"image\/jpeg\" \/>\n<meta name=\"author\" content=\"admin\" \/>\n<meta name=\"twitter:card\" content=\"summary_large_image\" \/>\n<meta name=\"twitter:label1\" content=\"Yazan:\" \/>\n\t<meta name=\"twitter:data1\" content=\"admin\" \/>\n\t<meta name=\"twitter:label2\" content=\"Tahmini okuma s\u00fcresi\" \/>\n\t<meta name=\"twitter:data2\" content=\"3 dakika\" \/>\n<script type=\"application\/ld+json\" class=\"yoast-schema-graph\">{\"@context\":\"https:\\\/\\\/schema.org\",\"@graph\":[{\"@type\":\"Article\",\"@id\":\"https:\\\/\\\/kibrisdakik.com\\\/?p=80185#article\",\"isPartOf\":{\"@id\":\"https:\\\/\\\/kibrisdakik.com\\\/?p=80185\"},\"author\":{\"name\":\"admin\",\"@id\":\"https:\\\/\\\/kibrisdakik.com\\\/#\\\/schema\\\/person\\\/9cd9d437bbb44f72b73ba127e06d8e79\"},\"headline\":\"Serdar Denkta\u015f, aktif siyasete d\u00f6nme karar\u0131 ald\u0131\u011f\u0131n\u0131 a\u00e7\u0131klad\u0131\",\"datePublished\":\"2025-04-14T15:18:05+00:00\",\"mainEntityOfPage\":{\"@id\":\"https:\\\/\\\/kibrisdakik.com\\\/?p=80185\"},\"wordCount\":648,\"commentCount\":0,\"image\":{\"@id\":\"https:\\\/\\\/kibrisdakik.com\\\/?p=80185#primaryimage\"},\"thumbnailUrl\":\"https:\\\/\\\/kibrisdakik.com\\\/wp-content\\\/uploads\\\/2025\\\/04\\\/serdar-denktas-2-740x420.jpg\",\"articleSection\":[\"K\u0131br\u0131s\",\"Man\u015fet\"],\"inLanguage\":\"tr\",\"potentialAction\":[{\"@type\":\"CommentAction\",\"name\":\"Comment\",\"target\":[\"https:\\\/\\\/kibrisdakik.com\\\/?p=80185#respond\"]}]},{\"@type\":\"WebPage\",\"@id\":\"https:\\\/\\\/kibrisdakik.com\\\/?p=80185\",\"url\":\"https:\\\/\\\/kibrisdakik.com\\\/?p=80185\",\"name\":\"Serdar Denkta\u015f, aktif siyasete d\u00f6nme karar\u0131 ald\u0131\u011f\u0131n\u0131 a\u00e7\u0131klad\u0131 -\",\"isPartOf\":{\"@id\":\"https:\\\/\\\/kibrisdakik.com\\\/#website\"},\"primaryImageOfPage\":{\"@id\":\"https:\\\/\\\/kibrisdakik.com\\\/?p=80185#primaryimage\"},\"image\":{\"@id\":\"https:\\\/\\\/kibrisdakik.com\\\/?p=80185#primaryimage\"},\"thumbnailUrl\":\"https:\\\/\\\/kibrisdakik.com\\\/wp-content\\\/uploads\\\/2025\\\/04\\\/serdar-denktas-2-740x420.jpg\",\"datePublished\":\"2025-04-14T15:18:05+00:00\",\"author\":{\"@id\":\"https:\\\/\\\/kibrisdakik.com\\\/#\\\/schema\\\/person\\\/9cd9d437bbb44f72b73ba127e06d8e79\"},\"breadcrumb\":{\"@id\":\"https:\\\/\\\/kibrisdakik.com\\\/?p=80185#breadcrumb\"},\"inLanguage\":\"tr\",\"potentialAction\":[{\"@type\":\"ReadAction\",\"target\":[\"https:\\\/\\\/kibrisdakik.com\\\/?p=80185\"]}]},{\"@type\":\"ImageObject\",\"inLanguage\":\"tr\",\"@id\":\"https:\\\/\\\/kibrisdakik.com\\\/?p=80185#primaryimage\",\"url\":\"https:\\\/\\\/kibrisdakik.com\\\/wp-content\\\/uploads\\\/2025\\\/04\\\/serdar-denktas-2-740x420.jpg\",\"contentUrl\":\"https:\\\/\\\/kibrisdakik.com\\\/wp-content\\\/uploads\\\/2025\\\/04\\\/serdar-denktas-2-740x420.jpg\",\"width\":971,\"height\":551},{\"@type\":\"BreadcrumbList\",\"@id\":\"https:\\\/\\\/kibrisdakik.com\\\/?p=80185#breadcrumb\",\"itemListElement\":[{\"@type\":\"ListItem\",\"position\":1,\"name\":\"Home\",\"item\":\"https:\\\/\\\/kibrisdakik.com\\\/\"},{\"@type\":\"ListItem\",\"position\":2,\"name\":\"Serdar Denkta\u015f, aktif siyasete d\u00f6nme karar\u0131 ald\u0131\u011f\u0131n\u0131 a\u00e7\u0131klad\u0131\"}]},{\"@type\":\"WebSite\",\"@id\":\"https:\\\/\\\/kibrisdakik.com\\\/#website\",\"url\":\"https:\\\/\\\/kibrisdakik.com\\\/\",\"name\":\"\",\"description\":\"Tam vaktinde haber\",\"potentialAction\":[{\"@type\":\"SearchAction\",\"target\":{\"@type\":\"EntryPoint\",\"urlTemplate\":\"https:\\\/\\\/kibrisdakik.com\\\/?s={search_term_string}\"},\"query-input\":{\"@type\":\"PropertyValueSpecification\",\"valueRequired\":true,\"valueName\":\"search_term_string\"}}],\"inLanguage\":\"tr\"},{\"@type\":\"Person\",\"@id\":\"https:\\\/\\\/kibrisdakik.com\\\/#\\\/schema\\\/person\\\/9cd9d437bbb44f72b73ba127e06d8e79\",\"name\":\"admin\",\"image\":{\"@type\":\"ImageObject\",\"inLanguage\":\"tr\",\"@id\":\"https:\\\/\\\/secure.gravatar.com\\\/avatar\\\/ccc17943b9d660506c869530f897617f7cb1c21a4bf30023f252596d83e1f007?s=96&d=mm&r=g\",\"url\":\"https:\\\/\\\/secure.gravatar.com\\\/avatar\\\/ccc17943b9d660506c869530f897617f7cb1c21a4bf30023f252596d83e1f007?s=96&d=mm&r=g\",\"contentUrl\":\"https:\\\/\\\/secure.gravatar.com\\\/avatar\\\/ccc17943b9d660506c869530f897617f7cb1c21a4bf30023f252596d83e1f007?s=96&d=mm&r=g\",\"caption\":\"admin\"},\"sameAs\":[\"https:\\\/\\\/kibrisdakik.com\"],\"url\":\"https:\\\/\\\/kibrisdakik.com\\\/?author=1\"}]}<\/script>\n<!-- \/ Yoast SEO plugin. -->","yoast_head_json":{"title":"Serdar Denkta\u015f, aktif siyasete d\u00f6nme karar\u0131 ald\u0131\u011f\u0131n\u0131 a\u00e7\u0131klad\u0131 -","robots":{"index":"index","follow":"follow","max-snippet":"max-snippet:-1","max-image-preview":"max-image-preview:large","max-video-preview":"max-video-preview:-1"},"canonical":"https:\/\/kibrisdakik.com\/?p=80185","og_locale":"tr_TR","og_type":"article","og_title":"Serdar Denkta\u015f, aktif siyasete d\u00f6nme karar\u0131 ald\u0131\u011f\u0131n\u0131 a\u00e7\u0131klad\u0131 -","og_description":"Eski Ba\u015fbakan Yard\u0131mc\u0131s\u0131, bakan ve milletvekili Serdar Denkta\u015f, aktif siyasete d\u00f6nme karar\u0131 ald\u0131\u011f\u0131n\u0131 a\u00e7\u0131klad\u0131. Denkta\u015f\u2019\u0131n ileti\u015fim ofisinden yap\u0131lan a\u00e7\u0131klamaya g\u00f6re, kat\u0131ld\u0131\u011f\u0131 programda konu\u015fan Serdar Denkta\u015f, \u201cAktif siyasete d\u00f6nme karar\u0131 ald\u0131m. \u00c7e\u015fitli opsiyonlar var. Ekibimle de\u011ferlendiriyoruz, ne yapaca\u011f\u0131m\u0131z\u0131 ve hangi opsiyonu kullanaca\u011f\u0131m\u0131z\u0131 a\u00e7\u0131klayaca\u011f\u0131z\u201d dedi. Denkta\u015f, may\u0131s ay\u0131n\u0131n ilk haftas\u0131 resmi a\u00e7\u0131klamay\u0131 kamuoyu ile payla\u015faca\u011f\u0131n\u0131 belirtti. G\u00fcndeme","og_url":"https:\/\/kibrisdakik.com\/?p=80185","article_published_time":"2025-04-14T15:18:05+00:00","og_image":[{"width":971,"height":551,"url":"https:\/\/kibrisdakik.com\/wp-content\/uploads\/2025\/04\/serdar-denktas-2-740x420.jpg","type":"image\/jpeg"}],"author":"admin","twitter_card":"summary_large_image","twitter_misc":{"Yazan:":"admin","Tahmini okuma s\u00fcresi":"3 dakika"},"schema":{"@context":"https:\/\/schema.org","@graph":[{"@type":"Article","@id":"https:\/\/kibrisdakik.com\/?p=80185#article","isPartOf":{"@id":"https:\/\/kibrisdakik.com\/?p=80185"},"author":{"name":"admin","@id":"https:\/\/kibrisdakik.com\/#\/schema\/person\/9cd9d437bbb44f72b73ba127e06d8e79"},"headline":"Serdar Denkta\u015f, aktif siyasete d\u00f6nme karar\u0131 ald\u0131\u011f\u0131n\u0131 a\u00e7\u0131klad\u0131","datePublished":"2025-04-14T15:18:05+00:00","mainEntityOfPage":{"@id":"https:\/\/kibrisdakik.com\/?p=80185"},"wordCount":648,"commentCount":0,"image":{"@id":"https:\/\/kibrisdakik.com\/?p=80185#primaryimage"},"thumbnailUrl":"https:\/\/kibrisdakik.com\/wp-content\/uploads\/2025\/04\/serdar-denktas-2-740x420.jpg","articleSection":["K\u0131br\u0131s","Man\u015fet"],"inLanguage":"tr","potentialAction":[{"@type":"CommentAction","name":"Comment","target":["https:\/\/kibrisdakik.com\/?p=80185#respond"]}]},{"@type":"WebPage","@id":"https:\/\/kibrisdakik.com\/?p=80185","url":"https:\/\/kibrisdakik.com\/?p=80185","name":"Serdar Denkta\u015f, aktif siyasete d\u00f6nme karar\u0131 ald\u0131\u011f\u0131n\u0131 a\u00e7\u0131klad\u0131 -","isPartOf":{"@id":"https:\/\/kibrisdakik.com\/#website"},"primaryImageOfPage":{"@id":"https:\/\/kibrisdakik.com\/?p=80185#primaryimage"},"image":{"@id":"https:\/\/kibrisdakik.com\/?p=80185#primaryimage"},"thumbnailUrl":"https:\/\/kibrisdakik.com\/wp-content\/uploads\/2025\/04\/serdar-denktas-2-740x420.jpg","datePublished":"2025-04-14T15:18:05+00:00","author":{"@id":"https:\/\/kibrisdakik.com\/#\/schema\/person\/9cd9d437bbb44f72b73ba127e06d8e79"},"breadcrumb":{"@id":"https:\/\/kibrisdakik.com\/?p=80185#breadcrumb"},"inLanguage":"tr","potentialAction":[{"@type":"ReadAction","target":["https:\/\/kibrisdakik.com\/?p=80185"]}]},{"@type":"ImageObject","inLanguage":"tr","@id":"https:\/\/kibrisdakik.com\/?p=80185#primaryimage","url":"https:\/\/kibrisdakik.com\/wp-content\/uploads\/2025\/04\/serdar-denktas-2-740x420.jpg","contentUrl":"https:\/\/kibrisdakik.com\/wp-content\/uploads\/2025\/04\/serdar-denktas-2-740x420.jpg","width":971,"height":551},{"@type":"BreadcrumbList","@id":"https:\/\/kibrisdakik.com\/?p=80185#breadcrumb","itemListElement":[{"@type":"ListItem","position":1,"name":"Home","item":"https:\/\/kibrisdakik.com\/"},{"@type":"ListItem","position":2,"name":"Serdar Denkta\u015f, aktif siyasete d\u00f6nme karar\u0131 ald\u0131\u011f\u0131n\u0131 a\u00e7\u0131klad\u0131"}]},{"@type":"WebSite","@id":"https:\/\/kibrisdakik.com\/#website","url":"https:\/\/kibrisdakik.com\/","name":"","description":"Tam vaktinde haber","potentialAction":[{"@type":"SearchAction","target":{"@type":"EntryPoint","urlTemplate":"https:\/\/kibrisdakik.com\/?s={search_term_string}"},"query-input":{"@type":"PropertyValueSpecification","valueRequired":true,"valueName":"search_term_string"}}],"inLanguage":"tr"},{"@type":"Person","@id":"https:\/\/kibrisdakik.com\/#\/schema\/person\/9cd9d437bbb44f72b73ba127e06d8e79","name":"admin","image":{"@type":"ImageObject","inLanguage":"tr","@id":"https:\/\/secure.gravatar.com\/avatar\/ccc17943b9d660506c869530f897617f7cb1c21a4bf30023f252596d83e1f007?s=96&d=mm&r=g","url":"https:\/\/secure.gravatar.com\/avatar\/ccc17943b9d660506c869530f897617f7cb1c21a4bf30023f252596d83e1f007?s=96&d=mm&r=g","contentUrl":"https:\/\/secure.gravatar.com\/avatar\/ccc17943b9d660506c869530f897617f7cb1c21a4bf30023f252596d83e1f007?s=96&d=mm&r=g","caption":"admin"},"sameAs":["https:\/\/kibrisdakik.com"],"url":"https:\/\/kibrisdakik.com\/?author=1"}]}},"_links":{"self":[{"href":"https:\/\/kibrisdakik.com\/index.php?rest_route=\/wp\/v2\/posts\/80185","targetHints":{"allow":["GET"]}}],"collection":[{"href":"https:\/\/kibrisdakik.com\/index.php?rest_route=\/wp\/v2\/posts"}],"about":[{"href":"https:\/\/kibrisdakik.com\/index.php?rest_route=\/wp\/v2\/types\/post"}],"author":[{"embeddable":true,"href":"https:\/\/kibrisdakik.com\/index.php?rest_route=\/wp\/v2\/users\/1"}],"replies":[{"embeddable":true,"href":"https:\/\/kibrisdakik.com\/index.php?rest_route=%2Fwp%2Fv2%2Fcomments&post=80185"}],"version-history":[{"count":0,"href":"https:\/\/kibrisdakik.com\/index.php?rest_route=\/wp\/v2\/posts\/80185\/revisions"}],"wp:featuredmedia":[{"embeddable":true,"href":"https:\/\/kibrisdakik.com\/index.php?rest_route=\/wp\/v2\/media\/80186"}],"wp:attachment":[{"href":"https:\/\/kibrisdakik.com\/index.php?rest_route=%2Fwp%2Fv2%2Fmedia&parent=80185"}],"wp:term":[{"taxonomy":"category","embeddable":true,"href":"https:\/\/kibrisdakik.com\/index.php?rest_route=%2Fwp%2Fv2%2Fcategories&post=80185"},{"taxonomy":"post_tag","embeddable":true,"href":"https:\/\/kibrisdakik.com\/index.php?rest_route=%2Fwp%2Fv2%2Ftags&post=80185"}],"curies":[{"name":"wp","href":"https:\/\/api.w.org\/{rel}","templated":true}]}}