{"id":8021,"date":"2023-06-01T14:53:10","date_gmt":"2023-06-01T14:53:10","guid":{"rendered":"https:\/\/kibrisdakik.com\/index.php\/2023\/06\/01\/cumhurbaskani-tatar-1-haziran-dunya-cocuk-gunu-dolayisiyla-mesaj-yayimladi\/"},"modified":"2023-06-01T14:53:10","modified_gmt":"2023-06-01T14:53:10","slug":"cumhurbaskani-tatar-1-haziran-dunya-cocuk-gunu-dolayisiyla-mesaj-yayimladi","status":"publish","type":"post","link":"https:\/\/kibrisdakik.com\/?p=8021","title":{"rendered":"Cumhurba\u015fkan\u0131 Tatar, 1 Haziran D\u00fcnya \u00c7ocuk G\u00fcn\u00fc dolay\u0131s\u0131yla mesaj yay\u0131mlad\u0131"},"content":{"rendered":"<p><\/p>\n<div>\n<div class=\"mariselle-image-container center\">\n                <img width=\"864\" height=\"486\" class=\"lazy-image\" alt=\"\" decoding=\"async\" loading=\"lazy\" sizes=\"auto, (max-width: 864px) 100vw, 864px\" src=\"https:\/\/brtk.net\/wp-content\/uploads\/2023\/03\/30\/TATAR1.jpg?ver=9ae6f352384176cf2188dac6207cbb8b\" srcset=\"https:\/\/brtk.net\/wp-content\/uploads\/2023\/03\/30\/TATAR1.jpg?ver=9ae6f352384176cf2188dac6207cbb8b 864w, https:\/\/brtk.net\/wp-content\/uploads\/2023\/03\/30\/TATAR1-300x169.jpg?ver=9ae6f352384176cf2188dac6207cbb8b 300w, https:\/\/brtk.net\/wp-content\/uploads\/2023\/03\/30\/TATAR1-768x432.jpg?ver=9ae6f352384176cf2188dac6207cbb8b 768w\"\/>                            <\/div>\n<p>\u00a0<\/p>\n<p style=\"font-weight: 300;\"><span style=\"font-weight: 300 !important;\">Cumhurba\u015fkan\u0131 <a href=\"https:\/\/brtk.net\/\" target=\"_blank\" rel=\"noopener\">Ersin <\/a><a href=\"https:\/\/brtk.net\/\"\/><a href=\"https:\/\/brtk.net\/\"\/><a href=\"https:\/\/brtk.net\/\">Tatar<\/a>, 1 Haziran D\u00fcnya \u00c7ocuk G\u00fcn\u00fc dolay\u0131s\u0131yla mesaj yay\u0131mlad\u0131.<\/span><\/p>\n<p style=\"font-weight: 300;\"><span style=\"font-weight: 300 !important;\">\u00a0<\/span><\/p>\n<p style=\"font-weight: 300;\"><span style=\"font-weight: 300 !important;\">Cumhurba\u015fkan\u0131 <a href=\"https:\/\/brtk.net\/\"\/><a href=\"https:\/\/brtk.net\/\"\/><a href=\"https:\/\/brtk.net\/\">Tatar<\/a>, mesaj\u0131nda, \u201c1 Haziran D\u00fcnya \u00c7ocuk G\u00fcn\u00fc\u2019n\u00fc, bu sene ya\u015fad\u0131\u011f\u0131m\u0131z deprem felaketinde yitirdi\u011fimiz \u015eampiyon Melekler\u2019imizin ac\u0131s\u0131n\u0131 birlik, beraberlik ve dayan\u0131\u015fma i\u00e7erisinde a\u015fmaya \u00e7al\u0131\u015ft\u0131\u011f\u0131m\u0131z bir d\u00f6nemde idrak ediyoruz\u201d dedi.<\/span><\/p>\n<p style=\"font-weight: 300;\"><span style=\"font-weight: 300 !important;\">\u00a0<\/span><\/p>\n<p style=\"font-weight: 300;\"><span style=\"font-weight: 300 !important;\">Devleti, yar\u0131nlar\u0131 emanet edecekleri bug\u00fcn\u00fcn \u00e7ocuklar\u0131, gelece\u011fin yeti\u015fkinleri olan evlatlar\u0131n\u0131n, sosyal, psikolojik geli\u015fimiyle ilgili toplumsal bir muhakeme yaparken ayn\u0131 zamanda a\u00e7l\u0131k, yoksulluk, \u00e7ocuk i\u015f\u00e7ili\u011fi, e\u011fitim gibi d\u00fcnya \u00e7ocuklar\u0131n\u0131n refah\u0131n\u0131 ilgilendiren konularda fark\u0131ndal\u0131k yaratmak ad\u0131na bir f\u0131rsat olan bu \u00f6zel g\u00fcn\u00fc kutlayan <a href=\"https:\/\/brtk.net\/\"\/><a href=\"https:\/\/brtk.net\/\"\/><a href=\"https:\/\/brtk.net\/\">Tatar<\/a>, mesaj\u0131nda \u015funlar\u0131 kaydetti:<\/span><\/p>\n<p style=\"font-weight: 300;\"><span style=\"font-weight: 300 !important;\">\u201cBu \u00f6zel g\u00fcn bize her bir yavrumuzun vatan\u0131n\u0131, milletini seven, karakter ve sorumluluk sahibi, \u00e7al\u0131\u015fkan birer birey olmas\u0131na y\u00f6nelik ortak ak\u0131l ekseninde fikirlerimizi payla\u015fma f\u0131rsat\u0131 sunmaktad\u0131r.<\/span><\/p>\n<p style=\"font-weight: 300;\"><span style=\"font-weight: 300 !important;\">Anne oca\u011f\u0131ndan ba\u015flayarak y\u0131llar boyu s\u00fcrecek e\u011fitim ve \u00f6\u011fretim ser\u00fcveninde etik de\u011ferlere ba\u011fl\u0131, yurdunu ve milletini seven, erdem ve sorumluluk sahibi bir ku\u015fak yeti\u015ftirilece\u011fine y\u00f6nelik, ebeveynlere ve de\u011ferli \u00f6\u011fretmenlerimize g\u00fcvenim tamd\u0131r.<\/span><\/p>\n<p style=\"font-weight: 300;\"><span style=\"font-weight: 300 !important;\">Cumhurba\u015fkanl\u0131\u011f\u0131 himayesinde ger\u00e7ekle\u015ftirilen \u00e7al\u0131\u015ftaylar sonucu, e\u015fim Sibel <a href=\"https:\/\/brtk.net\/\"\/><a href=\"https:\/\/brtk.net\/\"\/><a href=\"https:\/\/brtk.net\/\">Tatar<\/a>\u2019\u0131n \u00f6nc\u00fcl\u00fc\u011f\u00fcnde haz\u0131rlanan \u00c7ocuk Adalet Yasa Tasar\u0131s\u0131\u2019n\u0131n Y\u00fcce Meclis\u2019e sunuldu\u011fu, hepimizin malumudur.<\/span><\/p>\n<p style=\"font-weight: 300;\"><span style=\"font-weight: 300 !important;\">Kuzey K\u0131br\u0131s T\u00fcrk Cumhuriyeti Cumhuriyet Meclisi\u2019nin, 12 Mart 1996 tarihli birle\u015fiminde kabul olunan \u2018\u00c7ocuk Haklar\u0131na Dair S\u00f6zle\u015fme (Onay) Yasas\u0131\u2019\u00a0 kurallar\u0131na uygun davranma bilinci do\u011frultusunda, su\u00e7a s\u00fcr\u00fcklenen \u00e7ocuklar\u0131n topluma kazand\u0131r\u0131lmas\u0131, \u00e7ocuk haklar\u0131n\u0131n ve \u00e7ocuklar\u0131n, insan haklar\u0131n\u0131n en \u00fcst d\u00fczeyde tutulmas\u0131n\u0131 hedefleyerek uzman hukuk\u00e7ular\u0131n katk\u0131s\u0131yla haz\u0131rlanan \u00c7ocuk Adalet Yasa Tasar\u0131s\u0131\u2019n\u0131n bu ba\u011flamda b\u00fct\u00fcn \u00e7ocuklar ad\u0131na adil bir d\u00fczen yarat\u0131lmas\u0131 i\u00e7in olduk\u00e7a b\u00fcy\u00fck \u00f6neme sahip oldu\u011funun alt\u0131n\u0131 \u00e7izmekte fayda g\u00f6r\u00fcyorum.<\/span><\/p>\n<p style=\"font-weight: 300;\"><span style=\"font-weight: 300 !important;\">\u00c7ocuk Haklar\u0131 S\u00f6zle\u015fmesi\u2019ni en erken kabul eden ve bunun gerektirdi\u011fi duyarl\u0131l\u0131\u011f\u0131 ortaya koyan \u00fclkeler aras\u0131nda bulunan <a href=\"https:\/\/brtk.net\/\">KKTC<\/a>\u2019de \u00e7ocuk adalet sistemi, yasal d\u00fczenlemeler, sa\u011fl\u0131k, e\u011fitim, ihmal ve istismar, koruyucu\/\u00f6nleyici tedbirler gibi b\u00fct\u00fcn ba\u015fl\u0131klarda elimden gelen katk\u0131y\u0131 koymaya asla imtina etmeyece\u011fime dikkat \u00e7ekiyorum.<\/span><\/p>\n<p style=\"font-weight: 300;\"><span style=\"font-weight: 300 !important;\">Her bir yavrumuza refah dolu, huzurlu, g\u00fcvenlik i\u00e7erisinde \u00e7a\u011fda\u015f bir ya\u015fam sunma hedefiyle \u00e7al\u0131\u015fmaya devam edece\u011fimi ifade ederken, ana kuca\u011f\u0131ndan ba\u015flayarak b\u00fcy\u00fck \u00f6zveriyle evlatlar\u0131m\u0131z\u0131 yar\u0131nlara haz\u0131rlayan velilere ve \u00f6\u011fretmenlerimize te\u015fekk\u00fcrlerimi iletir, b\u00fct\u00fcn \u00e7ocuklar\u0131m\u0131z\u0131n g\u00f6zlerinden \u00f6per, Ad\u0131yaman\u2019da bulunan \u0130sias Otel\u2019de hayat\u0131n\u0131 kaybeden Kuzey K\u0131br\u0131s T\u00fcrk Cumhuriyeti vatanda\u015flar\u0131 i\u00e7in her t\u00fcrl\u00fc hukuki m\u00fccadeleyi vermekte kararl\u0131 oldu\u011fumuzu bu vesileyle bir kere daha hat\u0131rlatmakta fayda g\u00f6r\u00fcyorum.\u201d<\/span><\/p>\n<p>\u00a0<\/p>\n<\/p><\/div>\n<p><script async\n                    defer\n                    crossorigin=\"anonymous\"\n                    src=\"https:\/\/connect.facebook.net\/tr_TR\/sdk.js#xfbml=1&#038;version=v3.3\"\n            ><\/script><\/p>\n","protected":false},"excerpt":{"rendered":"<p>\u00a0 Cumhurba\u015fkan\u0131 Ersin Tatar, 1 Haziran D\u00fcnya \u00c7ocuk G\u00fcn\u00fc dolay\u0131s\u0131yla mesaj yay\u0131mlad\u0131. \u00a0 Cumhurba\u015fkan\u0131 Tatar, mesaj\u0131nda, \u201c1 Haziran D\u00fcnya \u00c7ocuk G\u00fcn\u00fc\u2019n\u00fc, bu sene ya\u015fad\u0131\u011f\u0131m\u0131z deprem felaketinde yitirdi\u011fimiz \u015eampiyon Melekler\u2019imizin ac\u0131s\u0131n\u0131 birlik, beraberlik ve dayan\u0131\u015fma i\u00e7erisinde a\u015fmaya \u00e7al\u0131\u015ft\u0131\u011f\u0131m\u0131z bir d\u00f6nemde idrak ediyoruz\u201d dedi. \u00a0 Devleti, yar\u0131nlar\u0131 emanet edecekleri bug\u00fcn\u00fcn \u00e7ocuklar\u0131, gelece\u011fin yeti\u015fkinleri olan evlatlar\u0131n\u0131n, sosyal, psikolojik<\/p>\n","protected":false},"author":1,"featured_media":4250,"comment_status":"open","ping_status":"open","sticky":false,"template":"","format":"standard","meta":{"footnotes":""},"categories":[1],"tags":[],"class_list":["post-8021","post","type-post","status-publish","format-standard","has-post-thumbnail","hentry","category-gundem"],"yoast_head":"<!-- This site is optimized with the Yoast SEO plugin v27.5 - https:\/\/yoast.com\/product\/yoast-seo-wordpress\/ -->\n<title>Cumhurba\u015fkan\u0131 Tatar, 1 Haziran D\u00fcnya \u00c7ocuk G\u00fcn\u00fc dolay\u0131s\u0131yla mesaj yay\u0131mlad\u0131 -<\/title>\n<meta name=\"robots\" content=\"index, follow, max-snippet:-1, max-image-preview:large, max-video-preview:-1\" \/>\n<link rel=\"canonical\" href=\"https:\/\/kibrisdakik.com\/?p=8021\" \/>\n<meta property=\"og:locale\" content=\"tr_TR\" \/>\n<meta property=\"og:type\" content=\"article\" \/>\n<meta property=\"og:title\" content=\"Cumhurba\u015fkan\u0131 Tatar, 1 Haziran D\u00fcnya \u00c7ocuk G\u00fcn\u00fc dolay\u0131s\u0131yla mesaj yay\u0131mlad\u0131 -\" \/>\n<meta property=\"og:description\" content=\"\u00a0 Cumhurba\u015fkan\u0131 Ersin Tatar, 1 Haziran D\u00fcnya \u00c7ocuk G\u00fcn\u00fc dolay\u0131s\u0131yla mesaj yay\u0131mlad\u0131. \u00a0 Cumhurba\u015fkan\u0131 Tatar, mesaj\u0131nda, \u201c1 Haziran D\u00fcnya \u00c7ocuk G\u00fcn\u00fc\u2019n\u00fc, bu sene ya\u015fad\u0131\u011f\u0131m\u0131z deprem felaketinde yitirdi\u011fimiz \u015eampiyon Melekler\u2019imizin ac\u0131s\u0131n\u0131 birlik, beraberlik ve dayan\u0131\u015fma i\u00e7erisinde a\u015fmaya \u00e7al\u0131\u015ft\u0131\u011f\u0131m\u0131z bir d\u00f6nemde idrak ediyoruz\u201d dedi. \u00a0 Devleti, yar\u0131nlar\u0131 emanet edecekleri bug\u00fcn\u00fcn \u00e7ocuklar\u0131, gelece\u011fin yeti\u015fkinleri olan evlatlar\u0131n\u0131n, sosyal, psikolojik\" \/>\n<meta property=\"og:url\" content=\"https:\/\/kibrisdakik.com\/?p=8021\" \/>\n<meta property=\"article:published_time\" content=\"2023-06-01T14:53:10+00:00\" \/>\n<meta property=\"og:image\" content=\"https:\/\/kibrisdakik.com\/wp-content\/uploads\/2023\/03\/TATAR1-740x420.jpg\" \/>\n\t<meta property=\"og:image:width\" content=\"864\" \/>\n\t<meta property=\"og:image:height\" content=\"486\" \/>\n\t<meta property=\"og:image:type\" content=\"image\/jpeg\" \/>\n<meta name=\"author\" content=\"admin\" \/>\n<meta name=\"twitter:card\" content=\"summary_large_image\" \/>\n<meta name=\"twitter:label1\" content=\"Yazan:\" \/>\n\t<meta name=\"twitter:data1\" content=\"admin\" \/>\n\t<meta name=\"twitter:label2\" content=\"Tahmini okuma s\u00fcresi\" \/>\n\t<meta name=\"twitter:data2\" content=\"3 dakika\" \/>\n<script type=\"application\/ld+json\" class=\"yoast-schema-graph\">{\"@context\":\"https:\\\/\\\/schema.org\",\"@graph\":[{\"@type\":\"Article\",\"@id\":\"https:\\\/\\\/kibrisdakik.com\\\/?p=8021#article\",\"isPartOf\":{\"@id\":\"https:\\\/\\\/kibrisdakik.com\\\/?p=8021\"},\"author\":{\"name\":\"admin\",\"@id\":\"https:\\\/\\\/kibrisdakik.com\\\/#\\\/schema\\\/person\\\/9cd9d437bbb44f72b73ba127e06d8e79\"},\"headline\":\"Cumhurba\u015fkan\u0131 Tatar, 1 Haziran D\u00fcnya \u00c7ocuk G\u00fcn\u00fc dolay\u0131s\u0131yla mesaj yay\u0131mlad\u0131\",\"datePublished\":\"2023-06-01T14:53:10+00:00\",\"mainEntityOfPage\":{\"@id\":\"https:\\\/\\\/kibrisdakik.com\\\/?p=8021\"},\"wordCount\":529,\"commentCount\":0,\"image\":{\"@id\":\"https:\\\/\\\/kibrisdakik.com\\\/?p=8021#primaryimage\"},\"thumbnailUrl\":\"https:\\\/\\\/kibrisdakik.com\\\/wp-content\\\/uploads\\\/2023\\\/03\\\/TATAR1-740x420.jpg\",\"articleSection\":[\"G\u00fcndem\"],\"inLanguage\":\"tr\",\"potentialAction\":[{\"@type\":\"CommentAction\",\"name\":\"Comment\",\"target\":[\"https:\\\/\\\/kibrisdakik.com\\\/?p=8021#respond\"]}]},{\"@type\":\"WebPage\",\"@id\":\"https:\\\/\\\/kibrisdakik.com\\\/?p=8021\",\"url\":\"https:\\\/\\\/kibrisdakik.com\\\/?p=8021\",\"name\":\"Cumhurba\u015fkan\u0131 Tatar, 1 Haziran D\u00fcnya \u00c7ocuk G\u00fcn\u00fc dolay\u0131s\u0131yla mesaj yay\u0131mlad\u0131 -\",\"isPartOf\":{\"@id\":\"https:\\\/\\\/kibrisdakik.com\\\/#website\"},\"primaryImageOfPage\":{\"@id\":\"https:\\\/\\\/kibrisdakik.com\\\/?p=8021#primaryimage\"},\"image\":{\"@id\":\"https:\\\/\\\/kibrisdakik.com\\\/?p=8021#primaryimage\"},\"thumbnailUrl\":\"https:\\\/\\\/kibrisdakik.com\\\/wp-content\\\/uploads\\\/2023\\\/03\\\/TATAR1-740x420.jpg\",\"datePublished\":\"2023-06-01T14:53:10+00:00\",\"author\":{\"@id\":\"https:\\\/\\\/kibrisdakik.com\\\/#\\\/schema\\\/person\\\/9cd9d437bbb44f72b73ba127e06d8e79\"},\"breadcrumb\":{\"@id\":\"https:\\\/\\\/kibrisdakik.com\\\/?p=8021#breadcrumb\"},\"inLanguage\":\"tr\",\"potentialAction\":[{\"@type\":\"ReadAction\",\"target\":[\"https:\\\/\\\/kibrisdakik.com\\\/?p=8021\"]}]},{\"@type\":\"ImageObject\",\"inLanguage\":\"tr\",\"@id\":\"https:\\\/\\\/kibrisdakik.com\\\/?p=8021#primaryimage\",\"url\":\"https:\\\/\\\/kibrisdakik.com\\\/wp-content\\\/uploads\\\/2023\\\/03\\\/TATAR1-740x420.jpg\",\"contentUrl\":\"https:\\\/\\\/kibrisdakik.com\\\/wp-content\\\/uploads\\\/2023\\\/03\\\/TATAR1-740x420.jpg\",\"width\":864,\"height\":486},{\"@type\":\"BreadcrumbList\",\"@id\":\"https:\\\/\\\/kibrisdakik.com\\\/?p=8021#breadcrumb\",\"itemListElement\":[{\"@type\":\"ListItem\",\"position\":1,\"name\":\"Home\",\"item\":\"https:\\\/\\\/kibrisdakik.com\\\/\"},{\"@type\":\"ListItem\",\"position\":2,\"name\":\"Cumhurba\u015fkan\u0131 Tatar, 1 Haziran D\u00fcnya \u00c7ocuk G\u00fcn\u00fc dolay\u0131s\u0131yla mesaj yay\u0131mlad\u0131\"}]},{\"@type\":\"WebSite\",\"@id\":\"https:\\\/\\\/kibrisdakik.com\\\/#website\",\"url\":\"https:\\\/\\\/kibrisdakik.com\\\/\",\"name\":\"\",\"description\":\"Tam vaktinde haber\",\"potentialAction\":[{\"@type\":\"SearchAction\",\"target\":{\"@type\":\"EntryPoint\",\"urlTemplate\":\"https:\\\/\\\/kibrisdakik.com\\\/?s={search_term_string}\"},\"query-input\":{\"@type\":\"PropertyValueSpecification\",\"valueRequired\":true,\"valueName\":\"search_term_string\"}}],\"inLanguage\":\"tr\"},{\"@type\":\"Person\",\"@id\":\"https:\\\/\\\/kibrisdakik.com\\\/#\\\/schema\\\/person\\\/9cd9d437bbb44f72b73ba127e06d8e79\",\"name\":\"admin\",\"image\":{\"@type\":\"ImageObject\",\"inLanguage\":\"tr\",\"@id\":\"https:\\\/\\\/secure.gravatar.com\\\/avatar\\\/ccc17943b9d660506c869530f897617f7cb1c21a4bf30023f252596d83e1f007?s=96&d=mm&r=g\",\"url\":\"https:\\\/\\\/secure.gravatar.com\\\/avatar\\\/ccc17943b9d660506c869530f897617f7cb1c21a4bf30023f252596d83e1f007?s=96&d=mm&r=g\",\"contentUrl\":\"https:\\\/\\\/secure.gravatar.com\\\/avatar\\\/ccc17943b9d660506c869530f897617f7cb1c21a4bf30023f252596d83e1f007?s=96&d=mm&r=g\",\"caption\":\"admin\"},\"sameAs\":[\"https:\\\/\\\/kibrisdakik.com\"],\"url\":\"https:\\\/\\\/kibrisdakik.com\\\/?author=1\"}]}<\/script>\n<!-- \/ Yoast SEO plugin. -->","yoast_head_json":{"title":"Cumhurba\u015fkan\u0131 Tatar, 1 Haziran D\u00fcnya \u00c7ocuk G\u00fcn\u00fc dolay\u0131s\u0131yla mesaj yay\u0131mlad\u0131 -","robots":{"index":"index","follow":"follow","max-snippet":"max-snippet:-1","max-image-preview":"max-image-preview:large","max-video-preview":"max-video-preview:-1"},"canonical":"https:\/\/kibrisdakik.com\/?p=8021","og_locale":"tr_TR","og_type":"article","og_title":"Cumhurba\u015fkan\u0131 Tatar, 1 Haziran D\u00fcnya \u00c7ocuk G\u00fcn\u00fc dolay\u0131s\u0131yla mesaj yay\u0131mlad\u0131 -","og_description":"\u00a0 Cumhurba\u015fkan\u0131 Ersin Tatar, 1 Haziran D\u00fcnya \u00c7ocuk G\u00fcn\u00fc dolay\u0131s\u0131yla mesaj yay\u0131mlad\u0131. \u00a0 Cumhurba\u015fkan\u0131 Tatar, mesaj\u0131nda, \u201c1 Haziran D\u00fcnya \u00c7ocuk G\u00fcn\u00fc\u2019n\u00fc, bu sene ya\u015fad\u0131\u011f\u0131m\u0131z deprem felaketinde yitirdi\u011fimiz \u015eampiyon Melekler\u2019imizin ac\u0131s\u0131n\u0131 birlik, beraberlik ve dayan\u0131\u015fma i\u00e7erisinde a\u015fmaya \u00e7al\u0131\u015ft\u0131\u011f\u0131m\u0131z bir d\u00f6nemde idrak ediyoruz\u201d dedi. \u00a0 Devleti, yar\u0131nlar\u0131 emanet edecekleri bug\u00fcn\u00fcn \u00e7ocuklar\u0131, gelece\u011fin yeti\u015fkinleri olan evlatlar\u0131n\u0131n, sosyal, psikolojik","og_url":"https:\/\/kibrisdakik.com\/?p=8021","article_published_time":"2023-06-01T14:53:10+00:00","og_image":[{"width":864,"height":486,"url":"https:\/\/kibrisdakik.com\/wp-content\/uploads\/2023\/03\/TATAR1-740x420.jpg","type":"image\/jpeg"}],"author":"admin","twitter_card":"summary_large_image","twitter_misc":{"Yazan:":"admin","Tahmini okuma s\u00fcresi":"3 dakika"},"schema":{"@context":"https:\/\/schema.org","@graph":[{"@type":"Article","@id":"https:\/\/kibrisdakik.com\/?p=8021#article","isPartOf":{"@id":"https:\/\/kibrisdakik.com\/?p=8021"},"author":{"name":"admin","@id":"https:\/\/kibrisdakik.com\/#\/schema\/person\/9cd9d437bbb44f72b73ba127e06d8e79"},"headline":"Cumhurba\u015fkan\u0131 Tatar, 1 Haziran D\u00fcnya \u00c7ocuk G\u00fcn\u00fc dolay\u0131s\u0131yla mesaj yay\u0131mlad\u0131","datePublished":"2023-06-01T14:53:10+00:00","mainEntityOfPage":{"@id":"https:\/\/kibrisdakik.com\/?p=8021"},"wordCount":529,"commentCount":0,"image":{"@id":"https:\/\/kibrisdakik.com\/?p=8021#primaryimage"},"thumbnailUrl":"https:\/\/kibrisdakik.com\/wp-content\/uploads\/2023\/03\/TATAR1-740x420.jpg","articleSection":["G\u00fcndem"],"inLanguage":"tr","potentialAction":[{"@type":"CommentAction","name":"Comment","target":["https:\/\/kibrisdakik.com\/?p=8021#respond"]}]},{"@type":"WebPage","@id":"https:\/\/kibrisdakik.com\/?p=8021","url":"https:\/\/kibrisdakik.com\/?p=8021","name":"Cumhurba\u015fkan\u0131 Tatar, 1 Haziran D\u00fcnya \u00c7ocuk G\u00fcn\u00fc dolay\u0131s\u0131yla mesaj yay\u0131mlad\u0131 -","isPartOf":{"@id":"https:\/\/kibrisdakik.com\/#website"},"primaryImageOfPage":{"@id":"https:\/\/kibrisdakik.com\/?p=8021#primaryimage"},"image":{"@id":"https:\/\/kibrisdakik.com\/?p=8021#primaryimage"},"thumbnailUrl":"https:\/\/kibrisdakik.com\/wp-content\/uploads\/2023\/03\/TATAR1-740x420.jpg","datePublished":"2023-06-01T14:53:10+00:00","author":{"@id":"https:\/\/kibrisdakik.com\/#\/schema\/person\/9cd9d437bbb44f72b73ba127e06d8e79"},"breadcrumb":{"@id":"https:\/\/kibrisdakik.com\/?p=8021#breadcrumb"},"inLanguage":"tr","potentialAction":[{"@type":"ReadAction","target":["https:\/\/kibrisdakik.com\/?p=8021"]}]},{"@type":"ImageObject","inLanguage":"tr","@id":"https:\/\/kibrisdakik.com\/?p=8021#primaryimage","url":"https:\/\/kibrisdakik.com\/wp-content\/uploads\/2023\/03\/TATAR1-740x420.jpg","contentUrl":"https:\/\/kibrisdakik.com\/wp-content\/uploads\/2023\/03\/TATAR1-740x420.jpg","width":864,"height":486},{"@type":"BreadcrumbList","@id":"https:\/\/kibrisdakik.com\/?p=8021#breadcrumb","itemListElement":[{"@type":"ListItem","position":1,"name":"Home","item":"https:\/\/kibrisdakik.com\/"},{"@type":"ListItem","position":2,"name":"Cumhurba\u015fkan\u0131 Tatar, 1 Haziran D\u00fcnya \u00c7ocuk G\u00fcn\u00fc dolay\u0131s\u0131yla mesaj yay\u0131mlad\u0131"}]},{"@type":"WebSite","@id":"https:\/\/kibrisdakik.com\/#website","url":"https:\/\/kibrisdakik.com\/","name":"","description":"Tam vaktinde haber","potentialAction":[{"@type":"SearchAction","target":{"@type":"EntryPoint","urlTemplate":"https:\/\/kibrisdakik.com\/?s={search_term_string}"},"query-input":{"@type":"PropertyValueSpecification","valueRequired":true,"valueName":"search_term_string"}}],"inLanguage":"tr"},{"@type":"Person","@id":"https:\/\/kibrisdakik.com\/#\/schema\/person\/9cd9d437bbb44f72b73ba127e06d8e79","name":"admin","image":{"@type":"ImageObject","inLanguage":"tr","@id":"https:\/\/secure.gravatar.com\/avatar\/ccc17943b9d660506c869530f897617f7cb1c21a4bf30023f252596d83e1f007?s=96&d=mm&r=g","url":"https:\/\/secure.gravatar.com\/avatar\/ccc17943b9d660506c869530f897617f7cb1c21a4bf30023f252596d83e1f007?s=96&d=mm&r=g","contentUrl":"https:\/\/secure.gravatar.com\/avatar\/ccc17943b9d660506c869530f897617f7cb1c21a4bf30023f252596d83e1f007?s=96&d=mm&r=g","caption":"admin"},"sameAs":["https:\/\/kibrisdakik.com"],"url":"https:\/\/kibrisdakik.com\/?author=1"}]}},"_links":{"self":[{"href":"https:\/\/kibrisdakik.com\/index.php?rest_route=\/wp\/v2\/posts\/8021","targetHints":{"allow":["GET"]}}],"collection":[{"href":"https:\/\/kibrisdakik.com\/index.php?rest_route=\/wp\/v2\/posts"}],"about":[{"href":"https:\/\/kibrisdakik.com\/index.php?rest_route=\/wp\/v2\/types\/post"}],"author":[{"embeddable":true,"href":"https:\/\/kibrisdakik.com\/index.php?rest_route=\/wp\/v2\/users\/1"}],"replies":[{"embeddable":true,"href":"https:\/\/kibrisdakik.com\/index.php?rest_route=%2Fwp%2Fv2%2Fcomments&post=8021"}],"version-history":[{"count":0,"href":"https:\/\/kibrisdakik.com\/index.php?rest_route=\/wp\/v2\/posts\/8021\/revisions"}],"wp:featuredmedia":[{"embeddable":true,"href":"https:\/\/kibrisdakik.com\/index.php?rest_route=\/wp\/v2\/media\/4250"}],"wp:attachment":[{"href":"https:\/\/kibrisdakik.com\/index.php?rest_route=%2Fwp%2Fv2%2Fmedia&parent=8021"}],"wp:term":[{"taxonomy":"category","embeddable":true,"href":"https:\/\/kibrisdakik.com\/index.php?rest_route=%2Fwp%2Fv2%2Fcategories&post=8021"},{"taxonomy":"post_tag","embeddable":true,"href":"https:\/\/kibrisdakik.com\/index.php?rest_route=%2Fwp%2Fv2%2Ftags&post=8021"}],"curies":[{"name":"wp","href":"https:\/\/api.w.org\/{rel}","templated":true}]}}