{"id":80221,"date":"2025-04-15T11:27:24","date_gmt":"2025-04-15T08:27:24","guid":{"rendered":"https:\/\/kibrisdakik.com\/index.php\/2025\/04\/15\/11-telsim-freezone-liselerarasi-muzik-yarismasinin-finaline-son-iki-gun-kaldi\/"},"modified":"2025-04-15T11:27:24","modified_gmt":"2025-04-15T08:27:24","slug":"11-telsim-freezone-liselerarasi-muzik-yarismasinin-finaline-son-iki-gun-kaldi","status":"publish","type":"post","link":"https:\/\/kibrisdakik.com\/?p=80221","title":{"rendered":"11. Telsim Freezone Liseleraras\u0131 M\u00fczik Yar\u0131\u015fmas\u0131\u2019n\u0131n finaline son iki g\u00fcn kald\u0131"},"content":{"rendered":"<div>\n<div class=\"mariselle-image-container center\">\n                                            <\/div>\n<p>Milli E\u011fitim Bakanl\u0131\u011f\u0131 ve Telsim i\u015f birli\u011finde \u201c\u0130\u00e7indeki Yetene\u011fi Ke\u015ffet\u201d slogan\u0131 ile d\u00fczenlenen 11. Telsim Freezone Liseleraras\u0131 M\u00fczik Yar\u0131\u015fmas\u0131\u2019n\u0131n finaline son iki g\u00fcn kald\u0131.<\/p>\n<p>17 Nisan Per\u015fembe g\u00fcn\u00fc saat 09:30\u2019da Lefko\u015fa Atat\u00fcrk Kapal\u0131 Spor Salonu\u2019nda ger\u00e7ekle\u015fecek olan yar\u0131\u015fmaya 27liseden toplam 34 grup, 248 \u00f6\u011frenci ve 38 m\u00fczik \u00f6\u011fretmeni kat\u0131l\u0131m sa\u011flayacak.<\/p>\n<p>Sunuculu\u011funu Eda Kandulu ve Ya\u015far K\u00f6ro\u011flu\u2019nun birlikte yapaca\u011f\u0131 11. Telsim Freezone Liseleraras\u0131 M\u00fczik Yar\u0131\u015fmas\u0131\u2019nda, piyanist, akademisyen Dr. Asl\u0131 Giray Akyunak, m\u00fczisyen H\u00fcseyin Altan, m\u00fczisyen, akademisyen Yard. Do\u00e7. Dr. \u0130nal Bilsel, emekli m\u00fczik \u00f6\u011fretmeni K\u00fcr\u015fat \u00d6zt\u00fcrk, orkestra \u015fefi Murat Menket, e\u011fitmen ve ses ko\u00e7u Soyhan Bilgeer juri koltu\u011funda yer alacak.<\/p>\n<p>Gen\u00e7lerin heyecanla bekledi\u011fi yar\u0131\u015fmada, En \u0130yi K\u0131z Solist, En \u0130yi Erkek Solist, En \u0130yi Vurmal\u0131, En \u0130yi Tu\u015flu, En \u0130yi Yayl\u0131, En \u0130yi Nefesli, En \u0130yi Gitar, En \u0130yi Bass Gitar, En \u0130yi Sahne Performans\u0131,En \u0130yi Orkestra ve Jale Dervi\u015f \u00d6zel \u00d6d\u00fcl\u00fc olmak \u00fczere toplam 12 kategoride 18 \u00f6d\u00fcl verilecek.<\/p>\n<p><em>\u00c7avu\u015fo\u011flu: Gen\u00e7lere ve sanata deste\u011fimiz artarak devam edecek<\/em><\/p>\n<p>Milli E\u011fitim Bakan\u0131 Naz\u0131m \u00c7avu\u015fo\u011flu, geleneksek hale gelen Telsim Freezone Liseleraras\u0131 M\u00fczik Yar\u0131\u015fmas\u0131\u2019n\u0131n gen\u00e7lerin sanatsal yeteneklerini ortaya koymalar\u0131 a\u00e7\u0131s\u0131ndan b\u00fcy\u00fck \u00f6nem ta\u015f\u0131d\u0131\u011f\u0131n\u0131 belirtti.<\/p>\n<p>\u201cM\u00fczik, gen\u00e7lerimizin kendilerini ifade etmelerinde g\u00fc\u00e7l\u00fc bir ara\u00e7t\u0131r\u201d diyen \u00c7avu\u015fo\u011flu, yar\u0131\u015fman\u0131n sadece bir rekabet ortam\u0131 sunmad\u0131\u011f\u0131n\u0131, ayn\u0131 zamanda yeteneklerin ke\u015ffedildi\u011fi, \u00f6zg\u00fcvenin artt\u0131\u011f\u0131 ve dayan\u0131\u015fman\u0131n peki\u015fti\u011fi de\u011ferli bir platform oldu\u011funu kaydetti.<\/p>\n<p>Bu s\u00fcre\u00e7te \u00f6\u011frencilerin yan\u0131nda olan, onlar\u0131 destekleyen ve rehberlik eden t\u00fcm \u00f6\u011fretmenlere te\u015fekk\u00fcr eden Bakan \u00c7avu\u015fo\u011flu, \u201cOnlar\u0131n eme\u011fi ve \u00f6zverisi, gen\u00e7lerimizin ba\u015far\u0131 yolculu\u011funda \u00e7ok k\u0131ymetlidir.\u201d dedi.<\/p>\n<p>Yar\u0131\u015fmaya kat\u0131lacak \u00f6\u011frencilere ba\u015far\u0131lar dileyen \u00c7avu\u015fo\u011flu, sanata ve gen\u00e7li\u011fe olan deste\u011fin artarak devam edece\u011fini vurgulad\u0131.<\/p>\n<p><em>Tanp\u0131nar: \u00c7ok gururluyuz, \u00e7ok mutluyuz \u00e7\u00fcnk\u00fc kat\u0131l\u0131mc\u0131 say\u0131s\u0131 bak\u0131m\u0131ndan en co\u015fkulu ve en kalabal\u0131k y\u0131l\u0131m\u0131z\u0131 ya\u015f\u0131yoruz<\/em><\/p>\n<p>Telsim Genel M\u00fcd\u00fcr Yard\u0131mc\u0131s\u0131 Fevzi Tanp\u0131nar ise gen\u00e7 yeteneklerin g\u00f6sterdi\u011fi azim ve \u00f6zverili \u00e7al\u0131\u015fmalar\u0131 ile her y\u0131l daha da ileriye ta\u015f\u0131nan yar\u0131\u015fmada, bir kez daha unutulmaz an\u0131lara imza at\u0131laca\u011f\u0131na y\u00fcrekten inand\u0131\u011f\u0131n\u0131 aktard\u0131.<\/p>\n<p>Tanp\u0131nar, \u201c\u00c7ok gururluyuz, \u00e7ok mutluyuz \u00e7\u00fcnk\u00fc kat\u0131l\u0131mc\u0131 say\u0131s\u0131 bak\u0131m\u0131ndan en co\u015fkulu ve en kalabal\u0131k y\u0131l\u0131m\u0131z\u0131 ya\u015f\u0131yoruz. Telsim Freezone Liseleraras\u0131 M\u00fczik Yar\u0131\u015fmas\u0131, yine Kuzey K\u0131br\u0131s\u2019\u0131n en \u00e7ok ses getiren, en \u00e7ok merak edilen ve t\u00fcm liseli gen\u00e7lerimiz taraf\u0131ndan en \u00e7ok tercih edilen tek yar\u0131\u015fma olmaya devam ediyor.\u201d dedi.<\/p>\n<p>Bir \u00e7ok gen\u00e7 yetene\u011fin yar\u0131\u015fma sayesinde \u00e7ok g\u00fczel yerlere geldi\u011fini s\u00f6yleyen Tanp\u0131nar, final g\u00fcn\u00fc i\u00e7in sab\u0131rs\u0131zland\u0131\u011f\u0131n\u0131 ve b\u00fcy\u00fck bir heyecanla final g\u00fcn\u00fcn\u00fc bekledi\u011fini aktard\u0131.<\/p>\n<p>T\u00fcm yar\u0131\u015fmac\u0131 \u00f6\u011frencilere ve onlara emek veren t\u00fcm m\u00fczik \u00f6\u011fmenlerine ba\u015far\u0131lar dileyen Tanp\u0131nar, kat\u0131l\u0131mlar\u0131ndan dolay\u0131 te\u015fekk\u00fcrlerini sundu.<\/p>\n<p>Yar\u0131\u015fmada, 20 Temmuz Fen Lisesi, Atat\u00fcrk Meslek Lisesi Grup 1 ve Grup Princess Trio, B\u00fclent Ecevit Anadolu Lisesi, De\u011firmenlik Lisesi, Do\u011fu Akdeniz Do\u011fa Koleji Grup Daha Fazlas\u0131 ve Grup Z\u0131mba, English School of Kyrenia, Esin Leman Lisesi, Gazima\u011fusa T\u00fcrk Maarif Koleji, Girne 19 May\u0131s T\u00fcrk Maarif Koleji Grup G\u00f6lge ve Grup Cloverdose, Girne American College, Girne Turizm Meslek Lisesi Grup Anonhym\u2019s, G\u00fczelyurt Kurtulu\u015f Lisesi, G\u00fczelyury Meslek Lisesi, G\u00fczelyurt T\u00fcrk Maarif Koleji Grup 1 ve Grup 2, Haydarpa\u015fa Ticaret Lisesi Grup Son Nokta, \u0130skele Evkaf T\u00fcrk Maarif Koleji Grup Septatonik, Lefko\u015fa Anadolu G\u00fczel Sanatlar Lisesi Grup Phantom ve Grup A\u015fk\u0131n De Hali, Levent College, Nam\u0131k Kemal Lisesi, Necat British College Alsancak ve Lefko\u015fa, Polatpa\u015fa Lisesi, Rauf Raif Denkta\u015f Meslek Lisesi Grup Puzzle, Sedat Simavi End\u00fcstri Meslek Lisesi, T\u00fcrk Maarif Koleji Band 1 ve Band 2, Yak\u0131n Do\u011fu Koleji Grup Entonasyon ve Yak\u0131n Do\u011fu Yenibo\u011fazi\u00e7i Koleji Grup Aurora Waves ve Grup Fire Edge sahne alacak.<\/p>\n<\/p><\/div>\n<p><script async\n                    defer\n                    crossorigin=\"anonymous\"\n                    src=\"https:\/\/connect.facebook.net\/tr_TR\/sdk.js#xfbml=1&#038;version=v3.3\"\n            ><\/script><\/p>\n","protected":false},"excerpt":{"rendered":"<p>Milli E\u011fitim Bakanl\u0131\u011f\u0131 ve Telsim i\u015f birli\u011finde \u201c\u0130\u00e7indeki Yetene\u011fi Ke\u015ffet\u201d slogan\u0131 ile d\u00fczenlenen 11. Telsim Freezone Liseleraras\u0131 M\u00fczik Yar\u0131\u015fmas\u0131\u2019n\u0131n finaline son iki g\u00fcn kald\u0131. 17 Nisan Per\u015fembe g\u00fcn\u00fc saat 09:30\u2019da Lefko\u015fa Atat\u00fcrk Kapal\u0131 Spor Salonu\u2019nda ger\u00e7ekle\u015fecek olan yar\u0131\u015fmaya 27liseden toplam 34 grup, 248 \u00f6\u011frenci ve 38 m\u00fczik \u00f6\u011fretmeni kat\u0131l\u0131m sa\u011flayacak. Sunuculu\u011funu Eda Kandulu ve Ya\u015far<\/p>\n","protected":false},"author":1,"featured_media":80222,"comment_status":"open","ping_status":"open","sticky":false,"template":"","format":"standard","meta":{"footnotes":""},"categories":[81,101],"tags":[],"class_list":["post-80221","post","type-post","status-publish","format-standard","has-post-thumbnail","hentry","category-kibris","category-manset"],"yoast_head":"<!-- This site is optimized with the Yoast SEO plugin v27.4 - https:\/\/yoast.com\/product\/yoast-seo-wordpress\/ -->\n<title>11. Telsim Freezone Liseleraras\u0131 M\u00fczik Yar\u0131\u015fmas\u0131\u2019n\u0131n finaline son iki g\u00fcn kald\u0131 -<\/title>\n<meta name=\"robots\" content=\"index, follow, max-snippet:-1, max-image-preview:large, max-video-preview:-1\" \/>\n<link rel=\"canonical\" href=\"https:\/\/kibrisdakik.com\/?p=80221\" \/>\n<meta property=\"og:locale\" content=\"tr_TR\" \/>\n<meta property=\"og:type\" content=\"article\" \/>\n<meta property=\"og:title\" content=\"11. Telsim Freezone Liseleraras\u0131 M\u00fczik Yar\u0131\u015fmas\u0131\u2019n\u0131n finaline son iki g\u00fcn kald\u0131 -\" \/>\n<meta property=\"og:description\" content=\"Milli E\u011fitim Bakanl\u0131\u011f\u0131 ve Telsim i\u015f birli\u011finde \u201c\u0130\u00e7indeki Yetene\u011fi Ke\u015ffet\u201d slogan\u0131 ile d\u00fczenlenen 11. Telsim Freezone Liseleraras\u0131 M\u00fczik Yar\u0131\u015fmas\u0131\u2019n\u0131n finaline son iki g\u00fcn kald\u0131. 17 Nisan Per\u015fembe g\u00fcn\u00fc saat 09:30\u2019da Lefko\u015fa Atat\u00fcrk Kapal\u0131 Spor Salonu\u2019nda ger\u00e7ekle\u015fecek olan yar\u0131\u015fmaya 27liseden toplam 34 grup, 248 \u00f6\u011frenci ve 38 m\u00fczik \u00f6\u011fretmeni kat\u0131l\u0131m sa\u011flayacak. Sunuculu\u011funu Eda Kandulu ve Ya\u015far\" \/>\n<meta property=\"og:url\" content=\"https:\/\/kibrisdakik.com\/?p=80221\" \/>\n<meta property=\"article:published_time\" content=\"2025-04-15T08:27:24+00:00\" \/>\n<meta property=\"og:image\" content=\"https:\/\/kibrisdakik.com\/wp-content\/uploads\/2025\/04\/free-659x420.jpeg\" \/>\n\t<meta property=\"og:image:width\" content=\"659\" \/>\n\t<meta property=\"og:image:height\" content=\"904\" \/>\n\t<meta property=\"og:image:type\" content=\"image\/jpeg\" \/>\n<meta name=\"author\" content=\"admin\" \/>\n<meta name=\"twitter:card\" content=\"summary_large_image\" \/>\n<meta name=\"twitter:label1\" content=\"Yazan:\" \/>\n\t<meta name=\"twitter:data1\" content=\"admin\" \/>\n\t<meta name=\"twitter:label2\" content=\"Tahmini okuma s\u00fcresi\" \/>\n\t<meta name=\"twitter:data2\" content=\"4 dakika\" \/>\n<script type=\"application\/ld+json\" class=\"yoast-schema-graph\">{\"@context\":\"https:\\\/\\\/schema.org\",\"@graph\":[{\"@type\":\"Article\",\"@id\":\"https:\\\/\\\/kibrisdakik.com\\\/?p=80221#article\",\"isPartOf\":{\"@id\":\"https:\\\/\\\/kibrisdakik.com\\\/?p=80221\"},\"author\":{\"name\":\"admin\",\"@id\":\"https:\\\/\\\/kibrisdakik.com\\\/#\\\/schema\\\/person\\\/9cd9d437bbb44f72b73ba127e06d8e79\"},\"headline\":\"11. Telsim Freezone Liseleraras\u0131 M\u00fczik Yar\u0131\u015fmas\u0131\u2019n\u0131n finaline son iki g\u00fcn kald\u0131\",\"datePublished\":\"2025-04-15T08:27:24+00:00\",\"mainEntityOfPage\":{\"@id\":\"https:\\\/\\\/kibrisdakik.com\\\/?p=80221\"},\"wordCount\":761,\"commentCount\":0,\"image\":{\"@id\":\"https:\\\/\\\/kibrisdakik.com\\\/?p=80221#primaryimage\"},\"thumbnailUrl\":\"https:\\\/\\\/kibrisdakik.com\\\/wp-content\\\/uploads\\\/2025\\\/04\\\/free-659x420.jpeg\",\"articleSection\":[\"K\u0131br\u0131s\",\"Man\u015fet\"],\"inLanguage\":\"tr\",\"potentialAction\":[{\"@type\":\"CommentAction\",\"name\":\"Comment\",\"target\":[\"https:\\\/\\\/kibrisdakik.com\\\/?p=80221#respond\"]}]},{\"@type\":\"WebPage\",\"@id\":\"https:\\\/\\\/kibrisdakik.com\\\/?p=80221\",\"url\":\"https:\\\/\\\/kibrisdakik.com\\\/?p=80221\",\"name\":\"11. Telsim Freezone Liseleraras\u0131 M\u00fczik Yar\u0131\u015fmas\u0131\u2019n\u0131n finaline son iki g\u00fcn kald\u0131 -\",\"isPartOf\":{\"@id\":\"https:\\\/\\\/kibrisdakik.com\\\/#website\"},\"primaryImageOfPage\":{\"@id\":\"https:\\\/\\\/kibrisdakik.com\\\/?p=80221#primaryimage\"},\"image\":{\"@id\":\"https:\\\/\\\/kibrisdakik.com\\\/?p=80221#primaryimage\"},\"thumbnailUrl\":\"https:\\\/\\\/kibrisdakik.com\\\/wp-content\\\/uploads\\\/2025\\\/04\\\/free-659x420.jpeg\",\"datePublished\":\"2025-04-15T08:27:24+00:00\",\"author\":{\"@id\":\"https:\\\/\\\/kibrisdakik.com\\\/#\\\/schema\\\/person\\\/9cd9d437bbb44f72b73ba127e06d8e79\"},\"breadcrumb\":{\"@id\":\"https:\\\/\\\/kibrisdakik.com\\\/?p=80221#breadcrumb\"},\"inLanguage\":\"tr\",\"potentialAction\":[{\"@type\":\"ReadAction\",\"target\":[\"https:\\\/\\\/kibrisdakik.com\\\/?p=80221\"]}]},{\"@type\":\"ImageObject\",\"inLanguage\":\"tr\",\"@id\":\"https:\\\/\\\/kibrisdakik.com\\\/?p=80221#primaryimage\",\"url\":\"https:\\\/\\\/kibrisdakik.com\\\/wp-content\\\/uploads\\\/2025\\\/04\\\/free-659x420.jpeg\",\"contentUrl\":\"https:\\\/\\\/kibrisdakik.com\\\/wp-content\\\/uploads\\\/2025\\\/04\\\/free-659x420.jpeg\",\"width\":659,\"height\":904},{\"@type\":\"BreadcrumbList\",\"@id\":\"https:\\\/\\\/kibrisdakik.com\\\/?p=80221#breadcrumb\",\"itemListElement\":[{\"@type\":\"ListItem\",\"position\":1,\"name\":\"Home\",\"item\":\"https:\\\/\\\/kibrisdakik.com\\\/\"},{\"@type\":\"ListItem\",\"position\":2,\"name\":\"11. Telsim Freezone Liseleraras\u0131 M\u00fczik Yar\u0131\u015fmas\u0131\u2019n\u0131n finaline son iki g\u00fcn kald\u0131\"}]},{\"@type\":\"WebSite\",\"@id\":\"https:\\\/\\\/kibrisdakik.com\\\/#website\",\"url\":\"https:\\\/\\\/kibrisdakik.com\\\/\",\"name\":\"\",\"description\":\"Tam vaktinde haber\",\"potentialAction\":[{\"@type\":\"SearchAction\",\"target\":{\"@type\":\"EntryPoint\",\"urlTemplate\":\"https:\\\/\\\/kibrisdakik.com\\\/?s={search_term_string}\"},\"query-input\":{\"@type\":\"PropertyValueSpecification\",\"valueRequired\":true,\"valueName\":\"search_term_string\"}}],\"inLanguage\":\"tr\"},{\"@type\":\"Person\",\"@id\":\"https:\\\/\\\/kibrisdakik.com\\\/#\\\/schema\\\/person\\\/9cd9d437bbb44f72b73ba127e06d8e79\",\"name\":\"admin\",\"image\":{\"@type\":\"ImageObject\",\"inLanguage\":\"tr\",\"@id\":\"https:\\\/\\\/secure.gravatar.com\\\/avatar\\\/ccc17943b9d660506c869530f897617f7cb1c21a4bf30023f252596d83e1f007?s=96&d=mm&r=g\",\"url\":\"https:\\\/\\\/secure.gravatar.com\\\/avatar\\\/ccc17943b9d660506c869530f897617f7cb1c21a4bf30023f252596d83e1f007?s=96&d=mm&r=g\",\"contentUrl\":\"https:\\\/\\\/secure.gravatar.com\\\/avatar\\\/ccc17943b9d660506c869530f897617f7cb1c21a4bf30023f252596d83e1f007?s=96&d=mm&r=g\",\"caption\":\"admin\"},\"sameAs\":[\"https:\\\/\\\/kibrisdakik.com\"],\"url\":\"https:\\\/\\\/kibrisdakik.com\\\/?author=1\"}]}<\/script>\n<!-- \/ Yoast SEO plugin. -->","yoast_head_json":{"title":"11. Telsim Freezone Liseleraras\u0131 M\u00fczik Yar\u0131\u015fmas\u0131\u2019n\u0131n finaline son iki g\u00fcn kald\u0131 -","robots":{"index":"index","follow":"follow","max-snippet":"max-snippet:-1","max-image-preview":"max-image-preview:large","max-video-preview":"max-video-preview:-1"},"canonical":"https:\/\/kibrisdakik.com\/?p=80221","og_locale":"tr_TR","og_type":"article","og_title":"11. Telsim Freezone Liseleraras\u0131 M\u00fczik Yar\u0131\u015fmas\u0131\u2019n\u0131n finaline son iki g\u00fcn kald\u0131 -","og_description":"Milli E\u011fitim Bakanl\u0131\u011f\u0131 ve Telsim i\u015f birli\u011finde \u201c\u0130\u00e7indeki Yetene\u011fi Ke\u015ffet\u201d slogan\u0131 ile d\u00fczenlenen 11. Telsim Freezone Liseleraras\u0131 M\u00fczik Yar\u0131\u015fmas\u0131\u2019n\u0131n finaline son iki g\u00fcn kald\u0131. 17 Nisan Per\u015fembe g\u00fcn\u00fc saat 09:30\u2019da Lefko\u015fa Atat\u00fcrk Kapal\u0131 Spor Salonu\u2019nda ger\u00e7ekle\u015fecek olan yar\u0131\u015fmaya 27liseden toplam 34 grup, 248 \u00f6\u011frenci ve 38 m\u00fczik \u00f6\u011fretmeni kat\u0131l\u0131m sa\u011flayacak. Sunuculu\u011funu Eda Kandulu ve Ya\u015far","og_url":"https:\/\/kibrisdakik.com\/?p=80221","article_published_time":"2025-04-15T08:27:24+00:00","og_image":[{"width":659,"height":904,"url":"https:\/\/kibrisdakik.com\/wp-content\/uploads\/2025\/04\/free-659x420.jpeg","type":"image\/jpeg"}],"author":"admin","twitter_card":"summary_large_image","twitter_misc":{"Yazan:":"admin","Tahmini okuma s\u00fcresi":"4 dakika"},"schema":{"@context":"https:\/\/schema.org","@graph":[{"@type":"Article","@id":"https:\/\/kibrisdakik.com\/?p=80221#article","isPartOf":{"@id":"https:\/\/kibrisdakik.com\/?p=80221"},"author":{"name":"admin","@id":"https:\/\/kibrisdakik.com\/#\/schema\/person\/9cd9d437bbb44f72b73ba127e06d8e79"},"headline":"11. Telsim Freezone Liseleraras\u0131 M\u00fczik Yar\u0131\u015fmas\u0131\u2019n\u0131n finaline son iki g\u00fcn kald\u0131","datePublished":"2025-04-15T08:27:24+00:00","mainEntityOfPage":{"@id":"https:\/\/kibrisdakik.com\/?p=80221"},"wordCount":761,"commentCount":0,"image":{"@id":"https:\/\/kibrisdakik.com\/?p=80221#primaryimage"},"thumbnailUrl":"https:\/\/kibrisdakik.com\/wp-content\/uploads\/2025\/04\/free-659x420.jpeg","articleSection":["K\u0131br\u0131s","Man\u015fet"],"inLanguage":"tr","potentialAction":[{"@type":"CommentAction","name":"Comment","target":["https:\/\/kibrisdakik.com\/?p=80221#respond"]}]},{"@type":"WebPage","@id":"https:\/\/kibrisdakik.com\/?p=80221","url":"https:\/\/kibrisdakik.com\/?p=80221","name":"11. Telsim Freezone Liseleraras\u0131 M\u00fczik Yar\u0131\u015fmas\u0131\u2019n\u0131n finaline son iki g\u00fcn kald\u0131 -","isPartOf":{"@id":"https:\/\/kibrisdakik.com\/#website"},"primaryImageOfPage":{"@id":"https:\/\/kibrisdakik.com\/?p=80221#primaryimage"},"image":{"@id":"https:\/\/kibrisdakik.com\/?p=80221#primaryimage"},"thumbnailUrl":"https:\/\/kibrisdakik.com\/wp-content\/uploads\/2025\/04\/free-659x420.jpeg","datePublished":"2025-04-15T08:27:24+00:00","author":{"@id":"https:\/\/kibrisdakik.com\/#\/schema\/person\/9cd9d437bbb44f72b73ba127e06d8e79"},"breadcrumb":{"@id":"https:\/\/kibrisdakik.com\/?p=80221#breadcrumb"},"inLanguage":"tr","potentialAction":[{"@type":"ReadAction","target":["https:\/\/kibrisdakik.com\/?p=80221"]}]},{"@type":"ImageObject","inLanguage":"tr","@id":"https:\/\/kibrisdakik.com\/?p=80221#primaryimage","url":"https:\/\/kibrisdakik.com\/wp-content\/uploads\/2025\/04\/free-659x420.jpeg","contentUrl":"https:\/\/kibrisdakik.com\/wp-content\/uploads\/2025\/04\/free-659x420.jpeg","width":659,"height":904},{"@type":"BreadcrumbList","@id":"https:\/\/kibrisdakik.com\/?p=80221#breadcrumb","itemListElement":[{"@type":"ListItem","position":1,"name":"Home","item":"https:\/\/kibrisdakik.com\/"},{"@type":"ListItem","position":2,"name":"11. Telsim Freezone Liseleraras\u0131 M\u00fczik Yar\u0131\u015fmas\u0131\u2019n\u0131n finaline son iki g\u00fcn kald\u0131"}]},{"@type":"WebSite","@id":"https:\/\/kibrisdakik.com\/#website","url":"https:\/\/kibrisdakik.com\/","name":"","description":"Tam vaktinde haber","potentialAction":[{"@type":"SearchAction","target":{"@type":"EntryPoint","urlTemplate":"https:\/\/kibrisdakik.com\/?s={search_term_string}"},"query-input":{"@type":"PropertyValueSpecification","valueRequired":true,"valueName":"search_term_string"}}],"inLanguage":"tr"},{"@type":"Person","@id":"https:\/\/kibrisdakik.com\/#\/schema\/person\/9cd9d437bbb44f72b73ba127e06d8e79","name":"admin","image":{"@type":"ImageObject","inLanguage":"tr","@id":"https:\/\/secure.gravatar.com\/avatar\/ccc17943b9d660506c869530f897617f7cb1c21a4bf30023f252596d83e1f007?s=96&d=mm&r=g","url":"https:\/\/secure.gravatar.com\/avatar\/ccc17943b9d660506c869530f897617f7cb1c21a4bf30023f252596d83e1f007?s=96&d=mm&r=g","contentUrl":"https:\/\/secure.gravatar.com\/avatar\/ccc17943b9d660506c869530f897617f7cb1c21a4bf30023f252596d83e1f007?s=96&d=mm&r=g","caption":"admin"},"sameAs":["https:\/\/kibrisdakik.com"],"url":"https:\/\/kibrisdakik.com\/?author=1"}]}},"_links":{"self":[{"href":"https:\/\/kibrisdakik.com\/index.php?rest_route=\/wp\/v2\/posts\/80221","targetHints":{"allow":["GET"]}}],"collection":[{"href":"https:\/\/kibrisdakik.com\/index.php?rest_route=\/wp\/v2\/posts"}],"about":[{"href":"https:\/\/kibrisdakik.com\/index.php?rest_route=\/wp\/v2\/types\/post"}],"author":[{"embeddable":true,"href":"https:\/\/kibrisdakik.com\/index.php?rest_route=\/wp\/v2\/users\/1"}],"replies":[{"embeddable":true,"href":"https:\/\/kibrisdakik.com\/index.php?rest_route=%2Fwp%2Fv2%2Fcomments&post=80221"}],"version-history":[{"count":0,"href":"https:\/\/kibrisdakik.com\/index.php?rest_route=\/wp\/v2\/posts\/80221\/revisions"}],"wp:featuredmedia":[{"embeddable":true,"href":"https:\/\/kibrisdakik.com\/index.php?rest_route=\/wp\/v2\/media\/80222"}],"wp:attachment":[{"href":"https:\/\/kibrisdakik.com\/index.php?rest_route=%2Fwp%2Fv2%2Fmedia&parent=80221"}],"wp:term":[{"taxonomy":"category","embeddable":true,"href":"https:\/\/kibrisdakik.com\/index.php?rest_route=%2Fwp%2Fv2%2Fcategories&post=80221"},{"taxonomy":"post_tag","embeddable":true,"href":"https:\/\/kibrisdakik.com\/index.php?rest_route=%2Fwp%2Fv2%2Ftags&post=80221"}],"curies":[{"name":"wp","href":"https:\/\/api.w.org\/{rel}","templated":true}]}}