{"id":80227,"date":"2025-04-15T12:07:38","date_gmt":"2025-04-15T09:07:38","guid":{"rendered":"https:\/\/kibrisdakik.com\/index.php\/2025\/04\/15\/giadtan-aciklama\/"},"modified":"2025-04-15T12:07:38","modified_gmt":"2025-04-15T09:07:38","slug":"giadtan-aciklama","status":"publish","type":"post","link":"https:\/\/kibrisdakik.com\/?p=80227","title":{"rendered":"G\u0130AD\u2019tan a\u00e7\u0131klama"},"content":{"rendered":"<div>\n<div class=\"mariselle-image-container center\">\n                                            <\/div>\n<p>Kuzey K\u0131br\u0131s Gen\u00e7 \u0130\u015f \u0130nsanlar\u0131 Derne\u011fi (G\u0130AD), h\u00fck\u00fcmetin, \u00f6zel sekt\u00f6r \u00e7al\u0131\u015fanlar\u0131 i\u00e7in i\u015fverenlere sa\u011flanan sosyal sigorta prim deste\u011fini sona erdirmesinin piyasada b\u00fcy\u00fck bir maliyet art\u0131\u015f\u0131 yaratt\u0131\u011f\u0131n\u0131 a\u00e7\u0131klad\u0131.<\/p>\n<p>G\u0130AD\u2019tan yap\u0131lan yaz\u0131l\u0131 a\u00e7\u0131klamada, ekonomik ko\u015fullar\u0131n her ge\u00e7en g\u00fcn zorla\u015ft\u0131\u011f\u0131, enflasyonun toplumun t\u00fcm kesimlerini bask\u0131 alt\u0131na ald\u0131\u011f\u0131 bu d\u00f6nemde, al\u0131nan her kamusal karar\u0131n etkisinin do\u011frudan piyasada hissedildi\u011fi kaydedildi. <\/p>\n<p>\u0130\u015f d\u00fcnyas\u0131n\u0131n k\u0131r\u0131lganla\u015ft\u0131\u011f\u0131 bir s\u00fcre\u00e7te, ekonomik politikalar\u0131n istikrars\u0131zl\u0131\u011f\u0131n\u0131n art\u0131k s\u00fcrd\u00fcr\u00fclebilirlik sorunu haline geldi\u011fi belirtilen a\u00e7\u0131klamada, h\u00fck\u00fcmetin, \u00f6zel sekt\u00f6r \u00e7al\u0131\u015fanlar\u0131 i\u00e7in i\u015fverenlere sa\u011flanan sosyal sigorta prim deste\u011fini sona erdirmesinin, piyasada b\u00fcy\u00fck bir maliyet art\u0131\u015f\u0131 yaratt\u0131\u011f\u0131, i\u015fletmelerin \u00fczerindeki y\u00fck\u00fc daha da art\u0131rd\u0131\u011f\u0131 ifade edildi. <\/p>\n<p>Karar\u0131n, istihdam kay\u0131plar\u0131na neden olma riski ta\u015f\u0131rken, kay\u0131t d\u0131\u015f\u0131l\u0131\u011f\u0131 da tetikleyebilecek ciddi bir tehdit bar\u0131nd\u0131rd\u0131\u011f\u0131 dile getirilen a\u00e7\u0131klamada, \u201cBu karar, sadece zamanlamas\u0131yla de\u011fil, i\u00e7eri\u011fiyle de ciddi bir y\u00f6netim zafiyetine i\u015faret etmektedir. Ne yeni bir destek modeli devreye al\u0131nm\u0131\u015f, ne de i\u015f d\u00fcnyas\u0131yla \u00f6ncesinde isti\u015fare yap\u0131lm\u0131\u015ft\u0131r. H\u00fck\u00fcmetin bu yakla\u015f\u0131m\u0131, ekonomik akt\u00f6rlere g\u00fcven vermemekte, zaten k\u0131r\u0131lgan olan yat\u0131r\u0131m ve istihdam iklimini daha da bozmakta; kay\u0131tl\u0131 \u00e7al\u0131\u015fman\u0131n cezaland\u0131r\u0131ld\u0131\u011f\u0131 bir tabloyu me\u015frula\u015ft\u0131rmaktad\u0131r.\u201d ifadeleri kullan\u0131ld\u0131.<\/p>\n<p>Pahal\u0131l\u0131\u011f\u0131n ve belirsizli\u011fin tavan yapt\u0131\u011f\u0131 bir ortamda, devletten beklenenin piyasay\u0131 ucuzlat\u0131c\u0131, nefes ald\u0131r\u0131c\u0131 ad\u0131mlar atmas\u0131 oldu\u011fu ifade edilen a\u00e7\u0131klamada, ancak at\u0131lan bu ad\u0131m\u0131n, tam tersine, maliyetleri y\u00fckselten, g\u00fcveni sarsan bir geli\u015fme oldu\u011fu kaydedildi. <\/p>\n<p>\u201c\u00dcstelik prim deste\u011fi sona ermi\u015f olmas\u0131na ra\u011fmen, yeni ve dengeleyici herhangi bir destek mekanizmas\u0131 h\u00e2l\u00e2 a\u00e7\u0131klanmam\u0131\u015ft\u0131r.\u201d ifadeleri kullan\u0131lan a\u00e7\u0131klamada, bu t\u00fcr hayati kararlar\u0131n, plans\u0131z ve \u00f6ng\u00f6r\u00fcs\u00fcz bi\u00e7imde al\u0131nmas\u0131n\u0131n, yaln\u0131zca ekonomik istikrar\u0131 de\u011fil, kamusal g\u00fcveni de zedelemekte oldu\u011fu belirtildi. <\/p>\n<p>Kamu y\u00f6netiminin, bu gibi do\u011frudan piyasay\u0131 etkileyen kararlar\u0131 ilgili payda\u015flarla \u00f6nceden isti\u015fare ederek, zaman\u0131nda ve \u015feffaf bir \u015fekilde uygulamaya koymakla y\u00fck\u00fcml\u00fc olundu\u011fu belirtilen a\u00e7\u0131klamada, \u201cGerekti\u011finde \u00e7ok h\u0131zl\u0131 kararlar alabildi\u011fini g\u00f6rd\u00fc\u011f\u00fcm\u00fcz h\u00fck\u00fcmetimizin, ayn\u0131 h\u0131z ve kararl\u0131l\u0131\u011f\u0131 bu s\u00fcre\u00e7lerde de g\u00f6stermesini bekliyoruz.\u201d ifadeleri kullan\u0131ld\u0131. <\/p>\n<p>G\u0130AD h\u00fck\u00fcmete, \u201cEkonomi y\u00f6netimi kriz refleksiyle de\u011fil, plan ve \u00f6ng\u00f6r\u00fc ile y\u00fcr\u00fct\u00fclmelidir;  H\u00fck\u00fcmet, i\u015fg\u00fcc\u00fc maliyetlerini art\u0131ran bu tip politikalar\u0131 uygulamadan \u00f6nce, etki analizleri yapmal\u0131 ve t\u00fcm payda\u015flarla g\u00f6r\u00fc\u015fmelidir; Sosyal sigorta prim deste\u011fi gibi uygulamalarda s\u00fcreklilik ya da yerini alacak yeni modeller gecikmeden a\u00e7\u0131klanmal\u0131d\u0131r; \u0130stihdam\u0131n korunmas\u0131 ve kay\u0131t d\u0131\u015f\u0131l\u0131\u011f\u0131n \u00f6nlenmesi i\u00e7in \u00f6zel sekt\u00f6re y\u00fck de\u011fil, destek \u00fcretilmelidir.\u201d \u00e7a\u011fr\u0131s\u0131nda bulundu. <\/p>\n<p>G\u0130AD, \u00fclke ekonomisine yap\u0131c\u0131 ve \u00e7\u00f6z\u00fcm odakl\u0131 katk\u0131 sunmaya devam edeceklerini belirterek, \u201cUnutulmamal\u0131d\u0131r ki; istikrar ve g\u00fcven ortam\u0131, sadece \u00f6zel sekt\u00f6r\u00fcn de\u011fil, kamunun da sorumlulu\u011fudur\u201d mesaj\u0131n\u0131 verdi.<\/p>\n<\/p><\/div>\n<p><script async\n                    defer\n                    crossorigin=\"anonymous\"\n                    src=\"https:\/\/connect.facebook.net\/tr_TR\/sdk.js#xfbml=1&#038;version=v3.3\"\n            ><\/script><\/p>\n","protected":false},"excerpt":{"rendered":"<p>Kuzey K\u0131br\u0131s Gen\u00e7 \u0130\u015f \u0130nsanlar\u0131 Derne\u011fi (G\u0130AD), h\u00fck\u00fcmetin, \u00f6zel sekt\u00f6r \u00e7al\u0131\u015fanlar\u0131 i\u00e7in i\u015fverenlere sa\u011flanan sosyal sigorta prim deste\u011fini sona erdirmesinin piyasada b\u00fcy\u00fck bir maliyet art\u0131\u015f\u0131 yaratt\u0131\u011f\u0131n\u0131 a\u00e7\u0131klad\u0131. G\u0130AD\u2019tan yap\u0131lan yaz\u0131l\u0131 a\u00e7\u0131klamada, ekonomik ko\u015fullar\u0131n her ge\u00e7en g\u00fcn zorla\u015ft\u0131\u011f\u0131, enflasyonun toplumun t\u00fcm kesimlerini bask\u0131 alt\u0131na ald\u0131\u011f\u0131 bu d\u00f6nemde, al\u0131nan her kamusal karar\u0131n etkisinin do\u011frudan piyasada hissedildi\u011fi kaydedildi.<\/p>\n","protected":false},"author":1,"featured_media":80228,"comment_status":"open","ping_status":"open","sticky":false,"template":"","format":"standard","meta":{"footnotes":""},"categories":[81,101],"tags":[],"class_list":["post-80227","post","type-post","status-publish","format-standard","has-post-thumbnail","hentry","category-kibris","category-manset"],"yoast_head":"<!-- This site is optimized with the Yoast SEO plugin v27.4 - https:\/\/yoast.com\/product\/yoast-seo-wordpress\/ -->\n<title>G\u0130AD\u2019tan a\u00e7\u0131klama -<\/title>\n<meta name=\"robots\" content=\"index, follow, max-snippet:-1, max-image-preview:large, max-video-preview:-1\" \/>\n<link rel=\"canonical\" href=\"https:\/\/kibrisdakik.com\/?p=80227\" \/>\n<meta property=\"og:locale\" content=\"tr_TR\" \/>\n<meta property=\"og:type\" content=\"article\" \/>\n<meta property=\"og:title\" content=\"G\u0130AD\u2019tan a\u00e7\u0131klama -\" \/>\n<meta property=\"og:description\" content=\"Kuzey K\u0131br\u0131s Gen\u00e7 \u0130\u015f \u0130nsanlar\u0131 Derne\u011fi (G\u0130AD), h\u00fck\u00fcmetin, \u00f6zel sekt\u00f6r \u00e7al\u0131\u015fanlar\u0131 i\u00e7in i\u015fverenlere sa\u011flanan sosyal sigorta prim deste\u011fini sona erdirmesinin piyasada b\u00fcy\u00fck bir maliyet art\u0131\u015f\u0131 yaratt\u0131\u011f\u0131n\u0131 a\u00e7\u0131klad\u0131. G\u0130AD\u2019tan yap\u0131lan yaz\u0131l\u0131 a\u00e7\u0131klamada, ekonomik ko\u015fullar\u0131n her ge\u00e7en g\u00fcn zorla\u015ft\u0131\u011f\u0131, enflasyonun toplumun t\u00fcm kesimlerini bask\u0131 alt\u0131na ald\u0131\u011f\u0131 bu d\u00f6nemde, al\u0131nan her kamusal karar\u0131n etkisinin do\u011frudan piyasada hissedildi\u011fi kaydedildi.\" \/>\n<meta property=\"og:url\" content=\"https:\/\/kibrisdakik.com\/?p=80227\" \/>\n<meta property=\"article:published_time\" content=\"2025-04-15T09:07:38+00:00\" \/>\n<meta property=\"og:image\" content=\"https:\/\/kibrisdakik.com\/wp-content\/uploads\/2025\/04\/1744707137929GIAD.jpg\" \/>\n\t<meta property=\"og:image:width\" content=\"320\" \/>\n\t<meta property=\"og:image:height\" content=\"158\" \/>\n\t<meta property=\"og:image:type\" content=\"image\/jpeg\" \/>\n<meta name=\"author\" content=\"admin\" \/>\n<meta name=\"twitter:card\" content=\"summary_large_image\" \/>\n<meta name=\"twitter:label1\" content=\"Yazan:\" \/>\n\t<meta name=\"twitter:data1\" content=\"admin\" \/>\n\t<meta name=\"twitter:label2\" content=\"Tahmini okuma s\u00fcresi\" \/>\n\t<meta name=\"twitter:data2\" content=\"3 dakika\" \/>\n<script type=\"application\/ld+json\" class=\"yoast-schema-graph\">{\"@context\":\"https:\\\/\\\/schema.org\",\"@graph\":[{\"@type\":\"Article\",\"@id\":\"https:\\\/\\\/kibrisdakik.com\\\/?p=80227#article\",\"isPartOf\":{\"@id\":\"https:\\\/\\\/kibrisdakik.com\\\/?p=80227\"},\"author\":{\"name\":\"admin\",\"@id\":\"https:\\\/\\\/kibrisdakik.com\\\/#\\\/schema\\\/person\\\/9cd9d437bbb44f72b73ba127e06d8e79\"},\"headline\":\"G\u0130AD\u2019tan a\u00e7\u0131klama\",\"datePublished\":\"2025-04-15T09:07:38+00:00\",\"mainEntityOfPage\":{\"@id\":\"https:\\\/\\\/kibrisdakik.com\\\/?p=80227\"},\"wordCount\":580,\"commentCount\":0,\"image\":{\"@id\":\"https:\\\/\\\/kibrisdakik.com\\\/?p=80227#primaryimage\"},\"thumbnailUrl\":\"https:\\\/\\\/kibrisdakik.com\\\/wp-content\\\/uploads\\\/2025\\\/04\\\/1744707137929GIAD.jpg\",\"articleSection\":[\"K\u0131br\u0131s\",\"Man\u015fet\"],\"inLanguage\":\"tr\",\"potentialAction\":[{\"@type\":\"CommentAction\",\"name\":\"Comment\",\"target\":[\"https:\\\/\\\/kibrisdakik.com\\\/?p=80227#respond\"]}]},{\"@type\":\"WebPage\",\"@id\":\"https:\\\/\\\/kibrisdakik.com\\\/?p=80227\",\"url\":\"https:\\\/\\\/kibrisdakik.com\\\/?p=80227\",\"name\":\"G\u0130AD\u2019tan a\u00e7\u0131klama -\",\"isPartOf\":{\"@id\":\"https:\\\/\\\/kibrisdakik.com\\\/#website\"},\"primaryImageOfPage\":{\"@id\":\"https:\\\/\\\/kibrisdakik.com\\\/?p=80227#primaryimage\"},\"image\":{\"@id\":\"https:\\\/\\\/kibrisdakik.com\\\/?p=80227#primaryimage\"},\"thumbnailUrl\":\"https:\\\/\\\/kibrisdakik.com\\\/wp-content\\\/uploads\\\/2025\\\/04\\\/1744707137929GIAD.jpg\",\"datePublished\":\"2025-04-15T09:07:38+00:00\",\"author\":{\"@id\":\"https:\\\/\\\/kibrisdakik.com\\\/#\\\/schema\\\/person\\\/9cd9d437bbb44f72b73ba127e06d8e79\"},\"breadcrumb\":{\"@id\":\"https:\\\/\\\/kibrisdakik.com\\\/?p=80227#breadcrumb\"},\"inLanguage\":\"tr\",\"potentialAction\":[{\"@type\":\"ReadAction\",\"target\":[\"https:\\\/\\\/kibrisdakik.com\\\/?p=80227\"]}]},{\"@type\":\"ImageObject\",\"inLanguage\":\"tr\",\"@id\":\"https:\\\/\\\/kibrisdakik.com\\\/?p=80227#primaryimage\",\"url\":\"https:\\\/\\\/kibrisdakik.com\\\/wp-content\\\/uploads\\\/2025\\\/04\\\/1744707137929GIAD.jpg\",\"contentUrl\":\"https:\\\/\\\/kibrisdakik.com\\\/wp-content\\\/uploads\\\/2025\\\/04\\\/1744707137929GIAD.jpg\",\"width\":320,\"height\":158},{\"@type\":\"BreadcrumbList\",\"@id\":\"https:\\\/\\\/kibrisdakik.com\\\/?p=80227#breadcrumb\",\"itemListElement\":[{\"@type\":\"ListItem\",\"position\":1,\"name\":\"Home\",\"item\":\"https:\\\/\\\/kibrisdakik.com\\\/\"},{\"@type\":\"ListItem\",\"position\":2,\"name\":\"G\u0130AD\u2019tan a\u00e7\u0131klama\"}]},{\"@type\":\"WebSite\",\"@id\":\"https:\\\/\\\/kibrisdakik.com\\\/#website\",\"url\":\"https:\\\/\\\/kibrisdakik.com\\\/\",\"name\":\"\",\"description\":\"Tam vaktinde haber\",\"potentialAction\":[{\"@type\":\"SearchAction\",\"target\":{\"@type\":\"EntryPoint\",\"urlTemplate\":\"https:\\\/\\\/kibrisdakik.com\\\/?s={search_term_string}\"},\"query-input\":{\"@type\":\"PropertyValueSpecification\",\"valueRequired\":true,\"valueName\":\"search_term_string\"}}],\"inLanguage\":\"tr\"},{\"@type\":\"Person\",\"@id\":\"https:\\\/\\\/kibrisdakik.com\\\/#\\\/schema\\\/person\\\/9cd9d437bbb44f72b73ba127e06d8e79\",\"name\":\"admin\",\"image\":{\"@type\":\"ImageObject\",\"inLanguage\":\"tr\",\"@id\":\"https:\\\/\\\/secure.gravatar.com\\\/avatar\\\/ccc17943b9d660506c869530f897617f7cb1c21a4bf30023f252596d83e1f007?s=96&d=mm&r=g\",\"url\":\"https:\\\/\\\/secure.gravatar.com\\\/avatar\\\/ccc17943b9d660506c869530f897617f7cb1c21a4bf30023f252596d83e1f007?s=96&d=mm&r=g\",\"contentUrl\":\"https:\\\/\\\/secure.gravatar.com\\\/avatar\\\/ccc17943b9d660506c869530f897617f7cb1c21a4bf30023f252596d83e1f007?s=96&d=mm&r=g\",\"caption\":\"admin\"},\"sameAs\":[\"https:\\\/\\\/kibrisdakik.com\"],\"url\":\"https:\\\/\\\/kibrisdakik.com\\\/?author=1\"}]}<\/script>\n<!-- \/ Yoast SEO plugin. -->","yoast_head_json":{"title":"G\u0130AD\u2019tan a\u00e7\u0131klama -","robots":{"index":"index","follow":"follow","max-snippet":"max-snippet:-1","max-image-preview":"max-image-preview:large","max-video-preview":"max-video-preview:-1"},"canonical":"https:\/\/kibrisdakik.com\/?p=80227","og_locale":"tr_TR","og_type":"article","og_title":"G\u0130AD\u2019tan a\u00e7\u0131klama -","og_description":"Kuzey K\u0131br\u0131s Gen\u00e7 \u0130\u015f \u0130nsanlar\u0131 Derne\u011fi (G\u0130AD), h\u00fck\u00fcmetin, \u00f6zel sekt\u00f6r \u00e7al\u0131\u015fanlar\u0131 i\u00e7in i\u015fverenlere sa\u011flanan sosyal sigorta prim deste\u011fini sona erdirmesinin piyasada b\u00fcy\u00fck bir maliyet art\u0131\u015f\u0131 yaratt\u0131\u011f\u0131n\u0131 a\u00e7\u0131klad\u0131. G\u0130AD\u2019tan yap\u0131lan yaz\u0131l\u0131 a\u00e7\u0131klamada, ekonomik ko\u015fullar\u0131n her ge\u00e7en g\u00fcn zorla\u015ft\u0131\u011f\u0131, enflasyonun toplumun t\u00fcm kesimlerini bask\u0131 alt\u0131na ald\u0131\u011f\u0131 bu d\u00f6nemde, al\u0131nan her kamusal karar\u0131n etkisinin do\u011frudan piyasada hissedildi\u011fi kaydedildi.","og_url":"https:\/\/kibrisdakik.com\/?p=80227","article_published_time":"2025-04-15T09:07:38+00:00","og_image":[{"width":320,"height":158,"url":"https:\/\/kibrisdakik.com\/wp-content\/uploads\/2025\/04\/1744707137929GIAD.jpg","type":"image\/jpeg"}],"author":"admin","twitter_card":"summary_large_image","twitter_misc":{"Yazan:":"admin","Tahmini okuma s\u00fcresi":"3 dakika"},"schema":{"@context":"https:\/\/schema.org","@graph":[{"@type":"Article","@id":"https:\/\/kibrisdakik.com\/?p=80227#article","isPartOf":{"@id":"https:\/\/kibrisdakik.com\/?p=80227"},"author":{"name":"admin","@id":"https:\/\/kibrisdakik.com\/#\/schema\/person\/9cd9d437bbb44f72b73ba127e06d8e79"},"headline":"G\u0130AD\u2019tan a\u00e7\u0131klama","datePublished":"2025-04-15T09:07:38+00:00","mainEntityOfPage":{"@id":"https:\/\/kibrisdakik.com\/?p=80227"},"wordCount":580,"commentCount":0,"image":{"@id":"https:\/\/kibrisdakik.com\/?p=80227#primaryimage"},"thumbnailUrl":"https:\/\/kibrisdakik.com\/wp-content\/uploads\/2025\/04\/1744707137929GIAD.jpg","articleSection":["K\u0131br\u0131s","Man\u015fet"],"inLanguage":"tr","potentialAction":[{"@type":"CommentAction","name":"Comment","target":["https:\/\/kibrisdakik.com\/?p=80227#respond"]}]},{"@type":"WebPage","@id":"https:\/\/kibrisdakik.com\/?p=80227","url":"https:\/\/kibrisdakik.com\/?p=80227","name":"G\u0130AD\u2019tan a\u00e7\u0131klama -","isPartOf":{"@id":"https:\/\/kibrisdakik.com\/#website"},"primaryImageOfPage":{"@id":"https:\/\/kibrisdakik.com\/?p=80227#primaryimage"},"image":{"@id":"https:\/\/kibrisdakik.com\/?p=80227#primaryimage"},"thumbnailUrl":"https:\/\/kibrisdakik.com\/wp-content\/uploads\/2025\/04\/1744707137929GIAD.jpg","datePublished":"2025-04-15T09:07:38+00:00","author":{"@id":"https:\/\/kibrisdakik.com\/#\/schema\/person\/9cd9d437bbb44f72b73ba127e06d8e79"},"breadcrumb":{"@id":"https:\/\/kibrisdakik.com\/?p=80227#breadcrumb"},"inLanguage":"tr","potentialAction":[{"@type":"ReadAction","target":["https:\/\/kibrisdakik.com\/?p=80227"]}]},{"@type":"ImageObject","inLanguage":"tr","@id":"https:\/\/kibrisdakik.com\/?p=80227#primaryimage","url":"https:\/\/kibrisdakik.com\/wp-content\/uploads\/2025\/04\/1744707137929GIAD.jpg","contentUrl":"https:\/\/kibrisdakik.com\/wp-content\/uploads\/2025\/04\/1744707137929GIAD.jpg","width":320,"height":158},{"@type":"BreadcrumbList","@id":"https:\/\/kibrisdakik.com\/?p=80227#breadcrumb","itemListElement":[{"@type":"ListItem","position":1,"name":"Home","item":"https:\/\/kibrisdakik.com\/"},{"@type":"ListItem","position":2,"name":"G\u0130AD\u2019tan a\u00e7\u0131klama"}]},{"@type":"WebSite","@id":"https:\/\/kibrisdakik.com\/#website","url":"https:\/\/kibrisdakik.com\/","name":"","description":"Tam vaktinde haber","potentialAction":[{"@type":"SearchAction","target":{"@type":"EntryPoint","urlTemplate":"https:\/\/kibrisdakik.com\/?s={search_term_string}"},"query-input":{"@type":"PropertyValueSpecification","valueRequired":true,"valueName":"search_term_string"}}],"inLanguage":"tr"},{"@type":"Person","@id":"https:\/\/kibrisdakik.com\/#\/schema\/person\/9cd9d437bbb44f72b73ba127e06d8e79","name":"admin","image":{"@type":"ImageObject","inLanguage":"tr","@id":"https:\/\/secure.gravatar.com\/avatar\/ccc17943b9d660506c869530f897617f7cb1c21a4bf30023f252596d83e1f007?s=96&d=mm&r=g","url":"https:\/\/secure.gravatar.com\/avatar\/ccc17943b9d660506c869530f897617f7cb1c21a4bf30023f252596d83e1f007?s=96&d=mm&r=g","contentUrl":"https:\/\/secure.gravatar.com\/avatar\/ccc17943b9d660506c869530f897617f7cb1c21a4bf30023f252596d83e1f007?s=96&d=mm&r=g","caption":"admin"},"sameAs":["https:\/\/kibrisdakik.com"],"url":"https:\/\/kibrisdakik.com\/?author=1"}]}},"_links":{"self":[{"href":"https:\/\/kibrisdakik.com\/index.php?rest_route=\/wp\/v2\/posts\/80227","targetHints":{"allow":["GET"]}}],"collection":[{"href":"https:\/\/kibrisdakik.com\/index.php?rest_route=\/wp\/v2\/posts"}],"about":[{"href":"https:\/\/kibrisdakik.com\/index.php?rest_route=\/wp\/v2\/types\/post"}],"author":[{"embeddable":true,"href":"https:\/\/kibrisdakik.com\/index.php?rest_route=\/wp\/v2\/users\/1"}],"replies":[{"embeddable":true,"href":"https:\/\/kibrisdakik.com\/index.php?rest_route=%2Fwp%2Fv2%2Fcomments&post=80227"}],"version-history":[{"count":0,"href":"https:\/\/kibrisdakik.com\/index.php?rest_route=\/wp\/v2\/posts\/80227\/revisions"}],"wp:featuredmedia":[{"embeddable":true,"href":"https:\/\/kibrisdakik.com\/index.php?rest_route=\/wp\/v2\/media\/80228"}],"wp:attachment":[{"href":"https:\/\/kibrisdakik.com\/index.php?rest_route=%2Fwp%2Fv2%2Fmedia&parent=80227"}],"wp:term":[{"taxonomy":"category","embeddable":true,"href":"https:\/\/kibrisdakik.com\/index.php?rest_route=%2Fwp%2Fv2%2Fcategories&post=80227"},{"taxonomy":"post_tag","embeddable":true,"href":"https:\/\/kibrisdakik.com\/index.php?rest_route=%2Fwp%2Fv2%2Ftags&post=80227"}],"curies":[{"name":"wp","href":"https:\/\/api.w.org\/{rel}","templated":true}]}}