{"id":80239,"date":"2025-04-15T13:29:46","date_gmt":"2025-04-15T10:29:46","guid":{"rendered":"https:\/\/kibrisdakik.com\/index.php\/2025\/04\/15\/vakiflarin-kurulusunun-454uncu-ve-ingilizlerden-kibris-turk-toplumuna-devrinin-69uncu-yildonumu-dolayisiyla-toren-duzenlendi\/"},"modified":"2025-04-15T13:29:46","modified_gmt":"2025-04-15T10:29:46","slug":"vakiflarin-kurulusunun-454uncu-ve-ingilizlerden-kibris-turk-toplumuna-devrinin-69uncu-yildonumu-dolayisiyla-toren-duzenlendi","status":"publish","type":"post","link":"https:\/\/kibrisdakik.com\/?p=80239","title":{"rendered":"Vak\u0131flar\u0131n kurulu\u015funun 454\u2019\u00fcnc\u00fc ve \u0130ngilizlerden K\u0131br\u0131s T\u00fcrk toplumuna devrinin 69\u2019uncu y\u0131ld\u00f6n\u00fcm\u00fc dolay\u0131s\u0131yla t\u00f6ren d\u00fczenlendi"},"content":{"rendered":"<div>\n<div class=\"mariselle-image-container center\">\n                                            <\/div>\n<p>Vak\u0131flar\u0131n kurulu\u015funun 454\u2019\u00fcnc\u00fc ve \u0130ngilizlerden K\u0131br\u0131s T\u00fcrk toplumuna devrinin 69\u2019uncu y\u0131ld\u00f6n\u00fcm\u00fc dolay\u0131s\u0131yla Vak\u0131flar \u0130daresi\u2019nde t\u00f6ren d\u00fczenlendi.<\/p>\n<p>K\u0131br\u0131s Vak\u0131flar \u0130daresi\u2019nde yer alan t\u00f6rene Cumhurba\u015fkan\u0131 Ersin Tatar, Ba\u015fbakan \u00dcnal \u00dcstel ve baz\u0131 bakanlar kat\u0131ld\u0131.<br \/>K\u0131br\u0131s Vak\u0131flar \u0130daresi Genel M\u00fcd\u00fcr\u00fc Mustafa T\u00fcmer t\u00f6rende, vak\u0131f mallar\u0131n\u0131n ve y\u00f6netiminin \u0130ngiliz S\u00f6m\u00fcrge Y\u00f6netimi\u2019nden K\u0131br\u0131s T\u00fcrk toplumuna devredili\u015finin 69\u2019uncu y\u0131l\u0131na ula\u015fm\u0131\u015f bulunduklar\u0131n\u0131 belirtti.<\/p>\n<p>\u201cK\u0131br\u0131s\u2019ta Osmanl\u0131 d\u00f6neminden itibaren kurulan vak\u0131flar, y\u00fczy\u0131llar boyunca e\u011fitimden sa\u011fl\u0131\u011fa, yoksulun korunmas\u0131ndan dini yap\u0131lar\u0131n idamesine kadar \u00e7ok geni\u015f bir yelpazede hizmet vermi\u015ftir\u201d diyen T\u00fcmer, 1878\u2019de \u0130ngiliz S\u00f6m\u00fcrge Y\u00f6netimi\u2019nin aday\u0131 y\u00f6netmeye ba\u015flamas\u0131yla birlikte, K\u0131br\u0131s\u2019taki vak\u0131f mallar\u0131n\u0131n da uzun y\u0131llar s\u00fcren ihmal ve k\u00f6t\u00fc y\u00f6netimle kar\u015f\u0131 kar\u015f\u0131ya kald\u0131\u011f\u0131n\u0131 anlatt\u0131.<\/p>\n<p>Cumhurba\u015fkan\u0131 Ersin Tatar da, K\u0131br\u0131s Vak\u0131flar\u0131n\u0131n kurulu\u015funun 454\u2019\u00fcnc\u00fc ve \u0130ngilizlerden K\u0131br\u0131s T\u00fcrk halk\u0131na devrinin 69\u2019uncu y\u0131l d\u00f6n\u00fcm\u00fc dolay\u0131s\u0131yla tarihi binada bir araya geldiklerini ifade etti.<\/p>\n<p>K\u0131br\u0131s Vak\u0131flar \u0130daresi\u2019nin \u00f6nemine de\u011finen Tatar, \u201cVak\u0131flar \u0130daresi\u2019nin KKTC\u2019nin bu noktaya gelmesinde b\u00fcy\u00fck hizmetleri var. Halk\u0131n bir b\u00fct\u00fcn olarak maneviyat\u0131 ve de\u011ferleriyle Kuzey K\u0131br\u0131s Cumhuriyeti\u2019ne y\u00fcr\u00fcnen yolda, buradaki milli de\u011ferlerimizin ve varl\u0131\u011f\u0131m\u0131z\u0131n s\u00fcrd\u00fcr\u00fclmesinde b\u00fcy\u00fck katk\u0131 yapm\u0131\u015ft\u0131r. Bu da bizim de\u011ferimizdir. Milli ve manevi, bir bak\u0131ma \u00f6zg\u00fcrl\u00fc\u011f\u00fcm\u00fcz\u00fcn bir ifadesidir\u201d dedi.<\/p>\n<p>Konu\u015fmalar\u0131n ard\u0131ndan \u201cVak\u0131flar\u0131n Topluma Katk\u0131lar\u0131\u201d konulu ilkokullar aras\u0131 resim yar\u0131\u015fmas\u0131 \u00f6d\u00fcl t\u00f6reni yap\u0131ld\u0131. Dereceye giren \u00f6\u011frencilere \u00f6d\u00fcl ve j\u00fcri \u00fcyelerine de plaketleri takdim edildi.<\/p>\n<\/p><\/div>\n<p><script async\n                    defer\n                    crossorigin=\"anonymous\"\n                    src=\"https:\/\/connect.facebook.net\/tr_TR\/sdk.js#xfbml=1&#038;version=v3.3\"\n            ><\/script><\/p>\n","protected":false},"excerpt":{"rendered":"<p>Vak\u0131flar\u0131n kurulu\u015funun 454\u2019\u00fcnc\u00fc ve \u0130ngilizlerden K\u0131br\u0131s T\u00fcrk toplumuna devrinin 69\u2019uncu y\u0131ld\u00f6n\u00fcm\u00fc dolay\u0131s\u0131yla Vak\u0131flar \u0130daresi\u2019nde t\u00f6ren d\u00fczenlendi. K\u0131br\u0131s Vak\u0131flar \u0130daresi\u2019nde yer alan t\u00f6rene Cumhurba\u015fkan\u0131 Ersin Tatar, Ba\u015fbakan \u00dcnal \u00dcstel ve baz\u0131 bakanlar kat\u0131ld\u0131.K\u0131br\u0131s Vak\u0131flar \u0130daresi Genel M\u00fcd\u00fcr\u00fc Mustafa T\u00fcmer t\u00f6rende, vak\u0131f mallar\u0131n\u0131n ve y\u00f6netiminin \u0130ngiliz S\u00f6m\u00fcrge Y\u00f6netimi\u2019nden K\u0131br\u0131s T\u00fcrk toplumuna devredili\u015finin 69\u2019uncu y\u0131l\u0131na ula\u015fm\u0131\u015f bulunduklar\u0131n\u0131 belirtti.<\/p>\n","protected":false},"author":1,"featured_media":80240,"comment_status":"open","ping_status":"open","sticky":false,"template":"","format":"standard","meta":{"footnotes":""},"categories":[81,101],"tags":[],"class_list":["post-80239","post","type-post","status-publish","format-standard","has-post-thumbnail","hentry","category-kibris","category-manset"],"yoast_head":"<!-- This site is optimized with the Yoast SEO plugin v27.5 - https:\/\/yoast.com\/product\/yoast-seo-wordpress\/ -->\n<title>Vak\u0131flar\u0131n kurulu\u015funun 454\u2019\u00fcnc\u00fc ve \u0130ngilizlerden K\u0131br\u0131s T\u00fcrk toplumuna devrinin 69\u2019uncu y\u0131ld\u00f6n\u00fcm\u00fc dolay\u0131s\u0131yla t\u00f6ren d\u00fczenlendi -<\/title>\n<meta name=\"robots\" content=\"index, follow, max-snippet:-1, max-image-preview:large, max-video-preview:-1\" \/>\n<link rel=\"canonical\" href=\"https:\/\/kibrisdakik.com\/?p=80239\" \/>\n<meta property=\"og:locale\" content=\"tr_TR\" \/>\n<meta property=\"og:type\" content=\"article\" \/>\n<meta property=\"og:title\" content=\"Vak\u0131flar\u0131n kurulu\u015funun 454\u2019\u00fcnc\u00fc ve \u0130ngilizlerden K\u0131br\u0131s T\u00fcrk toplumuna devrinin 69\u2019uncu y\u0131ld\u00f6n\u00fcm\u00fc dolay\u0131s\u0131yla t\u00f6ren d\u00fczenlendi -\" \/>\n<meta property=\"og:description\" content=\"Vak\u0131flar\u0131n kurulu\u015funun 454\u2019\u00fcnc\u00fc ve \u0130ngilizlerden K\u0131br\u0131s T\u00fcrk toplumuna devrinin 69\u2019uncu y\u0131ld\u00f6n\u00fcm\u00fc dolay\u0131s\u0131yla Vak\u0131flar \u0130daresi\u2019nde t\u00f6ren d\u00fczenlendi. K\u0131br\u0131s Vak\u0131flar \u0130daresi\u2019nde yer alan t\u00f6rene Cumhurba\u015fkan\u0131 Ersin Tatar, Ba\u015fbakan \u00dcnal \u00dcstel ve baz\u0131 bakanlar kat\u0131ld\u0131.K\u0131br\u0131s Vak\u0131flar \u0130daresi Genel M\u00fcd\u00fcr\u00fc Mustafa T\u00fcmer t\u00f6rende, vak\u0131f mallar\u0131n\u0131n ve y\u00f6netiminin \u0130ngiliz S\u00f6m\u00fcrge Y\u00f6netimi\u2019nden K\u0131br\u0131s T\u00fcrk toplumuna devredili\u015finin 69\u2019uncu y\u0131l\u0131na ula\u015fm\u0131\u015f bulunduklar\u0131n\u0131 belirtti.\" \/>\n<meta property=\"og:url\" content=\"https:\/\/kibrisdakik.com\/?p=80239\" \/>\n<meta property=\"article:published_time\" content=\"2025-04-15T10:29:46+00:00\" \/>\n<meta property=\"og:image\" content=\"https:\/\/kibrisdakik.com\/wp-content\/uploads\/2025\/04\/20938921082-740x420.jpg\" \/>\n\t<meta property=\"og:image:width\" content=\"949\" \/>\n\t<meta property=\"og:image:height\" content=\"559\" \/>\n\t<meta property=\"og:image:type\" content=\"image\/jpeg\" \/>\n<meta name=\"author\" content=\"admin\" \/>\n<meta name=\"twitter:card\" content=\"summary_large_image\" \/>\n<meta name=\"twitter:label1\" content=\"Yazan:\" \/>\n\t<meta name=\"twitter:data1\" content=\"admin\" \/>\n\t<meta name=\"twitter:label2\" content=\"Tahmini okuma s\u00fcresi\" \/>\n\t<meta name=\"twitter:data2\" content=\"2 dakika\" \/>\n<script type=\"application\/ld+json\" class=\"yoast-schema-graph\">{\"@context\":\"https:\\\/\\\/schema.org\",\"@graph\":[{\"@type\":\"Article\",\"@id\":\"https:\\\/\\\/kibrisdakik.com\\\/?p=80239#article\",\"isPartOf\":{\"@id\":\"https:\\\/\\\/kibrisdakik.com\\\/?p=80239\"},\"author\":{\"name\":\"admin\",\"@id\":\"https:\\\/\\\/kibrisdakik.com\\\/#\\\/schema\\\/person\\\/9cd9d437bbb44f72b73ba127e06d8e79\"},\"headline\":\"Vak\u0131flar\u0131n kurulu\u015funun 454\u2019\u00fcnc\u00fc ve \u0130ngilizlerden K\u0131br\u0131s T\u00fcrk toplumuna devrinin 69\u2019uncu y\u0131ld\u00f6n\u00fcm\u00fc dolay\u0131s\u0131yla t\u00f6ren d\u00fczenlendi\",\"datePublished\":\"2025-04-15T10:29:46+00:00\",\"mainEntityOfPage\":{\"@id\":\"https:\\\/\\\/kibrisdakik.com\\\/?p=80239\"},\"wordCount\":372,\"commentCount\":0,\"image\":{\"@id\":\"https:\\\/\\\/kibrisdakik.com\\\/?p=80239#primaryimage\"},\"thumbnailUrl\":\"https:\\\/\\\/kibrisdakik.com\\\/wp-content\\\/uploads\\\/2025\\\/04\\\/20938921082-740x420.jpg\",\"articleSection\":[\"K\u0131br\u0131s\",\"Man\u015fet\"],\"inLanguage\":\"tr\",\"potentialAction\":[{\"@type\":\"CommentAction\",\"name\":\"Comment\",\"target\":[\"https:\\\/\\\/kibrisdakik.com\\\/?p=80239#respond\"]}]},{\"@type\":\"WebPage\",\"@id\":\"https:\\\/\\\/kibrisdakik.com\\\/?p=80239\",\"url\":\"https:\\\/\\\/kibrisdakik.com\\\/?p=80239\",\"name\":\"Vak\u0131flar\u0131n kurulu\u015funun 454\u2019\u00fcnc\u00fc ve \u0130ngilizlerden K\u0131br\u0131s T\u00fcrk toplumuna devrinin 69\u2019uncu y\u0131ld\u00f6n\u00fcm\u00fc dolay\u0131s\u0131yla t\u00f6ren d\u00fczenlendi -\",\"isPartOf\":{\"@id\":\"https:\\\/\\\/kibrisdakik.com\\\/#website\"},\"primaryImageOfPage\":{\"@id\":\"https:\\\/\\\/kibrisdakik.com\\\/?p=80239#primaryimage\"},\"image\":{\"@id\":\"https:\\\/\\\/kibrisdakik.com\\\/?p=80239#primaryimage\"},\"thumbnailUrl\":\"https:\\\/\\\/kibrisdakik.com\\\/wp-content\\\/uploads\\\/2025\\\/04\\\/20938921082-740x420.jpg\",\"datePublished\":\"2025-04-15T10:29:46+00:00\",\"author\":{\"@id\":\"https:\\\/\\\/kibrisdakik.com\\\/#\\\/schema\\\/person\\\/9cd9d437bbb44f72b73ba127e06d8e79\"},\"breadcrumb\":{\"@id\":\"https:\\\/\\\/kibrisdakik.com\\\/?p=80239#breadcrumb\"},\"inLanguage\":\"tr\",\"potentialAction\":[{\"@type\":\"ReadAction\",\"target\":[\"https:\\\/\\\/kibrisdakik.com\\\/?p=80239\"]}]},{\"@type\":\"ImageObject\",\"inLanguage\":\"tr\",\"@id\":\"https:\\\/\\\/kibrisdakik.com\\\/?p=80239#primaryimage\",\"url\":\"https:\\\/\\\/kibrisdakik.com\\\/wp-content\\\/uploads\\\/2025\\\/04\\\/20938921082-740x420.jpg\",\"contentUrl\":\"https:\\\/\\\/kibrisdakik.com\\\/wp-content\\\/uploads\\\/2025\\\/04\\\/20938921082-740x420.jpg\",\"width\":949,\"height\":559},{\"@type\":\"BreadcrumbList\",\"@id\":\"https:\\\/\\\/kibrisdakik.com\\\/?p=80239#breadcrumb\",\"itemListElement\":[{\"@type\":\"ListItem\",\"position\":1,\"name\":\"Home\",\"item\":\"https:\\\/\\\/kibrisdakik.com\\\/\"},{\"@type\":\"ListItem\",\"position\":2,\"name\":\"Vak\u0131flar\u0131n kurulu\u015funun 454\u2019\u00fcnc\u00fc ve \u0130ngilizlerden K\u0131br\u0131s T\u00fcrk toplumuna devrinin 69\u2019uncu y\u0131ld\u00f6n\u00fcm\u00fc dolay\u0131s\u0131yla t\u00f6ren d\u00fczenlendi\"}]},{\"@type\":\"WebSite\",\"@id\":\"https:\\\/\\\/kibrisdakik.com\\\/#website\",\"url\":\"https:\\\/\\\/kibrisdakik.com\\\/\",\"name\":\"\",\"description\":\"Tam vaktinde haber\",\"potentialAction\":[{\"@type\":\"SearchAction\",\"target\":{\"@type\":\"EntryPoint\",\"urlTemplate\":\"https:\\\/\\\/kibrisdakik.com\\\/?s={search_term_string}\"},\"query-input\":{\"@type\":\"PropertyValueSpecification\",\"valueRequired\":true,\"valueName\":\"search_term_string\"}}],\"inLanguage\":\"tr\"},{\"@type\":\"Person\",\"@id\":\"https:\\\/\\\/kibrisdakik.com\\\/#\\\/schema\\\/person\\\/9cd9d437bbb44f72b73ba127e06d8e79\",\"name\":\"admin\",\"image\":{\"@type\":\"ImageObject\",\"inLanguage\":\"tr\",\"@id\":\"https:\\\/\\\/secure.gravatar.com\\\/avatar\\\/ccc17943b9d660506c869530f897617f7cb1c21a4bf30023f252596d83e1f007?s=96&d=mm&r=g\",\"url\":\"https:\\\/\\\/secure.gravatar.com\\\/avatar\\\/ccc17943b9d660506c869530f897617f7cb1c21a4bf30023f252596d83e1f007?s=96&d=mm&r=g\",\"contentUrl\":\"https:\\\/\\\/secure.gravatar.com\\\/avatar\\\/ccc17943b9d660506c869530f897617f7cb1c21a4bf30023f252596d83e1f007?s=96&d=mm&r=g\",\"caption\":\"admin\"},\"sameAs\":[\"https:\\\/\\\/kibrisdakik.com\"],\"url\":\"https:\\\/\\\/kibrisdakik.com\\\/?author=1\"}]}<\/script>\n<!-- \/ Yoast SEO plugin. -->","yoast_head_json":{"title":"Vak\u0131flar\u0131n kurulu\u015funun 454\u2019\u00fcnc\u00fc ve \u0130ngilizlerden K\u0131br\u0131s T\u00fcrk toplumuna devrinin 69\u2019uncu y\u0131ld\u00f6n\u00fcm\u00fc dolay\u0131s\u0131yla t\u00f6ren d\u00fczenlendi -","robots":{"index":"index","follow":"follow","max-snippet":"max-snippet:-1","max-image-preview":"max-image-preview:large","max-video-preview":"max-video-preview:-1"},"canonical":"https:\/\/kibrisdakik.com\/?p=80239","og_locale":"tr_TR","og_type":"article","og_title":"Vak\u0131flar\u0131n kurulu\u015funun 454\u2019\u00fcnc\u00fc ve \u0130ngilizlerden K\u0131br\u0131s T\u00fcrk toplumuna devrinin 69\u2019uncu y\u0131ld\u00f6n\u00fcm\u00fc dolay\u0131s\u0131yla t\u00f6ren d\u00fczenlendi -","og_description":"Vak\u0131flar\u0131n kurulu\u015funun 454\u2019\u00fcnc\u00fc ve \u0130ngilizlerden K\u0131br\u0131s T\u00fcrk toplumuna devrinin 69\u2019uncu y\u0131ld\u00f6n\u00fcm\u00fc dolay\u0131s\u0131yla Vak\u0131flar \u0130daresi\u2019nde t\u00f6ren d\u00fczenlendi. K\u0131br\u0131s Vak\u0131flar \u0130daresi\u2019nde yer alan t\u00f6rene Cumhurba\u015fkan\u0131 Ersin Tatar, Ba\u015fbakan \u00dcnal \u00dcstel ve baz\u0131 bakanlar kat\u0131ld\u0131.K\u0131br\u0131s Vak\u0131flar \u0130daresi Genel M\u00fcd\u00fcr\u00fc Mustafa T\u00fcmer t\u00f6rende, vak\u0131f mallar\u0131n\u0131n ve y\u00f6netiminin \u0130ngiliz S\u00f6m\u00fcrge Y\u00f6netimi\u2019nden K\u0131br\u0131s T\u00fcrk toplumuna devredili\u015finin 69\u2019uncu y\u0131l\u0131na ula\u015fm\u0131\u015f bulunduklar\u0131n\u0131 belirtti.","og_url":"https:\/\/kibrisdakik.com\/?p=80239","article_published_time":"2025-04-15T10:29:46+00:00","og_image":[{"width":949,"height":559,"url":"https:\/\/kibrisdakik.com\/wp-content\/uploads\/2025\/04\/20938921082-740x420.jpg","type":"image\/jpeg"}],"author":"admin","twitter_card":"summary_large_image","twitter_misc":{"Yazan:":"admin","Tahmini okuma s\u00fcresi":"2 dakika"},"schema":{"@context":"https:\/\/schema.org","@graph":[{"@type":"Article","@id":"https:\/\/kibrisdakik.com\/?p=80239#article","isPartOf":{"@id":"https:\/\/kibrisdakik.com\/?p=80239"},"author":{"name":"admin","@id":"https:\/\/kibrisdakik.com\/#\/schema\/person\/9cd9d437bbb44f72b73ba127e06d8e79"},"headline":"Vak\u0131flar\u0131n kurulu\u015funun 454\u2019\u00fcnc\u00fc ve \u0130ngilizlerden K\u0131br\u0131s T\u00fcrk toplumuna devrinin 69\u2019uncu y\u0131ld\u00f6n\u00fcm\u00fc dolay\u0131s\u0131yla t\u00f6ren d\u00fczenlendi","datePublished":"2025-04-15T10:29:46+00:00","mainEntityOfPage":{"@id":"https:\/\/kibrisdakik.com\/?p=80239"},"wordCount":372,"commentCount":0,"image":{"@id":"https:\/\/kibrisdakik.com\/?p=80239#primaryimage"},"thumbnailUrl":"https:\/\/kibrisdakik.com\/wp-content\/uploads\/2025\/04\/20938921082-740x420.jpg","articleSection":["K\u0131br\u0131s","Man\u015fet"],"inLanguage":"tr","potentialAction":[{"@type":"CommentAction","name":"Comment","target":["https:\/\/kibrisdakik.com\/?p=80239#respond"]}]},{"@type":"WebPage","@id":"https:\/\/kibrisdakik.com\/?p=80239","url":"https:\/\/kibrisdakik.com\/?p=80239","name":"Vak\u0131flar\u0131n kurulu\u015funun 454\u2019\u00fcnc\u00fc ve \u0130ngilizlerden K\u0131br\u0131s T\u00fcrk toplumuna devrinin 69\u2019uncu y\u0131ld\u00f6n\u00fcm\u00fc dolay\u0131s\u0131yla t\u00f6ren d\u00fczenlendi -","isPartOf":{"@id":"https:\/\/kibrisdakik.com\/#website"},"primaryImageOfPage":{"@id":"https:\/\/kibrisdakik.com\/?p=80239#primaryimage"},"image":{"@id":"https:\/\/kibrisdakik.com\/?p=80239#primaryimage"},"thumbnailUrl":"https:\/\/kibrisdakik.com\/wp-content\/uploads\/2025\/04\/20938921082-740x420.jpg","datePublished":"2025-04-15T10:29:46+00:00","author":{"@id":"https:\/\/kibrisdakik.com\/#\/schema\/person\/9cd9d437bbb44f72b73ba127e06d8e79"},"breadcrumb":{"@id":"https:\/\/kibrisdakik.com\/?p=80239#breadcrumb"},"inLanguage":"tr","potentialAction":[{"@type":"ReadAction","target":["https:\/\/kibrisdakik.com\/?p=80239"]}]},{"@type":"ImageObject","inLanguage":"tr","@id":"https:\/\/kibrisdakik.com\/?p=80239#primaryimage","url":"https:\/\/kibrisdakik.com\/wp-content\/uploads\/2025\/04\/20938921082-740x420.jpg","contentUrl":"https:\/\/kibrisdakik.com\/wp-content\/uploads\/2025\/04\/20938921082-740x420.jpg","width":949,"height":559},{"@type":"BreadcrumbList","@id":"https:\/\/kibrisdakik.com\/?p=80239#breadcrumb","itemListElement":[{"@type":"ListItem","position":1,"name":"Home","item":"https:\/\/kibrisdakik.com\/"},{"@type":"ListItem","position":2,"name":"Vak\u0131flar\u0131n kurulu\u015funun 454\u2019\u00fcnc\u00fc ve \u0130ngilizlerden K\u0131br\u0131s T\u00fcrk toplumuna devrinin 69\u2019uncu y\u0131ld\u00f6n\u00fcm\u00fc dolay\u0131s\u0131yla t\u00f6ren d\u00fczenlendi"}]},{"@type":"WebSite","@id":"https:\/\/kibrisdakik.com\/#website","url":"https:\/\/kibrisdakik.com\/","name":"","description":"Tam vaktinde haber","potentialAction":[{"@type":"SearchAction","target":{"@type":"EntryPoint","urlTemplate":"https:\/\/kibrisdakik.com\/?s={search_term_string}"},"query-input":{"@type":"PropertyValueSpecification","valueRequired":true,"valueName":"search_term_string"}}],"inLanguage":"tr"},{"@type":"Person","@id":"https:\/\/kibrisdakik.com\/#\/schema\/person\/9cd9d437bbb44f72b73ba127e06d8e79","name":"admin","image":{"@type":"ImageObject","inLanguage":"tr","@id":"https:\/\/secure.gravatar.com\/avatar\/ccc17943b9d660506c869530f897617f7cb1c21a4bf30023f252596d83e1f007?s=96&d=mm&r=g","url":"https:\/\/secure.gravatar.com\/avatar\/ccc17943b9d660506c869530f897617f7cb1c21a4bf30023f252596d83e1f007?s=96&d=mm&r=g","contentUrl":"https:\/\/secure.gravatar.com\/avatar\/ccc17943b9d660506c869530f897617f7cb1c21a4bf30023f252596d83e1f007?s=96&d=mm&r=g","caption":"admin"},"sameAs":["https:\/\/kibrisdakik.com"],"url":"https:\/\/kibrisdakik.com\/?author=1"}]}},"_links":{"self":[{"href":"https:\/\/kibrisdakik.com\/index.php?rest_route=\/wp\/v2\/posts\/80239","targetHints":{"allow":["GET"]}}],"collection":[{"href":"https:\/\/kibrisdakik.com\/index.php?rest_route=\/wp\/v2\/posts"}],"about":[{"href":"https:\/\/kibrisdakik.com\/index.php?rest_route=\/wp\/v2\/types\/post"}],"author":[{"embeddable":true,"href":"https:\/\/kibrisdakik.com\/index.php?rest_route=\/wp\/v2\/users\/1"}],"replies":[{"embeddable":true,"href":"https:\/\/kibrisdakik.com\/index.php?rest_route=%2Fwp%2Fv2%2Fcomments&post=80239"}],"version-history":[{"count":0,"href":"https:\/\/kibrisdakik.com\/index.php?rest_route=\/wp\/v2\/posts\/80239\/revisions"}],"wp:featuredmedia":[{"embeddable":true,"href":"https:\/\/kibrisdakik.com\/index.php?rest_route=\/wp\/v2\/media\/80240"}],"wp:attachment":[{"href":"https:\/\/kibrisdakik.com\/index.php?rest_route=%2Fwp%2Fv2%2Fmedia&parent=80239"}],"wp:term":[{"taxonomy":"category","embeddable":true,"href":"https:\/\/kibrisdakik.com\/index.php?rest_route=%2Fwp%2Fv2%2Fcategories&post=80239"},{"taxonomy":"post_tag","embeddable":true,"href":"https:\/\/kibrisdakik.com\/index.php?rest_route=%2Fwp%2Fv2%2Ftags&post=80239"}],"curies":[{"name":"wp","href":"https:\/\/api.w.org\/{rel}","templated":true}]}}