{"id":80256,"date":"2025-04-15T16:21:18","date_gmt":"2025-04-15T13:21:18","guid":{"rendered":"https:\/\/kibrisdakik.com\/index.php\/2025\/04\/15\/hasipoglu-turk-devletleri-teskilatiyla-ilgili-gelismeleri-yakindan-takip-ediyoruz\/"},"modified":"2025-04-15T16:21:18","modified_gmt":"2025-04-15T13:21:18","slug":"hasipoglu-turk-devletleri-teskilatiyla-ilgili-gelismeleri-yakindan-takip-ediyoruz","status":"publish","type":"post","link":"https:\/\/kibrisdakik.com\/?p=80256","title":{"rendered":"Hasipo\u011flu: T\u00fcrk Devletleri Te\u015fkilat\u0131\u2019yla ilgili geli\u015fmeleri yak\u0131ndan takip ediyoruz"},"content":{"rendered":"<div>\n<div class=\"mariselle-image-container center\">\n                                            <\/div>\n<p>Ulusal Birlik Partisi (UBP) Genel Sekreteri O\u011fuzhan Hasipo\u011flu, Kazakistan, \u00d6zbekistan, K\u0131rg\u0131zistan ve T\u00fcrkmenistan\u2019\u0131n Avrupa Birli\u011fi (AB) ile yapt\u0131\u011f\u0131 anla\u015fmaya y\u00f6nelik bir a\u00e7\u0131klama yaparak, \u201cT\u00fcrk Devletleri Te\u015fkilat\u0131\u2019yla ilgili geli\u015fmeleri ana vatan T\u00fcrkiye\u2019mizle koordinasyon i\u00e7erisinde yak\u0131ndan takip etmekteyiz\u201d dedi.<\/p>\n<p>O\u011fuzhan Hasipo\u011flu a\u00e7\u012fklamas\u0131nda,\u201d\u00d6ncelikle \u015funu belirtmekte fayda g\u00f6r\u00fcyoruz ki; T\u00fcrk Devletler, Te\u015fkilat\u0131 ile ilgili geli\u015fmeleri Anavatan T\u00fcrkiyemizle koordinasyon i\u00e7erisinde yak\u0131ndan takip etmekteyiz.<\/p>\n<p>Her devletin \u00f6ncelikli menfaatleriyle hareket etti\u011fi ger\u00e7e\u011fini g\u00f6zard\u0131 etmeden, ama mevcut duruma da saplan\u0131p kalmadan diplomatik giri\u015fimlerimizi yak\u0131n zamanda kamuoyu g\u00f6recektir.   <\/p>\n<p>Tart\u0131\u015fmalar\u0131n alevlendi\u011fini d\u00f6nemde, T\u00fcrk Devletleri Te\u015fkilat\u0131 \u00dcyesi Azerbaycan\u2019\u0131n Cumhurba\u015fkan\u0131 Say\u0131n \u0130lham Aliyev\u2019in, Cumhurba\u015fkan\u0131m\u0131z Say\u0131n Ersin Tatar ile Antalya Diplomasi Forumu marj\u0131nda yapm\u0131\u015f oldu\u011fu ikili g\u00f6r\u00fc\u015fmenin, gelecek a\u00e7\u0131s\u0131ndan \u00f6nemli mesajlar i\u00e7erdi\u011fini g\u00f6rmezden gelemeyiz. <\/p>\n<p>T\u00fcrk Devletleri Te\u015fkilat\u0131 s\u00fcrecini, i\u00e7 siyasi malzeme ve Cumhurba\u015fkanl\u0131\u011f\u0131 Se\u00e7imi i\u00e7in malzeme etmeye \u00e7al\u0131\u015fanlar\u0131n k\u0131zg\u0131nl\u0131\u011f\u0131n\u0131n, \u00f6\u011fretilmi\u015f \u00e7aresizlik gibi federal \u00e7aresizli\u011fe hapsolmalar\u0131ndan kaynakl\u0131 tepki olarak nitelendiriyoruz. <\/p>\n<p>Federal \u00c7\u00f6z\u00fcm S\u00fcrecinin 2017\u2019de rafa kalkt\u0131\u011f\u0131 ortada iken, T\u00fcrkiye Cumhurba\u015fkan\u0131 Say\u0131n Erdo\u011fan\u2019\u0131n BM Genel Kurulu\u2019nda KKTC\u2019yi tan\u0131y\u0131n \u00e7a\u011fr\u0131lar\u0131 daha belleklerimizdeki yerini korurken, T\u00fcrkiye\u2019nin TDT \u00e7abalar\u0131 her ge\u00e7en g\u00fcn artarken, bunlar\u0131 yok say\u0131p kabul edilmeyecek federal s\u00fcre\u00e7leri g\u00fcndeme getirmeye \u00e7al\u0131\u015fman\u0131n K\u0131br\u0131s T\u00fcrk Halk\u0131\u2019na bir yarar sa\u011flamayaca\u011f\u0131 ortadad\u0131r. <\/p>\n<p>Ana muhalefet CTP Genel Ba\u015fkan\u0131 Say\u0131n Tufan Erh\u00fcrman\u2019a, Meclis Genel Kurulu\u2019nda da s\u00f6yledi\u011fim gibi, ge\u00e7mi\u015fte y\u0131llarca federasyonu g\u00f6r\u00fc\u015f\u00fcp, Rum taraf\u0131n\u0131n payla\u015f\u0131mc\u0131 olmayan zihniyetini g\u00f6rmemek, ger\u00e7ekleri g\u00f6rmemek demektir.<\/p>\n<p>Di\u011fer bir anlat\u0131mla \u2018Duvara Toslamakt\u0131r. M\u00fczakere masas\u0131nda federasyonu g\u00f6r\u00fc\u015f\u00fcrken de Rum taraf\u0131 m\u00fclkiyet meselesinde bizleri k\u00f6\u015feye s\u0131k\u0131\u015ft\u0131rmaya \u00e7al\u0131\u015fmad\u0131 m\u0131 ? \u00d6rnek mi? Orams Davas\u0131\u2026<br \/>Bug\u00fcn de egemen e\u015fitli\u011fimizi savunuyoruz diye Rum taraf\u0131 tutuklamalar\u0131 ba\u015flatt\u0131 iddias\u0131 tam bir safsatadan ibarettir. <\/p>\n<p>Rum taraf\u0131 maalesef hi\u00e7bir zaman bizim ekonomimizin geli\u015fmesini ve adan\u0131n zenginli\u011fini \u2013 y\u00f6netimini payla\u015fmak istememi\u015ftir.<\/p>\n<p>Bu ger\u00e7e\u011fi g\u00f6rmezden gelip, se\u00e7im u\u011fruna halka ge\u00e7ersiz umut da\u011f\u0131tman\u0131n sonucu 2004 Y\u0131l\u0131\u2019ndaki Annan Plan\u0131 sonras\u0131 s\u00fcre\u00e7 olacakt\u0131r\u201d dedi.<\/p>\n<\/p><\/div>\n<p><script async\n                    defer\n                    crossorigin=\"anonymous\"\n                    src=\"https:\/\/connect.facebook.net\/tr_TR\/sdk.js#xfbml=1&#038;version=v3.3\"\n            ><\/script><\/p>\n","protected":false},"excerpt":{"rendered":"<p>Ulusal Birlik Partisi (UBP) Genel Sekreteri O\u011fuzhan Hasipo\u011flu, Kazakistan, \u00d6zbekistan, K\u0131rg\u0131zistan ve T\u00fcrkmenistan\u2019\u0131n Avrupa Birli\u011fi (AB) ile yapt\u0131\u011f\u0131 anla\u015fmaya y\u00f6nelik bir a\u00e7\u0131klama yaparak, \u201cT\u00fcrk Devletleri Te\u015fkilat\u0131\u2019yla ilgili geli\u015fmeleri ana vatan T\u00fcrkiye\u2019mizle koordinasyon i\u00e7erisinde yak\u0131ndan takip etmekteyiz\u201d dedi. O\u011fuzhan Hasipo\u011flu a\u00e7\u012fklamas\u0131nda,\u201d\u00d6ncelikle \u015funu belirtmekte fayda g\u00f6r\u00fcyoruz ki; T\u00fcrk Devletler, Te\u015fkilat\u0131 ile ilgili geli\u015fmeleri Anavatan T\u00fcrkiyemizle koordinasyon i\u00e7erisinde<\/p>\n","protected":false},"author":1,"featured_media":74294,"comment_status":"open","ping_status":"open","sticky":false,"template":"","format":"standard","meta":{"footnotes":""},"categories":[81,101],"tags":[],"class_list":["post-80256","post","type-post","status-publish","format-standard","has-post-thumbnail","hentry","category-kibris","category-manset"],"yoast_head":"<!-- This site is optimized with the Yoast SEO plugin v27.5 - https:\/\/yoast.com\/product\/yoast-seo-wordpress\/ -->\n<title>Hasipo\u011flu: T\u00fcrk Devletleri Te\u015fkilat\u0131\u2019yla ilgili geli\u015fmeleri yak\u0131ndan takip ediyoruz -<\/title>\n<meta name=\"robots\" content=\"index, follow, max-snippet:-1, max-image-preview:large, max-video-preview:-1\" \/>\n<link rel=\"canonical\" href=\"https:\/\/kibrisdakik.com\/?p=80256\" \/>\n<meta property=\"og:locale\" content=\"tr_TR\" \/>\n<meta property=\"og:type\" content=\"article\" \/>\n<meta property=\"og:title\" content=\"Hasipo\u011flu: T\u00fcrk Devletleri Te\u015fkilat\u0131\u2019yla ilgili geli\u015fmeleri yak\u0131ndan takip ediyoruz -\" \/>\n<meta property=\"og:description\" content=\"Ulusal Birlik Partisi (UBP) Genel Sekreteri O\u011fuzhan Hasipo\u011flu, Kazakistan, \u00d6zbekistan, K\u0131rg\u0131zistan ve T\u00fcrkmenistan\u2019\u0131n Avrupa Birli\u011fi (AB) ile yapt\u0131\u011f\u0131 anla\u015fmaya y\u00f6nelik bir a\u00e7\u0131klama yaparak, \u201cT\u00fcrk Devletleri Te\u015fkilat\u0131\u2019yla ilgili geli\u015fmeleri ana vatan T\u00fcrkiye\u2019mizle koordinasyon i\u00e7erisinde yak\u0131ndan takip etmekteyiz\u201d dedi. O\u011fuzhan Hasipo\u011flu a\u00e7\u012fklamas\u0131nda,\u201d\u00d6ncelikle \u015funu belirtmekte fayda g\u00f6r\u00fcyoruz ki; T\u00fcrk Devletler, Te\u015fkilat\u0131 ile ilgili geli\u015fmeleri Anavatan T\u00fcrkiyemizle koordinasyon i\u00e7erisinde\" \/>\n<meta property=\"og:url\" content=\"https:\/\/kibrisdakik.com\/?p=80256\" \/>\n<meta property=\"article:published_time\" content=\"2025-04-15T13:21:18+00:00\" \/>\n<meta property=\"og:image\" content=\"https:\/\/kibrisdakik.com\/wp-content\/uploads\/2025\/01\/HASIPOGLU-740x420.png\" \/>\n\t<meta property=\"og:image:width\" content=\"1017\" \/>\n\t<meta property=\"og:image:height\" content=\"675\" \/>\n\t<meta property=\"og:image:type\" content=\"image\/png\" \/>\n<meta name=\"author\" content=\"admin\" \/>\n<meta name=\"twitter:card\" content=\"summary_large_image\" \/>\n<meta name=\"twitter:label1\" content=\"Yazan:\" \/>\n\t<meta name=\"twitter:data1\" content=\"admin\" \/>\n\t<meta name=\"twitter:label2\" content=\"Tahmini okuma s\u00fcresi\" \/>\n\t<meta name=\"twitter:data2\" content=\"2 dakika\" \/>\n<script type=\"application\/ld+json\" class=\"yoast-schema-graph\">{\"@context\":\"https:\\\/\\\/schema.org\",\"@graph\":[{\"@type\":\"Article\",\"@id\":\"https:\\\/\\\/kibrisdakik.com\\\/?p=80256#article\",\"isPartOf\":{\"@id\":\"https:\\\/\\\/kibrisdakik.com\\\/?p=80256\"},\"author\":{\"name\":\"admin\",\"@id\":\"https:\\\/\\\/kibrisdakik.com\\\/#\\\/schema\\\/person\\\/9cd9d437bbb44f72b73ba127e06d8e79\"},\"headline\":\"Hasipo\u011flu: T\u00fcrk Devletleri Te\u015fkilat\u0131\u2019yla ilgili geli\u015fmeleri yak\u0131ndan takip ediyoruz\",\"datePublished\":\"2025-04-15T13:21:18+00:00\",\"mainEntityOfPage\":{\"@id\":\"https:\\\/\\\/kibrisdakik.com\\\/?p=80256\"},\"wordCount\":453,\"commentCount\":0,\"image\":{\"@id\":\"https:\\\/\\\/kibrisdakik.com\\\/?p=80256#primaryimage\"},\"thumbnailUrl\":\"https:\\\/\\\/kibrisdakik.com\\\/wp-content\\\/uploads\\\/2025\\\/01\\\/HASIPOGLU-740x420.png\",\"articleSection\":[\"K\u0131br\u0131s\",\"Man\u015fet\"],\"inLanguage\":\"tr\",\"potentialAction\":[{\"@type\":\"CommentAction\",\"name\":\"Comment\",\"target\":[\"https:\\\/\\\/kibrisdakik.com\\\/?p=80256#respond\"]}]},{\"@type\":\"WebPage\",\"@id\":\"https:\\\/\\\/kibrisdakik.com\\\/?p=80256\",\"url\":\"https:\\\/\\\/kibrisdakik.com\\\/?p=80256\",\"name\":\"Hasipo\u011flu: T\u00fcrk Devletleri Te\u015fkilat\u0131\u2019yla ilgili geli\u015fmeleri yak\u0131ndan takip ediyoruz -\",\"isPartOf\":{\"@id\":\"https:\\\/\\\/kibrisdakik.com\\\/#website\"},\"primaryImageOfPage\":{\"@id\":\"https:\\\/\\\/kibrisdakik.com\\\/?p=80256#primaryimage\"},\"image\":{\"@id\":\"https:\\\/\\\/kibrisdakik.com\\\/?p=80256#primaryimage\"},\"thumbnailUrl\":\"https:\\\/\\\/kibrisdakik.com\\\/wp-content\\\/uploads\\\/2025\\\/01\\\/HASIPOGLU-740x420.png\",\"datePublished\":\"2025-04-15T13:21:18+00:00\",\"author\":{\"@id\":\"https:\\\/\\\/kibrisdakik.com\\\/#\\\/schema\\\/person\\\/9cd9d437bbb44f72b73ba127e06d8e79\"},\"breadcrumb\":{\"@id\":\"https:\\\/\\\/kibrisdakik.com\\\/?p=80256#breadcrumb\"},\"inLanguage\":\"tr\",\"potentialAction\":[{\"@type\":\"ReadAction\",\"target\":[\"https:\\\/\\\/kibrisdakik.com\\\/?p=80256\"]}]},{\"@type\":\"ImageObject\",\"inLanguage\":\"tr\",\"@id\":\"https:\\\/\\\/kibrisdakik.com\\\/?p=80256#primaryimage\",\"url\":\"https:\\\/\\\/kibrisdakik.com\\\/wp-content\\\/uploads\\\/2025\\\/01\\\/HASIPOGLU-740x420.png\",\"contentUrl\":\"https:\\\/\\\/kibrisdakik.com\\\/wp-content\\\/uploads\\\/2025\\\/01\\\/HASIPOGLU-740x420.png\",\"width\":1017,\"height\":675},{\"@type\":\"BreadcrumbList\",\"@id\":\"https:\\\/\\\/kibrisdakik.com\\\/?p=80256#breadcrumb\",\"itemListElement\":[{\"@type\":\"ListItem\",\"position\":1,\"name\":\"Home\",\"item\":\"https:\\\/\\\/kibrisdakik.com\\\/\"},{\"@type\":\"ListItem\",\"position\":2,\"name\":\"Hasipo\u011flu: T\u00fcrk Devletleri Te\u015fkilat\u0131\u2019yla ilgili geli\u015fmeleri yak\u0131ndan takip ediyoruz\"}]},{\"@type\":\"WebSite\",\"@id\":\"https:\\\/\\\/kibrisdakik.com\\\/#website\",\"url\":\"https:\\\/\\\/kibrisdakik.com\\\/\",\"name\":\"\",\"description\":\"Tam vaktinde haber\",\"potentialAction\":[{\"@type\":\"SearchAction\",\"target\":{\"@type\":\"EntryPoint\",\"urlTemplate\":\"https:\\\/\\\/kibrisdakik.com\\\/?s={search_term_string}\"},\"query-input\":{\"@type\":\"PropertyValueSpecification\",\"valueRequired\":true,\"valueName\":\"search_term_string\"}}],\"inLanguage\":\"tr\"},{\"@type\":\"Person\",\"@id\":\"https:\\\/\\\/kibrisdakik.com\\\/#\\\/schema\\\/person\\\/9cd9d437bbb44f72b73ba127e06d8e79\",\"name\":\"admin\",\"image\":{\"@type\":\"ImageObject\",\"inLanguage\":\"tr\",\"@id\":\"https:\\\/\\\/secure.gravatar.com\\\/avatar\\\/ccc17943b9d660506c869530f897617f7cb1c21a4bf30023f252596d83e1f007?s=96&d=mm&r=g\",\"url\":\"https:\\\/\\\/secure.gravatar.com\\\/avatar\\\/ccc17943b9d660506c869530f897617f7cb1c21a4bf30023f252596d83e1f007?s=96&d=mm&r=g\",\"contentUrl\":\"https:\\\/\\\/secure.gravatar.com\\\/avatar\\\/ccc17943b9d660506c869530f897617f7cb1c21a4bf30023f252596d83e1f007?s=96&d=mm&r=g\",\"caption\":\"admin\"},\"sameAs\":[\"https:\\\/\\\/kibrisdakik.com\"],\"url\":\"https:\\\/\\\/kibrisdakik.com\\\/?author=1\"}]}<\/script>\n<!-- \/ Yoast SEO plugin. -->","yoast_head_json":{"title":"Hasipo\u011flu: T\u00fcrk Devletleri Te\u015fkilat\u0131\u2019yla ilgili geli\u015fmeleri yak\u0131ndan takip ediyoruz -","robots":{"index":"index","follow":"follow","max-snippet":"max-snippet:-1","max-image-preview":"max-image-preview:large","max-video-preview":"max-video-preview:-1"},"canonical":"https:\/\/kibrisdakik.com\/?p=80256","og_locale":"tr_TR","og_type":"article","og_title":"Hasipo\u011flu: T\u00fcrk Devletleri Te\u015fkilat\u0131\u2019yla ilgili geli\u015fmeleri yak\u0131ndan takip ediyoruz -","og_description":"Ulusal Birlik Partisi (UBP) Genel Sekreteri O\u011fuzhan Hasipo\u011flu, Kazakistan, \u00d6zbekistan, K\u0131rg\u0131zistan ve T\u00fcrkmenistan\u2019\u0131n Avrupa Birli\u011fi (AB) ile yapt\u0131\u011f\u0131 anla\u015fmaya y\u00f6nelik bir a\u00e7\u0131klama yaparak, \u201cT\u00fcrk Devletleri Te\u015fkilat\u0131\u2019yla ilgili geli\u015fmeleri ana vatan T\u00fcrkiye\u2019mizle koordinasyon i\u00e7erisinde yak\u0131ndan takip etmekteyiz\u201d dedi. O\u011fuzhan Hasipo\u011flu a\u00e7\u012fklamas\u0131nda,\u201d\u00d6ncelikle \u015funu belirtmekte fayda g\u00f6r\u00fcyoruz ki; T\u00fcrk Devletler, Te\u015fkilat\u0131 ile ilgili geli\u015fmeleri Anavatan T\u00fcrkiyemizle koordinasyon i\u00e7erisinde","og_url":"https:\/\/kibrisdakik.com\/?p=80256","article_published_time":"2025-04-15T13:21:18+00:00","og_image":[{"width":1017,"height":675,"url":"https:\/\/kibrisdakik.com\/wp-content\/uploads\/2025\/01\/HASIPOGLU-740x420.png","type":"image\/png"}],"author":"admin","twitter_card":"summary_large_image","twitter_misc":{"Yazan:":"admin","Tahmini okuma s\u00fcresi":"2 dakika"},"schema":{"@context":"https:\/\/schema.org","@graph":[{"@type":"Article","@id":"https:\/\/kibrisdakik.com\/?p=80256#article","isPartOf":{"@id":"https:\/\/kibrisdakik.com\/?p=80256"},"author":{"name":"admin","@id":"https:\/\/kibrisdakik.com\/#\/schema\/person\/9cd9d437bbb44f72b73ba127e06d8e79"},"headline":"Hasipo\u011flu: T\u00fcrk Devletleri Te\u015fkilat\u0131\u2019yla ilgili geli\u015fmeleri yak\u0131ndan takip ediyoruz","datePublished":"2025-04-15T13:21:18+00:00","mainEntityOfPage":{"@id":"https:\/\/kibrisdakik.com\/?p=80256"},"wordCount":453,"commentCount":0,"image":{"@id":"https:\/\/kibrisdakik.com\/?p=80256#primaryimage"},"thumbnailUrl":"https:\/\/kibrisdakik.com\/wp-content\/uploads\/2025\/01\/HASIPOGLU-740x420.png","articleSection":["K\u0131br\u0131s","Man\u015fet"],"inLanguage":"tr","potentialAction":[{"@type":"CommentAction","name":"Comment","target":["https:\/\/kibrisdakik.com\/?p=80256#respond"]}]},{"@type":"WebPage","@id":"https:\/\/kibrisdakik.com\/?p=80256","url":"https:\/\/kibrisdakik.com\/?p=80256","name":"Hasipo\u011flu: T\u00fcrk Devletleri Te\u015fkilat\u0131\u2019yla ilgili geli\u015fmeleri yak\u0131ndan takip ediyoruz -","isPartOf":{"@id":"https:\/\/kibrisdakik.com\/#website"},"primaryImageOfPage":{"@id":"https:\/\/kibrisdakik.com\/?p=80256#primaryimage"},"image":{"@id":"https:\/\/kibrisdakik.com\/?p=80256#primaryimage"},"thumbnailUrl":"https:\/\/kibrisdakik.com\/wp-content\/uploads\/2025\/01\/HASIPOGLU-740x420.png","datePublished":"2025-04-15T13:21:18+00:00","author":{"@id":"https:\/\/kibrisdakik.com\/#\/schema\/person\/9cd9d437bbb44f72b73ba127e06d8e79"},"breadcrumb":{"@id":"https:\/\/kibrisdakik.com\/?p=80256#breadcrumb"},"inLanguage":"tr","potentialAction":[{"@type":"ReadAction","target":["https:\/\/kibrisdakik.com\/?p=80256"]}]},{"@type":"ImageObject","inLanguage":"tr","@id":"https:\/\/kibrisdakik.com\/?p=80256#primaryimage","url":"https:\/\/kibrisdakik.com\/wp-content\/uploads\/2025\/01\/HASIPOGLU-740x420.png","contentUrl":"https:\/\/kibrisdakik.com\/wp-content\/uploads\/2025\/01\/HASIPOGLU-740x420.png","width":1017,"height":675},{"@type":"BreadcrumbList","@id":"https:\/\/kibrisdakik.com\/?p=80256#breadcrumb","itemListElement":[{"@type":"ListItem","position":1,"name":"Home","item":"https:\/\/kibrisdakik.com\/"},{"@type":"ListItem","position":2,"name":"Hasipo\u011flu: T\u00fcrk Devletleri Te\u015fkilat\u0131\u2019yla ilgili geli\u015fmeleri yak\u0131ndan takip ediyoruz"}]},{"@type":"WebSite","@id":"https:\/\/kibrisdakik.com\/#website","url":"https:\/\/kibrisdakik.com\/","name":"","description":"Tam vaktinde haber","potentialAction":[{"@type":"SearchAction","target":{"@type":"EntryPoint","urlTemplate":"https:\/\/kibrisdakik.com\/?s={search_term_string}"},"query-input":{"@type":"PropertyValueSpecification","valueRequired":true,"valueName":"search_term_string"}}],"inLanguage":"tr"},{"@type":"Person","@id":"https:\/\/kibrisdakik.com\/#\/schema\/person\/9cd9d437bbb44f72b73ba127e06d8e79","name":"admin","image":{"@type":"ImageObject","inLanguage":"tr","@id":"https:\/\/secure.gravatar.com\/avatar\/ccc17943b9d660506c869530f897617f7cb1c21a4bf30023f252596d83e1f007?s=96&d=mm&r=g","url":"https:\/\/secure.gravatar.com\/avatar\/ccc17943b9d660506c869530f897617f7cb1c21a4bf30023f252596d83e1f007?s=96&d=mm&r=g","contentUrl":"https:\/\/secure.gravatar.com\/avatar\/ccc17943b9d660506c869530f897617f7cb1c21a4bf30023f252596d83e1f007?s=96&d=mm&r=g","caption":"admin"},"sameAs":["https:\/\/kibrisdakik.com"],"url":"https:\/\/kibrisdakik.com\/?author=1"}]}},"_links":{"self":[{"href":"https:\/\/kibrisdakik.com\/index.php?rest_route=\/wp\/v2\/posts\/80256","targetHints":{"allow":["GET"]}}],"collection":[{"href":"https:\/\/kibrisdakik.com\/index.php?rest_route=\/wp\/v2\/posts"}],"about":[{"href":"https:\/\/kibrisdakik.com\/index.php?rest_route=\/wp\/v2\/types\/post"}],"author":[{"embeddable":true,"href":"https:\/\/kibrisdakik.com\/index.php?rest_route=\/wp\/v2\/users\/1"}],"replies":[{"embeddable":true,"href":"https:\/\/kibrisdakik.com\/index.php?rest_route=%2Fwp%2Fv2%2Fcomments&post=80256"}],"version-history":[{"count":0,"href":"https:\/\/kibrisdakik.com\/index.php?rest_route=\/wp\/v2\/posts\/80256\/revisions"}],"wp:featuredmedia":[{"embeddable":true,"href":"https:\/\/kibrisdakik.com\/index.php?rest_route=\/wp\/v2\/media\/74294"}],"wp:attachment":[{"href":"https:\/\/kibrisdakik.com\/index.php?rest_route=%2Fwp%2Fv2%2Fmedia&parent=80256"}],"wp:term":[{"taxonomy":"category","embeddable":true,"href":"https:\/\/kibrisdakik.com\/index.php?rest_route=%2Fwp%2Fv2%2Fcategories&post=80256"},{"taxonomy":"post_tag","embeddable":true,"href":"https:\/\/kibrisdakik.com\/index.php?rest_route=%2Fwp%2Fv2%2Ftags&post=80256"}],"curies":[{"name":"wp","href":"https:\/\/api.w.org\/{rel}","templated":true}]}}