{"id":80274,"date":"2025-04-15T18:39:23","date_gmt":"2025-04-15T15:39:23","guid":{"rendered":"https:\/\/kibrisdakik.com\/index.php\/2025\/04\/15\/bazi-bolgelere-yarin-6-saat-elektrik-verilemeyecek\/"},"modified":"2025-04-15T18:39:23","modified_gmt":"2025-04-15T15:39:23","slug":"bazi-bolgelere-yarin-6-saat-elektrik-verilemeyecek","status":"publish","type":"post","link":"https:\/\/kibrisdakik.com\/?p=80274","title":{"rendered":"Baz\u0131 b\u00f6lgelere yar\u0131n 6 saat elektrik verilemeyecek"},"content":{"rendered":"<div>\n<div class=\"mariselle-image-container center\">\n                                            <\/div>\n<p>Lefko\u015fa, Gazima\u011fusa, \u0130skele ve Girne\u2019ye ba\u011fl\u0131 baz\u0131 b\u00f6lgelere yar\u0131n yakla\u015f\u0131k 6 saat elektrik verilemeyecek.<\/p>\n<p>K\u0131br\u0131s T\u00fcrk Elektrik Kurumu\u2019ndan (KIB-TEK) yap\u0131lan a\u00e7\u0131klamaya g\u00f6re, kesinti, trafo merkezinde yap\u0131lacak bak\u0131m, onar\u0131m \u00e7al\u0131\u015fmas\u0131 nedeniyle 9.00-15.00 saatleri aras\u0131nda yap\u0131lacak.<\/p>\n<p>Kesinti yap\u0131lacak b\u00f6lgeler \u015f\u00f6yle s\u0131raland\u0131:<\/p>\n<p>\u201cNergisli k\u00f6y\u00fc, Su Motorlar\u0131, Vadili k\u00f6y\u00fc, Vadili Sanayi Sitesi, Pa\u015fak\u00f6y A\u011f\u0131llar, b\u00f6lgedeki su motorlar\u0131 ve askeri birlik, Ge\u00e7itkale Havaalan\u0131, Vadili Gen\u00e7 Petrol B\u00f6lgesi ve su motorlar\u0131, Akdo\u011fan, Akdo\u011fan Askeri Tesisler, Aket Tesisleri, Su Kuyular\u0131, Yi\u011fitler Yolu, T\u00fcrkmenk\u00f6y, Akdo\u011fan Atmaca B\u00f6lgesi, su motorlar\u0131, a\u011f\u0131llar, T\u00fcrkmenk\u00f6y Cami B\u00f6lgesi, Beyarmudu, a\u011f\u0131llar b\u00f6lgesi, su kuyular\u0131 ve b\u00f6lgedeki askeri birlik,  Kanizi Petrol B\u00f6lgesi ve Ge\u00e7itkale K\u00f6y Cami, Yama\u00e7k\u00f6y, Mall\u0131da\u011f, \u00c7\u0131narl\u0131 ve Baz \u0130stasyonlar\u0131,  Girne: Tatl\u0131su K\u00f6y i\u00e7i, K\u00f6y Su Kuyusu, Anayol Seralar B\u00f6lgesi, Tatl\u0131su Sahil, Sahil Benzin \u0130st. B\u00f6lgesi, Eski Tavuk \u00c7iftli\u011fi, Sahil Seralar B\u00f6lgesi, Mall\u0131da\u011f Kav\u015fa\u011f\u0131-K\u00fc\u00e7\u00fck Erenk\u00f6y aras\u0131 sahil ve K\u00fc\u00e7\u00fck Erenk\u00f6y,  Alt\u0131nova k\u00f6y\u00fc ve A\u011f\u0131llar K\u00f6y\u00fc, Yama\u00e7k\u00f6y, Mall\u0131da\u011f, \u00c7\u0131narl\u0131, Baz \u0130stasyonlar, Tatl\u0131su K\u00f6y i\u00e7i, K\u00f6y Su Kuyusu, Anayol Seralar B\u00f6lgesi, Tatl\u0131su Sahil, Sahil Benzin \u0130st. B\u00f6lgesi, Eski Tavuk \u00c7iftli\u011fi, Sahil Seralar B\u00f6lgesi, Mall\u0131da\u011f Kav\u015fa\u011f\u0131-K\u00fc\u00e7\u00fck Erenk\u00f6y aras\u0131 sahil ve K\u00fc\u00e7\u00fck Erenk\u00f6y, Alt\u0131nova k\u00f6y\u00fc, A\u011f\u0131llar k\u00f6y\u00fc\u201d<\/p>\n<\/p><\/div>\n<p><script async\n                    defer\n                    crossorigin=\"anonymous\"\n                    src=\"https:\/\/connect.facebook.net\/tr_TR\/sdk.js#xfbml=1&#038;version=v3.3\"\n            ><\/script><\/p>\n","protected":false},"excerpt":{"rendered":"<p>Lefko\u015fa, Gazima\u011fusa, \u0130skele ve Girne\u2019ye ba\u011fl\u0131 baz\u0131 b\u00f6lgelere yar\u0131n yakla\u015f\u0131k 6 saat elektrik verilemeyecek. K\u0131br\u0131s T\u00fcrk Elektrik Kurumu\u2019ndan (KIB-TEK) yap\u0131lan a\u00e7\u0131klamaya g\u00f6re, kesinti, trafo merkezinde yap\u0131lacak bak\u0131m, onar\u0131m \u00e7al\u0131\u015fmas\u0131 nedeniyle 9.00-15.00 saatleri aras\u0131nda yap\u0131lacak. Kesinti yap\u0131lacak b\u00f6lgeler \u015f\u00f6yle s\u0131raland\u0131: \u201cNergisli k\u00f6y\u00fc, Su Motorlar\u0131, Vadili k\u00f6y\u00fc, Vadili Sanayi Sitesi, Pa\u015fak\u00f6y A\u011f\u0131llar, b\u00f6lgedeki su motorlar\u0131 ve askeri<\/p>\n","protected":false},"author":1,"featured_media":80275,"comment_status":"open","ping_status":"open","sticky":false,"template":"","format":"standard","meta":{"footnotes":""},"categories":[81,101],"tags":[],"class_list":["post-80274","post","type-post","status-publish","format-standard","has-post-thumbnail","hentry","category-kibris","category-manset"],"yoast_head":"<!-- This site is optimized with the Yoast SEO plugin v27.5 - https:\/\/yoast.com\/product\/yoast-seo-wordpress\/ -->\n<title>Baz\u0131 b\u00f6lgelere yar\u0131n 6 saat elektrik verilemeyecek -<\/title>\n<meta name=\"robots\" content=\"index, follow, max-snippet:-1, max-image-preview:large, max-video-preview:-1\" \/>\n<link rel=\"canonical\" href=\"https:\/\/kibrisdakik.com\/?p=80274\" \/>\n<meta property=\"og:locale\" content=\"tr_TR\" \/>\n<meta property=\"og:type\" content=\"article\" \/>\n<meta property=\"og:title\" content=\"Baz\u0131 b\u00f6lgelere yar\u0131n 6 saat elektrik verilemeyecek -\" \/>\n<meta property=\"og:description\" content=\"Lefko\u015fa, Gazima\u011fusa, \u0130skele ve Girne\u2019ye ba\u011fl\u0131 baz\u0131 b\u00f6lgelere yar\u0131n yakla\u015f\u0131k 6 saat elektrik verilemeyecek. K\u0131br\u0131s T\u00fcrk Elektrik Kurumu\u2019ndan (KIB-TEK) yap\u0131lan a\u00e7\u0131klamaya g\u00f6re, kesinti, trafo merkezinde yap\u0131lacak bak\u0131m, onar\u0131m \u00e7al\u0131\u015fmas\u0131 nedeniyle 9.00-15.00 saatleri aras\u0131nda yap\u0131lacak. Kesinti yap\u0131lacak b\u00f6lgeler \u015f\u00f6yle s\u0131raland\u0131: \u201cNergisli k\u00f6y\u00fc, Su Motorlar\u0131, Vadili k\u00f6y\u00fc, Vadili Sanayi Sitesi, Pa\u015fak\u00f6y A\u011f\u0131llar, b\u00f6lgedeki su motorlar\u0131 ve askeri\" \/>\n<meta property=\"og:url\" content=\"https:\/\/kibrisdakik.com\/?p=80274\" \/>\n<meta property=\"article:published_time\" content=\"2025-04-15T15:39:23+00:00\" \/>\n<meta property=\"og:image\" content=\"https:\/\/kibrisdakik.com\/wp-content\/uploads\/2025\/04\/1744730682065elektrik30.webp-740x420.webp\" \/>\n\t<meta property=\"og:image:width\" content=\"1280\" \/>\n\t<meta property=\"og:image:height\" content=\"720\" \/>\n\t<meta property=\"og:image:type\" content=\"image\/webp\" \/>\n<meta name=\"author\" content=\"admin\" \/>\n<meta name=\"twitter:card\" content=\"summary_large_image\" \/>\n<meta name=\"twitter:label1\" content=\"Yazan:\" \/>\n\t<meta name=\"twitter:data1\" content=\"admin\" \/>\n\t<meta name=\"twitter:label2\" content=\"Tahmini okuma s\u00fcresi\" \/>\n\t<meta name=\"twitter:data2\" content=\"1 dakika\" \/>\n<script type=\"application\/ld+json\" class=\"yoast-schema-graph\">{\"@context\":\"https:\\\/\\\/schema.org\",\"@graph\":[{\"@type\":\"Article\",\"@id\":\"https:\\\/\\\/kibrisdakik.com\\\/?p=80274#article\",\"isPartOf\":{\"@id\":\"https:\\\/\\\/kibrisdakik.com\\\/?p=80274\"},\"author\":{\"name\":\"admin\",\"@id\":\"https:\\\/\\\/kibrisdakik.com\\\/#\\\/schema\\\/person\\\/9cd9d437bbb44f72b73ba127e06d8e79\"},\"headline\":\"Baz\u0131 b\u00f6lgelere yar\u0131n 6 saat elektrik verilemeyecek\",\"datePublished\":\"2025-04-15T15:39:23+00:00\",\"mainEntityOfPage\":{\"@id\":\"https:\\\/\\\/kibrisdakik.com\\\/?p=80274\"},\"wordCount\":281,\"commentCount\":0,\"image\":{\"@id\":\"https:\\\/\\\/kibrisdakik.com\\\/?p=80274#primaryimage\"},\"thumbnailUrl\":\"https:\\\/\\\/kibrisdakik.com\\\/wp-content\\\/uploads\\\/2025\\\/04\\\/1744730682065elektrik30.webp-740x420.webp\",\"articleSection\":[\"K\u0131br\u0131s\",\"Man\u015fet\"],\"inLanguage\":\"tr\",\"potentialAction\":[{\"@type\":\"CommentAction\",\"name\":\"Comment\",\"target\":[\"https:\\\/\\\/kibrisdakik.com\\\/?p=80274#respond\"]}]},{\"@type\":\"WebPage\",\"@id\":\"https:\\\/\\\/kibrisdakik.com\\\/?p=80274\",\"url\":\"https:\\\/\\\/kibrisdakik.com\\\/?p=80274\",\"name\":\"Baz\u0131 b\u00f6lgelere yar\u0131n 6 saat elektrik verilemeyecek -\",\"isPartOf\":{\"@id\":\"https:\\\/\\\/kibrisdakik.com\\\/#website\"},\"primaryImageOfPage\":{\"@id\":\"https:\\\/\\\/kibrisdakik.com\\\/?p=80274#primaryimage\"},\"image\":{\"@id\":\"https:\\\/\\\/kibrisdakik.com\\\/?p=80274#primaryimage\"},\"thumbnailUrl\":\"https:\\\/\\\/kibrisdakik.com\\\/wp-content\\\/uploads\\\/2025\\\/04\\\/1744730682065elektrik30.webp-740x420.webp\",\"datePublished\":\"2025-04-15T15:39:23+00:00\",\"author\":{\"@id\":\"https:\\\/\\\/kibrisdakik.com\\\/#\\\/schema\\\/person\\\/9cd9d437bbb44f72b73ba127e06d8e79\"},\"breadcrumb\":{\"@id\":\"https:\\\/\\\/kibrisdakik.com\\\/?p=80274#breadcrumb\"},\"inLanguage\":\"tr\",\"potentialAction\":[{\"@type\":\"ReadAction\",\"target\":[\"https:\\\/\\\/kibrisdakik.com\\\/?p=80274\"]}]},{\"@type\":\"ImageObject\",\"inLanguage\":\"tr\",\"@id\":\"https:\\\/\\\/kibrisdakik.com\\\/?p=80274#primaryimage\",\"url\":\"https:\\\/\\\/kibrisdakik.com\\\/wp-content\\\/uploads\\\/2025\\\/04\\\/1744730682065elektrik30.webp-740x420.webp\",\"contentUrl\":\"https:\\\/\\\/kibrisdakik.com\\\/wp-content\\\/uploads\\\/2025\\\/04\\\/1744730682065elektrik30.webp-740x420.webp\",\"width\":1280,\"height\":720},{\"@type\":\"BreadcrumbList\",\"@id\":\"https:\\\/\\\/kibrisdakik.com\\\/?p=80274#breadcrumb\",\"itemListElement\":[{\"@type\":\"ListItem\",\"position\":1,\"name\":\"Home\",\"item\":\"https:\\\/\\\/kibrisdakik.com\\\/\"},{\"@type\":\"ListItem\",\"position\":2,\"name\":\"Baz\u0131 b\u00f6lgelere yar\u0131n 6 saat elektrik verilemeyecek\"}]},{\"@type\":\"WebSite\",\"@id\":\"https:\\\/\\\/kibrisdakik.com\\\/#website\",\"url\":\"https:\\\/\\\/kibrisdakik.com\\\/\",\"name\":\"\",\"description\":\"Tam vaktinde haber\",\"potentialAction\":[{\"@type\":\"SearchAction\",\"target\":{\"@type\":\"EntryPoint\",\"urlTemplate\":\"https:\\\/\\\/kibrisdakik.com\\\/?s={search_term_string}\"},\"query-input\":{\"@type\":\"PropertyValueSpecification\",\"valueRequired\":true,\"valueName\":\"search_term_string\"}}],\"inLanguage\":\"tr\"},{\"@type\":\"Person\",\"@id\":\"https:\\\/\\\/kibrisdakik.com\\\/#\\\/schema\\\/person\\\/9cd9d437bbb44f72b73ba127e06d8e79\",\"name\":\"admin\",\"image\":{\"@type\":\"ImageObject\",\"inLanguage\":\"tr\",\"@id\":\"https:\\\/\\\/secure.gravatar.com\\\/avatar\\\/ccc17943b9d660506c869530f897617f7cb1c21a4bf30023f252596d83e1f007?s=96&d=mm&r=g\",\"url\":\"https:\\\/\\\/secure.gravatar.com\\\/avatar\\\/ccc17943b9d660506c869530f897617f7cb1c21a4bf30023f252596d83e1f007?s=96&d=mm&r=g\",\"contentUrl\":\"https:\\\/\\\/secure.gravatar.com\\\/avatar\\\/ccc17943b9d660506c869530f897617f7cb1c21a4bf30023f252596d83e1f007?s=96&d=mm&r=g\",\"caption\":\"admin\"},\"sameAs\":[\"https:\\\/\\\/kibrisdakik.com\"],\"url\":\"https:\\\/\\\/kibrisdakik.com\\\/?author=1\"}]}<\/script>\n<!-- \/ Yoast SEO plugin. -->","yoast_head_json":{"title":"Baz\u0131 b\u00f6lgelere yar\u0131n 6 saat elektrik verilemeyecek -","robots":{"index":"index","follow":"follow","max-snippet":"max-snippet:-1","max-image-preview":"max-image-preview:large","max-video-preview":"max-video-preview:-1"},"canonical":"https:\/\/kibrisdakik.com\/?p=80274","og_locale":"tr_TR","og_type":"article","og_title":"Baz\u0131 b\u00f6lgelere yar\u0131n 6 saat elektrik verilemeyecek -","og_description":"Lefko\u015fa, Gazima\u011fusa, \u0130skele ve Girne\u2019ye ba\u011fl\u0131 baz\u0131 b\u00f6lgelere yar\u0131n yakla\u015f\u0131k 6 saat elektrik verilemeyecek. K\u0131br\u0131s T\u00fcrk Elektrik Kurumu\u2019ndan (KIB-TEK) yap\u0131lan a\u00e7\u0131klamaya g\u00f6re, kesinti, trafo merkezinde yap\u0131lacak bak\u0131m, onar\u0131m \u00e7al\u0131\u015fmas\u0131 nedeniyle 9.00-15.00 saatleri aras\u0131nda yap\u0131lacak. Kesinti yap\u0131lacak b\u00f6lgeler \u015f\u00f6yle s\u0131raland\u0131: \u201cNergisli k\u00f6y\u00fc, Su Motorlar\u0131, Vadili k\u00f6y\u00fc, Vadili Sanayi Sitesi, Pa\u015fak\u00f6y A\u011f\u0131llar, b\u00f6lgedeki su motorlar\u0131 ve askeri","og_url":"https:\/\/kibrisdakik.com\/?p=80274","article_published_time":"2025-04-15T15:39:23+00:00","og_image":[{"width":1280,"height":720,"url":"https:\/\/kibrisdakik.com\/wp-content\/uploads\/2025\/04\/1744730682065elektrik30.webp-740x420.webp","type":"image\/webp"}],"author":"admin","twitter_card":"summary_large_image","twitter_misc":{"Yazan:":"admin","Tahmini okuma s\u00fcresi":"1 dakika"},"schema":{"@context":"https:\/\/schema.org","@graph":[{"@type":"Article","@id":"https:\/\/kibrisdakik.com\/?p=80274#article","isPartOf":{"@id":"https:\/\/kibrisdakik.com\/?p=80274"},"author":{"name":"admin","@id":"https:\/\/kibrisdakik.com\/#\/schema\/person\/9cd9d437bbb44f72b73ba127e06d8e79"},"headline":"Baz\u0131 b\u00f6lgelere yar\u0131n 6 saat elektrik verilemeyecek","datePublished":"2025-04-15T15:39:23+00:00","mainEntityOfPage":{"@id":"https:\/\/kibrisdakik.com\/?p=80274"},"wordCount":281,"commentCount":0,"image":{"@id":"https:\/\/kibrisdakik.com\/?p=80274#primaryimage"},"thumbnailUrl":"https:\/\/kibrisdakik.com\/wp-content\/uploads\/2025\/04\/1744730682065elektrik30.webp-740x420.webp","articleSection":["K\u0131br\u0131s","Man\u015fet"],"inLanguage":"tr","potentialAction":[{"@type":"CommentAction","name":"Comment","target":["https:\/\/kibrisdakik.com\/?p=80274#respond"]}]},{"@type":"WebPage","@id":"https:\/\/kibrisdakik.com\/?p=80274","url":"https:\/\/kibrisdakik.com\/?p=80274","name":"Baz\u0131 b\u00f6lgelere yar\u0131n 6 saat elektrik verilemeyecek -","isPartOf":{"@id":"https:\/\/kibrisdakik.com\/#website"},"primaryImageOfPage":{"@id":"https:\/\/kibrisdakik.com\/?p=80274#primaryimage"},"image":{"@id":"https:\/\/kibrisdakik.com\/?p=80274#primaryimage"},"thumbnailUrl":"https:\/\/kibrisdakik.com\/wp-content\/uploads\/2025\/04\/1744730682065elektrik30.webp-740x420.webp","datePublished":"2025-04-15T15:39:23+00:00","author":{"@id":"https:\/\/kibrisdakik.com\/#\/schema\/person\/9cd9d437bbb44f72b73ba127e06d8e79"},"breadcrumb":{"@id":"https:\/\/kibrisdakik.com\/?p=80274#breadcrumb"},"inLanguage":"tr","potentialAction":[{"@type":"ReadAction","target":["https:\/\/kibrisdakik.com\/?p=80274"]}]},{"@type":"ImageObject","inLanguage":"tr","@id":"https:\/\/kibrisdakik.com\/?p=80274#primaryimage","url":"https:\/\/kibrisdakik.com\/wp-content\/uploads\/2025\/04\/1744730682065elektrik30.webp-740x420.webp","contentUrl":"https:\/\/kibrisdakik.com\/wp-content\/uploads\/2025\/04\/1744730682065elektrik30.webp-740x420.webp","width":1280,"height":720},{"@type":"BreadcrumbList","@id":"https:\/\/kibrisdakik.com\/?p=80274#breadcrumb","itemListElement":[{"@type":"ListItem","position":1,"name":"Home","item":"https:\/\/kibrisdakik.com\/"},{"@type":"ListItem","position":2,"name":"Baz\u0131 b\u00f6lgelere yar\u0131n 6 saat elektrik verilemeyecek"}]},{"@type":"WebSite","@id":"https:\/\/kibrisdakik.com\/#website","url":"https:\/\/kibrisdakik.com\/","name":"","description":"Tam vaktinde haber","potentialAction":[{"@type":"SearchAction","target":{"@type":"EntryPoint","urlTemplate":"https:\/\/kibrisdakik.com\/?s={search_term_string}"},"query-input":{"@type":"PropertyValueSpecification","valueRequired":true,"valueName":"search_term_string"}}],"inLanguage":"tr"},{"@type":"Person","@id":"https:\/\/kibrisdakik.com\/#\/schema\/person\/9cd9d437bbb44f72b73ba127e06d8e79","name":"admin","image":{"@type":"ImageObject","inLanguage":"tr","@id":"https:\/\/secure.gravatar.com\/avatar\/ccc17943b9d660506c869530f897617f7cb1c21a4bf30023f252596d83e1f007?s=96&d=mm&r=g","url":"https:\/\/secure.gravatar.com\/avatar\/ccc17943b9d660506c869530f897617f7cb1c21a4bf30023f252596d83e1f007?s=96&d=mm&r=g","contentUrl":"https:\/\/secure.gravatar.com\/avatar\/ccc17943b9d660506c869530f897617f7cb1c21a4bf30023f252596d83e1f007?s=96&d=mm&r=g","caption":"admin"},"sameAs":["https:\/\/kibrisdakik.com"],"url":"https:\/\/kibrisdakik.com\/?author=1"}]}},"_links":{"self":[{"href":"https:\/\/kibrisdakik.com\/index.php?rest_route=\/wp\/v2\/posts\/80274","targetHints":{"allow":["GET"]}}],"collection":[{"href":"https:\/\/kibrisdakik.com\/index.php?rest_route=\/wp\/v2\/posts"}],"about":[{"href":"https:\/\/kibrisdakik.com\/index.php?rest_route=\/wp\/v2\/types\/post"}],"author":[{"embeddable":true,"href":"https:\/\/kibrisdakik.com\/index.php?rest_route=\/wp\/v2\/users\/1"}],"replies":[{"embeddable":true,"href":"https:\/\/kibrisdakik.com\/index.php?rest_route=%2Fwp%2Fv2%2Fcomments&post=80274"}],"version-history":[{"count":0,"href":"https:\/\/kibrisdakik.com\/index.php?rest_route=\/wp\/v2\/posts\/80274\/revisions"}],"wp:featuredmedia":[{"embeddable":true,"href":"https:\/\/kibrisdakik.com\/index.php?rest_route=\/wp\/v2\/media\/80275"}],"wp:attachment":[{"href":"https:\/\/kibrisdakik.com\/index.php?rest_route=%2Fwp%2Fv2%2Fmedia&parent=80274"}],"wp:term":[{"taxonomy":"category","embeddable":true,"href":"https:\/\/kibrisdakik.com\/index.php?rest_route=%2Fwp%2Fv2%2Fcategories&post=80274"},{"taxonomy":"post_tag","embeddable":true,"href":"https:\/\/kibrisdakik.com\/index.php?rest_route=%2Fwp%2Fv2%2Ftags&post=80274"}],"curies":[{"name":"wp","href":"https:\/\/api.w.org\/{rel}","templated":true}]}}