{"id":80292,"date":"2025-04-15T14:49:00","date_gmt":"2025-04-15T11:49:00","guid":{"rendered":"https:\/\/kibrisdakik.com\/index.php\/2025\/04\/15\/lefkosa-girne-ana-yolunda-arac-yangini\/"},"modified":"2025-04-15T14:49:00","modified_gmt":"2025-04-15T11:49:00","slug":"lefkosa-girne-ana-yolunda-arac-yangini","status":"publish","type":"post","link":"https:\/\/kibrisdakik.com\/?p=80292","title":{"rendered":"Lefko\u015fa-Girne ana yolunda ara\u00e7 yang\u0131n\u0131"},"content":{"rendered":"<p><\/p>\n<div>\n<div class=\"mariselle-image-container center\">\n                <img loading=\"lazy\" decoding=\"async\" width=\"1920\" height=\"2560\" class=\"lazy-image\" alt=\"\" sizes=\"auto, (max-width: 1920px) 100vw, 1920px\" src=\"https:\/\/brtk.net\/wp-content\/uploads\/2025\/04\/15\/17447149819305c332f75-cfa3-489f-8fc1-f61894335fb1-scaled.jpeg?ver=2f89e7c810e42a37133030a56490ccb2\" srcset=\"https:\/\/brtk.net\/wp-content\/uploads\/2025\/04\/15\/17447149819305c332f75-cfa3-489f-8fc1-f61894335fb1-scaled.jpeg?ver=2f89e7c810e42a37133030a56490ccb2 1920w, https:\/\/brtk.net\/wp-content\/uploads\/2025\/04\/15\/17447149819305c332f75-cfa3-489f-8fc1-f61894335fb1-225x300.jpeg?ver=526ea4a2f4f030dc238fc405df9f44f6 225w, https:\/\/brtk.net\/wp-content\/uploads\/2025\/04\/15\/17447149819305c332f75-cfa3-489f-8fc1-f61894335fb1-768x1024.jpeg?ver=45848cd5869e1104bed9233b9165458e 768w, https:\/\/brtk.net\/wp-content\/uploads\/2025\/04\/15\/17447149819305c332f75-cfa3-489f-8fc1-f61894335fb1-1152x1536.jpeg?ver=5fee3d2d274b9d6e9f0f4f1c6d52e8b2 1152w, https:\/\/brtk.net\/wp-content\/uploads\/2025\/04\/15\/17447149819305c332f75-cfa3-489f-8fc1-f61894335fb1-1536x2048.jpeg?ver=68f23516d5e34330c714bb59cabae99e 1536w\"\/>                            <\/div>\n<p>Lefko\u015fa-Girne ana yolunun St. Hillarion Kav\u015fa\u011f\u0131 yak\u0131nlar\u0131nda bu sabah saat 07.30 s\u0131ralar\u0131nda seyir halindeki bir ara\u00e7ta yang\u0131n \u00e7\u0131kt\u0131. Olayda yaralanan olmazken, ara\u00e7ta maddi hasar meydana geldi.<\/p>\n<p>Polis Bas\u0131n Subayl\u0131\u011f\u0131\u2019ndan verilen bilgiye g\u00f6re, KU 519 plakal\u0131 ara\u00e7ta, muhtemelen elektrik aksamlar\u0131n\u0131n k\u0131sa devre yapmas\u0131 sonucu \u00e7\u0131kan yang\u0131nda arac\u0131n motor b\u00f6l\u00fcm\u00fc, \u00f6n lastikleri, \u00f6n cam\u0131, \u00f6n kaputu ve \u00f6n g\u00f6\u011f\u00fcs k\u0131sm\u0131 yand\u0131.<\/p>\n<p>\u0130tfaiye ekiplerince s\u00f6nd\u00fcr\u00fcl\u00fcrken yang\u0131nla ilgili soru\u015fturma devam ediyor.<\/p>\n<\/p><\/div>\n<p><script async\n                    defer\n                    crossorigin=\"anonymous\"\n                    src=\"https:\/\/connect.facebook.net\/tr_TR\/sdk.js#xfbml=1&#038;version=v3.3\"\n            ><\/script><\/p>\n","protected":false},"excerpt":{"rendered":"<p>Lefko\u015fa-Girne ana yolunun St. Hillarion Kav\u015fa\u011f\u0131 yak\u0131nlar\u0131nda bu sabah saat 07.30 s\u0131ralar\u0131nda seyir halindeki bir ara\u00e7ta yang\u0131n \u00e7\u0131kt\u0131. Olayda yaralanan olmazken, ara\u00e7ta maddi hasar meydana geldi. Polis Bas\u0131n Subayl\u0131\u011f\u0131\u2019ndan verilen bilgiye g\u00f6re, KU 519 plakal\u0131 ara\u00e7ta, muhtemelen elektrik aksamlar\u0131n\u0131n k\u0131sa devre yapmas\u0131 sonucu \u00e7\u0131kan yang\u0131nda arac\u0131n motor b\u00f6l\u00fcm\u00fc, \u00f6n lastikleri, \u00f6n cam\u0131, \u00f6n kaputu ve<\/p>\n","protected":false},"author":1,"featured_media":80293,"comment_status":"open","ping_status":"open","sticky":false,"template":"","format":"standard","meta":{"footnotes":""},"categories":[1,101],"tags":[],"class_list":["post-80292","post","type-post","status-publish","format-standard","has-post-thumbnail","hentry","category-gundem","category-manset"],"yoast_head":"<!-- This site is optimized with the Yoast SEO plugin v27.4 - https:\/\/yoast.com\/product\/yoast-seo-wordpress\/ -->\n<title>Lefko\u015fa-Girne ana yolunda ara\u00e7 yang\u0131n\u0131 -<\/title>\n<meta name=\"robots\" content=\"index, follow, max-snippet:-1, max-image-preview:large, max-video-preview:-1\" \/>\n<link rel=\"canonical\" href=\"https:\/\/kibrisdakik.com\/?p=80292\" \/>\n<meta property=\"og:locale\" content=\"tr_TR\" \/>\n<meta property=\"og:type\" content=\"article\" \/>\n<meta property=\"og:title\" content=\"Lefko\u015fa-Girne ana yolunda ara\u00e7 yang\u0131n\u0131 -\" \/>\n<meta property=\"og:description\" content=\"Lefko\u015fa-Girne ana yolunun St. Hillarion Kav\u015fa\u011f\u0131 yak\u0131nlar\u0131nda bu sabah saat 07.30 s\u0131ralar\u0131nda seyir halindeki bir ara\u00e7ta yang\u0131n \u00e7\u0131kt\u0131. Olayda yaralanan olmazken, ara\u00e7ta maddi hasar meydana geldi. Polis Bas\u0131n Subayl\u0131\u011f\u0131\u2019ndan verilen bilgiye g\u00f6re, KU 519 plakal\u0131 ara\u00e7ta, muhtemelen elektrik aksamlar\u0131n\u0131n k\u0131sa devre yapmas\u0131 sonucu \u00e7\u0131kan yang\u0131nda arac\u0131n motor b\u00f6l\u00fcm\u00fc, \u00f6n lastikleri, \u00f6n cam\u0131, \u00f6n kaputu ve\" \/>\n<meta property=\"og:url\" content=\"https:\/\/kibrisdakik.com\/?p=80292\" \/>\n<meta property=\"article:published_time\" content=\"2025-04-15T11:49:00+00:00\" \/>\n<meta property=\"og:image\" content=\"https:\/\/kibrisdakik.com\/wp-content\/uploads\/2025\/04\/17447149819305c332f75-cfa3-489f-8fc1-f61894335fb1-scaled-740x420.jpeg\" \/>\n\t<meta property=\"og:image:width\" content=\"1920\" \/>\n\t<meta property=\"og:image:height\" content=\"2560\" \/>\n\t<meta property=\"og:image:type\" content=\"image\/jpeg\" \/>\n<meta name=\"author\" content=\"admin\" \/>\n<meta name=\"twitter:card\" content=\"summary_large_image\" \/>\n<meta name=\"twitter:label1\" content=\"Yazan:\" \/>\n\t<meta name=\"twitter:data1\" content=\"admin\" \/>\n<script type=\"application\/ld+json\" class=\"yoast-schema-graph\">{\"@context\":\"https:\\\/\\\/schema.org\",\"@graph\":[{\"@type\":\"Article\",\"@id\":\"https:\\\/\\\/kibrisdakik.com\\\/?p=80292#article\",\"isPartOf\":{\"@id\":\"https:\\\/\\\/kibrisdakik.com\\\/?p=80292\"},\"author\":{\"name\":\"admin\",\"@id\":\"https:\\\/\\\/kibrisdakik.com\\\/#\\\/schema\\\/person\\\/9cd9d437bbb44f72b73ba127e06d8e79\"},\"headline\":\"Lefko\u015fa-Girne ana yolunda ara\u00e7 yang\u0131n\u0131\",\"datePublished\":\"2025-04-15T11:49:00+00:00\",\"mainEntityOfPage\":{\"@id\":\"https:\\\/\\\/kibrisdakik.com\\\/?p=80292\"},\"wordCount\":100,\"commentCount\":0,\"image\":{\"@id\":\"https:\\\/\\\/kibrisdakik.com\\\/?p=80292#primaryimage\"},\"thumbnailUrl\":\"https:\\\/\\\/kibrisdakik.com\\\/wp-content\\\/uploads\\\/2025\\\/04\\\/17447149819305c332f75-cfa3-489f-8fc1-f61894335fb1-scaled-740x420.jpeg\",\"articleSection\":[\"G\u00fcndem\",\"Man\u015fet\"],\"inLanguage\":\"tr\",\"potentialAction\":[{\"@type\":\"CommentAction\",\"name\":\"Comment\",\"target\":[\"https:\\\/\\\/kibrisdakik.com\\\/?p=80292#respond\"]}]},{\"@type\":\"WebPage\",\"@id\":\"https:\\\/\\\/kibrisdakik.com\\\/?p=80292\",\"url\":\"https:\\\/\\\/kibrisdakik.com\\\/?p=80292\",\"name\":\"Lefko\u015fa-Girne ana yolunda ara\u00e7 yang\u0131n\u0131 -\",\"isPartOf\":{\"@id\":\"https:\\\/\\\/kibrisdakik.com\\\/#website\"},\"primaryImageOfPage\":{\"@id\":\"https:\\\/\\\/kibrisdakik.com\\\/?p=80292#primaryimage\"},\"image\":{\"@id\":\"https:\\\/\\\/kibrisdakik.com\\\/?p=80292#primaryimage\"},\"thumbnailUrl\":\"https:\\\/\\\/kibrisdakik.com\\\/wp-content\\\/uploads\\\/2025\\\/04\\\/17447149819305c332f75-cfa3-489f-8fc1-f61894335fb1-scaled-740x420.jpeg\",\"datePublished\":\"2025-04-15T11:49:00+00:00\",\"author\":{\"@id\":\"https:\\\/\\\/kibrisdakik.com\\\/#\\\/schema\\\/person\\\/9cd9d437bbb44f72b73ba127e06d8e79\"},\"breadcrumb\":{\"@id\":\"https:\\\/\\\/kibrisdakik.com\\\/?p=80292#breadcrumb\"},\"inLanguage\":\"tr\",\"potentialAction\":[{\"@type\":\"ReadAction\",\"target\":[\"https:\\\/\\\/kibrisdakik.com\\\/?p=80292\"]}]},{\"@type\":\"ImageObject\",\"inLanguage\":\"tr\",\"@id\":\"https:\\\/\\\/kibrisdakik.com\\\/?p=80292#primaryimage\",\"url\":\"https:\\\/\\\/kibrisdakik.com\\\/wp-content\\\/uploads\\\/2025\\\/04\\\/17447149819305c332f75-cfa3-489f-8fc1-f61894335fb1-scaled-740x420.jpeg\",\"contentUrl\":\"https:\\\/\\\/kibrisdakik.com\\\/wp-content\\\/uploads\\\/2025\\\/04\\\/17447149819305c332f75-cfa3-489f-8fc1-f61894335fb1-scaled-740x420.jpeg\",\"width\":1920,\"height\":2560},{\"@type\":\"BreadcrumbList\",\"@id\":\"https:\\\/\\\/kibrisdakik.com\\\/?p=80292#breadcrumb\",\"itemListElement\":[{\"@type\":\"ListItem\",\"position\":1,\"name\":\"Home\",\"item\":\"https:\\\/\\\/kibrisdakik.com\\\/\"},{\"@type\":\"ListItem\",\"position\":2,\"name\":\"Lefko\u015fa-Girne ana yolunda ara\u00e7 yang\u0131n\u0131\"}]},{\"@type\":\"WebSite\",\"@id\":\"https:\\\/\\\/kibrisdakik.com\\\/#website\",\"url\":\"https:\\\/\\\/kibrisdakik.com\\\/\",\"name\":\"\",\"description\":\"Tam vaktinde haber\",\"potentialAction\":[{\"@type\":\"SearchAction\",\"target\":{\"@type\":\"EntryPoint\",\"urlTemplate\":\"https:\\\/\\\/kibrisdakik.com\\\/?s={search_term_string}\"},\"query-input\":{\"@type\":\"PropertyValueSpecification\",\"valueRequired\":true,\"valueName\":\"search_term_string\"}}],\"inLanguage\":\"tr\"},{\"@type\":\"Person\",\"@id\":\"https:\\\/\\\/kibrisdakik.com\\\/#\\\/schema\\\/person\\\/9cd9d437bbb44f72b73ba127e06d8e79\",\"name\":\"admin\",\"image\":{\"@type\":\"ImageObject\",\"inLanguage\":\"tr\",\"@id\":\"https:\\\/\\\/secure.gravatar.com\\\/avatar\\\/ccc17943b9d660506c869530f897617f7cb1c21a4bf30023f252596d83e1f007?s=96&d=mm&r=g\",\"url\":\"https:\\\/\\\/secure.gravatar.com\\\/avatar\\\/ccc17943b9d660506c869530f897617f7cb1c21a4bf30023f252596d83e1f007?s=96&d=mm&r=g\",\"contentUrl\":\"https:\\\/\\\/secure.gravatar.com\\\/avatar\\\/ccc17943b9d660506c869530f897617f7cb1c21a4bf30023f252596d83e1f007?s=96&d=mm&r=g\",\"caption\":\"admin\"},\"sameAs\":[\"https:\\\/\\\/kibrisdakik.com\"],\"url\":\"https:\\\/\\\/kibrisdakik.com\\\/?author=1\"}]}<\/script>\n<!-- \/ Yoast SEO plugin. -->","yoast_head_json":{"title":"Lefko\u015fa-Girne ana yolunda ara\u00e7 yang\u0131n\u0131 -","robots":{"index":"index","follow":"follow","max-snippet":"max-snippet:-1","max-image-preview":"max-image-preview:large","max-video-preview":"max-video-preview:-1"},"canonical":"https:\/\/kibrisdakik.com\/?p=80292","og_locale":"tr_TR","og_type":"article","og_title":"Lefko\u015fa-Girne ana yolunda ara\u00e7 yang\u0131n\u0131 -","og_description":"Lefko\u015fa-Girne ana yolunun St. Hillarion Kav\u015fa\u011f\u0131 yak\u0131nlar\u0131nda bu sabah saat 07.30 s\u0131ralar\u0131nda seyir halindeki bir ara\u00e7ta yang\u0131n \u00e7\u0131kt\u0131. Olayda yaralanan olmazken, ara\u00e7ta maddi hasar meydana geldi. Polis Bas\u0131n Subayl\u0131\u011f\u0131\u2019ndan verilen bilgiye g\u00f6re, KU 519 plakal\u0131 ara\u00e7ta, muhtemelen elektrik aksamlar\u0131n\u0131n k\u0131sa devre yapmas\u0131 sonucu \u00e7\u0131kan yang\u0131nda arac\u0131n motor b\u00f6l\u00fcm\u00fc, \u00f6n lastikleri, \u00f6n cam\u0131, \u00f6n kaputu ve","og_url":"https:\/\/kibrisdakik.com\/?p=80292","article_published_time":"2025-04-15T11:49:00+00:00","og_image":[{"width":1920,"height":2560,"url":"https:\/\/kibrisdakik.com\/wp-content\/uploads\/2025\/04\/17447149819305c332f75-cfa3-489f-8fc1-f61894335fb1-scaled-740x420.jpeg","type":"image\/jpeg"}],"author":"admin","twitter_card":"summary_large_image","twitter_misc":{"Yazan:":"admin"},"schema":{"@context":"https:\/\/schema.org","@graph":[{"@type":"Article","@id":"https:\/\/kibrisdakik.com\/?p=80292#article","isPartOf":{"@id":"https:\/\/kibrisdakik.com\/?p=80292"},"author":{"name":"admin","@id":"https:\/\/kibrisdakik.com\/#\/schema\/person\/9cd9d437bbb44f72b73ba127e06d8e79"},"headline":"Lefko\u015fa-Girne ana yolunda ara\u00e7 yang\u0131n\u0131","datePublished":"2025-04-15T11:49:00+00:00","mainEntityOfPage":{"@id":"https:\/\/kibrisdakik.com\/?p=80292"},"wordCount":100,"commentCount":0,"image":{"@id":"https:\/\/kibrisdakik.com\/?p=80292#primaryimage"},"thumbnailUrl":"https:\/\/kibrisdakik.com\/wp-content\/uploads\/2025\/04\/17447149819305c332f75-cfa3-489f-8fc1-f61894335fb1-scaled-740x420.jpeg","articleSection":["G\u00fcndem","Man\u015fet"],"inLanguage":"tr","potentialAction":[{"@type":"CommentAction","name":"Comment","target":["https:\/\/kibrisdakik.com\/?p=80292#respond"]}]},{"@type":"WebPage","@id":"https:\/\/kibrisdakik.com\/?p=80292","url":"https:\/\/kibrisdakik.com\/?p=80292","name":"Lefko\u015fa-Girne ana yolunda ara\u00e7 yang\u0131n\u0131 -","isPartOf":{"@id":"https:\/\/kibrisdakik.com\/#website"},"primaryImageOfPage":{"@id":"https:\/\/kibrisdakik.com\/?p=80292#primaryimage"},"image":{"@id":"https:\/\/kibrisdakik.com\/?p=80292#primaryimage"},"thumbnailUrl":"https:\/\/kibrisdakik.com\/wp-content\/uploads\/2025\/04\/17447149819305c332f75-cfa3-489f-8fc1-f61894335fb1-scaled-740x420.jpeg","datePublished":"2025-04-15T11:49:00+00:00","author":{"@id":"https:\/\/kibrisdakik.com\/#\/schema\/person\/9cd9d437bbb44f72b73ba127e06d8e79"},"breadcrumb":{"@id":"https:\/\/kibrisdakik.com\/?p=80292#breadcrumb"},"inLanguage":"tr","potentialAction":[{"@type":"ReadAction","target":["https:\/\/kibrisdakik.com\/?p=80292"]}]},{"@type":"ImageObject","inLanguage":"tr","@id":"https:\/\/kibrisdakik.com\/?p=80292#primaryimage","url":"https:\/\/kibrisdakik.com\/wp-content\/uploads\/2025\/04\/17447149819305c332f75-cfa3-489f-8fc1-f61894335fb1-scaled-740x420.jpeg","contentUrl":"https:\/\/kibrisdakik.com\/wp-content\/uploads\/2025\/04\/17447149819305c332f75-cfa3-489f-8fc1-f61894335fb1-scaled-740x420.jpeg","width":1920,"height":2560},{"@type":"BreadcrumbList","@id":"https:\/\/kibrisdakik.com\/?p=80292#breadcrumb","itemListElement":[{"@type":"ListItem","position":1,"name":"Home","item":"https:\/\/kibrisdakik.com\/"},{"@type":"ListItem","position":2,"name":"Lefko\u015fa-Girne ana yolunda ara\u00e7 yang\u0131n\u0131"}]},{"@type":"WebSite","@id":"https:\/\/kibrisdakik.com\/#website","url":"https:\/\/kibrisdakik.com\/","name":"","description":"Tam vaktinde haber","potentialAction":[{"@type":"SearchAction","target":{"@type":"EntryPoint","urlTemplate":"https:\/\/kibrisdakik.com\/?s={search_term_string}"},"query-input":{"@type":"PropertyValueSpecification","valueRequired":true,"valueName":"search_term_string"}}],"inLanguage":"tr"},{"@type":"Person","@id":"https:\/\/kibrisdakik.com\/#\/schema\/person\/9cd9d437bbb44f72b73ba127e06d8e79","name":"admin","image":{"@type":"ImageObject","inLanguage":"tr","@id":"https:\/\/secure.gravatar.com\/avatar\/ccc17943b9d660506c869530f897617f7cb1c21a4bf30023f252596d83e1f007?s=96&d=mm&r=g","url":"https:\/\/secure.gravatar.com\/avatar\/ccc17943b9d660506c869530f897617f7cb1c21a4bf30023f252596d83e1f007?s=96&d=mm&r=g","contentUrl":"https:\/\/secure.gravatar.com\/avatar\/ccc17943b9d660506c869530f897617f7cb1c21a4bf30023f252596d83e1f007?s=96&d=mm&r=g","caption":"admin"},"sameAs":["https:\/\/kibrisdakik.com"],"url":"https:\/\/kibrisdakik.com\/?author=1"}]}},"_links":{"self":[{"href":"https:\/\/kibrisdakik.com\/index.php?rest_route=\/wp\/v2\/posts\/80292","targetHints":{"allow":["GET"]}}],"collection":[{"href":"https:\/\/kibrisdakik.com\/index.php?rest_route=\/wp\/v2\/posts"}],"about":[{"href":"https:\/\/kibrisdakik.com\/index.php?rest_route=\/wp\/v2\/types\/post"}],"author":[{"embeddable":true,"href":"https:\/\/kibrisdakik.com\/index.php?rest_route=\/wp\/v2\/users\/1"}],"replies":[{"embeddable":true,"href":"https:\/\/kibrisdakik.com\/index.php?rest_route=%2Fwp%2Fv2%2Fcomments&post=80292"}],"version-history":[{"count":0,"href":"https:\/\/kibrisdakik.com\/index.php?rest_route=\/wp\/v2\/posts\/80292\/revisions"}],"wp:featuredmedia":[{"embeddable":true,"href":"https:\/\/kibrisdakik.com\/index.php?rest_route=\/wp\/v2\/media\/80293"}],"wp:attachment":[{"href":"https:\/\/kibrisdakik.com\/index.php?rest_route=%2Fwp%2Fv2%2Fmedia&parent=80292"}],"wp:term":[{"taxonomy":"category","embeddable":true,"href":"https:\/\/kibrisdakik.com\/index.php?rest_route=%2Fwp%2Fv2%2Fcategories&post=80292"},{"taxonomy":"post_tag","embeddable":true,"href":"https:\/\/kibrisdakik.com\/index.php?rest_route=%2Fwp%2Fv2%2Ftags&post=80292"}],"curies":[{"name":"wp","href":"https:\/\/api.w.org\/{rel}","templated":true}]}}