{"id":8032,"date":"2023-06-01T16:54:57","date_gmt":"2023-06-01T16:54:57","guid":{"rendered":"https:\/\/kibrisdakik.com\/index.php\/2023\/06\/01\/eroglu-erdoganin-yemin-torenine-katilacak\/"},"modified":"2023-06-01T16:54:57","modified_gmt":"2023-06-01T16:54:57","slug":"eroglu-erdoganin-yemin-torenine-katilacak","status":"publish","type":"post","link":"https:\/\/kibrisdakik.com\/?p=8032","title":{"rendered":"Ero\u011flu, Erdo\u011fan\u2019\u0131n yemin t\u00f6renine kat\u0131lacak"},"content":{"rendered":"<p><\/p>\n<div>\n<div class=\"mariselle-image-container center\">\n                <img width=\"971\" height=\"551\" class=\"lazy-image\" alt=\"\" decoding=\"async\" loading=\"lazy\" sizes=\"auto, (max-width: 971px) 100vw, 971px\" src=\"https:\/\/brtk.net\/wp-content\/uploads\/2023\/06\/01\/es.webp?ver=41afe8de9d9ef534dbda6b0b3cbc1d7d\" srcset=\"https:\/\/brtk.net\/wp-content\/uploads\/2023\/06\/01\/es.webp?ver=41afe8de9d9ef534dbda6b0b3cbc1d7d 971w, https:\/\/brtk.net\/wp-content\/uploads\/2023\/06\/01\/es-300x170.webp?ver=676892f5623f077961d3b0163d010e74 300w, https:\/\/brtk.net\/wp-content\/uploads\/2023\/06\/01\/es-768x436.webp?ver=676892f5623f077961d3b0163d010e74 768w\"\/>                            <\/div>\n<p>3\u2019nc\u00fc Cumhurba\u015fkan\u0131 Dervi\u015f Ero\u011flu da T\u00fcrkiye Cumhurba\u015fkan\u0131 Recep Tayyip Erdo\u011fan\u2019\u0131n yemin t\u00f6renine kat\u0131lmak \u00fczere Cumartesi g\u00fcn\u00fc Ankara\u2019ya gidecek.<\/p>\n<p>T\u00fcrkiye Cumhuriyeti Cumhurba\u015fkan\u0131 Recep Tayyip Erdo\u011fan, se\u00e7im\u00f6 sonras\u0131 kutlamak i\u00e7in kendisini telefonla arayan  Dervi\u015f Ero\u011flu\u2019na d\u00fcn d\u00f6n\u00fc\u015f yapt\u0131.<\/p>\n<p>Ero\u011flu telefon g\u00f6r\u00fc\u015fmesinde, \u201c bir kez daha Erdo\u011fan\u2019\u0131 ba\u015far\u0131s\u0131ndan dolay\u0131 kutlad\u0131 ve ba\u015flat\u0131lan \u00e7al\u0131\u015fmalar\u0131n hedefe ula\u015ft\u0131r\u0131larak 21\u2019nci y\u00fczy\u0131l\u0131n T\u00fcrkiye y\u00fcz y\u0131l\u0131 olaca\u011f\u0131na y\u00fcrekten inand\u0131\u011f\u0131n\u0131\u201d belirtti.<\/p>\n<p>3\u2019nc\u00fc Cumhurba\u015fkan\u0131 Dervi\u015f Ero\u011flu, yap\u0131lan davet \u00fczerine 3 Haziran Cumartesi g\u00fcn\u00fc Ankara\u2019da ger\u00e7ekle\u015ftirilecek T\u00fcrkiye Cumhurba\u015fkan\u0131 Erdo\u011fan\u2019\u0131n yemin t\u00f6reni ile yemin t\u00f6reni sonras\u0131nda d\u00fczenlenecek resepsiyona  kat\u0131lacak.<\/p>\n<\/p><\/div>\n<p><script async\n                    defer\n                    crossorigin=\"anonymous\"\n                    src=\"https:\/\/connect.facebook.net\/tr_TR\/sdk.js#xfbml=1&#038;version=v3.3\"\n            ><\/script><\/p>\n","protected":false},"excerpt":{"rendered":"<p>3\u2019nc\u00fc Cumhurba\u015fkan\u0131 Dervi\u015f Ero\u011flu da T\u00fcrkiye Cumhurba\u015fkan\u0131 Recep Tayyip Erdo\u011fan\u2019\u0131n yemin t\u00f6renine kat\u0131lmak \u00fczere Cumartesi g\u00fcn\u00fc Ankara\u2019ya gidecek. T\u00fcrkiye Cumhuriyeti Cumhurba\u015fkan\u0131 Recep Tayyip Erdo\u011fan, se\u00e7im\u00f6 sonras\u0131 kutlamak i\u00e7in kendisini telefonla arayan Dervi\u015f Ero\u011flu\u2019na d\u00fcn d\u00f6n\u00fc\u015f yapt\u0131. Ero\u011flu telefon g\u00f6r\u00fc\u015fmesinde, \u201c bir kez daha Erdo\u011fan\u2019\u0131 ba\u015far\u0131s\u0131ndan dolay\u0131 kutlad\u0131 ve ba\u015flat\u0131lan \u00e7al\u0131\u015fmalar\u0131n hedefe ula\u015ft\u0131r\u0131larak 21\u2019nci y\u00fczy\u0131l\u0131n T\u00fcrkiye<\/p>\n","protected":false},"author":1,"featured_media":8033,"comment_status":"open","ping_status":"open","sticky":false,"template":"","format":"standard","meta":{"footnotes":""},"categories":[1],"tags":[],"class_list":["post-8032","post","type-post","status-publish","format-standard","has-post-thumbnail","hentry","category-gundem"],"yoast_head":"<!-- This site is optimized with the Yoast SEO plugin v27.4 - https:\/\/yoast.com\/product\/yoast-seo-wordpress\/ -->\n<title>Ero\u011flu, Erdo\u011fan\u2019\u0131n yemin t\u00f6renine kat\u0131lacak -<\/title>\n<meta name=\"robots\" content=\"index, follow, max-snippet:-1, max-image-preview:large, max-video-preview:-1\" \/>\n<link rel=\"canonical\" href=\"https:\/\/kibrisdakik.com\/?p=8032\" \/>\n<meta property=\"og:locale\" content=\"tr_TR\" \/>\n<meta property=\"og:type\" content=\"article\" \/>\n<meta property=\"og:title\" content=\"Ero\u011flu, Erdo\u011fan\u2019\u0131n yemin t\u00f6renine kat\u0131lacak -\" \/>\n<meta property=\"og:description\" content=\"3\u2019nc\u00fc Cumhurba\u015fkan\u0131 Dervi\u015f Ero\u011flu da T\u00fcrkiye Cumhurba\u015fkan\u0131 Recep Tayyip Erdo\u011fan\u2019\u0131n yemin t\u00f6renine kat\u0131lmak \u00fczere Cumartesi g\u00fcn\u00fc Ankara\u2019ya gidecek. T\u00fcrkiye Cumhuriyeti Cumhurba\u015fkan\u0131 Recep Tayyip Erdo\u011fan, se\u00e7im\u00f6 sonras\u0131 kutlamak i\u00e7in kendisini telefonla arayan Dervi\u015f Ero\u011flu\u2019na d\u00fcn d\u00f6n\u00fc\u015f yapt\u0131. Ero\u011flu telefon g\u00f6r\u00fc\u015fmesinde, \u201c bir kez daha Erdo\u011fan\u2019\u0131 ba\u015far\u0131s\u0131ndan dolay\u0131 kutlad\u0131 ve ba\u015flat\u0131lan \u00e7al\u0131\u015fmalar\u0131n hedefe ula\u015ft\u0131r\u0131larak 21\u2019nci y\u00fczy\u0131l\u0131n T\u00fcrkiye\" \/>\n<meta property=\"og:url\" content=\"https:\/\/kibrisdakik.com\/?p=8032\" \/>\n<meta property=\"article:published_time\" content=\"2023-06-01T16:54:57+00:00\" \/>\n<meta property=\"og:image\" content=\"https:\/\/kibrisdakik.com\/wp-content\/uploads\/2023\/06\/es.webp-740x420.webp\" \/>\n\t<meta property=\"og:image:width\" content=\"971\" \/>\n\t<meta property=\"og:image:height\" content=\"551\" \/>\n\t<meta property=\"og:image:type\" content=\"image\/webp\" \/>\n<meta name=\"author\" content=\"admin\" \/>\n<meta name=\"twitter:card\" content=\"summary_large_image\" \/>\n<meta name=\"twitter:label1\" content=\"Yazan:\" \/>\n\t<meta name=\"twitter:data1\" content=\"admin\" \/>\n\t<meta name=\"twitter:label2\" content=\"Tahmini okuma s\u00fcresi\" \/>\n\t<meta name=\"twitter:data2\" content=\"1 dakika\" \/>\n<script type=\"application\/ld+json\" class=\"yoast-schema-graph\">{\"@context\":\"https:\\\/\\\/schema.org\",\"@graph\":[{\"@type\":\"Article\",\"@id\":\"https:\\\/\\\/kibrisdakik.com\\\/?p=8032#article\",\"isPartOf\":{\"@id\":\"https:\\\/\\\/kibrisdakik.com\\\/?p=8032\"},\"author\":{\"name\":\"admin\",\"@id\":\"https:\\\/\\\/kibrisdakik.com\\\/#\\\/schema\\\/person\\\/9cd9d437bbb44f72b73ba127e06d8e79\"},\"headline\":\"Ero\u011flu, Erdo\u011fan\u2019\u0131n yemin t\u00f6renine kat\u0131lacak\",\"datePublished\":\"2023-06-01T16:54:57+00:00\",\"mainEntityOfPage\":{\"@id\":\"https:\\\/\\\/kibrisdakik.com\\\/?p=8032\"},\"wordCount\":152,\"commentCount\":0,\"image\":{\"@id\":\"https:\\\/\\\/kibrisdakik.com\\\/?p=8032#primaryimage\"},\"thumbnailUrl\":\"https:\\\/\\\/kibrisdakik.com\\\/wp-content\\\/uploads\\\/2023\\\/06\\\/es.webp-740x420.webp\",\"articleSection\":[\"G\u00fcndem\"],\"inLanguage\":\"tr\",\"potentialAction\":[{\"@type\":\"CommentAction\",\"name\":\"Comment\",\"target\":[\"https:\\\/\\\/kibrisdakik.com\\\/?p=8032#respond\"]}]},{\"@type\":\"WebPage\",\"@id\":\"https:\\\/\\\/kibrisdakik.com\\\/?p=8032\",\"url\":\"https:\\\/\\\/kibrisdakik.com\\\/?p=8032\",\"name\":\"Ero\u011flu, Erdo\u011fan\u2019\u0131n yemin t\u00f6renine kat\u0131lacak -\",\"isPartOf\":{\"@id\":\"https:\\\/\\\/kibrisdakik.com\\\/#website\"},\"primaryImageOfPage\":{\"@id\":\"https:\\\/\\\/kibrisdakik.com\\\/?p=8032#primaryimage\"},\"image\":{\"@id\":\"https:\\\/\\\/kibrisdakik.com\\\/?p=8032#primaryimage\"},\"thumbnailUrl\":\"https:\\\/\\\/kibrisdakik.com\\\/wp-content\\\/uploads\\\/2023\\\/06\\\/es.webp-740x420.webp\",\"datePublished\":\"2023-06-01T16:54:57+00:00\",\"author\":{\"@id\":\"https:\\\/\\\/kibrisdakik.com\\\/#\\\/schema\\\/person\\\/9cd9d437bbb44f72b73ba127e06d8e79\"},\"breadcrumb\":{\"@id\":\"https:\\\/\\\/kibrisdakik.com\\\/?p=8032#breadcrumb\"},\"inLanguage\":\"tr\",\"potentialAction\":[{\"@type\":\"ReadAction\",\"target\":[\"https:\\\/\\\/kibrisdakik.com\\\/?p=8032\"]}]},{\"@type\":\"ImageObject\",\"inLanguage\":\"tr\",\"@id\":\"https:\\\/\\\/kibrisdakik.com\\\/?p=8032#primaryimage\",\"url\":\"https:\\\/\\\/kibrisdakik.com\\\/wp-content\\\/uploads\\\/2023\\\/06\\\/es.webp-740x420.webp\",\"contentUrl\":\"https:\\\/\\\/kibrisdakik.com\\\/wp-content\\\/uploads\\\/2023\\\/06\\\/es.webp-740x420.webp\",\"width\":971,\"height\":551},{\"@type\":\"BreadcrumbList\",\"@id\":\"https:\\\/\\\/kibrisdakik.com\\\/?p=8032#breadcrumb\",\"itemListElement\":[{\"@type\":\"ListItem\",\"position\":1,\"name\":\"Home\",\"item\":\"https:\\\/\\\/kibrisdakik.com\\\/\"},{\"@type\":\"ListItem\",\"position\":2,\"name\":\"Ero\u011flu, Erdo\u011fan\u2019\u0131n yemin t\u00f6renine kat\u0131lacak\"}]},{\"@type\":\"WebSite\",\"@id\":\"https:\\\/\\\/kibrisdakik.com\\\/#website\",\"url\":\"https:\\\/\\\/kibrisdakik.com\\\/\",\"name\":\"\",\"description\":\"Tam vaktinde haber\",\"potentialAction\":[{\"@type\":\"SearchAction\",\"target\":{\"@type\":\"EntryPoint\",\"urlTemplate\":\"https:\\\/\\\/kibrisdakik.com\\\/?s={search_term_string}\"},\"query-input\":{\"@type\":\"PropertyValueSpecification\",\"valueRequired\":true,\"valueName\":\"search_term_string\"}}],\"inLanguage\":\"tr\"},{\"@type\":\"Person\",\"@id\":\"https:\\\/\\\/kibrisdakik.com\\\/#\\\/schema\\\/person\\\/9cd9d437bbb44f72b73ba127e06d8e79\",\"name\":\"admin\",\"image\":{\"@type\":\"ImageObject\",\"inLanguage\":\"tr\",\"@id\":\"https:\\\/\\\/secure.gravatar.com\\\/avatar\\\/ccc17943b9d660506c869530f897617f7cb1c21a4bf30023f252596d83e1f007?s=96&d=mm&r=g\",\"url\":\"https:\\\/\\\/secure.gravatar.com\\\/avatar\\\/ccc17943b9d660506c869530f897617f7cb1c21a4bf30023f252596d83e1f007?s=96&d=mm&r=g\",\"contentUrl\":\"https:\\\/\\\/secure.gravatar.com\\\/avatar\\\/ccc17943b9d660506c869530f897617f7cb1c21a4bf30023f252596d83e1f007?s=96&d=mm&r=g\",\"caption\":\"admin\"},\"sameAs\":[\"https:\\\/\\\/kibrisdakik.com\"],\"url\":\"https:\\\/\\\/kibrisdakik.com\\\/?author=1\"}]}<\/script>\n<!-- \/ Yoast SEO plugin. -->","yoast_head_json":{"title":"Ero\u011flu, Erdo\u011fan\u2019\u0131n yemin t\u00f6renine kat\u0131lacak -","robots":{"index":"index","follow":"follow","max-snippet":"max-snippet:-1","max-image-preview":"max-image-preview:large","max-video-preview":"max-video-preview:-1"},"canonical":"https:\/\/kibrisdakik.com\/?p=8032","og_locale":"tr_TR","og_type":"article","og_title":"Ero\u011flu, Erdo\u011fan\u2019\u0131n yemin t\u00f6renine kat\u0131lacak -","og_description":"3\u2019nc\u00fc Cumhurba\u015fkan\u0131 Dervi\u015f Ero\u011flu da T\u00fcrkiye Cumhurba\u015fkan\u0131 Recep Tayyip Erdo\u011fan\u2019\u0131n yemin t\u00f6renine kat\u0131lmak \u00fczere Cumartesi g\u00fcn\u00fc Ankara\u2019ya gidecek. T\u00fcrkiye Cumhuriyeti Cumhurba\u015fkan\u0131 Recep Tayyip Erdo\u011fan, se\u00e7im\u00f6 sonras\u0131 kutlamak i\u00e7in kendisini telefonla arayan Dervi\u015f Ero\u011flu\u2019na d\u00fcn d\u00f6n\u00fc\u015f yapt\u0131. Ero\u011flu telefon g\u00f6r\u00fc\u015fmesinde, \u201c bir kez daha Erdo\u011fan\u2019\u0131 ba\u015far\u0131s\u0131ndan dolay\u0131 kutlad\u0131 ve ba\u015flat\u0131lan \u00e7al\u0131\u015fmalar\u0131n hedefe ula\u015ft\u0131r\u0131larak 21\u2019nci y\u00fczy\u0131l\u0131n T\u00fcrkiye","og_url":"https:\/\/kibrisdakik.com\/?p=8032","article_published_time":"2023-06-01T16:54:57+00:00","og_image":[{"width":971,"height":551,"url":"https:\/\/kibrisdakik.com\/wp-content\/uploads\/2023\/06\/es.webp-740x420.webp","type":"image\/webp"}],"author":"admin","twitter_card":"summary_large_image","twitter_misc":{"Yazan:":"admin","Tahmini okuma s\u00fcresi":"1 dakika"},"schema":{"@context":"https:\/\/schema.org","@graph":[{"@type":"Article","@id":"https:\/\/kibrisdakik.com\/?p=8032#article","isPartOf":{"@id":"https:\/\/kibrisdakik.com\/?p=8032"},"author":{"name":"admin","@id":"https:\/\/kibrisdakik.com\/#\/schema\/person\/9cd9d437bbb44f72b73ba127e06d8e79"},"headline":"Ero\u011flu, Erdo\u011fan\u2019\u0131n yemin t\u00f6renine kat\u0131lacak","datePublished":"2023-06-01T16:54:57+00:00","mainEntityOfPage":{"@id":"https:\/\/kibrisdakik.com\/?p=8032"},"wordCount":152,"commentCount":0,"image":{"@id":"https:\/\/kibrisdakik.com\/?p=8032#primaryimage"},"thumbnailUrl":"https:\/\/kibrisdakik.com\/wp-content\/uploads\/2023\/06\/es.webp-740x420.webp","articleSection":["G\u00fcndem"],"inLanguage":"tr","potentialAction":[{"@type":"CommentAction","name":"Comment","target":["https:\/\/kibrisdakik.com\/?p=8032#respond"]}]},{"@type":"WebPage","@id":"https:\/\/kibrisdakik.com\/?p=8032","url":"https:\/\/kibrisdakik.com\/?p=8032","name":"Ero\u011flu, Erdo\u011fan\u2019\u0131n yemin t\u00f6renine kat\u0131lacak -","isPartOf":{"@id":"https:\/\/kibrisdakik.com\/#website"},"primaryImageOfPage":{"@id":"https:\/\/kibrisdakik.com\/?p=8032#primaryimage"},"image":{"@id":"https:\/\/kibrisdakik.com\/?p=8032#primaryimage"},"thumbnailUrl":"https:\/\/kibrisdakik.com\/wp-content\/uploads\/2023\/06\/es.webp-740x420.webp","datePublished":"2023-06-01T16:54:57+00:00","author":{"@id":"https:\/\/kibrisdakik.com\/#\/schema\/person\/9cd9d437bbb44f72b73ba127e06d8e79"},"breadcrumb":{"@id":"https:\/\/kibrisdakik.com\/?p=8032#breadcrumb"},"inLanguage":"tr","potentialAction":[{"@type":"ReadAction","target":["https:\/\/kibrisdakik.com\/?p=8032"]}]},{"@type":"ImageObject","inLanguage":"tr","@id":"https:\/\/kibrisdakik.com\/?p=8032#primaryimage","url":"https:\/\/kibrisdakik.com\/wp-content\/uploads\/2023\/06\/es.webp-740x420.webp","contentUrl":"https:\/\/kibrisdakik.com\/wp-content\/uploads\/2023\/06\/es.webp-740x420.webp","width":971,"height":551},{"@type":"BreadcrumbList","@id":"https:\/\/kibrisdakik.com\/?p=8032#breadcrumb","itemListElement":[{"@type":"ListItem","position":1,"name":"Home","item":"https:\/\/kibrisdakik.com\/"},{"@type":"ListItem","position":2,"name":"Ero\u011flu, Erdo\u011fan\u2019\u0131n yemin t\u00f6renine kat\u0131lacak"}]},{"@type":"WebSite","@id":"https:\/\/kibrisdakik.com\/#website","url":"https:\/\/kibrisdakik.com\/","name":"","description":"Tam vaktinde haber","potentialAction":[{"@type":"SearchAction","target":{"@type":"EntryPoint","urlTemplate":"https:\/\/kibrisdakik.com\/?s={search_term_string}"},"query-input":{"@type":"PropertyValueSpecification","valueRequired":true,"valueName":"search_term_string"}}],"inLanguage":"tr"},{"@type":"Person","@id":"https:\/\/kibrisdakik.com\/#\/schema\/person\/9cd9d437bbb44f72b73ba127e06d8e79","name":"admin","image":{"@type":"ImageObject","inLanguage":"tr","@id":"https:\/\/secure.gravatar.com\/avatar\/ccc17943b9d660506c869530f897617f7cb1c21a4bf30023f252596d83e1f007?s=96&d=mm&r=g","url":"https:\/\/secure.gravatar.com\/avatar\/ccc17943b9d660506c869530f897617f7cb1c21a4bf30023f252596d83e1f007?s=96&d=mm&r=g","contentUrl":"https:\/\/secure.gravatar.com\/avatar\/ccc17943b9d660506c869530f897617f7cb1c21a4bf30023f252596d83e1f007?s=96&d=mm&r=g","caption":"admin"},"sameAs":["https:\/\/kibrisdakik.com"],"url":"https:\/\/kibrisdakik.com\/?author=1"}]}},"_links":{"self":[{"href":"https:\/\/kibrisdakik.com\/index.php?rest_route=\/wp\/v2\/posts\/8032","targetHints":{"allow":["GET"]}}],"collection":[{"href":"https:\/\/kibrisdakik.com\/index.php?rest_route=\/wp\/v2\/posts"}],"about":[{"href":"https:\/\/kibrisdakik.com\/index.php?rest_route=\/wp\/v2\/types\/post"}],"author":[{"embeddable":true,"href":"https:\/\/kibrisdakik.com\/index.php?rest_route=\/wp\/v2\/users\/1"}],"replies":[{"embeddable":true,"href":"https:\/\/kibrisdakik.com\/index.php?rest_route=%2Fwp%2Fv2%2Fcomments&post=8032"}],"version-history":[{"count":0,"href":"https:\/\/kibrisdakik.com\/index.php?rest_route=\/wp\/v2\/posts\/8032\/revisions"}],"wp:featuredmedia":[{"embeddable":true,"href":"https:\/\/kibrisdakik.com\/index.php?rest_route=\/wp\/v2\/media\/8033"}],"wp:attachment":[{"href":"https:\/\/kibrisdakik.com\/index.php?rest_route=%2Fwp%2Fv2%2Fmedia&parent=8032"}],"wp:term":[{"taxonomy":"category","embeddable":true,"href":"https:\/\/kibrisdakik.com\/index.php?rest_route=%2Fwp%2Fv2%2Fcategories&post=8032"},{"taxonomy":"post_tag","embeddable":true,"href":"https:\/\/kibrisdakik.com\/index.php?rest_route=%2Fwp%2Fv2%2Ftags&post=8032"}],"curies":[{"name":"wp","href":"https:\/\/api.w.org\/{rel}","templated":true}]}}