{"id":80337,"date":"2025-04-16T16:58:31","date_gmt":"2025-04-16T13:58:31","guid":{"rendered":"https:\/\/kibrisdakik.com\/index.php\/2025\/04\/16\/gazeteciler-birligi-elestirel-gazetecilik-demokrasinin-bir-geregidir-yeniduzen-gazetesi-ve-meslektaslarimizin-yanindayiz\/"},"modified":"2025-04-16T16:58:31","modified_gmt":"2025-04-16T13:58:31","slug":"gazeteciler-birligi-elestirel-gazetecilik-demokrasinin-bir-geregidir-yeniduzen-gazetesi-ve-meslektaslarimizin-yanindayiz","status":"publish","type":"post","link":"https:\/\/kibrisdakik.com\/?p=80337","title":{"rendered":"Gazeteciler Birli\u011fi: Ele\u015ftirel gazetecilik demokrasinin bir gere\u011fidir\u2026 Yenid\u00fczen Gazetesi ve meslekta\u015flar\u0131m\u0131z\u0131n yan\u0131nday\u0131z"},"content":{"rendered":"<div>\n<div class=\"mariselle-image-container none\">\n                                            <\/div>\n<p style=\"font-weight: 300;\"><span style=\"font-weight: 300 !important;\">K\u0131br\u0131s T\u00fcrk Gazeteciler Birli\u011fi (KTGB),<\/span><span style=\"font-weight: 300 !important;\">\u00a0<\/span><span style=\"font-weight: 300 !important;\">ele\u015ftirel gazetecili\u011fin, demokrasinin bir gere\u011fi oldu\u011funu, ele\u015ftirdi\u011fi i\u00e7in hi\u00e7bir gazete ve medya kurulu\u015funun su\u00e7lu sandalyesine oturtulmamas\u0131 gerekti\u011fini kaydetti.<\/span><\/p>\n<p style=\"font-weight: 300;\"><span style=\"font-weight: 300 !important;\">Birlik Y\u00f6netim Kurulu imzas\u0131yla yap\u0131lan a\u00e7\u0131klamada, Cumhurba\u015fkan\u0131 Ersin Tatar\u2019\u0131n Yenid\u00fczen Gazetesine, d\u00f6nemin Genel Yay\u0131n Y\u00f6netmeni Gazeteci Cenk Mutluyakal\u0131\u2019ya ve Gazeteci Serhat \u0130ncirli\u2019ye, yazd\u0131\u011f\u0131 d\u00f6rt ayr\u0131 k\u00f6\u015fe yaz\u0131s\u0131 nedeniyle\u00a0 \u201czem ve kadih\u201d davas\u0131 a\u00e7t\u0131\u011f\u0131 ve s\u00fcrecin ba\u015flad\u0131\u011f\u0131 ifade edildi.<\/span><\/p>\n<p style=\"font-weight: 300;\"><span style=\"font-weight: 300 !important;\">Bas\u0131n\u0131 \u00f6zg\u00fcr olmayan toplumlar\u0131n \u00f6zg\u00fcr olamayaca\u011f\u0131 kaydedilen a\u00e7\u0131klamada, bir gazetecinin ya\u015fanan olaylar\u0131 kendi bak\u0131\u015f a\u00e7\u0131s\u0131 ile halka anlatmas\u0131n\u0131n, cezai soru\u015fturma veya hukuki bask\u0131y\u0131 gerektirmedi\u011fi belirtildi.<\/span><\/p>\n<p style=\"font-weight: 300;\"><span style=\"font-weight: 300 !important;\">Bas\u0131n\u0131n ayn\u0131 zamanda denetim g\u00f6revi yapt\u0131\u011f\u0131 ve bu i\u015flevi yerine getirirken, g\u00fcc\u00fcn\u00fc ifade ve bas\u0131n \u00f6zg\u00fcrl\u00fc\u011f\u00fcnden almas\u0131 gerekti\u011fine dikkat \u00e7ekilen a\u00e7\u0131klamada, \u201cUnutulmamal\u0131d\u0131r ki ele\u015ftirel gazetecilik demokrasinin bir gere\u011fidir ve ele\u015ftirdi\u011fi i\u00e7in hi\u00e7bir gazete ve medya kurulu\u015fu su\u00e7lu sandalyesine oturtulmamal\u0131d\u0131r\u201d denildi.<\/span><\/p>\n<p style=\"font-weight: 300;\"><span style=\"font-weight: 300 !important;\">-\u201cHalk\u0131n oylar\u0131 ile g\u00f6reve gelen siyasiler, halk\u0131n bilgi kayna\u011f\u0131 bas\u0131na kar\u015f\u0131 daha ho\u015fg\u00f6r\u00fcl\u00fc olmal\u0131\u201d<\/span><\/p>\n<p style=\"font-weight: 300;\"><span style=\"font-weight: 300 !important;\">Halk\u0131n oylar\u0131 ile g\u00f6reve gelen siyasilerin, halk\u0131n bilgi kayna\u011f\u0131 bas\u0131na kar\u015f\u0131 daha ho\u015fg\u00f6r\u00fcl\u00fc olmas\u0131 gerekti\u011fi belirtilen a\u00e7\u0131klamada, \u015fu ifadelere yer verildi:<\/span><\/p>\n<p style=\"font-weight: 300;\"><span style=\"font-weight: 300 !important;\">\u201cBas\u0131n, ayn\u0131 zamanda halk\u0131 bilgilendiren bir ara\u00e7 oldu\u011funa g\u00f6re siyaset\u00e7ilerin bas\u0131na ho\u015fg\u00f6r\u00fcs\u00fcz yakla\u015fmas\u0131, asl\u0131nda halk\u0131n bilgi alma hakk\u0131n\u0131 engellemeye y\u00f6nelik bir davran\u0131\u015ft\u0131r. Kald\u0131 ki \u00fclkenin en \u00fcst makam\u0131ndaki ki\u015finin herkesten daha \u00e7ok ho\u015fg\u00f6r\u00fcl\u00fc ve kucaklay\u0131c\u0131 olmas\u0131 da ayr\u0131 bir ger\u00e7ekliktir.<\/span><\/p>\n<p style=\"font-weight: 300;\"><span style=\"font-weight: 300 !important;\">Gelinen a\u015famada Yenid\u00fczen Gazetesi ve meslekta\u015flar\u0131m\u0131z\u0131n yan\u0131nda oldu\u011fumuzu, bas\u0131n\u0131m\u0131z\u0131n hak etti\u011fi \u00f6zg\u00fcrl\u00fc\u011fe kavu\u015fana kadar m\u00fccadeleden geri durmayaca\u011f\u0131m\u0131z\u0131 kamuoyu ile payla\u015fmak isteriz.\u201d<\/span><\/p>\n<p>\u00a0<\/p>\n<\/p><\/div>\n<p><script async\n                    defer\n                    crossorigin=\"anonymous\"\n                    src=\"https:\/\/connect.facebook.net\/tr_TR\/sdk.js#xfbml=1&#038;version=v3.3\"\n            ><\/script><\/p>\n","protected":false},"excerpt":{"rendered":"<p>K\u0131br\u0131s T\u00fcrk Gazeteciler Birli\u011fi (KTGB),\u00a0ele\u015ftirel gazetecili\u011fin, demokrasinin bir gere\u011fi oldu\u011funu, ele\u015ftirdi\u011fi i\u00e7in hi\u00e7bir gazete ve medya kurulu\u015funun su\u00e7lu sandalyesine oturtulmamas\u0131 gerekti\u011fini kaydetti. Birlik Y\u00f6netim Kurulu imzas\u0131yla yap\u0131lan a\u00e7\u0131klamada, Cumhurba\u015fkan\u0131 Ersin Tatar\u2019\u0131n Yenid\u00fczen Gazetesine, d\u00f6nemin Genel Yay\u0131n Y\u00f6netmeni Gazeteci Cenk Mutluyakal\u0131\u2019ya ve Gazeteci Serhat \u0130ncirli\u2019ye, yazd\u0131\u011f\u0131 d\u00f6rt ayr\u0131 k\u00f6\u015fe yaz\u0131s\u0131 nedeniyle\u00a0 \u201czem ve kadih\u201d davas\u0131 a\u00e7t\u0131\u011f\u0131<\/p>\n","protected":false},"author":1,"featured_media":80338,"comment_status":"open","ping_status":"open","sticky":false,"template":"","format":"standard","meta":{"footnotes":""},"categories":[81,101],"tags":[],"class_list":["post-80337","post","type-post","status-publish","format-standard","has-post-thumbnail","hentry","category-kibris","category-manset"],"yoast_head":"<!-- This site is optimized with the Yoast SEO plugin v27.5 - https:\/\/yoast.com\/product\/yoast-seo-wordpress\/ -->\n<title>Gazeteciler Birli\u011fi: Ele\u015ftirel gazetecilik demokrasinin bir gere\u011fidir\u2026 Yenid\u00fczen Gazetesi ve meslekta\u015flar\u0131m\u0131z\u0131n yan\u0131nday\u0131z -<\/title>\n<meta name=\"robots\" content=\"index, follow, max-snippet:-1, max-image-preview:large, max-video-preview:-1\" \/>\n<link rel=\"canonical\" href=\"https:\/\/kibrisdakik.com\/?p=80337\" \/>\n<meta property=\"og:locale\" content=\"tr_TR\" \/>\n<meta property=\"og:type\" content=\"article\" \/>\n<meta property=\"og:title\" content=\"Gazeteciler Birli\u011fi: Ele\u015ftirel gazetecilik demokrasinin bir gere\u011fidir\u2026 Yenid\u00fczen Gazetesi ve meslekta\u015flar\u0131m\u0131z\u0131n yan\u0131nday\u0131z -\" \/>\n<meta property=\"og:description\" content=\"K\u0131br\u0131s T\u00fcrk Gazeteciler Birli\u011fi (KTGB),\u00a0ele\u015ftirel gazetecili\u011fin, demokrasinin bir gere\u011fi oldu\u011funu, ele\u015ftirdi\u011fi i\u00e7in hi\u00e7bir gazete ve medya kurulu\u015funun su\u00e7lu sandalyesine oturtulmamas\u0131 gerekti\u011fini kaydetti. Birlik Y\u00f6netim Kurulu imzas\u0131yla yap\u0131lan a\u00e7\u0131klamada, Cumhurba\u015fkan\u0131 Ersin Tatar\u2019\u0131n Yenid\u00fczen Gazetesine, d\u00f6nemin Genel Yay\u0131n Y\u00f6netmeni Gazeteci Cenk Mutluyakal\u0131\u2019ya ve Gazeteci Serhat \u0130ncirli\u2019ye, yazd\u0131\u011f\u0131 d\u00f6rt ayr\u0131 k\u00f6\u015fe yaz\u0131s\u0131 nedeniyle\u00a0 \u201czem ve kadih\u201d davas\u0131 a\u00e7t\u0131\u011f\u0131\" \/>\n<meta property=\"og:url\" content=\"https:\/\/kibrisdakik.com\/?p=80337\" \/>\n<meta property=\"article:published_time\" content=\"2025-04-16T13:58:31+00:00\" \/>\n<meta property=\"og:image\" content=\"https:\/\/kibrisdakik.com\/wp-content\/uploads\/2025\/04\/gazeteciler-birligi-740x420.jpg\" \/>\n\t<meta property=\"og:image:width\" content=\"1448\" \/>\n\t<meta property=\"og:image:height\" content=\"1448\" \/>\n\t<meta property=\"og:image:type\" content=\"image\/jpeg\" \/>\n<meta name=\"author\" content=\"admin\" \/>\n<meta name=\"twitter:card\" content=\"summary_large_image\" \/>\n<meta name=\"twitter:label1\" content=\"Yazan:\" \/>\n\t<meta name=\"twitter:data1\" content=\"admin\" \/>\n\t<meta name=\"twitter:label2\" content=\"Tahmini okuma s\u00fcresi\" \/>\n\t<meta name=\"twitter:data2\" content=\"2 dakika\" \/>\n<script type=\"application\/ld+json\" class=\"yoast-schema-graph\">{\"@context\":\"https:\\\/\\\/schema.org\",\"@graph\":[{\"@type\":\"Article\",\"@id\":\"https:\\\/\\\/kibrisdakik.com\\\/?p=80337#article\",\"isPartOf\":{\"@id\":\"https:\\\/\\\/kibrisdakik.com\\\/?p=80337\"},\"author\":{\"name\":\"admin\",\"@id\":\"https:\\\/\\\/kibrisdakik.com\\\/#\\\/schema\\\/person\\\/9cd9d437bbb44f72b73ba127e06d8e79\"},\"headline\":\"Gazeteciler Birli\u011fi: Ele\u015ftirel gazetecilik demokrasinin bir gere\u011fidir\u2026 Yenid\u00fczen Gazetesi ve meslekta\u015flar\u0131m\u0131z\u0131n yan\u0131nday\u0131z\",\"datePublished\":\"2025-04-16T13:58:31+00:00\",\"mainEntityOfPage\":{\"@id\":\"https:\\\/\\\/kibrisdakik.com\\\/?p=80337\"},\"wordCount\":372,\"commentCount\":0,\"image\":{\"@id\":\"https:\\\/\\\/kibrisdakik.com\\\/?p=80337#primaryimage\"},\"thumbnailUrl\":\"https:\\\/\\\/kibrisdakik.com\\\/wp-content\\\/uploads\\\/2025\\\/04\\\/gazeteciler-birligi-740x420.jpg\",\"articleSection\":[\"K\u0131br\u0131s\",\"Man\u015fet\"],\"inLanguage\":\"tr\",\"potentialAction\":[{\"@type\":\"CommentAction\",\"name\":\"Comment\",\"target\":[\"https:\\\/\\\/kibrisdakik.com\\\/?p=80337#respond\"]}]},{\"@type\":\"WebPage\",\"@id\":\"https:\\\/\\\/kibrisdakik.com\\\/?p=80337\",\"url\":\"https:\\\/\\\/kibrisdakik.com\\\/?p=80337\",\"name\":\"Gazeteciler Birli\u011fi: Ele\u015ftirel gazetecilik demokrasinin bir gere\u011fidir\u2026 Yenid\u00fczen Gazetesi ve meslekta\u015flar\u0131m\u0131z\u0131n yan\u0131nday\u0131z -\",\"isPartOf\":{\"@id\":\"https:\\\/\\\/kibrisdakik.com\\\/#website\"},\"primaryImageOfPage\":{\"@id\":\"https:\\\/\\\/kibrisdakik.com\\\/?p=80337#primaryimage\"},\"image\":{\"@id\":\"https:\\\/\\\/kibrisdakik.com\\\/?p=80337#primaryimage\"},\"thumbnailUrl\":\"https:\\\/\\\/kibrisdakik.com\\\/wp-content\\\/uploads\\\/2025\\\/04\\\/gazeteciler-birligi-740x420.jpg\",\"datePublished\":\"2025-04-16T13:58:31+00:00\",\"author\":{\"@id\":\"https:\\\/\\\/kibrisdakik.com\\\/#\\\/schema\\\/person\\\/9cd9d437bbb44f72b73ba127e06d8e79\"},\"breadcrumb\":{\"@id\":\"https:\\\/\\\/kibrisdakik.com\\\/?p=80337#breadcrumb\"},\"inLanguage\":\"tr\",\"potentialAction\":[{\"@type\":\"ReadAction\",\"target\":[\"https:\\\/\\\/kibrisdakik.com\\\/?p=80337\"]}]},{\"@type\":\"ImageObject\",\"inLanguage\":\"tr\",\"@id\":\"https:\\\/\\\/kibrisdakik.com\\\/?p=80337#primaryimage\",\"url\":\"https:\\\/\\\/kibrisdakik.com\\\/wp-content\\\/uploads\\\/2025\\\/04\\\/gazeteciler-birligi-740x420.jpg\",\"contentUrl\":\"https:\\\/\\\/kibrisdakik.com\\\/wp-content\\\/uploads\\\/2025\\\/04\\\/gazeteciler-birligi-740x420.jpg\",\"width\":1448,\"height\":1448},{\"@type\":\"BreadcrumbList\",\"@id\":\"https:\\\/\\\/kibrisdakik.com\\\/?p=80337#breadcrumb\",\"itemListElement\":[{\"@type\":\"ListItem\",\"position\":1,\"name\":\"Home\",\"item\":\"https:\\\/\\\/kibrisdakik.com\\\/\"},{\"@type\":\"ListItem\",\"position\":2,\"name\":\"Gazeteciler Birli\u011fi: Ele\u015ftirel gazetecilik demokrasinin bir gere\u011fidir\u2026 Yenid\u00fczen Gazetesi ve meslekta\u015flar\u0131m\u0131z\u0131n yan\u0131nday\u0131z\"}]},{\"@type\":\"WebSite\",\"@id\":\"https:\\\/\\\/kibrisdakik.com\\\/#website\",\"url\":\"https:\\\/\\\/kibrisdakik.com\\\/\",\"name\":\"\",\"description\":\"Tam vaktinde haber\",\"potentialAction\":[{\"@type\":\"SearchAction\",\"target\":{\"@type\":\"EntryPoint\",\"urlTemplate\":\"https:\\\/\\\/kibrisdakik.com\\\/?s={search_term_string}\"},\"query-input\":{\"@type\":\"PropertyValueSpecification\",\"valueRequired\":true,\"valueName\":\"search_term_string\"}}],\"inLanguage\":\"tr\"},{\"@type\":\"Person\",\"@id\":\"https:\\\/\\\/kibrisdakik.com\\\/#\\\/schema\\\/person\\\/9cd9d437bbb44f72b73ba127e06d8e79\",\"name\":\"admin\",\"image\":{\"@type\":\"ImageObject\",\"inLanguage\":\"tr\",\"@id\":\"https:\\\/\\\/secure.gravatar.com\\\/avatar\\\/ccc17943b9d660506c869530f897617f7cb1c21a4bf30023f252596d83e1f007?s=96&d=mm&r=g\",\"url\":\"https:\\\/\\\/secure.gravatar.com\\\/avatar\\\/ccc17943b9d660506c869530f897617f7cb1c21a4bf30023f252596d83e1f007?s=96&d=mm&r=g\",\"contentUrl\":\"https:\\\/\\\/secure.gravatar.com\\\/avatar\\\/ccc17943b9d660506c869530f897617f7cb1c21a4bf30023f252596d83e1f007?s=96&d=mm&r=g\",\"caption\":\"admin\"},\"sameAs\":[\"https:\\\/\\\/kibrisdakik.com\"],\"url\":\"https:\\\/\\\/kibrisdakik.com\\\/?author=1\"}]}<\/script>\n<!-- \/ Yoast SEO plugin. -->","yoast_head_json":{"title":"Gazeteciler Birli\u011fi: Ele\u015ftirel gazetecilik demokrasinin bir gere\u011fidir\u2026 Yenid\u00fczen Gazetesi ve meslekta\u015flar\u0131m\u0131z\u0131n yan\u0131nday\u0131z -","robots":{"index":"index","follow":"follow","max-snippet":"max-snippet:-1","max-image-preview":"max-image-preview:large","max-video-preview":"max-video-preview:-1"},"canonical":"https:\/\/kibrisdakik.com\/?p=80337","og_locale":"tr_TR","og_type":"article","og_title":"Gazeteciler Birli\u011fi: Ele\u015ftirel gazetecilik demokrasinin bir gere\u011fidir\u2026 Yenid\u00fczen Gazetesi ve meslekta\u015flar\u0131m\u0131z\u0131n yan\u0131nday\u0131z -","og_description":"K\u0131br\u0131s T\u00fcrk Gazeteciler Birli\u011fi (KTGB),\u00a0ele\u015ftirel gazetecili\u011fin, demokrasinin bir gere\u011fi oldu\u011funu, ele\u015ftirdi\u011fi i\u00e7in hi\u00e7bir gazete ve medya kurulu\u015funun su\u00e7lu sandalyesine oturtulmamas\u0131 gerekti\u011fini kaydetti. Birlik Y\u00f6netim Kurulu imzas\u0131yla yap\u0131lan a\u00e7\u0131klamada, Cumhurba\u015fkan\u0131 Ersin Tatar\u2019\u0131n Yenid\u00fczen Gazetesine, d\u00f6nemin Genel Yay\u0131n Y\u00f6netmeni Gazeteci Cenk Mutluyakal\u0131\u2019ya ve Gazeteci Serhat \u0130ncirli\u2019ye, yazd\u0131\u011f\u0131 d\u00f6rt ayr\u0131 k\u00f6\u015fe yaz\u0131s\u0131 nedeniyle\u00a0 \u201czem ve kadih\u201d davas\u0131 a\u00e7t\u0131\u011f\u0131","og_url":"https:\/\/kibrisdakik.com\/?p=80337","article_published_time":"2025-04-16T13:58:31+00:00","og_image":[{"width":1448,"height":1448,"url":"https:\/\/kibrisdakik.com\/wp-content\/uploads\/2025\/04\/gazeteciler-birligi-740x420.jpg","type":"image\/jpeg"}],"author":"admin","twitter_card":"summary_large_image","twitter_misc":{"Yazan:":"admin","Tahmini okuma s\u00fcresi":"2 dakika"},"schema":{"@context":"https:\/\/schema.org","@graph":[{"@type":"Article","@id":"https:\/\/kibrisdakik.com\/?p=80337#article","isPartOf":{"@id":"https:\/\/kibrisdakik.com\/?p=80337"},"author":{"name":"admin","@id":"https:\/\/kibrisdakik.com\/#\/schema\/person\/9cd9d437bbb44f72b73ba127e06d8e79"},"headline":"Gazeteciler Birli\u011fi: Ele\u015ftirel gazetecilik demokrasinin bir gere\u011fidir\u2026 Yenid\u00fczen Gazetesi ve meslekta\u015flar\u0131m\u0131z\u0131n yan\u0131nday\u0131z","datePublished":"2025-04-16T13:58:31+00:00","mainEntityOfPage":{"@id":"https:\/\/kibrisdakik.com\/?p=80337"},"wordCount":372,"commentCount":0,"image":{"@id":"https:\/\/kibrisdakik.com\/?p=80337#primaryimage"},"thumbnailUrl":"https:\/\/kibrisdakik.com\/wp-content\/uploads\/2025\/04\/gazeteciler-birligi-740x420.jpg","articleSection":["K\u0131br\u0131s","Man\u015fet"],"inLanguage":"tr","potentialAction":[{"@type":"CommentAction","name":"Comment","target":["https:\/\/kibrisdakik.com\/?p=80337#respond"]}]},{"@type":"WebPage","@id":"https:\/\/kibrisdakik.com\/?p=80337","url":"https:\/\/kibrisdakik.com\/?p=80337","name":"Gazeteciler Birli\u011fi: Ele\u015ftirel gazetecilik demokrasinin bir gere\u011fidir\u2026 Yenid\u00fczen Gazetesi ve meslekta\u015flar\u0131m\u0131z\u0131n yan\u0131nday\u0131z -","isPartOf":{"@id":"https:\/\/kibrisdakik.com\/#website"},"primaryImageOfPage":{"@id":"https:\/\/kibrisdakik.com\/?p=80337#primaryimage"},"image":{"@id":"https:\/\/kibrisdakik.com\/?p=80337#primaryimage"},"thumbnailUrl":"https:\/\/kibrisdakik.com\/wp-content\/uploads\/2025\/04\/gazeteciler-birligi-740x420.jpg","datePublished":"2025-04-16T13:58:31+00:00","author":{"@id":"https:\/\/kibrisdakik.com\/#\/schema\/person\/9cd9d437bbb44f72b73ba127e06d8e79"},"breadcrumb":{"@id":"https:\/\/kibrisdakik.com\/?p=80337#breadcrumb"},"inLanguage":"tr","potentialAction":[{"@type":"ReadAction","target":["https:\/\/kibrisdakik.com\/?p=80337"]}]},{"@type":"ImageObject","inLanguage":"tr","@id":"https:\/\/kibrisdakik.com\/?p=80337#primaryimage","url":"https:\/\/kibrisdakik.com\/wp-content\/uploads\/2025\/04\/gazeteciler-birligi-740x420.jpg","contentUrl":"https:\/\/kibrisdakik.com\/wp-content\/uploads\/2025\/04\/gazeteciler-birligi-740x420.jpg","width":1448,"height":1448},{"@type":"BreadcrumbList","@id":"https:\/\/kibrisdakik.com\/?p=80337#breadcrumb","itemListElement":[{"@type":"ListItem","position":1,"name":"Home","item":"https:\/\/kibrisdakik.com\/"},{"@type":"ListItem","position":2,"name":"Gazeteciler Birli\u011fi: Ele\u015ftirel gazetecilik demokrasinin bir gere\u011fidir\u2026 Yenid\u00fczen Gazetesi ve meslekta\u015flar\u0131m\u0131z\u0131n yan\u0131nday\u0131z"}]},{"@type":"WebSite","@id":"https:\/\/kibrisdakik.com\/#website","url":"https:\/\/kibrisdakik.com\/","name":"","description":"Tam vaktinde haber","potentialAction":[{"@type":"SearchAction","target":{"@type":"EntryPoint","urlTemplate":"https:\/\/kibrisdakik.com\/?s={search_term_string}"},"query-input":{"@type":"PropertyValueSpecification","valueRequired":true,"valueName":"search_term_string"}}],"inLanguage":"tr"},{"@type":"Person","@id":"https:\/\/kibrisdakik.com\/#\/schema\/person\/9cd9d437bbb44f72b73ba127e06d8e79","name":"admin","image":{"@type":"ImageObject","inLanguage":"tr","@id":"https:\/\/secure.gravatar.com\/avatar\/ccc17943b9d660506c869530f897617f7cb1c21a4bf30023f252596d83e1f007?s=96&d=mm&r=g","url":"https:\/\/secure.gravatar.com\/avatar\/ccc17943b9d660506c869530f897617f7cb1c21a4bf30023f252596d83e1f007?s=96&d=mm&r=g","contentUrl":"https:\/\/secure.gravatar.com\/avatar\/ccc17943b9d660506c869530f897617f7cb1c21a4bf30023f252596d83e1f007?s=96&d=mm&r=g","caption":"admin"},"sameAs":["https:\/\/kibrisdakik.com"],"url":"https:\/\/kibrisdakik.com\/?author=1"}]}},"_links":{"self":[{"href":"https:\/\/kibrisdakik.com\/index.php?rest_route=\/wp\/v2\/posts\/80337","targetHints":{"allow":["GET"]}}],"collection":[{"href":"https:\/\/kibrisdakik.com\/index.php?rest_route=\/wp\/v2\/posts"}],"about":[{"href":"https:\/\/kibrisdakik.com\/index.php?rest_route=\/wp\/v2\/types\/post"}],"author":[{"embeddable":true,"href":"https:\/\/kibrisdakik.com\/index.php?rest_route=\/wp\/v2\/users\/1"}],"replies":[{"embeddable":true,"href":"https:\/\/kibrisdakik.com\/index.php?rest_route=%2Fwp%2Fv2%2Fcomments&post=80337"}],"version-history":[{"count":0,"href":"https:\/\/kibrisdakik.com\/index.php?rest_route=\/wp\/v2\/posts\/80337\/revisions"}],"wp:featuredmedia":[{"embeddable":true,"href":"https:\/\/kibrisdakik.com\/index.php?rest_route=\/wp\/v2\/media\/80338"}],"wp:attachment":[{"href":"https:\/\/kibrisdakik.com\/index.php?rest_route=%2Fwp%2Fv2%2Fmedia&parent=80337"}],"wp:term":[{"taxonomy":"category","embeddable":true,"href":"https:\/\/kibrisdakik.com\/index.php?rest_route=%2Fwp%2Fv2%2Fcategories&post=80337"},{"taxonomy":"post_tag","embeddable":true,"href":"https:\/\/kibrisdakik.com\/index.php?rest_route=%2Fwp%2Fv2%2Ftags&post=80337"}],"curies":[{"name":"wp","href":"https:\/\/api.w.org\/{rel}","templated":true}]}}