{"id":80383,"date":"2025-04-17T10:46:00","date_gmt":"2025-04-17T07:46:00","guid":{"rendered":"https:\/\/kibrisdakik.com\/index.php\/2025\/04\/17\/uzmanlar-uyariyor-isvec-ve-norvecte-buzullar-artan-bir-hizla-eriyor\/"},"modified":"2025-04-17T10:46:00","modified_gmt":"2025-04-17T07:46:00","slug":"uzmanlar-uyariyor-isvec-ve-norvecte-buzullar-artan-bir-hizla-eriyor","status":"publish","type":"post","link":"https:\/\/kibrisdakik.com\/?p=80383","title":{"rendered":"Uzmanlar uyar\u0131yor: \u0130sve\u00e7 ve Norve\u00e7\u2019te buzullar artan bir h\u0131zla eriyor"},"content":{"rendered":"<p><\/p>\n<div>\n<div class=\"mariselle-image-container center\">\n                <img loading=\"lazy\" decoding=\"async\" width=\"1200\" height=\"675\" class=\"lazy-image\" alt=\"\" sizes=\"auto, (max-width: 1200px) 100vw, 1200px\" src=\"https:\/\/brtk.net\/wp-content\/uploads\/2025\/04\/17\/17448751672331200x675_cmsv2_4c6194f0-fbf3-5f02-9db1-d2a4d14f91f4-9209256.webp?ver=81e81506424862270ab2751d184d2e4e\" srcset=\"https:\/\/brtk.net\/wp-content\/uploads\/2025\/04\/17\/17448751672331200x675_cmsv2_4c6194f0-fbf3-5f02-9db1-d2a4d14f91f4-9209256.webp?ver=81e81506424862270ab2751d184d2e4e 1200w, https:\/\/brtk.net\/wp-content\/uploads\/2025\/04\/17\/17448751672331200x675_cmsv2_4c6194f0-fbf3-5f02-9db1-d2a4d14f91f4-9209256-300x169.webp?ver=230bb868daa72ac9b4aa40f7f8d3fa5d 300w, https:\/\/brtk.net\/wp-content\/uploads\/2025\/04\/17\/17448751672331200x675_cmsv2_4c6194f0-fbf3-5f02-9db1-d2a4d14f91f4-9209256-1024x576.webp?ver=230bb868daa72ac9b4aa40f7f8d3fa5d 1024w, https:\/\/brtk.net\/wp-content\/uploads\/2025\/04\/17\/17448751672331200x675_cmsv2_4c6194f0-fbf3-5f02-9db1-d2a4d14f91f4-9209256-768x432.webp?ver=230bb868daa72ac9b4aa40f7f8d3fa5d 768w\"\/>                            <\/div>\n<p>\u0130sve\u00e7 ve Norve\u00e7\u2019te buzullar, iklim de\u011fi\u015fikli\u011fi nedeniyle gezegende devam eden \u0131s\u0131nman\u0131n da etkisiyle giderek artan bir h\u0131zla eriyor.<\/p>\n<p>AB\u2019nin yery\u00fcz\u00fc inceleme program\u0131 Copernicus\u2019a g\u00f6re, Avrupa\u2019da kay\u0131tlara ge\u00e7en \u201cen s\u0131cak\u201d y\u0131l\u0131n ya\u015fand\u0131\u011f\u0131 2024\u2019te \u0130sve\u00e7 ve Norve\u00e7\u2019te buzullar 1,8 metre eridi. Bunun \u201cendi\u015fe verici\u201d bir rakam oldu\u011fu ifade ediliyor.<\/p>\n<p>Buzullardaki bu dramatik kay\u0131p, bilim insanlar\u0131 ve \u00e7evre uzmanlar\u0131 aras\u0131nda kayg\u0131lara yol a\u00e7\u0131yor.<\/p>\n<p>Buzul bilimi uzmanlar\u0131, bu e\u011filimin devam etmesi halinde, bu buzullar\u0131n bir\u00e7o\u011funun \u00f6n\u00fcm\u00fczdeki on y\u0131llar i\u00e7inde tamamen yok olabilece\u011fi konusunda uyar\u0131yor.<\/p>\n<p>\u0130sve\u00e7\u2019te buzul bilimci olan Erik Huss, \u201cBu k\u00fc\u00e7\u00fck buzullara dikkat etmemiz gerekiyor. Biz insanlar i\u00e7in inan\u0131lmaz derecede \u00f6nemliler \u2013 enerji, tar\u0131m, su, her \u015fey i\u00e7in! Da\u011flar\u0131n t\u00fcm ekolojisi bu suya ba\u011fl\u0131,\u201d diyor ve ekliyor:<\/p>\n<p>\u201cA\u011fustos ay\u0131nda K\u00e5rsaglaci\u00e4ren\u2019e vard\u0131\u011f\u0131m\u0131zda, t\u00fcm cephenin \u00e7\u00f6km\u00fc\u015f oldu\u011funu g\u00f6r\u00fcnce \u015fok oldum. Kendimi k\u00f6t\u00fc hissettim ve g\u00f6zlerim ya\u015fard\u0131. Nas\u0131l bu kadar \u00e7abuk yok olabilmi\u015fti?\u201d<\/p>\n<p>Bu y\u0131l yo\u011fun kar ya\u011f\u0131\u015f\u0131 buzullar\u0131n biraz toparlanmas\u0131na yard\u0131mc\u0131 oldu. Ancak profes\u00f6r Nina Kirchner bunun sadece bir \u201cyan\u0131lsama\u201d s\u00f6yl\u00fcyor ve \u201cYo\u011fun kar ya\u011f\u0131\u015f\u0131n\u0131 \u2018g\u00fcvende\u2019 oldu\u011fumuzun bir i\u015fareti de\u011fil. Uzun vadede bunun bir \u00f6nemi olmayaca\u011f\u0131n\u0131, \u0130sve\u00e7\u2019te buzullar\u0131n erimeye devam edece\u011fini biliyorum,\u201d diye ekliyor.<\/p>\n<p>Buzullar\u0131n erimesi D\u00fcnya\u2019n\u0131n iklim d\u00f6ng\u00fcs\u00fcn\u00fcn do\u011fal bir par\u00e7as\u0131 olsa da, bunun g\u00f6r\u00fclmemi\u015f bir h\u0131zla ger\u00e7ekle\u015fmesi ekosistemlerin uyum sa\u011flamas\u0131 a\u00e7\u0131s\u0131ndan \u201c\u00e7ok h\u0131zl\u0131\u201d bulunuyor.<\/p>\n<p>D\u00fcnya Meteoroloji \u00d6rg\u00fct\u00fc\u2019ne g\u00f6re, gezegendeki tatl\u0131 suyun yakla\u015f\u0131k y\u00fczde 70\u2019i buzullardan ve kardan temin ediliyor ve tar\u0131m\u0131, end\u00fcstriyi, enerji \u00fcretimini ve i\u00e7me suyu kaynaklar\u0131n\u0131 destekliyor.<\/p>\n<p>D\u00fcnyan\u0131n her k\u0131tas\u0131ndaki 275.000\u2019den fazla buzul, yakla\u015f\u0131k 700.000 kilometrekarelik bir alana yay\u0131lmakta ve tahminen 170.000 kilometrek\u00fcp buz i\u00e7ermekte.<\/p>\n<p>Su d\u00f6ng\u00fcs\u00fcndeki rollerinin \u00f6tesinde, buzullar gezegenimizin tarihini yans\u0131t\u0131yor.<\/p>\n<p>Buzullar, ge\u00e7mi\u015fteki iklimlerin, \u00e7evresel de\u011fi\u015fikliklerin ve hatta insan faaliyetlerinin paha bi\u00e7ilmez kay\u0131tlar\u0131n\u0131 bar\u0131nd\u0131r\u0131yor.<\/p>\n<p>Buzullar \u00e7ekildik\u00e7e, sadece bu yeri doldurulamaz tarihi ar\u015fivleri de\u011fil, ayn\u0131 zamanda su d\u00f6ng\u00fcs\u00fcne ba\u011fl\u0131 k\u0131r\u0131lgan ekosistemleri de kaybediyoruz. Bu kay\u0131p k\u00fcresel biyo\u00e7e\u015fitlili\u011fi tehdit etmekte ve geli\u015fmesi binlerce y\u0131l s\u00fcren hassas ekolojik dengeleri bozmaktad\u0131r.<\/p>\n<p>D\u00fcnya Meteoroloji \u00d6rg\u00fct\u00fc, gezegenin bu h\u0131zla \u0131s\u0131nmaya devam etti\u011fi bir senaryoda, \u0130sve\u00e7\u2019te be\u015f buzuldan d\u00f6rd\u00fcn\u00fcn 2100 y\u0131l\u0131na kadar \u00f6nemli \u00f6l\u00e7\u00fcde k\u00fc\u00e7\u00fclece\u011fi veya tamamen eriyece\u011fi uyar\u0131s\u0131nda bulunuyor.<\/p>\n<\/p><\/div>\n<p><script async\n                    defer\n                    crossorigin=\"anonymous\"\n                    src=\"https:\/\/connect.facebook.net\/tr_TR\/sdk.js#xfbml=1&#038;version=v3.3\"\n            ><\/script><\/p>\n","protected":false},"excerpt":{"rendered":"<p>\u0130sve\u00e7 ve Norve\u00e7\u2019te buzullar, iklim de\u011fi\u015fikli\u011fi nedeniyle gezegende devam eden \u0131s\u0131nman\u0131n da etkisiyle giderek artan bir h\u0131zla eriyor. AB\u2019nin yery\u00fcz\u00fc inceleme program\u0131 Copernicus\u2019a g\u00f6re, Avrupa\u2019da kay\u0131tlara ge\u00e7en \u201cen s\u0131cak\u201d y\u0131l\u0131n ya\u015fand\u0131\u011f\u0131 2024\u2019te \u0130sve\u00e7 ve Norve\u00e7\u2019te buzullar 1,8 metre eridi. Bunun \u201cendi\u015fe verici\u201d bir rakam oldu\u011fu ifade ediliyor. Buzullardaki bu dramatik kay\u0131p, bilim insanlar\u0131 ve \u00e7evre<\/p>\n","protected":false},"author":1,"featured_media":80384,"comment_status":"open","ping_status":"open","sticky":false,"template":"","format":"standard","meta":{"footnotes":""},"categories":[1],"tags":[],"class_list":["post-80383","post","type-post","status-publish","format-standard","has-post-thumbnail","hentry","category-gundem"],"yoast_head":"<!-- This site is optimized with the Yoast SEO plugin v27.4 - https:\/\/yoast.com\/product\/yoast-seo-wordpress\/ -->\n<title>Uzmanlar uyar\u0131yor: \u0130sve\u00e7 ve Norve\u00e7\u2019te buzullar artan bir h\u0131zla eriyor -<\/title>\n<meta name=\"robots\" content=\"index, follow, max-snippet:-1, max-image-preview:large, max-video-preview:-1\" \/>\n<link rel=\"canonical\" href=\"https:\/\/kibrisdakik.com\/?p=80383\" \/>\n<meta property=\"og:locale\" content=\"tr_TR\" \/>\n<meta property=\"og:type\" content=\"article\" \/>\n<meta property=\"og:title\" content=\"Uzmanlar uyar\u0131yor: \u0130sve\u00e7 ve Norve\u00e7\u2019te buzullar artan bir h\u0131zla eriyor -\" \/>\n<meta property=\"og:description\" content=\"\u0130sve\u00e7 ve Norve\u00e7\u2019te buzullar, iklim de\u011fi\u015fikli\u011fi nedeniyle gezegende devam eden \u0131s\u0131nman\u0131n da etkisiyle giderek artan bir h\u0131zla eriyor. AB\u2019nin yery\u00fcz\u00fc inceleme program\u0131 Copernicus\u2019a g\u00f6re, Avrupa\u2019da kay\u0131tlara ge\u00e7en \u201cen s\u0131cak\u201d y\u0131l\u0131n ya\u015fand\u0131\u011f\u0131 2024\u2019te \u0130sve\u00e7 ve Norve\u00e7\u2019te buzullar 1,8 metre eridi. Bunun \u201cendi\u015fe verici\u201d bir rakam oldu\u011fu ifade ediliyor. Buzullardaki bu dramatik kay\u0131p, bilim insanlar\u0131 ve \u00e7evre\" \/>\n<meta property=\"og:url\" content=\"https:\/\/kibrisdakik.com\/?p=80383\" \/>\n<meta property=\"article:published_time\" content=\"2025-04-17T07:46:00+00:00\" \/>\n<meta property=\"og:image\" content=\"https:\/\/kibrisdakik.com\/wp-content\/uploads\/2025\/04\/17448751672331200x675_cmsv2_4c6194f0-fbf3-5f02-9db1-d2a4d14f91f4-9209256.webp-740x420.webp\" \/>\n\t<meta property=\"og:image:width\" content=\"1200\" \/>\n\t<meta property=\"og:image:height\" content=\"675\" \/>\n\t<meta property=\"og:image:type\" content=\"image\/webp\" \/>\n<meta name=\"author\" content=\"admin\" \/>\n<meta name=\"twitter:card\" content=\"summary_large_image\" \/>\n<meta name=\"twitter:label1\" content=\"Yazan:\" \/>\n\t<meta name=\"twitter:data1\" content=\"admin\" \/>\n\t<meta name=\"twitter:label2\" content=\"Tahmini okuma s\u00fcresi\" \/>\n\t<meta name=\"twitter:data2\" content=\"2 dakika\" \/>\n<script type=\"application\/ld+json\" class=\"yoast-schema-graph\">{\"@context\":\"https:\\\/\\\/schema.org\",\"@graph\":[{\"@type\":\"Article\",\"@id\":\"https:\\\/\\\/kibrisdakik.com\\\/?p=80383#article\",\"isPartOf\":{\"@id\":\"https:\\\/\\\/kibrisdakik.com\\\/?p=80383\"},\"author\":{\"name\":\"admin\",\"@id\":\"https:\\\/\\\/kibrisdakik.com\\\/#\\\/schema\\\/person\\\/9cd9d437bbb44f72b73ba127e06d8e79\"},\"headline\":\"Uzmanlar uyar\u0131yor: \u0130sve\u00e7 ve Norve\u00e7\u2019te buzullar artan bir h\u0131zla eriyor\",\"datePublished\":\"2025-04-17T07:46:00+00:00\",\"mainEntityOfPage\":{\"@id\":\"https:\\\/\\\/kibrisdakik.com\\\/?p=80383\"},\"wordCount\":499,\"commentCount\":0,\"image\":{\"@id\":\"https:\\\/\\\/kibrisdakik.com\\\/?p=80383#primaryimage\"},\"thumbnailUrl\":\"https:\\\/\\\/kibrisdakik.com\\\/wp-content\\\/uploads\\\/2025\\\/04\\\/17448751672331200x675_cmsv2_4c6194f0-fbf3-5f02-9db1-d2a4d14f91f4-9209256.webp-740x420.webp\",\"articleSection\":[\"G\u00fcndem\"],\"inLanguage\":\"tr\",\"potentialAction\":[{\"@type\":\"CommentAction\",\"name\":\"Comment\",\"target\":[\"https:\\\/\\\/kibrisdakik.com\\\/?p=80383#respond\"]}]},{\"@type\":\"WebPage\",\"@id\":\"https:\\\/\\\/kibrisdakik.com\\\/?p=80383\",\"url\":\"https:\\\/\\\/kibrisdakik.com\\\/?p=80383\",\"name\":\"Uzmanlar uyar\u0131yor: \u0130sve\u00e7 ve Norve\u00e7\u2019te buzullar artan bir h\u0131zla eriyor -\",\"isPartOf\":{\"@id\":\"https:\\\/\\\/kibrisdakik.com\\\/#website\"},\"primaryImageOfPage\":{\"@id\":\"https:\\\/\\\/kibrisdakik.com\\\/?p=80383#primaryimage\"},\"image\":{\"@id\":\"https:\\\/\\\/kibrisdakik.com\\\/?p=80383#primaryimage\"},\"thumbnailUrl\":\"https:\\\/\\\/kibrisdakik.com\\\/wp-content\\\/uploads\\\/2025\\\/04\\\/17448751672331200x675_cmsv2_4c6194f0-fbf3-5f02-9db1-d2a4d14f91f4-9209256.webp-740x420.webp\",\"datePublished\":\"2025-04-17T07:46:00+00:00\",\"author\":{\"@id\":\"https:\\\/\\\/kibrisdakik.com\\\/#\\\/schema\\\/person\\\/9cd9d437bbb44f72b73ba127e06d8e79\"},\"breadcrumb\":{\"@id\":\"https:\\\/\\\/kibrisdakik.com\\\/?p=80383#breadcrumb\"},\"inLanguage\":\"tr\",\"potentialAction\":[{\"@type\":\"ReadAction\",\"target\":[\"https:\\\/\\\/kibrisdakik.com\\\/?p=80383\"]}]},{\"@type\":\"ImageObject\",\"inLanguage\":\"tr\",\"@id\":\"https:\\\/\\\/kibrisdakik.com\\\/?p=80383#primaryimage\",\"url\":\"https:\\\/\\\/kibrisdakik.com\\\/wp-content\\\/uploads\\\/2025\\\/04\\\/17448751672331200x675_cmsv2_4c6194f0-fbf3-5f02-9db1-d2a4d14f91f4-9209256.webp-740x420.webp\",\"contentUrl\":\"https:\\\/\\\/kibrisdakik.com\\\/wp-content\\\/uploads\\\/2025\\\/04\\\/17448751672331200x675_cmsv2_4c6194f0-fbf3-5f02-9db1-d2a4d14f91f4-9209256.webp-740x420.webp\",\"width\":1200,\"height\":675},{\"@type\":\"BreadcrumbList\",\"@id\":\"https:\\\/\\\/kibrisdakik.com\\\/?p=80383#breadcrumb\",\"itemListElement\":[{\"@type\":\"ListItem\",\"position\":1,\"name\":\"Home\",\"item\":\"https:\\\/\\\/kibrisdakik.com\\\/\"},{\"@type\":\"ListItem\",\"position\":2,\"name\":\"Uzmanlar uyar\u0131yor: \u0130sve\u00e7 ve Norve\u00e7\u2019te buzullar artan bir h\u0131zla eriyor\"}]},{\"@type\":\"WebSite\",\"@id\":\"https:\\\/\\\/kibrisdakik.com\\\/#website\",\"url\":\"https:\\\/\\\/kibrisdakik.com\\\/\",\"name\":\"\",\"description\":\"Tam vaktinde haber\",\"potentialAction\":[{\"@type\":\"SearchAction\",\"target\":{\"@type\":\"EntryPoint\",\"urlTemplate\":\"https:\\\/\\\/kibrisdakik.com\\\/?s={search_term_string}\"},\"query-input\":{\"@type\":\"PropertyValueSpecification\",\"valueRequired\":true,\"valueName\":\"search_term_string\"}}],\"inLanguage\":\"tr\"},{\"@type\":\"Person\",\"@id\":\"https:\\\/\\\/kibrisdakik.com\\\/#\\\/schema\\\/person\\\/9cd9d437bbb44f72b73ba127e06d8e79\",\"name\":\"admin\",\"image\":{\"@type\":\"ImageObject\",\"inLanguage\":\"tr\",\"@id\":\"https:\\\/\\\/secure.gravatar.com\\\/avatar\\\/ccc17943b9d660506c869530f897617f7cb1c21a4bf30023f252596d83e1f007?s=96&d=mm&r=g\",\"url\":\"https:\\\/\\\/secure.gravatar.com\\\/avatar\\\/ccc17943b9d660506c869530f897617f7cb1c21a4bf30023f252596d83e1f007?s=96&d=mm&r=g\",\"contentUrl\":\"https:\\\/\\\/secure.gravatar.com\\\/avatar\\\/ccc17943b9d660506c869530f897617f7cb1c21a4bf30023f252596d83e1f007?s=96&d=mm&r=g\",\"caption\":\"admin\"},\"sameAs\":[\"https:\\\/\\\/kibrisdakik.com\"],\"url\":\"https:\\\/\\\/kibrisdakik.com\\\/?author=1\"}]}<\/script>\n<!-- \/ Yoast SEO plugin. -->","yoast_head_json":{"title":"Uzmanlar uyar\u0131yor: \u0130sve\u00e7 ve Norve\u00e7\u2019te buzullar artan bir h\u0131zla eriyor -","robots":{"index":"index","follow":"follow","max-snippet":"max-snippet:-1","max-image-preview":"max-image-preview:large","max-video-preview":"max-video-preview:-1"},"canonical":"https:\/\/kibrisdakik.com\/?p=80383","og_locale":"tr_TR","og_type":"article","og_title":"Uzmanlar uyar\u0131yor: \u0130sve\u00e7 ve Norve\u00e7\u2019te buzullar artan bir h\u0131zla eriyor -","og_description":"\u0130sve\u00e7 ve Norve\u00e7\u2019te buzullar, iklim de\u011fi\u015fikli\u011fi nedeniyle gezegende devam eden \u0131s\u0131nman\u0131n da etkisiyle giderek artan bir h\u0131zla eriyor. AB\u2019nin yery\u00fcz\u00fc inceleme program\u0131 Copernicus\u2019a g\u00f6re, Avrupa\u2019da kay\u0131tlara ge\u00e7en \u201cen s\u0131cak\u201d y\u0131l\u0131n ya\u015fand\u0131\u011f\u0131 2024\u2019te \u0130sve\u00e7 ve Norve\u00e7\u2019te buzullar 1,8 metre eridi. Bunun \u201cendi\u015fe verici\u201d bir rakam oldu\u011fu ifade ediliyor. Buzullardaki bu dramatik kay\u0131p, bilim insanlar\u0131 ve \u00e7evre","og_url":"https:\/\/kibrisdakik.com\/?p=80383","article_published_time":"2025-04-17T07:46:00+00:00","og_image":[{"width":1200,"height":675,"url":"https:\/\/kibrisdakik.com\/wp-content\/uploads\/2025\/04\/17448751672331200x675_cmsv2_4c6194f0-fbf3-5f02-9db1-d2a4d14f91f4-9209256.webp-740x420.webp","type":"image\/webp"}],"author":"admin","twitter_card":"summary_large_image","twitter_misc":{"Yazan:":"admin","Tahmini okuma s\u00fcresi":"2 dakika"},"schema":{"@context":"https:\/\/schema.org","@graph":[{"@type":"Article","@id":"https:\/\/kibrisdakik.com\/?p=80383#article","isPartOf":{"@id":"https:\/\/kibrisdakik.com\/?p=80383"},"author":{"name":"admin","@id":"https:\/\/kibrisdakik.com\/#\/schema\/person\/9cd9d437bbb44f72b73ba127e06d8e79"},"headline":"Uzmanlar uyar\u0131yor: \u0130sve\u00e7 ve Norve\u00e7\u2019te buzullar artan bir h\u0131zla eriyor","datePublished":"2025-04-17T07:46:00+00:00","mainEntityOfPage":{"@id":"https:\/\/kibrisdakik.com\/?p=80383"},"wordCount":499,"commentCount":0,"image":{"@id":"https:\/\/kibrisdakik.com\/?p=80383#primaryimage"},"thumbnailUrl":"https:\/\/kibrisdakik.com\/wp-content\/uploads\/2025\/04\/17448751672331200x675_cmsv2_4c6194f0-fbf3-5f02-9db1-d2a4d14f91f4-9209256.webp-740x420.webp","articleSection":["G\u00fcndem"],"inLanguage":"tr","potentialAction":[{"@type":"CommentAction","name":"Comment","target":["https:\/\/kibrisdakik.com\/?p=80383#respond"]}]},{"@type":"WebPage","@id":"https:\/\/kibrisdakik.com\/?p=80383","url":"https:\/\/kibrisdakik.com\/?p=80383","name":"Uzmanlar uyar\u0131yor: \u0130sve\u00e7 ve Norve\u00e7\u2019te buzullar artan bir h\u0131zla eriyor -","isPartOf":{"@id":"https:\/\/kibrisdakik.com\/#website"},"primaryImageOfPage":{"@id":"https:\/\/kibrisdakik.com\/?p=80383#primaryimage"},"image":{"@id":"https:\/\/kibrisdakik.com\/?p=80383#primaryimage"},"thumbnailUrl":"https:\/\/kibrisdakik.com\/wp-content\/uploads\/2025\/04\/17448751672331200x675_cmsv2_4c6194f0-fbf3-5f02-9db1-d2a4d14f91f4-9209256.webp-740x420.webp","datePublished":"2025-04-17T07:46:00+00:00","author":{"@id":"https:\/\/kibrisdakik.com\/#\/schema\/person\/9cd9d437bbb44f72b73ba127e06d8e79"},"breadcrumb":{"@id":"https:\/\/kibrisdakik.com\/?p=80383#breadcrumb"},"inLanguage":"tr","potentialAction":[{"@type":"ReadAction","target":["https:\/\/kibrisdakik.com\/?p=80383"]}]},{"@type":"ImageObject","inLanguage":"tr","@id":"https:\/\/kibrisdakik.com\/?p=80383#primaryimage","url":"https:\/\/kibrisdakik.com\/wp-content\/uploads\/2025\/04\/17448751672331200x675_cmsv2_4c6194f0-fbf3-5f02-9db1-d2a4d14f91f4-9209256.webp-740x420.webp","contentUrl":"https:\/\/kibrisdakik.com\/wp-content\/uploads\/2025\/04\/17448751672331200x675_cmsv2_4c6194f0-fbf3-5f02-9db1-d2a4d14f91f4-9209256.webp-740x420.webp","width":1200,"height":675},{"@type":"BreadcrumbList","@id":"https:\/\/kibrisdakik.com\/?p=80383#breadcrumb","itemListElement":[{"@type":"ListItem","position":1,"name":"Home","item":"https:\/\/kibrisdakik.com\/"},{"@type":"ListItem","position":2,"name":"Uzmanlar uyar\u0131yor: \u0130sve\u00e7 ve Norve\u00e7\u2019te buzullar artan bir h\u0131zla eriyor"}]},{"@type":"WebSite","@id":"https:\/\/kibrisdakik.com\/#website","url":"https:\/\/kibrisdakik.com\/","name":"","description":"Tam vaktinde haber","potentialAction":[{"@type":"SearchAction","target":{"@type":"EntryPoint","urlTemplate":"https:\/\/kibrisdakik.com\/?s={search_term_string}"},"query-input":{"@type":"PropertyValueSpecification","valueRequired":true,"valueName":"search_term_string"}}],"inLanguage":"tr"},{"@type":"Person","@id":"https:\/\/kibrisdakik.com\/#\/schema\/person\/9cd9d437bbb44f72b73ba127e06d8e79","name":"admin","image":{"@type":"ImageObject","inLanguage":"tr","@id":"https:\/\/secure.gravatar.com\/avatar\/ccc17943b9d660506c869530f897617f7cb1c21a4bf30023f252596d83e1f007?s=96&d=mm&r=g","url":"https:\/\/secure.gravatar.com\/avatar\/ccc17943b9d660506c869530f897617f7cb1c21a4bf30023f252596d83e1f007?s=96&d=mm&r=g","contentUrl":"https:\/\/secure.gravatar.com\/avatar\/ccc17943b9d660506c869530f897617f7cb1c21a4bf30023f252596d83e1f007?s=96&d=mm&r=g","caption":"admin"},"sameAs":["https:\/\/kibrisdakik.com"],"url":"https:\/\/kibrisdakik.com\/?author=1"}]}},"_links":{"self":[{"href":"https:\/\/kibrisdakik.com\/index.php?rest_route=\/wp\/v2\/posts\/80383","targetHints":{"allow":["GET"]}}],"collection":[{"href":"https:\/\/kibrisdakik.com\/index.php?rest_route=\/wp\/v2\/posts"}],"about":[{"href":"https:\/\/kibrisdakik.com\/index.php?rest_route=\/wp\/v2\/types\/post"}],"author":[{"embeddable":true,"href":"https:\/\/kibrisdakik.com\/index.php?rest_route=\/wp\/v2\/users\/1"}],"replies":[{"embeddable":true,"href":"https:\/\/kibrisdakik.com\/index.php?rest_route=%2Fwp%2Fv2%2Fcomments&post=80383"}],"version-history":[{"count":0,"href":"https:\/\/kibrisdakik.com\/index.php?rest_route=\/wp\/v2\/posts\/80383\/revisions"}],"wp:featuredmedia":[{"embeddable":true,"href":"https:\/\/kibrisdakik.com\/index.php?rest_route=\/wp\/v2\/media\/80384"}],"wp:attachment":[{"href":"https:\/\/kibrisdakik.com\/index.php?rest_route=%2Fwp%2Fv2%2Fmedia&parent=80383"}],"wp:term":[{"taxonomy":"category","embeddable":true,"href":"https:\/\/kibrisdakik.com\/index.php?rest_route=%2Fwp%2Fv2%2Fcategories&post=80383"},{"taxonomy":"post_tag","embeddable":true,"href":"https:\/\/kibrisdakik.com\/index.php?rest_route=%2Fwp%2Fv2%2Ftags&post=80383"}],"curies":[{"name":"wp","href":"https:\/\/api.w.org\/{rel}","templated":true}]}}