{"id":80425,"date":"2025-04-17T18:52:33","date_gmt":"2025-04-17T15:52:33","guid":{"rendered":"https:\/\/kibrisdakik.com\/index.php\/2025\/04\/17\/engellilerin-guclendirilmesi-projesi-iskele-belediyesinde-masaya-yatirildi\/"},"modified":"2025-04-17T18:52:33","modified_gmt":"2025-04-17T15:52:33","slug":"engellilerin-guclendirilmesi-projesi-iskele-belediyesinde-masaya-yatirildi","status":"publish","type":"post","link":"https:\/\/kibrisdakik.com\/?p=80425","title":{"rendered":"Engellilerin G\u00fc\u00e7lendirilmesi Projesi \u0130skele Belediyesi\u2019nde masaya yat\u0131r\u0131ld\u0131"},"content":{"rendered":"<div>\n<div class=\"mariselle-image-container center\">\n                                            <\/div>\n<p>AB Finansman\u0131 ile y\u00fcr\u00fct\u00fclen Engellilerin G\u00fc\u00e7lendirilmesi Projesi, \u0130skele Belediyesi\u2019nde masaya yat\u0131r\u0131ld\u0131.<\/p>\n<p>\u0130skele Belediyesi\u2019nden yap\u0131lan a\u00e7\u0131klamaya g\u00f6re; K\u0131br\u0131s T\u00fcrk Ortopedik \u00d6z\u00fcrl\u00fcler Derne\u011fi (KTO\u00d6D) Ba\u015fkan\u0131 G\u00fcnay Kibrit, Engellilerin G\u00fc\u00e7lendirilmesi Projesi Koordinat\u00f6r\u00fc Elvan Y\u0131lmazatan, Sivil Toplum \u00d6rg\u00fctleri Koordinat\u00f6r\u00fc Meltem D\u00f6nmez ve Proje \u0130leti\u015fim Dan\u0131\u015fman\u0131 Benay Kibrit, \u0130skele Belediye Ba\u015fkan\u0131 Hasan Sad\u0131ko\u011flu\u2019nu makam\u0131nda ziyaret etti. G\u00f6r\u00fc\u015fmede, K\u0131br\u0131s T\u00fcrk Ortopedik \u00d6z\u00fcrl\u00fcler Derne\u011fi\u2019nin AB finansman\u0131 ile y\u00fcr\u00fctt\u00fc\u011f\u00fc Engellilerin G\u00fc\u00e7lendirilmesi Projesi ele al\u0131nd\u0131.<\/p>\n<p>\u00d6zel gereksinimli vatanda\u015flar\u0131n her daim yan\u0131nda oldu\u011fu ve i\u015f birliklerine katk\u0131 yapt\u0131\u011f\u0131 i\u00e7in \u0130skele Belediye Ba\u015fkan\u0131 Hasan Sad\u0131ko\u011flu\u2019na te\u015fekk\u00fcr eden Kibrit ve beraberindekiler, geni\u015f kapsaml\u0131 ara\u015ft\u0131rma neticesinde olu\u015fturulan ve engelli vatanda\u015flar\u0131n \u00f6zel sekt\u00f6r ile yerel y\u00f6netimlerde istihdamlar\u0131n\u0131 artt\u0131rmak amac\u0131yla y\u00fcr\u00fct\u00fclen engellilerin g\u00fc\u00e7lendirilmesine ili\u015fkin raporu da takdim ettiler.<\/p>\n<p>G\u00f6r\u00fc\u015fmede Kibrit, engelli vatanda\u015flar\u0131n \u00f6zel sekt\u00f6r ve yerel y\u00f6netimlerde istihdamlar\u0131n\u0131 artt\u0131rmak amac\u0131yla y\u00fcr\u00fct\u00fclen proje ve proje neticesinde ortaya \u00e7\u0131kan rapor hakk\u0131nda bilgi verdi.<\/p>\n<p>\u0130skele Belediyesi\u2019nin \u0130skele ve k\u00f6ylerinde \u00f6zel gereksinimli vatanda\u015flar i\u00e7in y\u00fcr\u00fctt\u00fc\u011f\u00fc \u00e7al\u0131\u015fmalar\u0131 ve hizmetleri yak\u0131ndan takip etti\u011fini s\u00f6yleyen Kibrit, \u0130skele Belediyesi\u2019nde olu\u015fturulan Engelsiz Destek Birimi\u2019ni de takdir ettiklerini ifade etti.<\/p>\n<p><em>\u2013 Sad\u0131ko\u011flu: \u201cHer zaman ve her \u015fartta \u00f6zel gereksinimli bireylerimizin yan\u0131nday\u0131z\u201d<\/em><\/p>\n<p>Belediye Ba\u015fkan\u0131 Hasan Sad\u0131ko\u011flu da kabuldeki konu\u015fmas\u0131nda, \u00f6zel gereksinimli bireylerin her zaman ve her \u015fartta yanlar\u0131nda olmaya devam edeceklerini ifade etti. Gerek proje gerekse proje d\u0131\u015f\u0131nda her zaman destek olmak istediklerini de belirten Sad\u0131ko\u011flu, \u0130skele Belediyesi b\u00fcnyesinde olu\u015fturulan Engelsiz Destek Birimi\u2019nin amac\u0131na uygun bir \u015fekilde faaliyet g\u00f6sterdi\u011fini anlatt\u0131. Her zaman i\u015f birli\u011fine haz\u0131r olduklar\u0131n\u0131 da vurgulayan Ba\u015fkan Sad\u0131ko\u011flu, KTO\u00d6D Ba\u015fkan\u0131 G\u00fcnay Kibrit\u2019e ve proje y\u00f6netimine ziyaretlerinden \u00f6t\u00fcr\u00fc te\u015fekk\u00fcr etti.<\/p>\n<\/p><\/div>\n<p><script async\n                    defer\n                    crossorigin=\"anonymous\"\n                    src=\"https:\/\/connect.facebook.net\/tr_TR\/sdk.js#xfbml=1&#038;version=v3.3\"\n            ><\/script><\/p>\n","protected":false},"excerpt":{"rendered":"<p>AB Finansman\u0131 ile y\u00fcr\u00fct\u00fclen Engellilerin G\u00fc\u00e7lendirilmesi Projesi, \u0130skele Belediyesi\u2019nde masaya yat\u0131r\u0131ld\u0131. \u0130skele Belediyesi\u2019nden yap\u0131lan a\u00e7\u0131klamaya g\u00f6re; K\u0131br\u0131s T\u00fcrk Ortopedik \u00d6z\u00fcrl\u00fcler Derne\u011fi (KTO\u00d6D) Ba\u015fkan\u0131 G\u00fcnay Kibrit, Engellilerin G\u00fc\u00e7lendirilmesi Projesi Koordinat\u00f6r\u00fc Elvan Y\u0131lmazatan, Sivil Toplum \u00d6rg\u00fctleri Koordinat\u00f6r\u00fc Meltem D\u00f6nmez ve Proje \u0130leti\u015fim Dan\u0131\u015fman\u0131 Benay Kibrit, \u0130skele Belediye Ba\u015fkan\u0131 Hasan Sad\u0131ko\u011flu\u2019nu makam\u0131nda ziyaret etti. G\u00f6r\u00fc\u015fmede, K\u0131br\u0131s T\u00fcrk Ortopedik<\/p>\n","protected":false},"author":1,"featured_media":80426,"comment_status":"open","ping_status":"open","sticky":false,"template":"","format":"standard","meta":{"footnotes":""},"categories":[81,101],"tags":[],"class_list":["post-80425","post","type-post","status-publish","format-standard","has-post-thumbnail","hentry","category-kibris","category-manset"],"yoast_head":"<!-- This site is optimized with the Yoast SEO plugin v27.4 - https:\/\/yoast.com\/product\/yoast-seo-wordpress\/ -->\n<title>Engellilerin G\u00fc\u00e7lendirilmesi Projesi \u0130skele Belediyesi\u2019nde masaya yat\u0131r\u0131ld\u0131 -<\/title>\n<meta name=\"robots\" content=\"index, follow, max-snippet:-1, max-image-preview:large, max-video-preview:-1\" \/>\n<link rel=\"canonical\" href=\"https:\/\/kibrisdakik.com\/?p=80425\" \/>\n<meta property=\"og:locale\" content=\"tr_TR\" \/>\n<meta property=\"og:type\" content=\"article\" \/>\n<meta property=\"og:title\" content=\"Engellilerin G\u00fc\u00e7lendirilmesi Projesi \u0130skele Belediyesi\u2019nde masaya yat\u0131r\u0131ld\u0131 -\" \/>\n<meta property=\"og:description\" content=\"AB Finansman\u0131 ile y\u00fcr\u00fct\u00fclen Engellilerin G\u00fc\u00e7lendirilmesi Projesi, \u0130skele Belediyesi\u2019nde masaya yat\u0131r\u0131ld\u0131. \u0130skele Belediyesi\u2019nden yap\u0131lan a\u00e7\u0131klamaya g\u00f6re; K\u0131br\u0131s T\u00fcrk Ortopedik \u00d6z\u00fcrl\u00fcler Derne\u011fi (KTO\u00d6D) Ba\u015fkan\u0131 G\u00fcnay Kibrit, Engellilerin G\u00fc\u00e7lendirilmesi Projesi Koordinat\u00f6r\u00fc Elvan Y\u0131lmazatan, Sivil Toplum \u00d6rg\u00fctleri Koordinat\u00f6r\u00fc Meltem D\u00f6nmez ve Proje \u0130leti\u015fim Dan\u0131\u015fman\u0131 Benay Kibrit, \u0130skele Belediye Ba\u015fkan\u0131 Hasan Sad\u0131ko\u011flu\u2019nu makam\u0131nda ziyaret etti. G\u00f6r\u00fc\u015fmede, K\u0131br\u0131s T\u00fcrk Ortopedik\" \/>\n<meta property=\"og:url\" content=\"https:\/\/kibrisdakik.com\/?p=80425\" \/>\n<meta property=\"article:published_time\" content=\"2025-04-17T15:52:33+00:00\" \/>\n<meta property=\"og:image\" content=\"https:\/\/kibrisdakik.com\/wp-content\/uploads\/2025\/04\/1744903430735GUNAY-KIBRIT-VE-PROJE-HEYETINI-AGIRLADIK-740x420.jpg\" \/>\n\t<meta property=\"og:image:width\" content=\"1620\" \/>\n\t<meta property=\"og:image:height\" content=\"1080\" \/>\n\t<meta property=\"og:image:type\" content=\"image\/jpeg\" \/>\n<meta name=\"author\" content=\"admin\" \/>\n<meta name=\"twitter:card\" content=\"summary_large_image\" \/>\n<meta name=\"twitter:label1\" content=\"Yazan:\" \/>\n\t<meta name=\"twitter:data1\" content=\"admin\" \/>\n\t<meta name=\"twitter:label2\" content=\"Tahmini okuma s\u00fcresi\" \/>\n\t<meta name=\"twitter:data2\" content=\"2 dakika\" \/>\n<script type=\"application\/ld+json\" class=\"yoast-schema-graph\">{\"@context\":\"https:\\\/\\\/schema.org\",\"@graph\":[{\"@type\":\"Article\",\"@id\":\"https:\\\/\\\/kibrisdakik.com\\\/?p=80425#article\",\"isPartOf\":{\"@id\":\"https:\\\/\\\/kibrisdakik.com\\\/?p=80425\"},\"author\":{\"name\":\"admin\",\"@id\":\"https:\\\/\\\/kibrisdakik.com\\\/#\\\/schema\\\/person\\\/9cd9d437bbb44f72b73ba127e06d8e79\"},\"headline\":\"Engellilerin G\u00fc\u00e7lendirilmesi Projesi \u0130skele Belediyesi\u2019nde masaya yat\u0131r\u0131ld\u0131\",\"datePublished\":\"2025-04-17T15:52:33+00:00\",\"mainEntityOfPage\":{\"@id\":\"https:\\\/\\\/kibrisdakik.com\\\/?p=80425\"},\"wordCount\":386,\"commentCount\":0,\"image\":{\"@id\":\"https:\\\/\\\/kibrisdakik.com\\\/?p=80425#primaryimage\"},\"thumbnailUrl\":\"https:\\\/\\\/kibrisdakik.com\\\/wp-content\\\/uploads\\\/2025\\\/04\\\/1744903430735GUNAY-KIBRIT-VE-PROJE-HEYETINI-AGIRLADIK-740x420.jpg\",\"articleSection\":[\"K\u0131br\u0131s\",\"Man\u015fet\"],\"inLanguage\":\"tr\",\"potentialAction\":[{\"@type\":\"CommentAction\",\"name\":\"Comment\",\"target\":[\"https:\\\/\\\/kibrisdakik.com\\\/?p=80425#respond\"]}]},{\"@type\":\"WebPage\",\"@id\":\"https:\\\/\\\/kibrisdakik.com\\\/?p=80425\",\"url\":\"https:\\\/\\\/kibrisdakik.com\\\/?p=80425\",\"name\":\"Engellilerin G\u00fc\u00e7lendirilmesi Projesi \u0130skele Belediyesi\u2019nde masaya yat\u0131r\u0131ld\u0131 -\",\"isPartOf\":{\"@id\":\"https:\\\/\\\/kibrisdakik.com\\\/#website\"},\"primaryImageOfPage\":{\"@id\":\"https:\\\/\\\/kibrisdakik.com\\\/?p=80425#primaryimage\"},\"image\":{\"@id\":\"https:\\\/\\\/kibrisdakik.com\\\/?p=80425#primaryimage\"},\"thumbnailUrl\":\"https:\\\/\\\/kibrisdakik.com\\\/wp-content\\\/uploads\\\/2025\\\/04\\\/1744903430735GUNAY-KIBRIT-VE-PROJE-HEYETINI-AGIRLADIK-740x420.jpg\",\"datePublished\":\"2025-04-17T15:52:33+00:00\",\"author\":{\"@id\":\"https:\\\/\\\/kibrisdakik.com\\\/#\\\/schema\\\/person\\\/9cd9d437bbb44f72b73ba127e06d8e79\"},\"breadcrumb\":{\"@id\":\"https:\\\/\\\/kibrisdakik.com\\\/?p=80425#breadcrumb\"},\"inLanguage\":\"tr\",\"potentialAction\":[{\"@type\":\"ReadAction\",\"target\":[\"https:\\\/\\\/kibrisdakik.com\\\/?p=80425\"]}]},{\"@type\":\"ImageObject\",\"inLanguage\":\"tr\",\"@id\":\"https:\\\/\\\/kibrisdakik.com\\\/?p=80425#primaryimage\",\"url\":\"https:\\\/\\\/kibrisdakik.com\\\/wp-content\\\/uploads\\\/2025\\\/04\\\/1744903430735GUNAY-KIBRIT-VE-PROJE-HEYETINI-AGIRLADIK-740x420.jpg\",\"contentUrl\":\"https:\\\/\\\/kibrisdakik.com\\\/wp-content\\\/uploads\\\/2025\\\/04\\\/1744903430735GUNAY-KIBRIT-VE-PROJE-HEYETINI-AGIRLADIK-740x420.jpg\",\"width\":1620,\"height\":1080},{\"@type\":\"BreadcrumbList\",\"@id\":\"https:\\\/\\\/kibrisdakik.com\\\/?p=80425#breadcrumb\",\"itemListElement\":[{\"@type\":\"ListItem\",\"position\":1,\"name\":\"Home\",\"item\":\"https:\\\/\\\/kibrisdakik.com\\\/\"},{\"@type\":\"ListItem\",\"position\":2,\"name\":\"Engellilerin G\u00fc\u00e7lendirilmesi Projesi \u0130skele Belediyesi\u2019nde masaya yat\u0131r\u0131ld\u0131\"}]},{\"@type\":\"WebSite\",\"@id\":\"https:\\\/\\\/kibrisdakik.com\\\/#website\",\"url\":\"https:\\\/\\\/kibrisdakik.com\\\/\",\"name\":\"\",\"description\":\"Tam vaktinde haber\",\"potentialAction\":[{\"@type\":\"SearchAction\",\"target\":{\"@type\":\"EntryPoint\",\"urlTemplate\":\"https:\\\/\\\/kibrisdakik.com\\\/?s={search_term_string}\"},\"query-input\":{\"@type\":\"PropertyValueSpecification\",\"valueRequired\":true,\"valueName\":\"search_term_string\"}}],\"inLanguage\":\"tr\"},{\"@type\":\"Person\",\"@id\":\"https:\\\/\\\/kibrisdakik.com\\\/#\\\/schema\\\/person\\\/9cd9d437bbb44f72b73ba127e06d8e79\",\"name\":\"admin\",\"image\":{\"@type\":\"ImageObject\",\"inLanguage\":\"tr\",\"@id\":\"https:\\\/\\\/secure.gravatar.com\\\/avatar\\\/ccc17943b9d660506c869530f897617f7cb1c21a4bf30023f252596d83e1f007?s=96&d=mm&r=g\",\"url\":\"https:\\\/\\\/secure.gravatar.com\\\/avatar\\\/ccc17943b9d660506c869530f897617f7cb1c21a4bf30023f252596d83e1f007?s=96&d=mm&r=g\",\"contentUrl\":\"https:\\\/\\\/secure.gravatar.com\\\/avatar\\\/ccc17943b9d660506c869530f897617f7cb1c21a4bf30023f252596d83e1f007?s=96&d=mm&r=g\",\"caption\":\"admin\"},\"sameAs\":[\"https:\\\/\\\/kibrisdakik.com\"],\"url\":\"https:\\\/\\\/kibrisdakik.com\\\/?author=1\"}]}<\/script>\n<!-- \/ Yoast SEO plugin. -->","yoast_head_json":{"title":"Engellilerin G\u00fc\u00e7lendirilmesi Projesi \u0130skele Belediyesi\u2019nde masaya yat\u0131r\u0131ld\u0131 -","robots":{"index":"index","follow":"follow","max-snippet":"max-snippet:-1","max-image-preview":"max-image-preview:large","max-video-preview":"max-video-preview:-1"},"canonical":"https:\/\/kibrisdakik.com\/?p=80425","og_locale":"tr_TR","og_type":"article","og_title":"Engellilerin G\u00fc\u00e7lendirilmesi Projesi \u0130skele Belediyesi\u2019nde masaya yat\u0131r\u0131ld\u0131 -","og_description":"AB Finansman\u0131 ile y\u00fcr\u00fct\u00fclen Engellilerin G\u00fc\u00e7lendirilmesi Projesi, \u0130skele Belediyesi\u2019nde masaya yat\u0131r\u0131ld\u0131. \u0130skele Belediyesi\u2019nden yap\u0131lan a\u00e7\u0131klamaya g\u00f6re; K\u0131br\u0131s T\u00fcrk Ortopedik \u00d6z\u00fcrl\u00fcler Derne\u011fi (KTO\u00d6D) Ba\u015fkan\u0131 G\u00fcnay Kibrit, Engellilerin G\u00fc\u00e7lendirilmesi Projesi Koordinat\u00f6r\u00fc Elvan Y\u0131lmazatan, Sivil Toplum \u00d6rg\u00fctleri Koordinat\u00f6r\u00fc Meltem D\u00f6nmez ve Proje \u0130leti\u015fim Dan\u0131\u015fman\u0131 Benay Kibrit, \u0130skele Belediye Ba\u015fkan\u0131 Hasan Sad\u0131ko\u011flu\u2019nu makam\u0131nda ziyaret etti. G\u00f6r\u00fc\u015fmede, K\u0131br\u0131s T\u00fcrk Ortopedik","og_url":"https:\/\/kibrisdakik.com\/?p=80425","article_published_time":"2025-04-17T15:52:33+00:00","og_image":[{"width":1620,"height":1080,"url":"https:\/\/kibrisdakik.com\/wp-content\/uploads\/2025\/04\/1744903430735GUNAY-KIBRIT-VE-PROJE-HEYETINI-AGIRLADIK-740x420.jpg","type":"image\/jpeg"}],"author":"admin","twitter_card":"summary_large_image","twitter_misc":{"Yazan:":"admin","Tahmini okuma s\u00fcresi":"2 dakika"},"schema":{"@context":"https:\/\/schema.org","@graph":[{"@type":"Article","@id":"https:\/\/kibrisdakik.com\/?p=80425#article","isPartOf":{"@id":"https:\/\/kibrisdakik.com\/?p=80425"},"author":{"name":"admin","@id":"https:\/\/kibrisdakik.com\/#\/schema\/person\/9cd9d437bbb44f72b73ba127e06d8e79"},"headline":"Engellilerin G\u00fc\u00e7lendirilmesi Projesi \u0130skele Belediyesi\u2019nde masaya yat\u0131r\u0131ld\u0131","datePublished":"2025-04-17T15:52:33+00:00","mainEntityOfPage":{"@id":"https:\/\/kibrisdakik.com\/?p=80425"},"wordCount":386,"commentCount":0,"image":{"@id":"https:\/\/kibrisdakik.com\/?p=80425#primaryimage"},"thumbnailUrl":"https:\/\/kibrisdakik.com\/wp-content\/uploads\/2025\/04\/1744903430735GUNAY-KIBRIT-VE-PROJE-HEYETINI-AGIRLADIK-740x420.jpg","articleSection":["K\u0131br\u0131s","Man\u015fet"],"inLanguage":"tr","potentialAction":[{"@type":"CommentAction","name":"Comment","target":["https:\/\/kibrisdakik.com\/?p=80425#respond"]}]},{"@type":"WebPage","@id":"https:\/\/kibrisdakik.com\/?p=80425","url":"https:\/\/kibrisdakik.com\/?p=80425","name":"Engellilerin G\u00fc\u00e7lendirilmesi Projesi \u0130skele Belediyesi\u2019nde masaya yat\u0131r\u0131ld\u0131 -","isPartOf":{"@id":"https:\/\/kibrisdakik.com\/#website"},"primaryImageOfPage":{"@id":"https:\/\/kibrisdakik.com\/?p=80425#primaryimage"},"image":{"@id":"https:\/\/kibrisdakik.com\/?p=80425#primaryimage"},"thumbnailUrl":"https:\/\/kibrisdakik.com\/wp-content\/uploads\/2025\/04\/1744903430735GUNAY-KIBRIT-VE-PROJE-HEYETINI-AGIRLADIK-740x420.jpg","datePublished":"2025-04-17T15:52:33+00:00","author":{"@id":"https:\/\/kibrisdakik.com\/#\/schema\/person\/9cd9d437bbb44f72b73ba127e06d8e79"},"breadcrumb":{"@id":"https:\/\/kibrisdakik.com\/?p=80425#breadcrumb"},"inLanguage":"tr","potentialAction":[{"@type":"ReadAction","target":["https:\/\/kibrisdakik.com\/?p=80425"]}]},{"@type":"ImageObject","inLanguage":"tr","@id":"https:\/\/kibrisdakik.com\/?p=80425#primaryimage","url":"https:\/\/kibrisdakik.com\/wp-content\/uploads\/2025\/04\/1744903430735GUNAY-KIBRIT-VE-PROJE-HEYETINI-AGIRLADIK-740x420.jpg","contentUrl":"https:\/\/kibrisdakik.com\/wp-content\/uploads\/2025\/04\/1744903430735GUNAY-KIBRIT-VE-PROJE-HEYETINI-AGIRLADIK-740x420.jpg","width":1620,"height":1080},{"@type":"BreadcrumbList","@id":"https:\/\/kibrisdakik.com\/?p=80425#breadcrumb","itemListElement":[{"@type":"ListItem","position":1,"name":"Home","item":"https:\/\/kibrisdakik.com\/"},{"@type":"ListItem","position":2,"name":"Engellilerin G\u00fc\u00e7lendirilmesi Projesi \u0130skele Belediyesi\u2019nde masaya yat\u0131r\u0131ld\u0131"}]},{"@type":"WebSite","@id":"https:\/\/kibrisdakik.com\/#website","url":"https:\/\/kibrisdakik.com\/","name":"","description":"Tam vaktinde haber","potentialAction":[{"@type":"SearchAction","target":{"@type":"EntryPoint","urlTemplate":"https:\/\/kibrisdakik.com\/?s={search_term_string}"},"query-input":{"@type":"PropertyValueSpecification","valueRequired":true,"valueName":"search_term_string"}}],"inLanguage":"tr"},{"@type":"Person","@id":"https:\/\/kibrisdakik.com\/#\/schema\/person\/9cd9d437bbb44f72b73ba127e06d8e79","name":"admin","image":{"@type":"ImageObject","inLanguage":"tr","@id":"https:\/\/secure.gravatar.com\/avatar\/ccc17943b9d660506c869530f897617f7cb1c21a4bf30023f252596d83e1f007?s=96&d=mm&r=g","url":"https:\/\/secure.gravatar.com\/avatar\/ccc17943b9d660506c869530f897617f7cb1c21a4bf30023f252596d83e1f007?s=96&d=mm&r=g","contentUrl":"https:\/\/secure.gravatar.com\/avatar\/ccc17943b9d660506c869530f897617f7cb1c21a4bf30023f252596d83e1f007?s=96&d=mm&r=g","caption":"admin"},"sameAs":["https:\/\/kibrisdakik.com"],"url":"https:\/\/kibrisdakik.com\/?author=1"}]}},"_links":{"self":[{"href":"https:\/\/kibrisdakik.com\/index.php?rest_route=\/wp\/v2\/posts\/80425","targetHints":{"allow":["GET"]}}],"collection":[{"href":"https:\/\/kibrisdakik.com\/index.php?rest_route=\/wp\/v2\/posts"}],"about":[{"href":"https:\/\/kibrisdakik.com\/index.php?rest_route=\/wp\/v2\/types\/post"}],"author":[{"embeddable":true,"href":"https:\/\/kibrisdakik.com\/index.php?rest_route=\/wp\/v2\/users\/1"}],"replies":[{"embeddable":true,"href":"https:\/\/kibrisdakik.com\/index.php?rest_route=%2Fwp%2Fv2%2Fcomments&post=80425"}],"version-history":[{"count":0,"href":"https:\/\/kibrisdakik.com\/index.php?rest_route=\/wp\/v2\/posts\/80425\/revisions"}],"wp:featuredmedia":[{"embeddable":true,"href":"https:\/\/kibrisdakik.com\/index.php?rest_route=\/wp\/v2\/media\/80426"}],"wp:attachment":[{"href":"https:\/\/kibrisdakik.com\/index.php?rest_route=%2Fwp%2Fv2%2Fmedia&parent=80425"}],"wp:term":[{"taxonomy":"category","embeddable":true,"href":"https:\/\/kibrisdakik.com\/index.php?rest_route=%2Fwp%2Fv2%2Fcategories&post=80425"},{"taxonomy":"post_tag","embeddable":true,"href":"https:\/\/kibrisdakik.com\/index.php?rest_route=%2Fwp%2Fv2%2Ftags&post=80425"}],"curies":[{"name":"wp","href":"https:\/\/api.w.org\/{rel}","templated":true}]}}