{"id":80485,"date":"2025-04-18T14:55:35","date_gmt":"2025-04-18T11:55:35","guid":{"rendered":"https:\/\/kibrisdakik.com\/index.php\/2025\/04\/18\/amcaoglu-bugunlere-bayragimiza-ve-dinimize-olan-inancimizla-geldik\/"},"modified":"2025-04-18T14:55:35","modified_gmt":"2025-04-18T11:55:35","slug":"amcaoglu-bugunlere-bayragimiza-ve-dinimize-olan-inancimizla-geldik","status":"publish","type":"post","link":"https:\/\/kibrisdakik.com\/?p=80485","title":{"rendered":"Amcao\u011flu: Bug\u00fcnlere bayra\u011f\u0131m\u0131za ve dinimize olan inanc\u0131m\u0131zla geldik\u00a0"},"content":{"rendered":"<div>\n<div class=\"mariselle-image-container none\">\n                                            <\/div>\n<p>Ekonomi ve Enerji Bakan\u0131 Olgun Amcao\u011flu, T\u00fcrkiye Cumhurba\u015fkan\u0131 Ba\u015fdan\u0131\u015fman\u0131 Oktay Saral\u2019\u0131n sosyal medya \u00fczerinden yapt\u0131\u011f\u0131 a\u00e7\u0131klamalara tepki g\u00f6sterdi.<\/p>\n<p>Kurucu Cumhurba\u015fkan\u0131 Denkta\u015f\u2019\u0131n silah arkada\u015f\u0131 olan babas\u0131 Sel\u00e7uk Amcao\u011flu\u2019nun \u201cK\u0131br\u0131s T\u00fcrklerinin dinine ve bayra\u011f\u0131na sevgisi tamam olmam\u0131\u015f olsayd\u0131 bu m\u00fccadeleyi bug\u00fcnlere ta\u015f\u0131yamazd\u0131k\u201d s\u00f6zlerini asla unutmayaca\u011f\u0131n\u0131n alt\u0131n\u0131 \u00e7izen Amcao\u011flu, \u201c1950 y\u0131l\u0131nda ba\u015flayan m\u00fccadele insan\u0131m\u0131z\u0131n bayra\u011f\u0131na ve dinine olan ba\u011fl\u0131l\u0131k ve inan\u00e7la bug\u00fcnlere gelmi\u015ftir\u201d dedi.<\/p>\n<p>\u201cher kim isterse olsun bu \u00fclkenin makamlar\u0131yla, diniyle, iman\u0131yla ve bayrak sevgisiyle ilgili yorumda bulunamaz\u201d diyen Amcao\u011flu, \u201cherkes haddini bilmeli. Hangi makamda olursan\u0131z olun, K\u0131br\u0131s T\u00fcrk\u00fc\u2019ne asla b\u00f6yle yakla\u015fmay\u0131n ve K\u0131br\u0131s T\u00fcrk\u00fc\u2019n\u00fcn Ba\u015fbakan\u0131\u2019na asla b\u00f6yle yak\u0131\u015ft\u0131rmalar yapmay\u0131n\u201d \u015feklinde konu\u015ftu.<\/p>\n<p>Olgun Amcao\u011flu, \u201cDo\u011fu Akdeniz\u2019de T\u00fcrkl\u00fck n\u00f6betindeki 17\u2019inci T\u00fcrk Devleti\u2019nin sahibi olan K\u0131br\u0131s T\u00fcrklerine y\u00f6nelik sarfedilen haks\u0131z s\u00f6zlerin kabul edilebilir bir yan\u0131 yoktur\u201d dedi.<\/p>\n<p>Herkesin yap\u0131lan yanl\u0131\u015f\u0131n fark\u0131nda oldu\u011funu ifade eden Amcao\u011flu, \u201cBirileri konuyu T\u00fcrkiye-Kuzey K\u0131br\u0131s T\u00fcrk Cumhuriyeti tart\u0131\u015fmas\u0131na getirmek istiyor. Ama T\u00fcrkiye ile Kuzey K\u0131br\u0131s T\u00fcrk Cumhuriyeti ayr\u0131lmaz bir b\u00fct\u00fcnd\u00fcr\u201d ifadesini kulland\u0131.<\/p>\n<p>Amcao\u011flu, s\u0131\u011f tart\u0131\u015fmalar\u0131n yerini Kuzey K\u0131br\u0131s T\u00fcrk Cumhuriyeti\u2019nin d\u00fcnyadaki g\u00f6r\u00fcn\u00fcrl\u00fc\u011f\u00fcn\u00fcn nas\u0131l art\u0131r\u0131labilece\u011fi tart\u0131\u015fmalar\u0131n\u0131n almas\u0131 gerekti\u011fini s\u00f6zlerine ekledi.<\/p>\n<p>\u00a0<\/p>\n<p>\u00a0<\/p>\n<p>\u00a0<\/p>\n<\/p><\/div>\n<p><script async\n                    defer\n                    crossorigin=\"anonymous\"\n                    src=\"https:\/\/connect.facebook.net\/tr_TR\/sdk.js#xfbml=1&#038;version=v3.3\"\n            ><\/script><\/p>\n","protected":false},"excerpt":{"rendered":"<p>Ekonomi ve Enerji Bakan\u0131 Olgun Amcao\u011flu, T\u00fcrkiye Cumhurba\u015fkan\u0131 Ba\u015fdan\u0131\u015fman\u0131 Oktay Saral\u2019\u0131n sosyal medya \u00fczerinden yapt\u0131\u011f\u0131 a\u00e7\u0131klamalara tepki g\u00f6sterdi. Kurucu Cumhurba\u015fkan\u0131 Denkta\u015f\u2019\u0131n silah arkada\u015f\u0131 olan babas\u0131 Sel\u00e7uk Amcao\u011flu\u2019nun \u201cK\u0131br\u0131s T\u00fcrklerinin dinine ve bayra\u011f\u0131na sevgisi tamam olmam\u0131\u015f olsayd\u0131 bu m\u00fccadeleyi bug\u00fcnlere ta\u015f\u0131yamazd\u0131k\u201d s\u00f6zlerini asla unutmayaca\u011f\u0131n\u0131n alt\u0131n\u0131 \u00e7izen Amcao\u011flu, \u201c1950 y\u0131l\u0131nda ba\u015flayan m\u00fccadele insan\u0131m\u0131z\u0131n bayra\u011f\u0131na ve dinine olan<\/p>\n","protected":false},"author":1,"featured_media":80117,"comment_status":"open","ping_status":"open","sticky":false,"template":"","format":"standard","meta":{"footnotes":""},"categories":[81,101],"tags":[],"class_list":["post-80485","post","type-post","status-publish","format-standard","has-post-thumbnail","hentry","category-kibris","category-manset"],"yoast_head":"<!-- This site is optimized with the Yoast SEO plugin v27.5 - https:\/\/yoast.com\/product\/yoast-seo-wordpress\/ -->\n<title>Amcao\u011flu: Bug\u00fcnlere bayra\u011f\u0131m\u0131za ve dinimize olan inanc\u0131m\u0131zla geldik\u00a0 -<\/title>\n<meta name=\"robots\" content=\"index, follow, max-snippet:-1, max-image-preview:large, max-video-preview:-1\" \/>\n<link rel=\"canonical\" href=\"https:\/\/kibrisdakik.com\/?p=80485\" \/>\n<meta property=\"og:locale\" content=\"tr_TR\" \/>\n<meta property=\"og:type\" content=\"article\" \/>\n<meta property=\"og:title\" content=\"Amcao\u011flu: Bug\u00fcnlere bayra\u011f\u0131m\u0131za ve dinimize olan inanc\u0131m\u0131zla geldik\u00a0 -\" \/>\n<meta property=\"og:description\" content=\"Ekonomi ve Enerji Bakan\u0131 Olgun Amcao\u011flu, T\u00fcrkiye Cumhurba\u015fkan\u0131 Ba\u015fdan\u0131\u015fman\u0131 Oktay Saral\u2019\u0131n sosyal medya \u00fczerinden yapt\u0131\u011f\u0131 a\u00e7\u0131klamalara tepki g\u00f6sterdi. Kurucu Cumhurba\u015fkan\u0131 Denkta\u015f\u2019\u0131n silah arkada\u015f\u0131 olan babas\u0131 Sel\u00e7uk Amcao\u011flu\u2019nun \u201cK\u0131br\u0131s T\u00fcrklerinin dinine ve bayra\u011f\u0131na sevgisi tamam olmam\u0131\u015f olsayd\u0131 bu m\u00fccadeleyi bug\u00fcnlere ta\u015f\u0131yamazd\u0131k\u201d s\u00f6zlerini asla unutmayaca\u011f\u0131n\u0131n alt\u0131n\u0131 \u00e7izen Amcao\u011flu, \u201c1950 y\u0131l\u0131nda ba\u015flayan m\u00fccadele insan\u0131m\u0131z\u0131n bayra\u011f\u0131na ve dinine olan\" \/>\n<meta property=\"og:url\" content=\"https:\/\/kibrisdakik.com\/?p=80485\" \/>\n<meta property=\"article:published_time\" content=\"2025-04-18T11:55:35+00:00\" \/>\n<meta property=\"og:image\" content=\"https:\/\/kibrisdakik.com\/wp-content\/uploads\/2025\/04\/17445498398891736694679175olgun-amcaoglu-2.jpg\" \/>\n\t<meta property=\"og:image:width\" content=\"720\" \/>\n\t<meta property=\"og:image:height\" content=\"405\" \/>\n\t<meta property=\"og:image:type\" content=\"image\/jpeg\" \/>\n<meta name=\"author\" content=\"admin\" \/>\n<meta name=\"twitter:card\" content=\"summary_large_image\" \/>\n<meta name=\"twitter:label1\" content=\"Yazan:\" \/>\n\t<meta name=\"twitter:data1\" content=\"admin\" \/>\n\t<meta name=\"twitter:label2\" content=\"Tahmini okuma s\u00fcresi\" \/>\n\t<meta name=\"twitter:data2\" content=\"1 dakika\" \/>\n<script type=\"application\/ld+json\" class=\"yoast-schema-graph\">{\"@context\":\"https:\\\/\\\/schema.org\",\"@graph\":[{\"@type\":\"Article\",\"@id\":\"https:\\\/\\\/kibrisdakik.com\\\/?p=80485#article\",\"isPartOf\":{\"@id\":\"https:\\\/\\\/kibrisdakik.com\\\/?p=80485\"},\"author\":{\"name\":\"admin\",\"@id\":\"https:\\\/\\\/kibrisdakik.com\\\/#\\\/schema\\\/person\\\/9cd9d437bbb44f72b73ba127e06d8e79\"},\"headline\":\"Amcao\u011flu: Bug\u00fcnlere bayra\u011f\u0131m\u0131za ve dinimize olan inanc\u0131m\u0131zla geldik\u00a0\",\"datePublished\":\"2025-04-18T11:55:35+00:00\",\"mainEntityOfPage\":{\"@id\":\"https:\\\/\\\/kibrisdakik.com\\\/?p=80485\"},\"wordCount\":300,\"commentCount\":0,\"image\":{\"@id\":\"https:\\\/\\\/kibrisdakik.com\\\/?p=80485#primaryimage\"},\"thumbnailUrl\":\"https:\\\/\\\/kibrisdakik.com\\\/wp-content\\\/uploads\\\/2025\\\/04\\\/17445498398891736694679175olgun-amcaoglu-2.jpg\",\"articleSection\":[\"K\u0131br\u0131s\",\"Man\u015fet\"],\"inLanguage\":\"tr\",\"potentialAction\":[{\"@type\":\"CommentAction\",\"name\":\"Comment\",\"target\":[\"https:\\\/\\\/kibrisdakik.com\\\/?p=80485#respond\"]}]},{\"@type\":\"WebPage\",\"@id\":\"https:\\\/\\\/kibrisdakik.com\\\/?p=80485\",\"url\":\"https:\\\/\\\/kibrisdakik.com\\\/?p=80485\",\"name\":\"Amcao\u011flu: Bug\u00fcnlere bayra\u011f\u0131m\u0131za ve dinimize olan inanc\u0131m\u0131zla geldik\u00a0 -\",\"isPartOf\":{\"@id\":\"https:\\\/\\\/kibrisdakik.com\\\/#website\"},\"primaryImageOfPage\":{\"@id\":\"https:\\\/\\\/kibrisdakik.com\\\/?p=80485#primaryimage\"},\"image\":{\"@id\":\"https:\\\/\\\/kibrisdakik.com\\\/?p=80485#primaryimage\"},\"thumbnailUrl\":\"https:\\\/\\\/kibrisdakik.com\\\/wp-content\\\/uploads\\\/2025\\\/04\\\/17445498398891736694679175olgun-amcaoglu-2.jpg\",\"datePublished\":\"2025-04-18T11:55:35+00:00\",\"author\":{\"@id\":\"https:\\\/\\\/kibrisdakik.com\\\/#\\\/schema\\\/person\\\/9cd9d437bbb44f72b73ba127e06d8e79\"},\"breadcrumb\":{\"@id\":\"https:\\\/\\\/kibrisdakik.com\\\/?p=80485#breadcrumb\"},\"inLanguage\":\"tr\",\"potentialAction\":[{\"@type\":\"ReadAction\",\"target\":[\"https:\\\/\\\/kibrisdakik.com\\\/?p=80485\"]}]},{\"@type\":\"ImageObject\",\"inLanguage\":\"tr\",\"@id\":\"https:\\\/\\\/kibrisdakik.com\\\/?p=80485#primaryimage\",\"url\":\"https:\\\/\\\/kibrisdakik.com\\\/wp-content\\\/uploads\\\/2025\\\/04\\\/17445498398891736694679175olgun-amcaoglu-2.jpg\",\"contentUrl\":\"https:\\\/\\\/kibrisdakik.com\\\/wp-content\\\/uploads\\\/2025\\\/04\\\/17445498398891736694679175olgun-amcaoglu-2.jpg\",\"width\":720,\"height\":405},{\"@type\":\"BreadcrumbList\",\"@id\":\"https:\\\/\\\/kibrisdakik.com\\\/?p=80485#breadcrumb\",\"itemListElement\":[{\"@type\":\"ListItem\",\"position\":1,\"name\":\"Home\",\"item\":\"https:\\\/\\\/kibrisdakik.com\\\/\"},{\"@type\":\"ListItem\",\"position\":2,\"name\":\"Amcao\u011flu: Bug\u00fcnlere bayra\u011f\u0131m\u0131za ve dinimize olan inanc\u0131m\u0131zla geldik\u00a0\"}]},{\"@type\":\"WebSite\",\"@id\":\"https:\\\/\\\/kibrisdakik.com\\\/#website\",\"url\":\"https:\\\/\\\/kibrisdakik.com\\\/\",\"name\":\"\",\"description\":\"Tam vaktinde haber\",\"potentialAction\":[{\"@type\":\"SearchAction\",\"target\":{\"@type\":\"EntryPoint\",\"urlTemplate\":\"https:\\\/\\\/kibrisdakik.com\\\/?s={search_term_string}\"},\"query-input\":{\"@type\":\"PropertyValueSpecification\",\"valueRequired\":true,\"valueName\":\"search_term_string\"}}],\"inLanguage\":\"tr\"},{\"@type\":\"Person\",\"@id\":\"https:\\\/\\\/kibrisdakik.com\\\/#\\\/schema\\\/person\\\/9cd9d437bbb44f72b73ba127e06d8e79\",\"name\":\"admin\",\"image\":{\"@type\":\"ImageObject\",\"inLanguage\":\"tr\",\"@id\":\"https:\\\/\\\/secure.gravatar.com\\\/avatar\\\/ccc17943b9d660506c869530f897617f7cb1c21a4bf30023f252596d83e1f007?s=96&d=mm&r=g\",\"url\":\"https:\\\/\\\/secure.gravatar.com\\\/avatar\\\/ccc17943b9d660506c869530f897617f7cb1c21a4bf30023f252596d83e1f007?s=96&d=mm&r=g\",\"contentUrl\":\"https:\\\/\\\/secure.gravatar.com\\\/avatar\\\/ccc17943b9d660506c869530f897617f7cb1c21a4bf30023f252596d83e1f007?s=96&d=mm&r=g\",\"caption\":\"admin\"},\"sameAs\":[\"https:\\\/\\\/kibrisdakik.com\"],\"url\":\"https:\\\/\\\/kibrisdakik.com\\\/?author=1\"}]}<\/script>\n<!-- \/ Yoast SEO plugin. -->","yoast_head_json":{"title":"Amcao\u011flu: Bug\u00fcnlere bayra\u011f\u0131m\u0131za ve dinimize olan inanc\u0131m\u0131zla geldik\u00a0 -","robots":{"index":"index","follow":"follow","max-snippet":"max-snippet:-1","max-image-preview":"max-image-preview:large","max-video-preview":"max-video-preview:-1"},"canonical":"https:\/\/kibrisdakik.com\/?p=80485","og_locale":"tr_TR","og_type":"article","og_title":"Amcao\u011flu: Bug\u00fcnlere bayra\u011f\u0131m\u0131za ve dinimize olan inanc\u0131m\u0131zla geldik\u00a0 -","og_description":"Ekonomi ve Enerji Bakan\u0131 Olgun Amcao\u011flu, T\u00fcrkiye Cumhurba\u015fkan\u0131 Ba\u015fdan\u0131\u015fman\u0131 Oktay Saral\u2019\u0131n sosyal medya \u00fczerinden yapt\u0131\u011f\u0131 a\u00e7\u0131klamalara tepki g\u00f6sterdi. Kurucu Cumhurba\u015fkan\u0131 Denkta\u015f\u2019\u0131n silah arkada\u015f\u0131 olan babas\u0131 Sel\u00e7uk Amcao\u011flu\u2019nun \u201cK\u0131br\u0131s T\u00fcrklerinin dinine ve bayra\u011f\u0131na sevgisi tamam olmam\u0131\u015f olsayd\u0131 bu m\u00fccadeleyi bug\u00fcnlere ta\u015f\u0131yamazd\u0131k\u201d s\u00f6zlerini asla unutmayaca\u011f\u0131n\u0131n alt\u0131n\u0131 \u00e7izen Amcao\u011flu, \u201c1950 y\u0131l\u0131nda ba\u015flayan m\u00fccadele insan\u0131m\u0131z\u0131n bayra\u011f\u0131na ve dinine olan","og_url":"https:\/\/kibrisdakik.com\/?p=80485","article_published_time":"2025-04-18T11:55:35+00:00","og_image":[{"width":720,"height":405,"url":"https:\/\/kibrisdakik.com\/wp-content\/uploads\/2025\/04\/17445498398891736694679175olgun-amcaoglu-2.jpg","type":"image\/jpeg"}],"author":"admin","twitter_card":"summary_large_image","twitter_misc":{"Yazan:":"admin","Tahmini okuma s\u00fcresi":"1 dakika"},"schema":{"@context":"https:\/\/schema.org","@graph":[{"@type":"Article","@id":"https:\/\/kibrisdakik.com\/?p=80485#article","isPartOf":{"@id":"https:\/\/kibrisdakik.com\/?p=80485"},"author":{"name":"admin","@id":"https:\/\/kibrisdakik.com\/#\/schema\/person\/9cd9d437bbb44f72b73ba127e06d8e79"},"headline":"Amcao\u011flu: Bug\u00fcnlere bayra\u011f\u0131m\u0131za ve dinimize olan inanc\u0131m\u0131zla geldik\u00a0","datePublished":"2025-04-18T11:55:35+00:00","mainEntityOfPage":{"@id":"https:\/\/kibrisdakik.com\/?p=80485"},"wordCount":300,"commentCount":0,"image":{"@id":"https:\/\/kibrisdakik.com\/?p=80485#primaryimage"},"thumbnailUrl":"https:\/\/kibrisdakik.com\/wp-content\/uploads\/2025\/04\/17445498398891736694679175olgun-amcaoglu-2.jpg","articleSection":["K\u0131br\u0131s","Man\u015fet"],"inLanguage":"tr","potentialAction":[{"@type":"CommentAction","name":"Comment","target":["https:\/\/kibrisdakik.com\/?p=80485#respond"]}]},{"@type":"WebPage","@id":"https:\/\/kibrisdakik.com\/?p=80485","url":"https:\/\/kibrisdakik.com\/?p=80485","name":"Amcao\u011flu: Bug\u00fcnlere bayra\u011f\u0131m\u0131za ve dinimize olan inanc\u0131m\u0131zla geldik\u00a0 -","isPartOf":{"@id":"https:\/\/kibrisdakik.com\/#website"},"primaryImageOfPage":{"@id":"https:\/\/kibrisdakik.com\/?p=80485#primaryimage"},"image":{"@id":"https:\/\/kibrisdakik.com\/?p=80485#primaryimage"},"thumbnailUrl":"https:\/\/kibrisdakik.com\/wp-content\/uploads\/2025\/04\/17445498398891736694679175olgun-amcaoglu-2.jpg","datePublished":"2025-04-18T11:55:35+00:00","author":{"@id":"https:\/\/kibrisdakik.com\/#\/schema\/person\/9cd9d437bbb44f72b73ba127e06d8e79"},"breadcrumb":{"@id":"https:\/\/kibrisdakik.com\/?p=80485#breadcrumb"},"inLanguage":"tr","potentialAction":[{"@type":"ReadAction","target":["https:\/\/kibrisdakik.com\/?p=80485"]}]},{"@type":"ImageObject","inLanguage":"tr","@id":"https:\/\/kibrisdakik.com\/?p=80485#primaryimage","url":"https:\/\/kibrisdakik.com\/wp-content\/uploads\/2025\/04\/17445498398891736694679175olgun-amcaoglu-2.jpg","contentUrl":"https:\/\/kibrisdakik.com\/wp-content\/uploads\/2025\/04\/17445498398891736694679175olgun-amcaoglu-2.jpg","width":720,"height":405},{"@type":"BreadcrumbList","@id":"https:\/\/kibrisdakik.com\/?p=80485#breadcrumb","itemListElement":[{"@type":"ListItem","position":1,"name":"Home","item":"https:\/\/kibrisdakik.com\/"},{"@type":"ListItem","position":2,"name":"Amcao\u011flu: Bug\u00fcnlere bayra\u011f\u0131m\u0131za ve dinimize olan inanc\u0131m\u0131zla geldik\u00a0"}]},{"@type":"WebSite","@id":"https:\/\/kibrisdakik.com\/#website","url":"https:\/\/kibrisdakik.com\/","name":"","description":"Tam vaktinde haber","potentialAction":[{"@type":"SearchAction","target":{"@type":"EntryPoint","urlTemplate":"https:\/\/kibrisdakik.com\/?s={search_term_string}"},"query-input":{"@type":"PropertyValueSpecification","valueRequired":true,"valueName":"search_term_string"}}],"inLanguage":"tr"},{"@type":"Person","@id":"https:\/\/kibrisdakik.com\/#\/schema\/person\/9cd9d437bbb44f72b73ba127e06d8e79","name":"admin","image":{"@type":"ImageObject","inLanguage":"tr","@id":"https:\/\/secure.gravatar.com\/avatar\/ccc17943b9d660506c869530f897617f7cb1c21a4bf30023f252596d83e1f007?s=96&d=mm&r=g","url":"https:\/\/secure.gravatar.com\/avatar\/ccc17943b9d660506c869530f897617f7cb1c21a4bf30023f252596d83e1f007?s=96&d=mm&r=g","contentUrl":"https:\/\/secure.gravatar.com\/avatar\/ccc17943b9d660506c869530f897617f7cb1c21a4bf30023f252596d83e1f007?s=96&d=mm&r=g","caption":"admin"},"sameAs":["https:\/\/kibrisdakik.com"],"url":"https:\/\/kibrisdakik.com\/?author=1"}]}},"_links":{"self":[{"href":"https:\/\/kibrisdakik.com\/index.php?rest_route=\/wp\/v2\/posts\/80485","targetHints":{"allow":["GET"]}}],"collection":[{"href":"https:\/\/kibrisdakik.com\/index.php?rest_route=\/wp\/v2\/posts"}],"about":[{"href":"https:\/\/kibrisdakik.com\/index.php?rest_route=\/wp\/v2\/types\/post"}],"author":[{"embeddable":true,"href":"https:\/\/kibrisdakik.com\/index.php?rest_route=\/wp\/v2\/users\/1"}],"replies":[{"embeddable":true,"href":"https:\/\/kibrisdakik.com\/index.php?rest_route=%2Fwp%2Fv2%2Fcomments&post=80485"}],"version-history":[{"count":0,"href":"https:\/\/kibrisdakik.com\/index.php?rest_route=\/wp\/v2\/posts\/80485\/revisions"}],"wp:featuredmedia":[{"embeddable":true,"href":"https:\/\/kibrisdakik.com\/index.php?rest_route=\/wp\/v2\/media\/80117"}],"wp:attachment":[{"href":"https:\/\/kibrisdakik.com\/index.php?rest_route=%2Fwp%2Fv2%2Fmedia&parent=80485"}],"wp:term":[{"taxonomy":"category","embeddable":true,"href":"https:\/\/kibrisdakik.com\/index.php?rest_route=%2Fwp%2Fv2%2Fcategories&post=80485"},{"taxonomy":"post_tag","embeddable":true,"href":"https:\/\/kibrisdakik.com\/index.php?rest_route=%2Fwp%2Fv2%2Ftags&post=80485"}],"curies":[{"name":"wp","href":"https:\/\/api.w.org\/{rel}","templated":true}]}}