{"id":80517,"date":"2025-04-18T18:55:53","date_gmt":"2025-04-18T15:55:53","guid":{"rendered":"https:\/\/kibrisdakik.com\/index.php\/2025\/04\/18\/tatar-kktcde-ekonomik-kalkinma-icin-birlik-ve-beraberlik-icinde-calisilmasi-onemli\/"},"modified":"2025-04-18T18:55:53","modified_gmt":"2025-04-18T15:55:53","slug":"tatar-kktcde-ekonomik-kalkinma-icin-birlik-ve-beraberlik-icinde-calisilmasi-onemli","status":"publish","type":"post","link":"https:\/\/kibrisdakik.com\/?p=80517","title":{"rendered":"Tatar: KKTC\u2019de ekonomik kalk\u0131nma i\u00e7in birlik ve beraberlik i\u00e7inde \u00e7al\u0131\u015f\u0131lmas\u0131 \u00f6nemli"},"content":{"rendered":"<div>\n<div class=\"mariselle-image-container center\">\n                                            <\/div>\n<p>Cumhurba\u015fkan\u0131 Ersin Tatar, T\u00fcrkiye\u2019den gelen i\u015f insanlar\u0131n\u0131 kabul\u00fcnde milli ve manevi de\u011ferlere sahip \u00e7\u0131karak KKTC\u2019de ekonomik kalk\u0131nma i\u00e7in birlik ve beraberlik i\u00e7inde \u00e7al\u0131\u015f\u0131lmas\u0131n\u0131n \u00f6nemine i\u015faret etti.<\/p>\n<p>Cumhurba\u015fkanl\u0131\u011f\u0131ndan verilen bilgiye g\u00f6re Tatar, kabuldeki konu\u015fmas\u0131nda milli birli\u011fi s\u00fcrd\u00fcrmek gerekti\u011fine i\u015faret ederek, T\u00fcrkiye\u2019den belirli sekt\u00f6rlerden yat\u0131r\u0131mc\u0131lar\u0131n da KKTC\u2019ye gelmesinin \u00f6nemine de\u011findi.<\/p>\n<p>B\u00fcy\u00fck T\u00fcrk Milleti\u2019nin ve \u0130slam aleminin par\u00e7as\u0131 olan K\u0131br\u0131s T\u00fcrk halk\u0131n\u0131n m\u00fccadelesini, milli de\u011fer, \u00f6rf, adet ve geleneklerine ba\u011fl\u0131 \u015fekilde s\u00fcrd\u00fcrd\u00fc\u011f\u00fcn\u00fc vurgulayan Tatar, Avrupa Birli\u011fi oyunu alt\u0131nda esas niyetinin aday\u0131 Yunan adas\u0131na d\u00f6n\u00fc\u015ft\u00fcrmek olan zihniyete izin verilmeyece\u011fini kaydetti.<\/p>\n<p>Tatar, iki devletli siyasetin daha da kabul g\u00f6rmesi i\u00e7in birlik i\u00e7inde \u00e7al\u0131\u015fmak gerekti\u011fini belirtti.<\/p>\n<p>T\u00fcrkiye\u2019deki vatanda\u015flara buray\u0131 ziyaret etmeleri i\u00e7in \u00e7a\u011fr\u0131da bulunan Tatar, K\u0131br\u0131s adas\u0131n\u0131n \u00f6nemli k\u00fclt\u00fcrel mirasa ve do\u011fal g\u00fczelli\u011fe sahip bir destinasyon oldu\u011funu ifade etti.<\/p>\n<p>KKTC\u2019de farkl\u0131 alanlarda ya\u015fanan geli\u015fmeleri payla\u015fan Cumhurba\u015fkan\u0131 Tatar, K\u0131br\u0131s T\u00fcrk halk\u0131na her seviyede destek veren T\u00fcrkiye Cumhuriyeti\u2019ne te\u015fekk\u00fcr etti.<\/p>\n<\/p><\/div>\n<p><script async\n                    defer\n                    crossorigin=\"anonymous\"\n                    src=\"https:\/\/connect.facebook.net\/tr_TR\/sdk.js#xfbml=1&#038;version=v3.3\"\n            ><\/script><\/p>\n","protected":false},"excerpt":{"rendered":"<p>Cumhurba\u015fkan\u0131 Ersin Tatar, T\u00fcrkiye\u2019den gelen i\u015f insanlar\u0131n\u0131 kabul\u00fcnde milli ve manevi de\u011ferlere sahip \u00e7\u0131karak KKTC\u2019de ekonomik kalk\u0131nma i\u00e7in birlik ve beraberlik i\u00e7inde \u00e7al\u0131\u015f\u0131lmas\u0131n\u0131n \u00f6nemine i\u015faret etti. Cumhurba\u015fkanl\u0131\u011f\u0131ndan verilen bilgiye g\u00f6re Tatar, kabuldeki konu\u015fmas\u0131nda milli birli\u011fi s\u00fcrd\u00fcrmek gerekti\u011fine i\u015faret ederek, T\u00fcrkiye\u2019den belirli sekt\u00f6rlerden yat\u0131r\u0131mc\u0131lar\u0131n da KKTC\u2019ye gelmesinin \u00f6nemine de\u011findi. B\u00fcy\u00fck T\u00fcrk Milleti\u2019nin ve \u0130slam aleminin par\u00e7as\u0131<\/p>\n","protected":false},"author":1,"featured_media":80518,"comment_status":"open","ping_status":"open","sticky":false,"template":"","format":"standard","meta":{"footnotes":""},"categories":[81,101],"tags":[],"class_list":["post-80517","post","type-post","status-publish","format-standard","has-post-thumbnail","hentry","category-kibris","category-manset"],"yoast_head":"<!-- This site is optimized with the Yoast SEO plugin v27.5 - https:\/\/yoast.com\/product\/yoast-seo-wordpress\/ -->\n<title>Tatar: KKTC\u2019de ekonomik kalk\u0131nma i\u00e7in birlik ve beraberlik i\u00e7inde \u00e7al\u0131\u015f\u0131lmas\u0131 \u00f6nemli -<\/title>\n<meta name=\"robots\" content=\"index, follow, max-snippet:-1, max-image-preview:large, max-video-preview:-1\" \/>\n<link rel=\"canonical\" href=\"https:\/\/kibrisdakik.com\/?p=80517\" \/>\n<meta property=\"og:locale\" content=\"tr_TR\" \/>\n<meta property=\"og:type\" content=\"article\" \/>\n<meta property=\"og:title\" content=\"Tatar: KKTC\u2019de ekonomik kalk\u0131nma i\u00e7in birlik ve beraberlik i\u00e7inde \u00e7al\u0131\u015f\u0131lmas\u0131 \u00f6nemli -\" \/>\n<meta property=\"og:description\" content=\"Cumhurba\u015fkan\u0131 Ersin Tatar, T\u00fcrkiye\u2019den gelen i\u015f insanlar\u0131n\u0131 kabul\u00fcnde milli ve manevi de\u011ferlere sahip \u00e7\u0131karak KKTC\u2019de ekonomik kalk\u0131nma i\u00e7in birlik ve beraberlik i\u00e7inde \u00e7al\u0131\u015f\u0131lmas\u0131n\u0131n \u00f6nemine i\u015faret etti. Cumhurba\u015fkanl\u0131\u011f\u0131ndan verilen bilgiye g\u00f6re Tatar, kabuldeki konu\u015fmas\u0131nda milli birli\u011fi s\u00fcrd\u00fcrmek gerekti\u011fine i\u015faret ederek, T\u00fcrkiye\u2019den belirli sekt\u00f6rlerden yat\u0131r\u0131mc\u0131lar\u0131n da KKTC\u2019ye gelmesinin \u00f6nemine de\u011findi. B\u00fcy\u00fck T\u00fcrk Milleti\u2019nin ve \u0130slam aleminin par\u00e7as\u0131\" \/>\n<meta property=\"og:url\" content=\"https:\/\/kibrisdakik.com\/?p=80517\" \/>\n<meta property=\"article:published_time\" content=\"2025-04-18T15:55:53+00:00\" \/>\n<meta property=\"og:image\" content=\"https:\/\/kibrisdakik.com\/wp-content\/uploads\/2025\/04\/82304982039842-740x420.jpg\" \/>\n\t<meta property=\"og:image:width\" content=\"2560\" \/>\n\t<meta property=\"og:image:height\" content=\"1163\" \/>\n\t<meta property=\"og:image:type\" content=\"image\/jpeg\" \/>\n<meta name=\"author\" content=\"admin\" \/>\n<meta name=\"twitter:card\" content=\"summary_large_image\" \/>\n<meta name=\"twitter:label1\" content=\"Yazan:\" \/>\n\t<meta name=\"twitter:data1\" content=\"admin\" \/>\n\t<meta name=\"twitter:label2\" content=\"Tahmini okuma s\u00fcresi\" \/>\n\t<meta name=\"twitter:data2\" content=\"1 dakika\" \/>\n<script type=\"application\/ld+json\" class=\"yoast-schema-graph\">{\"@context\":\"https:\\\/\\\/schema.org\",\"@graph\":[{\"@type\":\"Article\",\"@id\":\"https:\\\/\\\/kibrisdakik.com\\\/?p=80517#article\",\"isPartOf\":{\"@id\":\"https:\\\/\\\/kibrisdakik.com\\\/?p=80517\"},\"author\":{\"name\":\"admin\",\"@id\":\"https:\\\/\\\/kibrisdakik.com\\\/#\\\/schema\\\/person\\\/9cd9d437bbb44f72b73ba127e06d8e79\"},\"headline\":\"Tatar: KKTC\u2019de ekonomik kalk\u0131nma i\u00e7in birlik ve beraberlik i\u00e7inde \u00e7al\u0131\u015f\u0131lmas\u0131 \u00f6nemli\",\"datePublished\":\"2025-04-18T15:55:53+00:00\",\"mainEntityOfPage\":{\"@id\":\"https:\\\/\\\/kibrisdakik.com\\\/?p=80517\"},\"wordCount\":248,\"commentCount\":0,\"image\":{\"@id\":\"https:\\\/\\\/kibrisdakik.com\\\/?p=80517#primaryimage\"},\"thumbnailUrl\":\"https:\\\/\\\/kibrisdakik.com\\\/wp-content\\\/uploads\\\/2025\\\/04\\\/82304982039842-740x420.jpg\",\"articleSection\":[\"K\u0131br\u0131s\",\"Man\u015fet\"],\"inLanguage\":\"tr\",\"potentialAction\":[{\"@type\":\"CommentAction\",\"name\":\"Comment\",\"target\":[\"https:\\\/\\\/kibrisdakik.com\\\/?p=80517#respond\"]}]},{\"@type\":\"WebPage\",\"@id\":\"https:\\\/\\\/kibrisdakik.com\\\/?p=80517\",\"url\":\"https:\\\/\\\/kibrisdakik.com\\\/?p=80517\",\"name\":\"Tatar: KKTC\u2019de ekonomik kalk\u0131nma i\u00e7in birlik ve beraberlik i\u00e7inde \u00e7al\u0131\u015f\u0131lmas\u0131 \u00f6nemli -\",\"isPartOf\":{\"@id\":\"https:\\\/\\\/kibrisdakik.com\\\/#website\"},\"primaryImageOfPage\":{\"@id\":\"https:\\\/\\\/kibrisdakik.com\\\/?p=80517#primaryimage\"},\"image\":{\"@id\":\"https:\\\/\\\/kibrisdakik.com\\\/?p=80517#primaryimage\"},\"thumbnailUrl\":\"https:\\\/\\\/kibrisdakik.com\\\/wp-content\\\/uploads\\\/2025\\\/04\\\/82304982039842-740x420.jpg\",\"datePublished\":\"2025-04-18T15:55:53+00:00\",\"author\":{\"@id\":\"https:\\\/\\\/kibrisdakik.com\\\/#\\\/schema\\\/person\\\/9cd9d437bbb44f72b73ba127e06d8e79\"},\"breadcrumb\":{\"@id\":\"https:\\\/\\\/kibrisdakik.com\\\/?p=80517#breadcrumb\"},\"inLanguage\":\"tr\",\"potentialAction\":[{\"@type\":\"ReadAction\",\"target\":[\"https:\\\/\\\/kibrisdakik.com\\\/?p=80517\"]}]},{\"@type\":\"ImageObject\",\"inLanguage\":\"tr\",\"@id\":\"https:\\\/\\\/kibrisdakik.com\\\/?p=80517#primaryimage\",\"url\":\"https:\\\/\\\/kibrisdakik.com\\\/wp-content\\\/uploads\\\/2025\\\/04\\\/82304982039842-740x420.jpg\",\"contentUrl\":\"https:\\\/\\\/kibrisdakik.com\\\/wp-content\\\/uploads\\\/2025\\\/04\\\/82304982039842-740x420.jpg\",\"width\":2560,\"height\":1163},{\"@type\":\"BreadcrumbList\",\"@id\":\"https:\\\/\\\/kibrisdakik.com\\\/?p=80517#breadcrumb\",\"itemListElement\":[{\"@type\":\"ListItem\",\"position\":1,\"name\":\"Home\",\"item\":\"https:\\\/\\\/kibrisdakik.com\\\/\"},{\"@type\":\"ListItem\",\"position\":2,\"name\":\"Tatar: KKTC\u2019de ekonomik kalk\u0131nma i\u00e7in birlik ve beraberlik i\u00e7inde \u00e7al\u0131\u015f\u0131lmas\u0131 \u00f6nemli\"}]},{\"@type\":\"WebSite\",\"@id\":\"https:\\\/\\\/kibrisdakik.com\\\/#website\",\"url\":\"https:\\\/\\\/kibrisdakik.com\\\/\",\"name\":\"\",\"description\":\"Tam vaktinde haber\",\"potentialAction\":[{\"@type\":\"SearchAction\",\"target\":{\"@type\":\"EntryPoint\",\"urlTemplate\":\"https:\\\/\\\/kibrisdakik.com\\\/?s={search_term_string}\"},\"query-input\":{\"@type\":\"PropertyValueSpecification\",\"valueRequired\":true,\"valueName\":\"search_term_string\"}}],\"inLanguage\":\"tr\"},{\"@type\":\"Person\",\"@id\":\"https:\\\/\\\/kibrisdakik.com\\\/#\\\/schema\\\/person\\\/9cd9d437bbb44f72b73ba127e06d8e79\",\"name\":\"admin\",\"image\":{\"@type\":\"ImageObject\",\"inLanguage\":\"tr\",\"@id\":\"https:\\\/\\\/secure.gravatar.com\\\/avatar\\\/ccc17943b9d660506c869530f897617f7cb1c21a4bf30023f252596d83e1f007?s=96&d=mm&r=g\",\"url\":\"https:\\\/\\\/secure.gravatar.com\\\/avatar\\\/ccc17943b9d660506c869530f897617f7cb1c21a4bf30023f252596d83e1f007?s=96&d=mm&r=g\",\"contentUrl\":\"https:\\\/\\\/secure.gravatar.com\\\/avatar\\\/ccc17943b9d660506c869530f897617f7cb1c21a4bf30023f252596d83e1f007?s=96&d=mm&r=g\",\"caption\":\"admin\"},\"sameAs\":[\"https:\\\/\\\/kibrisdakik.com\"],\"url\":\"https:\\\/\\\/kibrisdakik.com\\\/?author=1\"}]}<\/script>\n<!-- \/ Yoast SEO plugin. -->","yoast_head_json":{"title":"Tatar: KKTC\u2019de ekonomik kalk\u0131nma i\u00e7in birlik ve beraberlik i\u00e7inde \u00e7al\u0131\u015f\u0131lmas\u0131 \u00f6nemli -","robots":{"index":"index","follow":"follow","max-snippet":"max-snippet:-1","max-image-preview":"max-image-preview:large","max-video-preview":"max-video-preview:-1"},"canonical":"https:\/\/kibrisdakik.com\/?p=80517","og_locale":"tr_TR","og_type":"article","og_title":"Tatar: KKTC\u2019de ekonomik kalk\u0131nma i\u00e7in birlik ve beraberlik i\u00e7inde \u00e7al\u0131\u015f\u0131lmas\u0131 \u00f6nemli -","og_description":"Cumhurba\u015fkan\u0131 Ersin Tatar, T\u00fcrkiye\u2019den gelen i\u015f insanlar\u0131n\u0131 kabul\u00fcnde milli ve manevi de\u011ferlere sahip \u00e7\u0131karak KKTC\u2019de ekonomik kalk\u0131nma i\u00e7in birlik ve beraberlik i\u00e7inde \u00e7al\u0131\u015f\u0131lmas\u0131n\u0131n \u00f6nemine i\u015faret etti. Cumhurba\u015fkanl\u0131\u011f\u0131ndan verilen bilgiye g\u00f6re Tatar, kabuldeki konu\u015fmas\u0131nda milli birli\u011fi s\u00fcrd\u00fcrmek gerekti\u011fine i\u015faret ederek, T\u00fcrkiye\u2019den belirli sekt\u00f6rlerden yat\u0131r\u0131mc\u0131lar\u0131n da KKTC\u2019ye gelmesinin \u00f6nemine de\u011findi. B\u00fcy\u00fck T\u00fcrk Milleti\u2019nin ve \u0130slam aleminin par\u00e7as\u0131","og_url":"https:\/\/kibrisdakik.com\/?p=80517","article_published_time":"2025-04-18T15:55:53+00:00","og_image":[{"width":2560,"height":1163,"url":"https:\/\/kibrisdakik.com\/wp-content\/uploads\/2025\/04\/82304982039842-740x420.jpg","type":"image\/jpeg"}],"author":"admin","twitter_card":"summary_large_image","twitter_misc":{"Yazan:":"admin","Tahmini okuma s\u00fcresi":"1 dakika"},"schema":{"@context":"https:\/\/schema.org","@graph":[{"@type":"Article","@id":"https:\/\/kibrisdakik.com\/?p=80517#article","isPartOf":{"@id":"https:\/\/kibrisdakik.com\/?p=80517"},"author":{"name":"admin","@id":"https:\/\/kibrisdakik.com\/#\/schema\/person\/9cd9d437bbb44f72b73ba127e06d8e79"},"headline":"Tatar: KKTC\u2019de ekonomik kalk\u0131nma i\u00e7in birlik ve beraberlik i\u00e7inde \u00e7al\u0131\u015f\u0131lmas\u0131 \u00f6nemli","datePublished":"2025-04-18T15:55:53+00:00","mainEntityOfPage":{"@id":"https:\/\/kibrisdakik.com\/?p=80517"},"wordCount":248,"commentCount":0,"image":{"@id":"https:\/\/kibrisdakik.com\/?p=80517#primaryimage"},"thumbnailUrl":"https:\/\/kibrisdakik.com\/wp-content\/uploads\/2025\/04\/82304982039842-740x420.jpg","articleSection":["K\u0131br\u0131s","Man\u015fet"],"inLanguage":"tr","potentialAction":[{"@type":"CommentAction","name":"Comment","target":["https:\/\/kibrisdakik.com\/?p=80517#respond"]}]},{"@type":"WebPage","@id":"https:\/\/kibrisdakik.com\/?p=80517","url":"https:\/\/kibrisdakik.com\/?p=80517","name":"Tatar: KKTC\u2019de ekonomik kalk\u0131nma i\u00e7in birlik ve beraberlik i\u00e7inde \u00e7al\u0131\u015f\u0131lmas\u0131 \u00f6nemli -","isPartOf":{"@id":"https:\/\/kibrisdakik.com\/#website"},"primaryImageOfPage":{"@id":"https:\/\/kibrisdakik.com\/?p=80517#primaryimage"},"image":{"@id":"https:\/\/kibrisdakik.com\/?p=80517#primaryimage"},"thumbnailUrl":"https:\/\/kibrisdakik.com\/wp-content\/uploads\/2025\/04\/82304982039842-740x420.jpg","datePublished":"2025-04-18T15:55:53+00:00","author":{"@id":"https:\/\/kibrisdakik.com\/#\/schema\/person\/9cd9d437bbb44f72b73ba127e06d8e79"},"breadcrumb":{"@id":"https:\/\/kibrisdakik.com\/?p=80517#breadcrumb"},"inLanguage":"tr","potentialAction":[{"@type":"ReadAction","target":["https:\/\/kibrisdakik.com\/?p=80517"]}]},{"@type":"ImageObject","inLanguage":"tr","@id":"https:\/\/kibrisdakik.com\/?p=80517#primaryimage","url":"https:\/\/kibrisdakik.com\/wp-content\/uploads\/2025\/04\/82304982039842-740x420.jpg","contentUrl":"https:\/\/kibrisdakik.com\/wp-content\/uploads\/2025\/04\/82304982039842-740x420.jpg","width":2560,"height":1163},{"@type":"BreadcrumbList","@id":"https:\/\/kibrisdakik.com\/?p=80517#breadcrumb","itemListElement":[{"@type":"ListItem","position":1,"name":"Home","item":"https:\/\/kibrisdakik.com\/"},{"@type":"ListItem","position":2,"name":"Tatar: KKTC\u2019de ekonomik kalk\u0131nma i\u00e7in birlik ve beraberlik i\u00e7inde \u00e7al\u0131\u015f\u0131lmas\u0131 \u00f6nemli"}]},{"@type":"WebSite","@id":"https:\/\/kibrisdakik.com\/#website","url":"https:\/\/kibrisdakik.com\/","name":"","description":"Tam vaktinde haber","potentialAction":[{"@type":"SearchAction","target":{"@type":"EntryPoint","urlTemplate":"https:\/\/kibrisdakik.com\/?s={search_term_string}"},"query-input":{"@type":"PropertyValueSpecification","valueRequired":true,"valueName":"search_term_string"}}],"inLanguage":"tr"},{"@type":"Person","@id":"https:\/\/kibrisdakik.com\/#\/schema\/person\/9cd9d437bbb44f72b73ba127e06d8e79","name":"admin","image":{"@type":"ImageObject","inLanguage":"tr","@id":"https:\/\/secure.gravatar.com\/avatar\/ccc17943b9d660506c869530f897617f7cb1c21a4bf30023f252596d83e1f007?s=96&d=mm&r=g","url":"https:\/\/secure.gravatar.com\/avatar\/ccc17943b9d660506c869530f897617f7cb1c21a4bf30023f252596d83e1f007?s=96&d=mm&r=g","contentUrl":"https:\/\/secure.gravatar.com\/avatar\/ccc17943b9d660506c869530f897617f7cb1c21a4bf30023f252596d83e1f007?s=96&d=mm&r=g","caption":"admin"},"sameAs":["https:\/\/kibrisdakik.com"],"url":"https:\/\/kibrisdakik.com\/?author=1"}]}},"_links":{"self":[{"href":"https:\/\/kibrisdakik.com\/index.php?rest_route=\/wp\/v2\/posts\/80517","targetHints":{"allow":["GET"]}}],"collection":[{"href":"https:\/\/kibrisdakik.com\/index.php?rest_route=\/wp\/v2\/posts"}],"about":[{"href":"https:\/\/kibrisdakik.com\/index.php?rest_route=\/wp\/v2\/types\/post"}],"author":[{"embeddable":true,"href":"https:\/\/kibrisdakik.com\/index.php?rest_route=\/wp\/v2\/users\/1"}],"replies":[{"embeddable":true,"href":"https:\/\/kibrisdakik.com\/index.php?rest_route=%2Fwp%2Fv2%2Fcomments&post=80517"}],"version-history":[{"count":0,"href":"https:\/\/kibrisdakik.com\/index.php?rest_route=\/wp\/v2\/posts\/80517\/revisions"}],"wp:featuredmedia":[{"embeddable":true,"href":"https:\/\/kibrisdakik.com\/index.php?rest_route=\/wp\/v2\/media\/80518"}],"wp:attachment":[{"href":"https:\/\/kibrisdakik.com\/index.php?rest_route=%2Fwp%2Fv2%2Fmedia&parent=80517"}],"wp:term":[{"taxonomy":"category","embeddable":true,"href":"https:\/\/kibrisdakik.com\/index.php?rest_route=%2Fwp%2Fv2%2Fcategories&post=80517"},{"taxonomy":"post_tag","embeddable":true,"href":"https:\/\/kibrisdakik.com\/index.php?rest_route=%2Fwp%2Fv2%2Ftags&post=80517"}],"curies":[{"name":"wp","href":"https:\/\/api.w.org\/{rel}","templated":true}]}}